{"id":38496,"date":"2018-12-17T00:00:00","date_gmt":"2018-12-16T23:00:00","guid":{"rendered":"http:\/\/www.pcb.ub.edu\/\/acto-institucional-del-20o-aniversario-del-parc-cientific-de-barcelona\/"},"modified":"2020-11-16T16:20:20","modified_gmt":"2020-11-16T15:20:20","slug":"acto-institucional-del-20o-aniversario-del-parc-cientific-de-barcelona","status":"publish","type":"post","link":"https:\/\/www.pcb.ub.edu\/es\/acto-institucional-del-20o-aniversario-del-parc-cientific-de-barcelona\/","title":{"rendered":"Acto institucional del 20\u00ba aniversario del Parc Cient\u00edfic de Barcelona"},"content":{"rendered":"<p>En el\u00a0acto \u2013presidido por el rector de la Universidad de Barcelona, Joan Elias, y conducido por la directora general del PCB, Maria Terrades\u2013 intervendr\u00e1n destacados miembros de la comunidad del PCB, como Meritxell Teixid\u00f3, investigadora asociada del Instituto de Investigaci\u00f3n Biom\u00e9dica (IRB Barcelona), en calidad de portavoz del colectivo cient\u00edfico; Josep Samitier, director del Instituto de Bioingenier\u00eda de Catalu\u00f1a (IBEC), en representaci\u00f3n de las entidades p\u00fablicas; Joan Feixas, director de Enantia \u2013empresa\u00a0spin-off\u00a0de la UB y una de las primeras compa\u00f1\u00edas ubicadas en el PCB\u2013, como representante de un caso de \u00e9xito de iniciativas emprendedoras, y Carlos R. Plata-Salam\u00e1n, director cient\u00edfico, m\u00e9dico y de I+D de la farmac\u00e9utica Esteve, que abordar\u00e1 el paradigma de una\u00a0<em>big pharma<\/em>\u00a0internacional ubicada en el PCB.<\/p>\n<p>Durante el evento, el PCB tambi\u00e9n rendir\u00e1 homenaje a todas las personas e instituciones que le han permitido conmemorar el \u00e9xito de un ambicioso proyecto \u2013pionero en el Estado espa\u00f1ol\u2013 promovido por la Universidad de Barcelona en 1997 con el objetivo de potenciar la investigaci\u00f3n de excelencia, la transferencia de conocimiento y el emprendimiento.<\/p>\n<p>Veinte a\u00f1os despu\u00e9s de que se pusiera la primera piedra, el Parc Cient\u00edfic\u00a0de Barcelona es uno de los ecosistemas de referencia en Europa en cuanto a innovaci\u00f3n cient\u00edfica, tecnol\u00f3gica y empresarial. Con una superficie de 100.000 metros cuadrados y una comunidad de 2.700 profesionales \u2013 el 54 % de los cuales son mujeres\u2013, el PCB se ha convertido en un polo de atracci\u00f3n de talento, donde m\u00e1s de cien entidades p\u00fablicas y privadas interact\u00faan en un entorno privilegiado, generando sinergias que fortalecen la colaboraci\u00f3n y el intercambio de conocimiento para la creaci\u00f3n de un nuevo tejido empresarial.<\/p>\n<p>Este acto institucional con el que culminar\u00e1 la celebraci\u00f3n de los primeros 20 a\u00f1os de vida del PCB se llevar\u00e1 a cabo -al igual que la fiesta para la Comunidad del Parque del 20 de septiembre pasado- gracias a la esponsorizaci\u00f3n de Enantia, Esteve, el Grupo Ordesa, el Instituto de Biolog\u00eda Molecular de Barcelona (IBMB &#8211; CSIC) y Qiagen; el apoyo de Bellavista, los Centros Cient\u00edficos y Tecnol\u00f3gicos de la Universidad de Barcelona (CCITUB), el Instituto Empresarial de Biotecnolog\u00eda (IEB), Ferrer, Iproteos y ProteoDesign, y con la colaboraci\u00f3n de Estrella Damm, Ferrovial Servicios y Suez.<\/p>\n<p>\u25ba<a href=\"http:\/\/www.pcb.ub.edu\/20anys\/\" style=\"font-weight: 200\" target=\"_blank\" rel=\"noopener noreferrer\">Web del 20\u00ba aniversario del PCB [+]<\/a><\/p>\n<p>\u00a0<\/p>\n<p>\u00a0<\/p>\n","protected":false},"excerpt":{"rendered":"<p>El Parc Cient\u00edfic de Barcelona (PCB) celebrar\u00e1 este viernes en el auditorio Antoni Caparr\u00f3s el acto\u00a0institucional que pone fin a las actividades programadas para conmemorar su 20\u00ba aniversario. El evento contar\u00e1 con la asistencia de m\u00e1s de un centenar de personalidades del mundo acad\u00e9mico, cient\u00edfico, empresarial y gubernamental.<\/p>\n<p>\u00a0<\/p>\n","protected":false},"author":1,"featured_media":24498,"comment_status":"closed","ping_status":"open","sticky":false,"template":"","format":"standard","meta":{"_acf_changed":false,"inline_featured_image":false,"footnotes":""},"categories":[9],"tags":[],"class_list":["post-38496","post","type-post","status-publish","format-standard","has-post-thumbnail","category-sin-categorizar"],"acf":[],"yoast_head":"<!-- This site is optimized with the Yoast SEO plugin v27.3 - https:\/\/yoast.com\/product\/yoast-seo-wordpress\/ -->\n<title>Acto institucional del 20\u00ba aniversario del Parc Cient\u00edfic de Barcelona - Parc Cient\u00edfic de Barcelona<\/title>\n<meta name=\"robots\" content=\"index, follow, max-snippet:-1, max-image-preview:large, max-video-preview:-1\" \/>\n<link rel=\"canonical\" href=\"https:\/\/www.pcb.ub.edu\/es\/acto-institucional-del-20o-aniversario-del-parc-cientific-de-barcelona\/\" \/>\n<meta property=\"og:locale\" content=\"es_ES\" \/>\n<meta property=\"og:type\" content=\"article\" \/>\n<meta property=\"og:title\" content=\"Acto institucional del 20\u00ba aniversario del Parc Cient\u00edfic de Barcelona - Parc Cient\u00edfic de Barcelona\" \/>\n<meta property=\"og:description\" content=\"El Parc Cient\u00edfic de Barcelona (PCB) celebrar\u00e1 este viernes en el auditorio Antoni Caparr\u00f3s el acto\u00a0institucional que pone fin a las actividades programadas para conmemorar su 20\u00ba aniversario. El evento contar\u00e1 con la asistencia de m\u00e1s de un centenar de personalidades del mundo acad\u00e9mico, cient\u00edfico, empresarial y gubernamental. \u00a0\" \/>\n<meta property=\"og:url\" content=\"https:\/\/www.pcb.ub.edu\/es\/acto-institucional-del-20o-aniversario-del-parc-cientific-de-barcelona\/\" \/>\n<meta property=\"og:site_name\" content=\"Parc Cient\u00edfic de Barcelona\" \/>\n<meta property=\"article:published_time\" content=\"2018-12-16T23:00:00+00:00\" \/>\n<meta property=\"article:modified_time\" content=\"2020-11-16T15:20:20+00:00\" \/>\n<meta property=\"og:image\" content=\"https:\/\/www.pcb.ub.edu\/wp-content\/uploads\/2018\/12\/16049214805fa928889edf2.jpeg\" \/>\n\t<meta property=\"og:image:width\" content=\"800\" \/>\n\t<meta property=\"og:image:height\" content=\"533\" \/>\n\t<meta property=\"og:image:type\" content=\"image\/jpeg\" \/>\n<meta name=\"author\" content=\"adminpcb\" \/>\n<meta name=\"twitter:card\" content=\"summary_large_image\" \/>\n<meta name=\"twitter:label1\" content=\"Escrito por\" \/>\n\t<meta name=\"twitter:data1\" content=\"adminpcb\" \/>\n\t<meta name=\"twitter:label2\" content=\"Tiempo de lectura\" \/>\n\t<meta name=\"twitter:data2\" content=\"2 minutos\" \/>\n<script type=\"application\/ld+json\" class=\"yoast-schema-graph\">{\"@context\":\"https:\\\/\\\/schema.org\",\"@graph\":[{\"@type\":\"Article\",\"@id\":\"https:\\\/\\\/www.pcb.ub.edu\\\/es\\\/acto-institucional-del-20o-aniversario-del-parc-cientific-de-barcelona\\\/#article\",\"isPartOf\":{\"@id\":\"https:\\\/\\\/www.pcb.ub.edu\\\/es\\\/acto-institucional-del-20o-aniversario-del-parc-cientific-de-barcelona\\\/\"},\"author\":{\"name\":\"adminpcb\",\"@id\":\"https:\\\/\\\/www.pcb.ub.edu\\\/es\\\/#\\\/schema\\\/person\\\/d13cab05cd0a75b17fddca8496481021\"},\"headline\":\"Acto institucional del 20\u00ba aniversario del Parc Cient\u00edfic de Barcelona\",\"datePublished\":\"2018-12-16T23:00:00+00:00\",\"dateModified\":\"2020-11-16T15:20:20+00:00\",\"mainEntityOfPage\":{\"@id\":\"https:\\\/\\\/www.pcb.ub.edu\\\/es\\\/acto-institucional-del-20o-aniversario-del-parc-cientific-de-barcelona\\\/\"},\"wordCount\":415,\"image\":{\"@id\":\"https:\\\/\\\/www.pcb.ub.edu\\\/es\\\/acto-institucional-del-20o-aniversario-del-parc-cientific-de-barcelona\\\/#primaryimage\"},\"thumbnailUrl\":\"https:\\\/\\\/www.pcb.ub.edu\\\/wp-content\\\/uploads\\\/2018\\\/12\\\/16049214805fa928889edf2.jpeg\",\"articleSection\":[\"Sin categorizar\"],\"inLanguage\":\"es\"},{\"@type\":\"WebPage\",\"@id\":\"https:\\\/\\\/www.pcb.ub.edu\\\/es\\\/acto-institucional-del-20o-aniversario-del-parc-cientific-de-barcelona\\\/\",\"url\":\"https:\\\/\\\/www.pcb.ub.edu\\\/es\\\/acto-institucional-del-20o-aniversario-del-parc-cientific-de-barcelona\\\/\",\"name\":\"Acto institucional del 20\u00ba aniversario del Parc Cient\u00edfic de Barcelona - Parc Cient\u00edfic de Barcelona\",\"isPartOf\":{\"@id\":\"https:\\\/\\\/www.pcb.ub.edu\\\/es\\\/#website\"},\"primaryImageOfPage\":{\"@id\":\"https:\\\/\\\/www.pcb.ub.edu\\\/es\\\/acto-institucional-del-20o-aniversario-del-parc-cientific-de-barcelona\\\/#primaryimage\"},\"image\":{\"@id\":\"https:\\\/\\\/www.pcb.ub.edu\\\/es\\\/acto-institucional-del-20o-aniversario-del-parc-cientific-de-barcelona\\\/#primaryimage\"},\"thumbnailUrl\":\"https:\\\/\\\/www.pcb.ub.edu\\\/wp-content\\\/uploads\\\/2018\\\/12\\\/16049214805fa928889edf2.jpeg\",\"datePublished\":\"2018-12-16T23:00:00+00:00\",\"dateModified\":\"2020-11-16T15:20:20+00:00\",\"author\":{\"@id\":\"https:\\\/\\\/www.pcb.ub.edu\\\/es\\\/#\\\/schema\\\/person\\\/d13cab05cd0a75b17fddca8496481021\"},\"breadcrumb\":{\"@id\":\"https:\\\/\\\/www.pcb.ub.edu\\\/es\\\/acto-institucional-del-20o-aniversario-del-parc-cientific-de-barcelona\\\/#breadcrumb\"},\"inLanguage\":\"es\",\"potentialAction\":[{\"@type\":\"ReadAction\",\"target\":[\"https:\\\/\\\/www.pcb.ub.edu\\\/es\\\/acto-institucional-del-20o-aniversario-del-parc-cientific-de-barcelona\\\/\"]}]},{\"@type\":\"ImageObject\",\"inLanguage\":\"es\",\"@id\":\"https:\\\/\\\/www.pcb.ub.edu\\\/es\\\/acto-institucional-del-20o-aniversario-del-parc-cientific-de-barcelona\\\/#primaryimage\",\"url\":\"https:\\\/\\\/www.pcb.ub.edu\\\/wp-content\\\/uploads\\\/2018\\\/12\\\/16049214805fa928889edf2.jpeg\",\"contentUrl\":\"https:\\\/\\\/www.pcb.ub.edu\\\/wp-content\\\/uploads\\\/2018\\\/12\\\/16049214805fa928889edf2.jpeg\",\"width\":800,\"height\":533},{\"@type\":\"BreadcrumbList\",\"@id\":\"https:\\\/\\\/www.pcb.ub.edu\\\/es\\\/acto-institucional-del-20o-aniversario-del-parc-cientific-de-barcelona\\\/#breadcrumb\",\"itemListElement\":[{\"@type\":\"ListItem\",\"position\":1,\"name\":\"Home\",\"item\":\"https:\\\/\\\/www.pcb.ub.edu\\\/es\\\/\"},{\"@type\":\"ListItem\",\"position\":2,\"name\":\"Acto institucional del 20\u00ba aniversario del Parc Cient\u00edfic de Barcelona\"}]},{\"@type\":\"WebSite\",\"@id\":\"https:\\\/\\\/www.pcb.ub.edu\\\/es\\\/#website\",\"url\":\"https:\\\/\\\/www.pcb.ub.edu\\\/es\\\/\",\"name\":\"Parc Cient\u00edfic de Barcelona\",\"description\":\"Universitat de Barcelona\",\"potentialAction\":[{\"@type\":\"SearchAction\",\"target\":{\"@type\":\"EntryPoint\",\"urlTemplate\":\"https:\\\/\\\/www.pcb.ub.edu\\\/es\\\/?s={search_term_string}\"},\"query-input\":{\"@type\":\"PropertyValueSpecification\",\"valueRequired\":true,\"valueName\":\"search_term_string\"}}],\"inLanguage\":\"es\"},{\"@type\":\"Person\",\"@id\":\"https:\\\/\\\/www.pcb.ub.edu\\\/es\\\/#\\\/schema\\\/person\\\/d13cab05cd0a75b17fddca8496481021\",\"name\":\"adminpcb\",\"image\":{\"@type\":\"ImageObject\",\"inLanguage\":\"es\",\"@id\":\"https:\\\/\\\/secure.gravatar.com\\\/avatar\\\/41ad0fab4bb3bf5348b0af9612159cfd93173a57bbca98fecb50fa6f3ab97d28?s=96&d=mm&r=g\",\"url\":\"https:\\\/\\\/secure.gravatar.com\\\/avatar\\\/41ad0fab4bb3bf5348b0af9612159cfd93173a57bbca98fecb50fa6f3ab97d28?s=96&d=mm&r=g\",\"contentUrl\":\"https:\\\/\\\/secure.gravatar.com\\\/avatar\\\/41ad0fab4bb3bf5348b0af9612159cfd93173a57bbca98fecb50fa6f3ab97d28?s=96&d=mm&r=g\",\"caption\":\"adminpcb\"},\"url\":\"https:\\\/\\\/www.pcb.ub.edu\\\/es\\\/author\\\/adminpcb\\\/\"}]}<\/script>\n<!-- \/ Yoast SEO plugin. -->","yoast_head_json":{"title":"Acto institucional del 20\u00ba aniversario del Parc Cient\u00edfic de Barcelona - Parc Cient\u00edfic de Barcelona","robots":{"index":"index","follow":"follow","max-snippet":"max-snippet:-1","max-image-preview":"max-image-preview:large","max-video-preview":"max-video-preview:-1"},"canonical":"https:\/\/www.pcb.ub.edu\/es\/acto-institucional-del-20o-aniversario-del-parc-cientific-de-barcelona\/","og_locale":"es_ES","og_type":"article","og_title":"Acto institucional del 20\u00ba aniversario del Parc Cient\u00edfic de Barcelona - Parc Cient\u00edfic de Barcelona","og_description":"El Parc Cient\u00edfic de Barcelona (PCB) celebrar\u00e1 este viernes en el auditorio Antoni Caparr\u00f3s el acto\u00a0institucional que pone fin a las actividades programadas para conmemorar su 20\u00ba aniversario. El evento contar\u00e1 con la asistencia de m\u00e1s de un centenar de personalidades del mundo acad\u00e9mico, cient\u00edfico, empresarial y gubernamental. \u00a0","og_url":"https:\/\/www.pcb.ub.edu\/es\/acto-institucional-del-20o-aniversario-del-parc-cientific-de-barcelona\/","og_site_name":"Parc Cient\u00edfic de Barcelona","article_published_time":"2018-12-16T23:00:00+00:00","article_modified_time":"2020-11-16T15:20:20+00:00","og_image":[{"width":800,"height":533,"url":"https:\/\/www.pcb.ub.edu\/wp-content\/uploads\/2018\/12\/16049214805fa928889edf2.jpeg","type":"image\/jpeg"}],"author":"adminpcb","twitter_card":"summary_large_image","twitter_misc":{"Escrito por":"adminpcb","Tiempo de lectura":"2 minutos"},"schema":{"@context":"https:\/\/schema.org","@graph":[{"@type":"Article","@id":"https:\/\/www.pcb.ub.edu\/es\/acto-institucional-del-20o-aniversario-del-parc-cientific-de-barcelona\/#article","isPartOf":{"@id":"https:\/\/www.pcb.ub.edu\/es\/acto-institucional-del-20o-aniversario-del-parc-cientific-de-barcelona\/"},"author":{"name":"adminpcb","@id":"https:\/\/www.pcb.ub.edu\/es\/#\/schema\/person\/d13cab05cd0a75b17fddca8496481021"},"headline":"Acto institucional del 20\u00ba aniversario del Parc Cient\u00edfic de Barcelona","datePublished":"2018-12-16T23:00:00+00:00","dateModified":"2020-11-16T15:20:20+00:00","mainEntityOfPage":{"@id":"https:\/\/www.pcb.ub.edu\/es\/acto-institucional-del-20o-aniversario-del-parc-cientific-de-barcelona\/"},"wordCount":415,"image":{"@id":"https:\/\/www.pcb.ub.edu\/es\/acto-institucional-del-20o-aniversario-del-parc-cientific-de-barcelona\/#primaryimage"},"thumbnailUrl":"https:\/\/www.pcb.ub.edu\/wp-content\/uploads\/2018\/12\/16049214805fa928889edf2.jpeg","articleSection":["Sin categorizar"],"inLanguage":"es"},{"@type":"WebPage","@id":"https:\/\/www.pcb.ub.edu\/es\/acto-institucional-del-20o-aniversario-del-parc-cientific-de-barcelona\/","url":"https:\/\/www.pcb.ub.edu\/es\/acto-institucional-del-20o-aniversario-del-parc-cientific-de-barcelona\/","name":"Acto institucional del 20\u00ba aniversario del Parc Cient\u00edfic de Barcelona - Parc Cient\u00edfic de Barcelona","isPartOf":{"@id":"https:\/\/www.pcb.ub.edu\/es\/#website"},"primaryImageOfPage":{"@id":"https:\/\/www.pcb.ub.edu\/es\/acto-institucional-del-20o-aniversario-del-parc-cientific-de-barcelona\/#primaryimage"},"image":{"@id":"https:\/\/www.pcb.ub.edu\/es\/acto-institucional-del-20o-aniversario-del-parc-cientific-de-barcelona\/#primaryimage"},"thumbnailUrl":"https:\/\/www.pcb.ub.edu\/wp-content\/uploads\/2018\/12\/16049214805fa928889edf2.jpeg","datePublished":"2018-12-16T23:00:00+00:00","dateModified":"2020-11-16T15:20:20+00:00","author":{"@id":"https:\/\/www.pcb.ub.edu\/es\/#\/schema\/person\/d13cab05cd0a75b17fddca8496481021"},"breadcrumb":{"@id":"https:\/\/www.pcb.ub.edu\/es\/acto-institucional-del-20o-aniversario-del-parc-cientific-de-barcelona\/#breadcrumb"},"inLanguage":"es","potentialAction":[{"@type":"ReadAction","target":["https:\/\/www.pcb.ub.edu\/es\/acto-institucional-del-20o-aniversario-del-parc-cientific-de-barcelona\/"]}]},{"@type":"ImageObject","inLanguage":"es","@id":"https:\/\/www.pcb.ub.edu\/es\/acto-institucional-del-20o-aniversario-del-parc-cientific-de-barcelona\/#primaryimage","url":"https:\/\/www.pcb.ub.edu\/wp-content\/uploads\/2018\/12\/16049214805fa928889edf2.jpeg","contentUrl":"https:\/\/www.pcb.ub.edu\/wp-content\/uploads\/2018\/12\/16049214805fa928889edf2.jpeg","width":800,"height":533},{"@type":"BreadcrumbList","@id":"https:\/\/www.pcb.ub.edu\/es\/acto-institucional-del-20o-aniversario-del-parc-cientific-de-barcelona\/#breadcrumb","itemListElement":[{"@type":"ListItem","position":1,"name":"Home","item":"https:\/\/www.pcb.ub.edu\/es\/"},{"@type":"ListItem","position":2,"name":"Acto institucional del 20\u00ba aniversario del Parc Cient\u00edfic de Barcelona"}]},{"@type":"WebSite","@id":"https:\/\/www.pcb.ub.edu\/es\/#website","url":"https:\/\/www.pcb.ub.edu\/es\/","name":"Parc Cient\u00edfic de Barcelona","description":"Universitat de Barcelona","potentialAction":[{"@type":"SearchAction","target":{"@type":"EntryPoint","urlTemplate":"https:\/\/www.pcb.ub.edu\/es\/?s={search_term_string}"},"query-input":{"@type":"PropertyValueSpecification","valueRequired":true,"valueName":"search_term_string"}}],"inLanguage":"es"},{"@type":"Person","@id":"https:\/\/www.pcb.ub.edu\/es\/#\/schema\/person\/d13cab05cd0a75b17fddca8496481021","name":"adminpcb","image":{"@type":"ImageObject","inLanguage":"es","@id":"https:\/\/secure.gravatar.com\/avatar\/41ad0fab4bb3bf5348b0af9612159cfd93173a57bbca98fecb50fa6f3ab97d28?s=96&d=mm&r=g","url":"https:\/\/secure.gravatar.com\/avatar\/41ad0fab4bb3bf5348b0af9612159cfd93173a57bbca98fecb50fa6f3ab97d28?s=96&d=mm&r=g","contentUrl":"https:\/\/secure.gravatar.com\/avatar\/41ad0fab4bb3bf5348b0af9612159cfd93173a57bbca98fecb50fa6f3ab97d28?s=96&d=mm&r=g","caption":"adminpcb"},"url":"https:\/\/www.pcb.ub.edu\/es\/author\/adminpcb\/"}]}},"_links":{"self":[{"href":"https:\/\/www.pcb.ub.edu\/es\/wp-json\/wp\/v2\/posts\/38496","targetHints":{"allow":["GET"]}}],"collection":[{"href":"https:\/\/www.pcb.ub.edu\/es\/wp-json\/wp\/v2\/posts"}],"about":[{"href":"https:\/\/www.pcb.ub.edu\/es\/wp-json\/wp\/v2\/types\/post"}],"author":[{"embeddable":true,"href":"https:\/\/www.pcb.ub.edu\/es\/wp-json\/wp\/v2\/users\/1"}],"replies":[{"embeddable":true,"href":"https:\/\/www.pcb.ub.edu\/es\/wp-json\/wp\/v2\/comments?post=38496"}],"version-history":[{"count":1,"href":"https:\/\/www.pcb.ub.edu\/es\/wp-json\/wp\/v2\/posts\/38496\/revisions"}],"predecessor-version":[{"id":44624,"href":"https:\/\/www.pcb.ub.edu\/es\/wp-json\/wp\/v2\/posts\/38496\/revisions\/44624"}],"wp:featuredmedia":[{"embeddable":true,"href":"https:\/\/www.pcb.ub.edu\/es\/wp-json\/wp\/v2\/media\/24498"}],"wp:attachment":[{"href":"https:\/\/www.pcb.ub.edu\/es\/wp-json\/wp\/v2\/media?parent=38496"}],"wp:term":[{"taxonomy":"category","embeddable":true,"href":"https:\/\/www.pcb.ub.edu\/es\/wp-json\/wp\/v2\/categories?post=38496"},{"taxonomy":"post_tag","embeddable":true,"href":"https:\/\/www.pcb.ub.edu\/es\/wp-json\/wp\/v2\/tags?post=38496"}],"curies":[{"name":"wp","href":"https:\/\/api.w.org\/{rel}","templated":true}]}}