{"id":38460,"date":"2018-07-11T00:00:00","date_gmt":"2018-07-10T23:00:00","guid":{"rendered":"http:\/\/www.pcb.ub.edu\/\/la-fundacio-bbva-financia-un-proyecto-del-ibec\/"},"modified":"2020-11-16T16:20:12","modified_gmt":"2020-11-16T15:20:12","slug":"la-fundacio-bbva-financia-un-proyecto-del-ibec","status":"publish","type":"post","link":"https:\/\/www.pcb.ub.edu\/es\/la-fundacio-bbva-financia-un-proyecto-del-ibec\/","title":{"rendered":"La Fundaci\u00f3 BBVA financia un proyecto del IBEC"},"content":{"rendered":"<p>El objetivo del projecte,<em> <a href=\"https:\/\/www.fbbva.es\/equipo\/medirobots-nanorobotica-precision-tumores\/\" target=\"_blank\" rel=\"noopener noreferrer\">MEDIROBOTS: Precision nanobotomy against tumors<\/a><\/em>,\u00a0es desarrollar robots biocompatibles impulsados por enzimas con aplicaciones in vitro e in vivo que puedan rastrearse utilizando t\u00e9cnicas avanzadas de im\u00e1genes moleculares, como la microscop\u00eda de superresoluci\u00f3n.<\/p>\n<p>Adem\u00e1s, el grupo del IBEC se propone aprovechar la reacci\u00f3n qu\u00edmica que provoca la propulsi\u00f3n de estas nanopart\u00edculas como agente de contraste para mejorar la imagen molecular. El objetivo final ser\u00e1 administrar menores cantidades de un medicamento contra el c\u00e1ncer, reduciendo as\u00ed los numerosos efectos secundarios que pueden darse.<\/p>\n<p>Con este programa de financiaci\u00f3n, la Fundaci\u00f3n BBVA apoya la investigaci\u00f3n biom\u00e9dica altamente innovadora implicando investigaciones avanzadas con potencial en la comprensi\u00f3n de las enfermedades y las mejoras en el diagn\u00f3stico y tratamiento. Por lo general, se otorga a equipos consolidados que tienen un historial s\u00f3lido y de primer nivel. En la convocatoria de 2018, se presentaron 146 proyectos en total.<\/p>\n<p>Los otros cinco proyectos ganadores, que se desarrollar\u00e1n en centros de investigaci\u00f3n en Barcelona, \u200b\u200bMadrid y Salamanca, buscar\u00e1n biomarcadores que env\u00eden una alerta temprana del c\u00e1ncer de mama m\u00e1s agresivo; tambi\u00e9n minimizar el da\u00f1o sufrido por el tejido card\u00edaco despu\u00e9s de un ataque al coraz\u00f3n, al visualizar el \u00e1rea afectada; encontrar nuevos enfoques terap\u00e9uticos para algunas patolog\u00edas asociadas con la obesidad; y comprender un v\u00ednculo posible y poco conocido entre el envejecimiento y el c\u00e1ncer.<\/p>\n<p>Todos los proyectos seleccionados ten\u00edan uno de dos temas en com\u00fan: nuevas t\u00e9cnicas de im\u00e1genes moleculares o enfermedades asociadas con defectos en el metabolismo, que, al igual que la obesidad, son cada vez m\u00e1s frecuentes en nuestra sociedad.<\/p>\n","protected":false},"excerpt":{"rendered":"<p>Un proyecto para suministrar f\u00e1rmacos m\u00e1s eficientes mediante nanor\u00f3botica de precisi\u00f3n del grupo del IBEC <a href=\"http:\/\/www.ibecbarcelona.eu\/nanodevices\" rel=\"noopener noreferrer\" target=\"_blank\">Smart Nano-Bio Devices<\/a> \u2013liderado por el professor de recerca ICREA Samuel S\u00e1nchez en el PCB\u2013 recibir\u00e1 financiaci\u00f3n de la Fundaci\u00f3n BBVA durante tres a\u00f1os en el\u00a0marco del programa \u2018Ayudas a Equipos de Investigaci\u00f3n en Biomedicina\u2019.<\/p>\n<p>\u00a0<\/p>\n","protected":false},"author":1,"featured_media":24363,"comment_status":"closed","ping_status":"open","sticky":false,"template":"","format":"standard","meta":{"_acf_changed":false,"inline_featured_image":false,"footnotes":""},"categories":[9],"tags":[],"class_list":["post-38460","post","type-post","status-publish","format-standard","has-post-thumbnail","category-sin-categorizar"],"acf":[],"yoast_head":"<!-- This site is optimized with the Yoast SEO plugin v27.3 - https:\/\/yoast.com\/product\/yoast-seo-wordpress\/ -->\n<title>La Fundaci\u00f3 BBVA financia un proyecto del IBEC - Parc Cient\u00edfic de Barcelona<\/title>\n<meta name=\"robots\" content=\"index, follow, max-snippet:-1, max-image-preview:large, max-video-preview:-1\" \/>\n<link rel=\"canonical\" href=\"https:\/\/www.pcb.ub.edu\/es\/la-fundacio-bbva-financia-un-proyecto-del-ibec\/\" \/>\n<meta property=\"og:locale\" content=\"es_ES\" \/>\n<meta property=\"og:type\" content=\"article\" \/>\n<meta property=\"og:title\" content=\"La Fundaci\u00f3 BBVA financia un proyecto del IBEC - Parc Cient\u00edfic de Barcelona\" \/>\n<meta property=\"og:description\" content=\"Un proyecto para suministrar f\u00e1rmacos m\u00e1s eficientes mediante nanor\u00f3botica de precisi\u00f3n del grupo del IBEC Smart Nano-Bio Devices \u2013liderado por el professor de recerca ICREA Samuel S\u00e1nchez en el PCB\u2013 recibir\u00e1 financiaci\u00f3n de la Fundaci\u00f3n BBVA durante tres a\u00f1os en el\u00a0marco del programa \u2018Ayudas a Equipos de Investigaci\u00f3n en Biomedicina\u2019. \u00a0\" \/>\n<meta property=\"og:url\" content=\"https:\/\/www.pcb.ub.edu\/es\/la-fundacio-bbva-financia-un-proyecto-del-ibec\/\" \/>\n<meta property=\"og:site_name\" content=\"Parc Cient\u00edfic de Barcelona\" \/>\n<meta property=\"article:published_time\" content=\"2018-07-10T23:00:00+00:00\" \/>\n<meta property=\"article:modified_time\" content=\"2020-11-16T15:20:12+00:00\" \/>\n<meta property=\"og:image\" content=\"https:\/\/www.pcb.ub.edu\/wp-content\/uploads\/2018\/07\/16049214175fa9284930adb.jpeg\" \/>\n\t<meta property=\"og:image:width\" content=\"850\" \/>\n\t<meta property=\"og:image:height\" content=\"441\" \/>\n\t<meta property=\"og:image:type\" content=\"image\/jpeg\" \/>\n<meta name=\"author\" content=\"adminpcb\" \/>\n<meta name=\"twitter:card\" content=\"summary_large_image\" \/>\n<meta name=\"twitter:label1\" content=\"Escrito por\" \/>\n\t<meta name=\"twitter:data1\" content=\"adminpcb\" \/>\n\t<meta name=\"twitter:label2\" content=\"Tiempo de lectura\" \/>\n\t<meta name=\"twitter:data2\" content=\"1 minuto\" \/>\n<script type=\"application\/ld+json\" class=\"yoast-schema-graph\">{\"@context\":\"https:\\\/\\\/schema.org\",\"@graph\":[{\"@type\":\"Article\",\"@id\":\"https:\\\/\\\/www.pcb.ub.edu\\\/es\\\/la-fundacio-bbva-financia-un-proyecto-del-ibec\\\/#article\",\"isPartOf\":{\"@id\":\"https:\\\/\\\/www.pcb.ub.edu\\\/es\\\/la-fundacio-bbva-financia-un-proyecto-del-ibec\\\/\"},\"author\":{\"name\":\"adminpcb\",\"@id\":\"https:\\\/\\\/www.pcb.ub.edu\\\/es\\\/#\\\/schema\\\/person\\\/d13cab05cd0a75b17fddca8496481021\"},\"headline\":\"La Fundaci\u00f3 BBVA financia un proyecto del IBEC\",\"datePublished\":\"2018-07-10T23:00:00+00:00\",\"dateModified\":\"2020-11-16T15:20:12+00:00\",\"mainEntityOfPage\":{\"@id\":\"https:\\\/\\\/www.pcb.ub.edu\\\/es\\\/la-fundacio-bbva-financia-un-proyecto-del-ibec\\\/\"},\"wordCount\":303,\"image\":{\"@id\":\"https:\\\/\\\/www.pcb.ub.edu\\\/es\\\/la-fundacio-bbva-financia-un-proyecto-del-ibec\\\/#primaryimage\"},\"thumbnailUrl\":\"https:\\\/\\\/www.pcb.ub.edu\\\/wp-content\\\/uploads\\\/2018\\\/07\\\/16049214175fa9284930adb.jpeg\",\"articleSection\":[\"Sin categorizar\"],\"inLanguage\":\"es\"},{\"@type\":\"WebPage\",\"@id\":\"https:\\\/\\\/www.pcb.ub.edu\\\/es\\\/la-fundacio-bbva-financia-un-proyecto-del-ibec\\\/\",\"url\":\"https:\\\/\\\/www.pcb.ub.edu\\\/es\\\/la-fundacio-bbva-financia-un-proyecto-del-ibec\\\/\",\"name\":\"La Fundaci\u00f3 BBVA financia un proyecto del IBEC - Parc Cient\u00edfic de Barcelona\",\"isPartOf\":{\"@id\":\"https:\\\/\\\/www.pcb.ub.edu\\\/es\\\/#website\"},\"primaryImageOfPage\":{\"@id\":\"https:\\\/\\\/www.pcb.ub.edu\\\/es\\\/la-fundacio-bbva-financia-un-proyecto-del-ibec\\\/#primaryimage\"},\"image\":{\"@id\":\"https:\\\/\\\/www.pcb.ub.edu\\\/es\\\/la-fundacio-bbva-financia-un-proyecto-del-ibec\\\/#primaryimage\"},\"thumbnailUrl\":\"https:\\\/\\\/www.pcb.ub.edu\\\/wp-content\\\/uploads\\\/2018\\\/07\\\/16049214175fa9284930adb.jpeg\",\"datePublished\":\"2018-07-10T23:00:00+00:00\",\"dateModified\":\"2020-11-16T15:20:12+00:00\",\"author\":{\"@id\":\"https:\\\/\\\/www.pcb.ub.edu\\\/es\\\/#\\\/schema\\\/person\\\/d13cab05cd0a75b17fddca8496481021\"},\"breadcrumb\":{\"@id\":\"https:\\\/\\\/www.pcb.ub.edu\\\/es\\\/la-fundacio-bbva-financia-un-proyecto-del-ibec\\\/#breadcrumb\"},\"inLanguage\":\"es\",\"potentialAction\":[{\"@type\":\"ReadAction\",\"target\":[\"https:\\\/\\\/www.pcb.ub.edu\\\/es\\\/la-fundacio-bbva-financia-un-proyecto-del-ibec\\\/\"]}]},{\"@type\":\"ImageObject\",\"inLanguage\":\"es\",\"@id\":\"https:\\\/\\\/www.pcb.ub.edu\\\/es\\\/la-fundacio-bbva-financia-un-proyecto-del-ibec\\\/#primaryimage\",\"url\":\"https:\\\/\\\/www.pcb.ub.edu\\\/wp-content\\\/uploads\\\/2018\\\/07\\\/16049214175fa9284930adb.jpeg\",\"contentUrl\":\"https:\\\/\\\/www.pcb.ub.edu\\\/wp-content\\\/uploads\\\/2018\\\/07\\\/16049214175fa9284930adb.jpeg\",\"width\":850,\"height\":441},{\"@type\":\"BreadcrumbList\",\"@id\":\"https:\\\/\\\/www.pcb.ub.edu\\\/es\\\/la-fundacio-bbva-financia-un-proyecto-del-ibec\\\/#breadcrumb\",\"itemListElement\":[{\"@type\":\"ListItem\",\"position\":1,\"name\":\"Home\",\"item\":\"https:\\\/\\\/www.pcb.ub.edu\\\/es\\\/\"},{\"@type\":\"ListItem\",\"position\":2,\"name\":\"La Fundaci\u00f3 BBVA financia un proyecto del IBEC\"}]},{\"@type\":\"WebSite\",\"@id\":\"https:\\\/\\\/www.pcb.ub.edu\\\/es\\\/#website\",\"url\":\"https:\\\/\\\/www.pcb.ub.edu\\\/es\\\/\",\"name\":\"Parc Cient\u00edfic de Barcelona\",\"description\":\"Universitat de Barcelona\",\"potentialAction\":[{\"@type\":\"SearchAction\",\"target\":{\"@type\":\"EntryPoint\",\"urlTemplate\":\"https:\\\/\\\/www.pcb.ub.edu\\\/es\\\/?s={search_term_string}\"},\"query-input\":{\"@type\":\"PropertyValueSpecification\",\"valueRequired\":true,\"valueName\":\"search_term_string\"}}],\"inLanguage\":\"es\"},{\"@type\":\"Person\",\"@id\":\"https:\\\/\\\/www.pcb.ub.edu\\\/es\\\/#\\\/schema\\\/person\\\/d13cab05cd0a75b17fddca8496481021\",\"name\":\"adminpcb\",\"image\":{\"@type\":\"ImageObject\",\"inLanguage\":\"es\",\"@id\":\"https:\\\/\\\/secure.gravatar.com\\\/avatar\\\/41ad0fab4bb3bf5348b0af9612159cfd93173a57bbca98fecb50fa6f3ab97d28?s=96&d=mm&r=g\",\"url\":\"https:\\\/\\\/secure.gravatar.com\\\/avatar\\\/41ad0fab4bb3bf5348b0af9612159cfd93173a57bbca98fecb50fa6f3ab97d28?s=96&d=mm&r=g\",\"contentUrl\":\"https:\\\/\\\/secure.gravatar.com\\\/avatar\\\/41ad0fab4bb3bf5348b0af9612159cfd93173a57bbca98fecb50fa6f3ab97d28?s=96&d=mm&r=g\",\"caption\":\"adminpcb\"},\"url\":\"https:\\\/\\\/www.pcb.ub.edu\\\/es\\\/author\\\/adminpcb\\\/\"}]}<\/script>\n<!-- \/ Yoast SEO plugin. -->","yoast_head_json":{"title":"La Fundaci\u00f3 BBVA financia un proyecto del IBEC - Parc Cient\u00edfic de Barcelona","robots":{"index":"index","follow":"follow","max-snippet":"max-snippet:-1","max-image-preview":"max-image-preview:large","max-video-preview":"max-video-preview:-1"},"canonical":"https:\/\/www.pcb.ub.edu\/es\/la-fundacio-bbva-financia-un-proyecto-del-ibec\/","og_locale":"es_ES","og_type":"article","og_title":"La Fundaci\u00f3 BBVA financia un proyecto del IBEC - Parc Cient\u00edfic de Barcelona","og_description":"Un proyecto para suministrar f\u00e1rmacos m\u00e1s eficientes mediante nanor\u00f3botica de precisi\u00f3n del grupo del IBEC Smart Nano-Bio Devices \u2013liderado por el professor de recerca ICREA Samuel S\u00e1nchez en el PCB\u2013 recibir\u00e1 financiaci\u00f3n de la Fundaci\u00f3n BBVA durante tres a\u00f1os en el\u00a0marco del programa \u2018Ayudas a Equipos de Investigaci\u00f3n en Biomedicina\u2019. \u00a0","og_url":"https:\/\/www.pcb.ub.edu\/es\/la-fundacio-bbva-financia-un-proyecto-del-ibec\/","og_site_name":"Parc Cient\u00edfic de Barcelona","article_published_time":"2018-07-10T23:00:00+00:00","article_modified_time":"2020-11-16T15:20:12+00:00","og_image":[{"width":850,"height":441,"url":"https:\/\/www.pcb.ub.edu\/wp-content\/uploads\/2018\/07\/16049214175fa9284930adb.jpeg","type":"image\/jpeg"}],"author":"adminpcb","twitter_card":"summary_large_image","twitter_misc":{"Escrito por":"adminpcb","Tiempo de lectura":"1 minuto"},"schema":{"@context":"https:\/\/schema.org","@graph":[{"@type":"Article","@id":"https:\/\/www.pcb.ub.edu\/es\/la-fundacio-bbva-financia-un-proyecto-del-ibec\/#article","isPartOf":{"@id":"https:\/\/www.pcb.ub.edu\/es\/la-fundacio-bbva-financia-un-proyecto-del-ibec\/"},"author":{"name":"adminpcb","@id":"https:\/\/www.pcb.ub.edu\/es\/#\/schema\/person\/d13cab05cd0a75b17fddca8496481021"},"headline":"La Fundaci\u00f3 BBVA financia un proyecto del IBEC","datePublished":"2018-07-10T23:00:00+00:00","dateModified":"2020-11-16T15:20:12+00:00","mainEntityOfPage":{"@id":"https:\/\/www.pcb.ub.edu\/es\/la-fundacio-bbva-financia-un-proyecto-del-ibec\/"},"wordCount":303,"image":{"@id":"https:\/\/www.pcb.ub.edu\/es\/la-fundacio-bbva-financia-un-proyecto-del-ibec\/#primaryimage"},"thumbnailUrl":"https:\/\/www.pcb.ub.edu\/wp-content\/uploads\/2018\/07\/16049214175fa9284930adb.jpeg","articleSection":["Sin categorizar"],"inLanguage":"es"},{"@type":"WebPage","@id":"https:\/\/www.pcb.ub.edu\/es\/la-fundacio-bbva-financia-un-proyecto-del-ibec\/","url":"https:\/\/www.pcb.ub.edu\/es\/la-fundacio-bbva-financia-un-proyecto-del-ibec\/","name":"La Fundaci\u00f3 BBVA financia un proyecto del IBEC - Parc Cient\u00edfic de Barcelona","isPartOf":{"@id":"https:\/\/www.pcb.ub.edu\/es\/#website"},"primaryImageOfPage":{"@id":"https:\/\/www.pcb.ub.edu\/es\/la-fundacio-bbva-financia-un-proyecto-del-ibec\/#primaryimage"},"image":{"@id":"https:\/\/www.pcb.ub.edu\/es\/la-fundacio-bbva-financia-un-proyecto-del-ibec\/#primaryimage"},"thumbnailUrl":"https:\/\/www.pcb.ub.edu\/wp-content\/uploads\/2018\/07\/16049214175fa9284930adb.jpeg","datePublished":"2018-07-10T23:00:00+00:00","dateModified":"2020-11-16T15:20:12+00:00","author":{"@id":"https:\/\/www.pcb.ub.edu\/es\/#\/schema\/person\/d13cab05cd0a75b17fddca8496481021"},"breadcrumb":{"@id":"https:\/\/www.pcb.ub.edu\/es\/la-fundacio-bbva-financia-un-proyecto-del-ibec\/#breadcrumb"},"inLanguage":"es","potentialAction":[{"@type":"ReadAction","target":["https:\/\/www.pcb.ub.edu\/es\/la-fundacio-bbva-financia-un-proyecto-del-ibec\/"]}]},{"@type":"ImageObject","inLanguage":"es","@id":"https:\/\/www.pcb.ub.edu\/es\/la-fundacio-bbva-financia-un-proyecto-del-ibec\/#primaryimage","url":"https:\/\/www.pcb.ub.edu\/wp-content\/uploads\/2018\/07\/16049214175fa9284930adb.jpeg","contentUrl":"https:\/\/www.pcb.ub.edu\/wp-content\/uploads\/2018\/07\/16049214175fa9284930adb.jpeg","width":850,"height":441},{"@type":"BreadcrumbList","@id":"https:\/\/www.pcb.ub.edu\/es\/la-fundacio-bbva-financia-un-proyecto-del-ibec\/#breadcrumb","itemListElement":[{"@type":"ListItem","position":1,"name":"Home","item":"https:\/\/www.pcb.ub.edu\/es\/"},{"@type":"ListItem","position":2,"name":"La Fundaci\u00f3 BBVA financia un proyecto del IBEC"}]},{"@type":"WebSite","@id":"https:\/\/www.pcb.ub.edu\/es\/#website","url":"https:\/\/www.pcb.ub.edu\/es\/","name":"Parc Cient\u00edfic de Barcelona","description":"Universitat de Barcelona","potentialAction":[{"@type":"SearchAction","target":{"@type":"EntryPoint","urlTemplate":"https:\/\/www.pcb.ub.edu\/es\/?s={search_term_string}"},"query-input":{"@type":"PropertyValueSpecification","valueRequired":true,"valueName":"search_term_string"}}],"inLanguage":"es"},{"@type":"Person","@id":"https:\/\/www.pcb.ub.edu\/es\/#\/schema\/person\/d13cab05cd0a75b17fddca8496481021","name":"adminpcb","image":{"@type":"ImageObject","inLanguage":"es","@id":"https:\/\/secure.gravatar.com\/avatar\/41ad0fab4bb3bf5348b0af9612159cfd93173a57bbca98fecb50fa6f3ab97d28?s=96&d=mm&r=g","url":"https:\/\/secure.gravatar.com\/avatar\/41ad0fab4bb3bf5348b0af9612159cfd93173a57bbca98fecb50fa6f3ab97d28?s=96&d=mm&r=g","contentUrl":"https:\/\/secure.gravatar.com\/avatar\/41ad0fab4bb3bf5348b0af9612159cfd93173a57bbca98fecb50fa6f3ab97d28?s=96&d=mm&r=g","caption":"adminpcb"},"url":"https:\/\/www.pcb.ub.edu\/es\/author\/adminpcb\/"}]}},"_links":{"self":[{"href":"https:\/\/www.pcb.ub.edu\/es\/wp-json\/wp\/v2\/posts\/38460","targetHints":{"allow":["GET"]}}],"collection":[{"href":"https:\/\/www.pcb.ub.edu\/es\/wp-json\/wp\/v2\/posts"}],"about":[{"href":"https:\/\/www.pcb.ub.edu\/es\/wp-json\/wp\/v2\/types\/post"}],"author":[{"embeddable":true,"href":"https:\/\/www.pcb.ub.edu\/es\/wp-json\/wp\/v2\/users\/1"}],"replies":[{"embeddable":true,"href":"https:\/\/www.pcb.ub.edu\/es\/wp-json\/wp\/v2\/comments?post=38460"}],"version-history":[{"count":1,"href":"https:\/\/www.pcb.ub.edu\/es\/wp-json\/wp\/v2\/posts\/38460\/revisions"}],"predecessor-version":[{"id":44591,"href":"https:\/\/www.pcb.ub.edu\/es\/wp-json\/wp\/v2\/posts\/38460\/revisions\/44591"}],"wp:featuredmedia":[{"embeddable":true,"href":"https:\/\/www.pcb.ub.edu\/es\/wp-json\/wp\/v2\/media\/24363"}],"wp:attachment":[{"href":"https:\/\/www.pcb.ub.edu\/es\/wp-json\/wp\/v2\/media?parent=38460"}],"wp:term":[{"taxonomy":"category","embeddable":true,"href":"https:\/\/www.pcb.ub.edu\/es\/wp-json\/wp\/v2\/categories?post=38460"},{"taxonomy":"post_tag","embeddable":true,"href":"https:\/\/www.pcb.ub.edu\/es\/wp-json\/wp\/v2\/tags?post=38460"}],"curies":[{"name":"wp","href":"https:\/\/api.w.org\/{rel}","templated":true}]}}