{"id":38432,"date":"2015-04-23T00:00:00","date_gmt":"2015-04-22T23:00:00","guid":{"rendered":"http:\/\/www.pcb.ub.edu\/\/el-parc-cientific-de-barcelona-celebra-la-diada-de-sant-jordi\/"},"modified":"2015-04-23T00:00:00","modified_gmt":"2015-04-22T23:00:00","slug":"el-parc-cientific-de-barcelona-celebra-la-diada-de-sant-jordi","status":"publish","type":"post","link":"https:\/\/www.pcb.ub.edu\/es\/el-parc-cientific-de-barcelona-celebra-la-diada-de-sant-jordi\/","title":{"rendered":"El Parc Cient\u00edfic de Barcelona celebra la Diada de Sant Jordi"},"content":{"rendered":"<p>Todos los participantes han recibido un punto de libro de regalo que se ha utilizado tambi\u00e9n para registrar las transacciones y, a la vez, participar en el sorteo de un <em>eBook<\/em>. Este a\u00f1o, la ganadora ha sido Laia Arnal, responsable de Investigaci\u00f3n y Debate Cient\u00edfico de Biocat.<\/p>\n<p>Con este acto participativo, el Parc\u00a0Cient\u00edfic\u00a0de Barcelona quiere extender su voluntad de innovaci\u00f3n a todas las actividades que organiza y establecer nuevas f\u00f3rmulas y canales para fomentar la colaboraci\u00f3n y el di\u00e1logo entre toda la comunidad PCB.<\/p>\n<p>\u00a0<\/p>\n","protected":false},"excerpt":{"rendered":"<p>Hoy, para conmemorar la Diada de Sant Jordi, el Parc Cient\u00edfic de Barcelona (PCB) ha organizado, por sexto a\u00f1o consecutivo, una jornada de canje de libros abierta a toda la comunidad PCB. La iniciativa ha tenido muy buena acogida: ha participado un centenar de personas y se han intercambiado cerca de 300 libros en la parada instalada de 10.00 h a 14.00 h en la recepci\u00f3n de Cl\u00faster II.<\/p>\n","protected":false},"author":1,"featured_media":24251,"comment_status":"closed","ping_status":"open","sticky":false,"template":"","format":"standard","meta":{"_acf_changed":false,"inline_featured_image":false,"footnotes":""},"categories":[],"tags":[],"class_list":["post-38432","post","type-post","status-publish","format-standard","has-post-thumbnail"],"acf":[],"yoast_head":"<!-- This site is optimized with the Yoast SEO plugin v27.3 - https:\/\/yoast.com\/product\/yoast-seo-wordpress\/ -->\n<title>El Parc Cient\u00edfic de Barcelona celebra la Diada de Sant Jordi - Parc Cient\u00edfic de Barcelona<\/title>\n<meta name=\"robots\" content=\"index, follow, max-snippet:-1, max-image-preview:large, max-video-preview:-1\" \/>\n<link rel=\"canonical\" href=\"https:\/\/www.pcb.ub.edu\/es\/el-parc-cientific-de-barcelona-celebra-la-diada-de-sant-jordi\/\" \/>\n<meta property=\"og:locale\" content=\"es_ES\" \/>\n<meta property=\"og:type\" content=\"article\" \/>\n<meta property=\"og:title\" content=\"El Parc Cient\u00edfic de Barcelona celebra la Diada de Sant Jordi - Parc Cient\u00edfic de Barcelona\" \/>\n<meta property=\"og:description\" content=\"Hoy, para conmemorar la Diada de Sant Jordi, el Parc Cient\u00edfic de Barcelona (PCB) ha organizado, por sexto a\u00f1o consecutivo, una jornada de canje de libros abierta a toda la comunidad PCB. La iniciativa ha tenido muy buena acogida: ha participado un centenar de personas y se han intercambiado cerca de 300 libros en la parada instalada de 10.00 h a 14.00 h en la recepci\u00f3n de Cl\u00faster II.\" \/>\n<meta property=\"og:url\" content=\"https:\/\/www.pcb.ub.edu\/es\/el-parc-cientific-de-barcelona-celebra-la-diada-de-sant-jordi\/\" \/>\n<meta property=\"og:site_name\" content=\"Parc Cient\u00edfic de Barcelona\" \/>\n<meta property=\"article:published_time\" content=\"2015-04-22T23:00:00+00:00\" \/>\n<meta property=\"og:image\" content=\"https:\/\/www.pcb.ub.edu\/wp-content\/uploads\/2015\/04\/16049213675fa9281758227.jpeg\" \/>\n\t<meta property=\"og:image:width\" content=\"800\" \/>\n\t<meta property=\"og:image:height\" content=\"566\" \/>\n\t<meta property=\"og:image:type\" content=\"image\/jpeg\" \/>\n<meta name=\"author\" content=\"adminpcb\" \/>\n<meta name=\"twitter:card\" content=\"summary_large_image\" \/>\n<meta name=\"twitter:label1\" content=\"Escrito por\" \/>\n\t<meta name=\"twitter:data1\" content=\"adminpcb\" \/>\n<script type=\"application\/ld+json\" class=\"yoast-schema-graph\">{\"@context\":\"https:\\\/\\\/schema.org\",\"@graph\":[{\"@type\":\"Article\",\"@id\":\"https:\\\/\\\/www.pcb.ub.edu\\\/es\\\/el-parc-cientific-de-barcelona-celebra-la-diada-de-sant-jordi\\\/#article\",\"isPartOf\":{\"@id\":\"https:\\\/\\\/www.pcb.ub.edu\\\/es\\\/el-parc-cientific-de-barcelona-celebra-la-diada-de-sant-jordi\\\/\"},\"author\":{\"name\":\"adminpcb\",\"@id\":\"https:\\\/\\\/www.pcb.ub.edu\\\/es\\\/#\\\/schema\\\/person\\\/d13cab05cd0a75b17fddca8496481021\"},\"headline\":\"El Parc Cient\u00edfic de Barcelona celebra la Diada de Sant Jordi\",\"datePublished\":\"2015-04-22T23:00:00+00:00\",\"mainEntityOfPage\":{\"@id\":\"https:\\\/\\\/www.pcb.ub.edu\\\/es\\\/el-parc-cientific-de-barcelona-celebra-la-diada-de-sant-jordi\\\/\"},\"wordCount\":107,\"image\":{\"@id\":\"https:\\\/\\\/www.pcb.ub.edu\\\/es\\\/el-parc-cientific-de-barcelona-celebra-la-diada-de-sant-jordi\\\/#primaryimage\"},\"thumbnailUrl\":\"https:\\\/\\\/www.pcb.ub.edu\\\/wp-content\\\/uploads\\\/2015\\\/04\\\/16049213675fa9281758227.jpeg\",\"inLanguage\":\"es\"},{\"@type\":\"WebPage\",\"@id\":\"https:\\\/\\\/www.pcb.ub.edu\\\/es\\\/el-parc-cientific-de-barcelona-celebra-la-diada-de-sant-jordi\\\/\",\"url\":\"https:\\\/\\\/www.pcb.ub.edu\\\/es\\\/el-parc-cientific-de-barcelona-celebra-la-diada-de-sant-jordi\\\/\",\"name\":\"El Parc Cient\u00edfic de Barcelona celebra la Diada de Sant Jordi - Parc Cient\u00edfic de Barcelona\",\"isPartOf\":{\"@id\":\"https:\\\/\\\/www.pcb.ub.edu\\\/es\\\/#website\"},\"primaryImageOfPage\":{\"@id\":\"https:\\\/\\\/www.pcb.ub.edu\\\/es\\\/el-parc-cientific-de-barcelona-celebra-la-diada-de-sant-jordi\\\/#primaryimage\"},\"image\":{\"@id\":\"https:\\\/\\\/www.pcb.ub.edu\\\/es\\\/el-parc-cientific-de-barcelona-celebra-la-diada-de-sant-jordi\\\/#primaryimage\"},\"thumbnailUrl\":\"https:\\\/\\\/www.pcb.ub.edu\\\/wp-content\\\/uploads\\\/2015\\\/04\\\/16049213675fa9281758227.jpeg\",\"datePublished\":\"2015-04-22T23:00:00+00:00\",\"author\":{\"@id\":\"https:\\\/\\\/www.pcb.ub.edu\\\/es\\\/#\\\/schema\\\/person\\\/d13cab05cd0a75b17fddca8496481021\"},\"breadcrumb\":{\"@id\":\"https:\\\/\\\/www.pcb.ub.edu\\\/es\\\/el-parc-cientific-de-barcelona-celebra-la-diada-de-sant-jordi\\\/#breadcrumb\"},\"inLanguage\":\"es\",\"potentialAction\":[{\"@type\":\"ReadAction\",\"target\":[\"https:\\\/\\\/www.pcb.ub.edu\\\/es\\\/el-parc-cientific-de-barcelona-celebra-la-diada-de-sant-jordi\\\/\"]}]},{\"@type\":\"ImageObject\",\"inLanguage\":\"es\",\"@id\":\"https:\\\/\\\/www.pcb.ub.edu\\\/es\\\/el-parc-cientific-de-barcelona-celebra-la-diada-de-sant-jordi\\\/#primaryimage\",\"url\":\"https:\\\/\\\/www.pcb.ub.edu\\\/wp-content\\\/uploads\\\/2015\\\/04\\\/16049213675fa9281758227.jpeg\",\"contentUrl\":\"https:\\\/\\\/www.pcb.ub.edu\\\/wp-content\\\/uploads\\\/2015\\\/04\\\/16049213675fa9281758227.jpeg\",\"width\":800,\"height\":566},{\"@type\":\"BreadcrumbList\",\"@id\":\"https:\\\/\\\/www.pcb.ub.edu\\\/es\\\/el-parc-cientific-de-barcelona-celebra-la-diada-de-sant-jordi\\\/#breadcrumb\",\"itemListElement\":[{\"@type\":\"ListItem\",\"position\":1,\"name\":\"Home\",\"item\":\"https:\\\/\\\/www.pcb.ub.edu\\\/es\\\/\"},{\"@type\":\"ListItem\",\"position\":2,\"name\":\"El Parc Cient\u00edfic de Barcelona celebra la Diada de Sant Jordi\"}]},{\"@type\":\"WebSite\",\"@id\":\"https:\\\/\\\/www.pcb.ub.edu\\\/es\\\/#website\",\"url\":\"https:\\\/\\\/www.pcb.ub.edu\\\/es\\\/\",\"name\":\"Parc Cient\u00edfic de Barcelona\",\"description\":\"Universitat de Barcelona\",\"potentialAction\":[{\"@type\":\"SearchAction\",\"target\":{\"@type\":\"EntryPoint\",\"urlTemplate\":\"https:\\\/\\\/www.pcb.ub.edu\\\/es\\\/?s={search_term_string}\"},\"query-input\":{\"@type\":\"PropertyValueSpecification\",\"valueRequired\":true,\"valueName\":\"search_term_string\"}}],\"inLanguage\":\"es\"},{\"@type\":\"Person\",\"@id\":\"https:\\\/\\\/www.pcb.ub.edu\\\/es\\\/#\\\/schema\\\/person\\\/d13cab05cd0a75b17fddca8496481021\",\"name\":\"adminpcb\",\"image\":{\"@type\":\"ImageObject\",\"inLanguage\":\"es\",\"@id\":\"https:\\\/\\\/secure.gravatar.com\\\/avatar\\\/41ad0fab4bb3bf5348b0af9612159cfd93173a57bbca98fecb50fa6f3ab97d28?s=96&d=mm&r=g\",\"url\":\"https:\\\/\\\/secure.gravatar.com\\\/avatar\\\/41ad0fab4bb3bf5348b0af9612159cfd93173a57bbca98fecb50fa6f3ab97d28?s=96&d=mm&r=g\",\"contentUrl\":\"https:\\\/\\\/secure.gravatar.com\\\/avatar\\\/41ad0fab4bb3bf5348b0af9612159cfd93173a57bbca98fecb50fa6f3ab97d28?s=96&d=mm&r=g\",\"caption\":\"adminpcb\"},\"url\":\"https:\\\/\\\/www.pcb.ub.edu\\\/es\\\/author\\\/adminpcb\\\/\"}]}<\/script>\n<!-- \/ Yoast SEO plugin. -->","yoast_head_json":{"title":"El Parc Cient\u00edfic de Barcelona celebra la Diada de Sant Jordi - Parc Cient\u00edfic de Barcelona","robots":{"index":"index","follow":"follow","max-snippet":"max-snippet:-1","max-image-preview":"max-image-preview:large","max-video-preview":"max-video-preview:-1"},"canonical":"https:\/\/www.pcb.ub.edu\/es\/el-parc-cientific-de-barcelona-celebra-la-diada-de-sant-jordi\/","og_locale":"es_ES","og_type":"article","og_title":"El Parc Cient\u00edfic de Barcelona celebra la Diada de Sant Jordi - Parc Cient\u00edfic de Barcelona","og_description":"Hoy, para conmemorar la Diada de Sant Jordi, el Parc Cient\u00edfic de Barcelona (PCB) ha organizado, por sexto a\u00f1o consecutivo, una jornada de canje de libros abierta a toda la comunidad PCB. La iniciativa ha tenido muy buena acogida: ha participado un centenar de personas y se han intercambiado cerca de 300 libros en la parada instalada de 10.00 h a 14.00 h en la recepci\u00f3n de Cl\u00faster II.","og_url":"https:\/\/www.pcb.ub.edu\/es\/el-parc-cientific-de-barcelona-celebra-la-diada-de-sant-jordi\/","og_site_name":"Parc Cient\u00edfic de Barcelona","article_published_time":"2015-04-22T23:00:00+00:00","og_image":[{"width":800,"height":566,"url":"https:\/\/www.pcb.ub.edu\/wp-content\/uploads\/2015\/04\/16049213675fa9281758227.jpeg","type":"image\/jpeg"}],"author":"adminpcb","twitter_card":"summary_large_image","twitter_misc":{"Escrito por":"adminpcb"},"schema":{"@context":"https:\/\/schema.org","@graph":[{"@type":"Article","@id":"https:\/\/www.pcb.ub.edu\/es\/el-parc-cientific-de-barcelona-celebra-la-diada-de-sant-jordi\/#article","isPartOf":{"@id":"https:\/\/www.pcb.ub.edu\/es\/el-parc-cientific-de-barcelona-celebra-la-diada-de-sant-jordi\/"},"author":{"name":"adminpcb","@id":"https:\/\/www.pcb.ub.edu\/es\/#\/schema\/person\/d13cab05cd0a75b17fddca8496481021"},"headline":"El Parc Cient\u00edfic de Barcelona celebra la Diada de Sant Jordi","datePublished":"2015-04-22T23:00:00+00:00","mainEntityOfPage":{"@id":"https:\/\/www.pcb.ub.edu\/es\/el-parc-cientific-de-barcelona-celebra-la-diada-de-sant-jordi\/"},"wordCount":107,"image":{"@id":"https:\/\/www.pcb.ub.edu\/es\/el-parc-cientific-de-barcelona-celebra-la-diada-de-sant-jordi\/#primaryimage"},"thumbnailUrl":"https:\/\/www.pcb.ub.edu\/wp-content\/uploads\/2015\/04\/16049213675fa9281758227.jpeg","inLanguage":"es"},{"@type":"WebPage","@id":"https:\/\/www.pcb.ub.edu\/es\/el-parc-cientific-de-barcelona-celebra-la-diada-de-sant-jordi\/","url":"https:\/\/www.pcb.ub.edu\/es\/el-parc-cientific-de-barcelona-celebra-la-diada-de-sant-jordi\/","name":"El Parc Cient\u00edfic de Barcelona celebra la Diada de Sant Jordi - Parc Cient\u00edfic de Barcelona","isPartOf":{"@id":"https:\/\/www.pcb.ub.edu\/es\/#website"},"primaryImageOfPage":{"@id":"https:\/\/www.pcb.ub.edu\/es\/el-parc-cientific-de-barcelona-celebra-la-diada-de-sant-jordi\/#primaryimage"},"image":{"@id":"https:\/\/www.pcb.ub.edu\/es\/el-parc-cientific-de-barcelona-celebra-la-diada-de-sant-jordi\/#primaryimage"},"thumbnailUrl":"https:\/\/www.pcb.ub.edu\/wp-content\/uploads\/2015\/04\/16049213675fa9281758227.jpeg","datePublished":"2015-04-22T23:00:00+00:00","author":{"@id":"https:\/\/www.pcb.ub.edu\/es\/#\/schema\/person\/d13cab05cd0a75b17fddca8496481021"},"breadcrumb":{"@id":"https:\/\/www.pcb.ub.edu\/es\/el-parc-cientific-de-barcelona-celebra-la-diada-de-sant-jordi\/#breadcrumb"},"inLanguage":"es","potentialAction":[{"@type":"ReadAction","target":["https:\/\/www.pcb.ub.edu\/es\/el-parc-cientific-de-barcelona-celebra-la-diada-de-sant-jordi\/"]}]},{"@type":"ImageObject","inLanguage":"es","@id":"https:\/\/www.pcb.ub.edu\/es\/el-parc-cientific-de-barcelona-celebra-la-diada-de-sant-jordi\/#primaryimage","url":"https:\/\/www.pcb.ub.edu\/wp-content\/uploads\/2015\/04\/16049213675fa9281758227.jpeg","contentUrl":"https:\/\/www.pcb.ub.edu\/wp-content\/uploads\/2015\/04\/16049213675fa9281758227.jpeg","width":800,"height":566},{"@type":"BreadcrumbList","@id":"https:\/\/www.pcb.ub.edu\/es\/el-parc-cientific-de-barcelona-celebra-la-diada-de-sant-jordi\/#breadcrumb","itemListElement":[{"@type":"ListItem","position":1,"name":"Home","item":"https:\/\/www.pcb.ub.edu\/es\/"},{"@type":"ListItem","position":2,"name":"El Parc Cient\u00edfic de Barcelona celebra la Diada de Sant Jordi"}]},{"@type":"WebSite","@id":"https:\/\/www.pcb.ub.edu\/es\/#website","url":"https:\/\/www.pcb.ub.edu\/es\/","name":"Parc Cient\u00edfic de Barcelona","description":"Universitat de Barcelona","potentialAction":[{"@type":"SearchAction","target":{"@type":"EntryPoint","urlTemplate":"https:\/\/www.pcb.ub.edu\/es\/?s={search_term_string}"},"query-input":{"@type":"PropertyValueSpecification","valueRequired":true,"valueName":"search_term_string"}}],"inLanguage":"es"},{"@type":"Person","@id":"https:\/\/www.pcb.ub.edu\/es\/#\/schema\/person\/d13cab05cd0a75b17fddca8496481021","name":"adminpcb","image":{"@type":"ImageObject","inLanguage":"es","@id":"https:\/\/secure.gravatar.com\/avatar\/41ad0fab4bb3bf5348b0af9612159cfd93173a57bbca98fecb50fa6f3ab97d28?s=96&d=mm&r=g","url":"https:\/\/secure.gravatar.com\/avatar\/41ad0fab4bb3bf5348b0af9612159cfd93173a57bbca98fecb50fa6f3ab97d28?s=96&d=mm&r=g","contentUrl":"https:\/\/secure.gravatar.com\/avatar\/41ad0fab4bb3bf5348b0af9612159cfd93173a57bbca98fecb50fa6f3ab97d28?s=96&d=mm&r=g","caption":"adminpcb"},"url":"https:\/\/www.pcb.ub.edu\/es\/author\/adminpcb\/"}]}},"_links":{"self":[{"href":"https:\/\/www.pcb.ub.edu\/es\/wp-json\/wp\/v2\/posts\/38432","targetHints":{"allow":["GET"]}}],"collection":[{"href":"https:\/\/www.pcb.ub.edu\/es\/wp-json\/wp\/v2\/posts"}],"about":[{"href":"https:\/\/www.pcb.ub.edu\/es\/wp-json\/wp\/v2\/types\/post"}],"author":[{"embeddable":true,"href":"https:\/\/www.pcb.ub.edu\/es\/wp-json\/wp\/v2\/users\/1"}],"replies":[{"embeddable":true,"href":"https:\/\/www.pcb.ub.edu\/es\/wp-json\/wp\/v2\/comments?post=38432"}],"version-history":[{"count":0,"href":"https:\/\/www.pcb.ub.edu\/es\/wp-json\/wp\/v2\/posts\/38432\/revisions"}],"wp:featuredmedia":[{"embeddable":true,"href":"https:\/\/www.pcb.ub.edu\/es\/wp-json\/wp\/v2\/media\/24251"}],"wp:attachment":[{"href":"https:\/\/www.pcb.ub.edu\/es\/wp-json\/wp\/v2\/media?parent=38432"}],"wp:term":[{"taxonomy":"category","embeddable":true,"href":"https:\/\/www.pcb.ub.edu\/es\/wp-json\/wp\/v2\/categories?post=38432"},{"taxonomy":"post_tag","embeddable":true,"href":"https:\/\/www.pcb.ub.edu\/es\/wp-json\/wp\/v2\/tags?post=38432"}],"curies":[{"name":"wp","href":"https:\/\/api.w.org\/{rel}","templated":true}]}}