{"id":38399,"date":"2006-07-04T00:00:00","date_gmt":"2006-07-03T23:00:00","guid":{"rendered":"http:\/\/www.pcb.ub.edu\/\/la-ub-participara-en-el-desarrollo-del-22-de-un-parque-empresarial-dedicado-a-la-biotecnologia\/"},"modified":"2020-11-16T16:19:55","modified_gmt":"2020-11-16T15:19:55","slug":"la-ub-participara-en-el-desarrollo-del-22-de-un-parque-empresarial-dedicado-a-la-biotecnologia","status":"publish","type":"post","link":"https:\/\/www.pcb.ub.edu\/es\/la-ub-participara-en-el-desarrollo-del-22-de-un-parque-empresarial-dedicado-a-la-biotecnologia\/","title":{"rendered":"La UB participar\u00e1 en el desarrollo del 22@ de un parque empresarial dedicado a la biotecnolog\u00eda"},"content":{"rendered":"<p>La UB impulsar\u00e1, a trav\u00e9s del Parc Cient\u00edfic de Barcelona (PCB), el proyecto 22@Bioempresa, gracias al que se potenciar\u00e1 la ubicaci\u00f3n en esta \u00e1rea de la ciudad de empresas del sector biotecnol\u00f3gico que han superado la fase de incubaci\u00f3n en los parques cient\u00edficos. Este parque empresarial se desarrollar\u00e1 bajo el marco de cooperaci\u00f3n de la BioRegi\u00f3 de Catalunya de forma conjunta con el CIDEM, 22@Barcelona, el Parc de Recerca Biom\u00e8dica de Barcelona y la la UPF. <\/p>\n<p> Paralelamente, la UB integrar\u00e1 las actividades del IL3, el centro de formaci\u00f3n continuada de la UB, dentro de las iniciativas del proyecto Espacio de Relaci\u00f3n 22@Barcelona, que promueve la interrelaci\u00f3n entre las personas y las organizaciones a trav\u00e9s de nuevos canales de intercambio de comunicaci\u00f3n que favorecen la calificaci\u00f3n profesional y la innovaci\u00f3n empresarial. A la vez, el Ayuntamiento de Barcelona pondr\u00e1 a disposici\u00f3n de la UB un total de 4.800 m 2 de equipamientos al lado de la actual sede del IL3. La Universitat destinar\u00e1 este espacio a actividades de investigaci\u00f3n, docencia y transferencia de tecnolog\u00eda vinculadas a los sectores de las tecnolog\u00edas de la informaci\u00f3n i del audiovisual.  <\/p>\n<p>Pod\u00e9is consultar un dosier con m\u00e1s informaci\u00f3n sobre el tema a: <a href=\"http:\/\/www.ub.edu\/comint\/persub\/docs\/dossier_ub_290606.pdf\" target=\"_blank\" class=\"email\" rel=\"noopener noreferrer\">www.ub.edu\/comint\/persub\/docs\/dossier_ub_290606.pdf <\/a><\/p>\n","protected":false},"excerpt":{"rendered":"<p>El rector de la UB, M\u00e0rius Rubiralta, el alcalde de Barcelona, Joan Clos, y el presidente de 22@Barcelona, Miquel Barcel\u00f3, firmaron el viernes 30 de junio un convenio de colaboraci\u00f3n pera que la Universitat de Barcelona desarrolle varias actividades en el distrito 22@ de Barcelona.<\/p>\n","protected":false},"author":1,"featured_media":0,"comment_status":"closed","ping_status":"open","sticky":false,"template":"","format":"standard","meta":{"_acf_changed":false,"inline_featured_image":false,"footnotes":""},"categories":[9],"tags":[],"class_list":["post-38399","post","type-post","status-publish","format-standard","category-sin-categorizar"],"acf":[],"yoast_head":"<!-- This site is optimized with the Yoast SEO plugin v27.3 - https:\/\/yoast.com\/product\/yoast-seo-wordpress\/ -->\n<title>La UB participar\u00e1 en el desarrollo del 22@ de un parque empresarial dedicado a la biotecnolog\u00eda - Parc Cient\u00edfic de Barcelona<\/title>\n<meta name=\"robots\" content=\"index, follow, max-snippet:-1, max-image-preview:large, max-video-preview:-1\" \/>\n<link rel=\"canonical\" href=\"https:\/\/www.pcb.ub.edu\/es\/la-ub-participara-en-el-desarrollo-del-22-de-un-parque-empresarial-dedicado-a-la-biotecnologia\/\" \/>\n<meta property=\"og:locale\" content=\"es_ES\" \/>\n<meta property=\"og:type\" content=\"article\" \/>\n<meta property=\"og:title\" content=\"La UB participar\u00e1 en el desarrollo del 22@ de un parque empresarial dedicado a la biotecnolog\u00eda - Parc Cient\u00edfic de Barcelona\" \/>\n<meta property=\"og:description\" content=\"El rector de la UB, M\u00e0rius Rubiralta, el alcalde de Barcelona, Joan Clos, y el presidente de 22@Barcelona, Miquel Barcel\u00f3, firmaron el viernes 30 de junio un convenio de colaboraci\u00f3n pera que la Universitat de Barcelona desarrolle varias actividades en el distrito 22@ de Barcelona.\" \/>\n<meta property=\"og:url\" content=\"https:\/\/www.pcb.ub.edu\/es\/la-ub-participara-en-el-desarrollo-del-22-de-un-parque-empresarial-dedicado-a-la-biotecnologia\/\" \/>\n<meta property=\"og:site_name\" content=\"Parc Cient\u00edfic de Barcelona\" \/>\n<meta property=\"article:published_time\" content=\"2006-07-03T23:00:00+00:00\" \/>\n<meta property=\"article:modified_time\" content=\"2020-11-16T15:19:55+00:00\" \/>\n<meta name=\"author\" content=\"adminpcb\" \/>\n<meta name=\"twitter:card\" content=\"summary_large_image\" \/>\n<meta name=\"twitter:label1\" content=\"Escrito por\" \/>\n\t<meta name=\"twitter:data1\" content=\"adminpcb\" \/>\n\t<meta name=\"twitter:label2\" content=\"Tiempo de lectura\" \/>\n\t<meta name=\"twitter:data2\" content=\"1 minuto\" \/>\n<script type=\"application\/ld+json\" class=\"yoast-schema-graph\">{\"@context\":\"https:\\\/\\\/schema.org\",\"@graph\":[{\"@type\":\"Article\",\"@id\":\"https:\\\/\\\/www.pcb.ub.edu\\\/es\\\/la-ub-participara-en-el-desarrollo-del-22-de-un-parque-empresarial-dedicado-a-la-biotecnologia\\\/#article\",\"isPartOf\":{\"@id\":\"https:\\\/\\\/www.pcb.ub.edu\\\/es\\\/la-ub-participara-en-el-desarrollo-del-22-de-un-parque-empresarial-dedicado-a-la-biotecnologia\\\/\"},\"author\":{\"name\":\"adminpcb\",\"@id\":\"https:\\\/\\\/www.pcb.ub.edu\\\/es\\\/#\\\/schema\\\/person\\\/d13cab05cd0a75b17fddca8496481021\"},\"headline\":\"La UB participar\u00e1 en el desarrollo del 22@ de un parque empresarial dedicado a la biotecnolog\u00eda\",\"datePublished\":\"2006-07-03T23:00:00+00:00\",\"dateModified\":\"2020-11-16T15:19:55+00:00\",\"mainEntityOfPage\":{\"@id\":\"https:\\\/\\\/www.pcb.ub.edu\\\/es\\\/la-ub-participara-en-el-desarrollo-del-22-de-un-parque-empresarial-dedicado-a-la-biotecnologia\\\/\"},\"wordCount\":243,\"articleSection\":[\"Sin categorizar\"],\"inLanguage\":\"es\"},{\"@type\":\"WebPage\",\"@id\":\"https:\\\/\\\/www.pcb.ub.edu\\\/es\\\/la-ub-participara-en-el-desarrollo-del-22-de-un-parque-empresarial-dedicado-a-la-biotecnologia\\\/\",\"url\":\"https:\\\/\\\/www.pcb.ub.edu\\\/es\\\/la-ub-participara-en-el-desarrollo-del-22-de-un-parque-empresarial-dedicado-a-la-biotecnologia\\\/\",\"name\":\"La UB participar\u00e1 en el desarrollo del 22@ de un parque empresarial dedicado a la biotecnolog\u00eda - Parc Cient\u00edfic de Barcelona\",\"isPartOf\":{\"@id\":\"https:\\\/\\\/www.pcb.ub.edu\\\/es\\\/#website\"},\"datePublished\":\"2006-07-03T23:00:00+00:00\",\"dateModified\":\"2020-11-16T15:19:55+00:00\",\"author\":{\"@id\":\"https:\\\/\\\/www.pcb.ub.edu\\\/es\\\/#\\\/schema\\\/person\\\/d13cab05cd0a75b17fddca8496481021\"},\"breadcrumb\":{\"@id\":\"https:\\\/\\\/www.pcb.ub.edu\\\/es\\\/la-ub-participara-en-el-desarrollo-del-22-de-un-parque-empresarial-dedicado-a-la-biotecnologia\\\/#breadcrumb\"},\"inLanguage\":\"es\",\"potentialAction\":[{\"@type\":\"ReadAction\",\"target\":[\"https:\\\/\\\/www.pcb.ub.edu\\\/es\\\/la-ub-participara-en-el-desarrollo-del-22-de-un-parque-empresarial-dedicado-a-la-biotecnologia\\\/\"]}]},{\"@type\":\"BreadcrumbList\",\"@id\":\"https:\\\/\\\/www.pcb.ub.edu\\\/es\\\/la-ub-participara-en-el-desarrollo-del-22-de-un-parque-empresarial-dedicado-a-la-biotecnologia\\\/#breadcrumb\",\"itemListElement\":[{\"@type\":\"ListItem\",\"position\":1,\"name\":\"Home\",\"item\":\"https:\\\/\\\/www.pcb.ub.edu\\\/es\\\/\"},{\"@type\":\"ListItem\",\"position\":2,\"name\":\"La UB participar\u00e1 en el desarrollo del 22@ de un parque empresarial dedicado a la biotecnolog\u00eda\"}]},{\"@type\":\"WebSite\",\"@id\":\"https:\\\/\\\/www.pcb.ub.edu\\\/es\\\/#website\",\"url\":\"https:\\\/\\\/www.pcb.ub.edu\\\/es\\\/\",\"name\":\"Parc Cient\u00edfic de Barcelona\",\"description\":\"Universitat de Barcelona\",\"potentialAction\":[{\"@type\":\"SearchAction\",\"target\":{\"@type\":\"EntryPoint\",\"urlTemplate\":\"https:\\\/\\\/www.pcb.ub.edu\\\/es\\\/?s={search_term_string}\"},\"query-input\":{\"@type\":\"PropertyValueSpecification\",\"valueRequired\":true,\"valueName\":\"search_term_string\"}}],\"inLanguage\":\"es\"},{\"@type\":\"Person\",\"@id\":\"https:\\\/\\\/www.pcb.ub.edu\\\/es\\\/#\\\/schema\\\/person\\\/d13cab05cd0a75b17fddca8496481021\",\"name\":\"adminpcb\",\"image\":{\"@type\":\"ImageObject\",\"inLanguage\":\"es\",\"@id\":\"https:\\\/\\\/secure.gravatar.com\\\/avatar\\\/41ad0fab4bb3bf5348b0af9612159cfd93173a57bbca98fecb50fa6f3ab97d28?s=96&d=mm&r=g\",\"url\":\"https:\\\/\\\/secure.gravatar.com\\\/avatar\\\/41ad0fab4bb3bf5348b0af9612159cfd93173a57bbca98fecb50fa6f3ab97d28?s=96&d=mm&r=g\",\"contentUrl\":\"https:\\\/\\\/secure.gravatar.com\\\/avatar\\\/41ad0fab4bb3bf5348b0af9612159cfd93173a57bbca98fecb50fa6f3ab97d28?s=96&d=mm&r=g\",\"caption\":\"adminpcb\"},\"url\":\"https:\\\/\\\/www.pcb.ub.edu\\\/es\\\/author\\\/adminpcb\\\/\"}]}<\/script>\n<!-- \/ Yoast SEO plugin. -->","yoast_head_json":{"title":"La UB participar\u00e1 en el desarrollo del 22@ de un parque empresarial dedicado a la biotecnolog\u00eda - Parc Cient\u00edfic de Barcelona","robots":{"index":"index","follow":"follow","max-snippet":"max-snippet:-1","max-image-preview":"max-image-preview:large","max-video-preview":"max-video-preview:-1"},"canonical":"https:\/\/www.pcb.ub.edu\/es\/la-ub-participara-en-el-desarrollo-del-22-de-un-parque-empresarial-dedicado-a-la-biotecnologia\/","og_locale":"es_ES","og_type":"article","og_title":"La UB participar\u00e1 en el desarrollo del 22@ de un parque empresarial dedicado a la biotecnolog\u00eda - Parc Cient\u00edfic de Barcelona","og_description":"El rector de la UB, M\u00e0rius Rubiralta, el alcalde de Barcelona, Joan Clos, y el presidente de 22@Barcelona, Miquel Barcel\u00f3, firmaron el viernes 30 de junio un convenio de colaboraci\u00f3n pera que la Universitat de Barcelona desarrolle varias actividades en el distrito 22@ de Barcelona.","og_url":"https:\/\/www.pcb.ub.edu\/es\/la-ub-participara-en-el-desarrollo-del-22-de-un-parque-empresarial-dedicado-a-la-biotecnologia\/","og_site_name":"Parc Cient\u00edfic de Barcelona","article_published_time":"2006-07-03T23:00:00+00:00","article_modified_time":"2020-11-16T15:19:55+00:00","author":"adminpcb","twitter_card":"summary_large_image","twitter_misc":{"Escrito por":"adminpcb","Tiempo de lectura":"1 minuto"},"schema":{"@context":"https:\/\/schema.org","@graph":[{"@type":"Article","@id":"https:\/\/www.pcb.ub.edu\/es\/la-ub-participara-en-el-desarrollo-del-22-de-un-parque-empresarial-dedicado-a-la-biotecnologia\/#article","isPartOf":{"@id":"https:\/\/www.pcb.ub.edu\/es\/la-ub-participara-en-el-desarrollo-del-22-de-un-parque-empresarial-dedicado-a-la-biotecnologia\/"},"author":{"name":"adminpcb","@id":"https:\/\/www.pcb.ub.edu\/es\/#\/schema\/person\/d13cab05cd0a75b17fddca8496481021"},"headline":"La UB participar\u00e1 en el desarrollo del 22@ de un parque empresarial dedicado a la biotecnolog\u00eda","datePublished":"2006-07-03T23:00:00+00:00","dateModified":"2020-11-16T15:19:55+00:00","mainEntityOfPage":{"@id":"https:\/\/www.pcb.ub.edu\/es\/la-ub-participara-en-el-desarrollo-del-22-de-un-parque-empresarial-dedicado-a-la-biotecnologia\/"},"wordCount":243,"articleSection":["Sin categorizar"],"inLanguage":"es"},{"@type":"WebPage","@id":"https:\/\/www.pcb.ub.edu\/es\/la-ub-participara-en-el-desarrollo-del-22-de-un-parque-empresarial-dedicado-a-la-biotecnologia\/","url":"https:\/\/www.pcb.ub.edu\/es\/la-ub-participara-en-el-desarrollo-del-22-de-un-parque-empresarial-dedicado-a-la-biotecnologia\/","name":"La UB participar\u00e1 en el desarrollo del 22@ de un parque empresarial dedicado a la biotecnolog\u00eda - Parc Cient\u00edfic de Barcelona","isPartOf":{"@id":"https:\/\/www.pcb.ub.edu\/es\/#website"},"datePublished":"2006-07-03T23:00:00+00:00","dateModified":"2020-11-16T15:19:55+00:00","author":{"@id":"https:\/\/www.pcb.ub.edu\/es\/#\/schema\/person\/d13cab05cd0a75b17fddca8496481021"},"breadcrumb":{"@id":"https:\/\/www.pcb.ub.edu\/es\/la-ub-participara-en-el-desarrollo-del-22-de-un-parque-empresarial-dedicado-a-la-biotecnologia\/#breadcrumb"},"inLanguage":"es","potentialAction":[{"@type":"ReadAction","target":["https:\/\/www.pcb.ub.edu\/es\/la-ub-participara-en-el-desarrollo-del-22-de-un-parque-empresarial-dedicado-a-la-biotecnologia\/"]}]},{"@type":"BreadcrumbList","@id":"https:\/\/www.pcb.ub.edu\/es\/la-ub-participara-en-el-desarrollo-del-22-de-un-parque-empresarial-dedicado-a-la-biotecnologia\/#breadcrumb","itemListElement":[{"@type":"ListItem","position":1,"name":"Home","item":"https:\/\/www.pcb.ub.edu\/es\/"},{"@type":"ListItem","position":2,"name":"La UB participar\u00e1 en el desarrollo del 22@ de un parque empresarial dedicado a la biotecnolog\u00eda"}]},{"@type":"WebSite","@id":"https:\/\/www.pcb.ub.edu\/es\/#website","url":"https:\/\/www.pcb.ub.edu\/es\/","name":"Parc Cient\u00edfic de Barcelona","description":"Universitat de Barcelona","potentialAction":[{"@type":"SearchAction","target":{"@type":"EntryPoint","urlTemplate":"https:\/\/www.pcb.ub.edu\/es\/?s={search_term_string}"},"query-input":{"@type":"PropertyValueSpecification","valueRequired":true,"valueName":"search_term_string"}}],"inLanguage":"es"},{"@type":"Person","@id":"https:\/\/www.pcb.ub.edu\/es\/#\/schema\/person\/d13cab05cd0a75b17fddca8496481021","name":"adminpcb","image":{"@type":"ImageObject","inLanguage":"es","@id":"https:\/\/secure.gravatar.com\/avatar\/41ad0fab4bb3bf5348b0af9612159cfd93173a57bbca98fecb50fa6f3ab97d28?s=96&d=mm&r=g","url":"https:\/\/secure.gravatar.com\/avatar\/41ad0fab4bb3bf5348b0af9612159cfd93173a57bbca98fecb50fa6f3ab97d28?s=96&d=mm&r=g","contentUrl":"https:\/\/secure.gravatar.com\/avatar\/41ad0fab4bb3bf5348b0af9612159cfd93173a57bbca98fecb50fa6f3ab97d28?s=96&d=mm&r=g","caption":"adminpcb"},"url":"https:\/\/www.pcb.ub.edu\/es\/author\/adminpcb\/"}]}},"_links":{"self":[{"href":"https:\/\/www.pcb.ub.edu\/es\/wp-json\/wp\/v2\/posts\/38399","targetHints":{"allow":["GET"]}}],"collection":[{"href":"https:\/\/www.pcb.ub.edu\/es\/wp-json\/wp\/v2\/posts"}],"about":[{"href":"https:\/\/www.pcb.ub.edu\/es\/wp-json\/wp\/v2\/types\/post"}],"author":[{"embeddable":true,"href":"https:\/\/www.pcb.ub.edu\/es\/wp-json\/wp\/v2\/users\/1"}],"replies":[{"embeddable":true,"href":"https:\/\/www.pcb.ub.edu\/es\/wp-json\/wp\/v2\/comments?post=38399"}],"version-history":[{"count":1,"href":"https:\/\/www.pcb.ub.edu\/es\/wp-json\/wp\/v2\/posts\/38399\/revisions"}],"predecessor-version":[{"id":44534,"href":"https:\/\/www.pcb.ub.edu\/es\/wp-json\/wp\/v2\/posts\/38399\/revisions\/44534"}],"wp:attachment":[{"href":"https:\/\/www.pcb.ub.edu\/es\/wp-json\/wp\/v2\/media?parent=38399"}],"wp:term":[{"taxonomy":"category","embeddable":true,"href":"https:\/\/www.pcb.ub.edu\/es\/wp-json\/wp\/v2\/categories?post=38399"},{"taxonomy":"post_tag","embeddable":true,"href":"https:\/\/www.pcb.ub.edu\/es\/wp-json\/wp\/v2\/tags?post=38399"}],"curies":[{"name":"wp","href":"https:\/\/api.w.org\/{rel}","templated":true}]}}