{"id":38378,"date":"2006-03-30T00:00:00","date_gmt":"2006-03-29T23:00:00","guid":{"rendered":"http:\/\/www.pcb.ub.edu\/\/alteraciones-descubiertas-en-los-niveles-de-la-proteina-reelina-en-enfermos-de-alzheimer\/"},"modified":"2020-11-16T16:19:51","modified_gmt":"2020-11-16T15:19:51","slug":"alteraciones-descubiertas-en-los-niveles-de-la-proteina-reelina-en-enfermos-de-alzheimer","status":"publish","type":"post","link":"https:\/\/www.pcb.ub.edu\/es\/alteraciones-descubiertas-en-los-niveles-de-la-proteina-reelina-en-enfermos-de-alzheimer\/","title":{"rendered":"Alteraciones descubiertas en los niveles de la prote\u00edna Reelina en enfermos de Alzheimer"},"content":{"rendered":"<p>La Reelina es una prote\u00edna de se\u00f1alizaci\u00f3n que regula la migraci\u00f3n de las neuronas durante el proceso de desarrollo del enc\u00e9falo, y es esencial para la correcta organizaci\u00f3n, desarrollo y plasticidad de la corteza cerebral. Actualmente, sin embargo, todav\u00eda se conoce muy poco sobre las funciones que la Reelina ejerce en el cerebro adulto. En trabajos anteriores, el grupo dirigido por Soriano identific\u00f3 que la Reelina activa v\u00edas de se\u00f1alizaci\u00f3n intracelular como las ERK, AKT, GSK3, relacionadas con la supervivencia neuronal y la fosforilaci\u00f3n de prote\u00ednas del citoesqueleto. <\/p>\n<p> Los investigadores han mostrado en esta investigaci\u00f3n que el gen y la prote\u00edna de Reelina est\u00e1n sobreexpresadas en el l\u00edquido cefalorraqu\u00eddeo y en los cerebros de enfermos de Alzheimer. En cambio, en el plasma de estos pacientes los niveles de Reelina no variaban, cosa que sugiere que la Reelina en sangre tiene un origen celular diferente del cerebral. En otros tipos de des\u00f3rdenes neurodegenerativos, como la demencia frontotemporal y la par\u00e1lisis supranuclear progresiva, los niveles de Reelina tambi\u00e9n aparecen elevados en el l\u00edquido cefalorraqu\u00eddeo de los pacientes. Esta evidencia requerir\u00e1 estudios espec\u00edficos para resolver si los mecanismos moleculares modulados por la Reelina tambi\u00e9n est\u00e1n alterados en estas patolog\u00edas. <\/p>\n<p> <a href=\"http:\/\/www.pcb.ub.es\/homePCB\/docs\/pdf\/PNAS_cast.pdf\" target=\"_blank\" class=\"email\" rel=\"noopener noreferrer\">Ver noticia completa<\/a>.<\/p>\n","protected":false},"excerpt":{"rendered":"<p>La edici\u00f3n digital de la revista Proceedings de la Academia Nacional de Ciencias de los Estados Unidos (PNAS) publica esta semana un estudio que muestra por primera vez evidencias de la expresi\u00f3n alterada de la Reelina en la demencia de Alzheimer. La investigaci\u00f3n, coordinada por los investigadores Eduardo Soriano, del <a href=\"http:\/\/www.irbbarcelona.org\" target=\"_blank\" class=\"email\" rel=\"noopener noreferrer\">Instituto de Investigaci\u00f3n Biom\u00e9dica<\/a>, y Javier S\u00e1ez Valero, del Instituto de Neurociencias de la Universidad Miguel Hern\u00e1ndez, abre una nueva v\u00eda de estudio de esta enfermedad que hoy en d\u00eda afecta a m\u00e1s de 800.000 personas en Espa\u00f1a.<\/p>\n","protected":false},"author":1,"featured_media":0,"comment_status":"closed","ping_status":"open","sticky":false,"template":"","format":"standard","meta":{"_acf_changed":false,"inline_featured_image":false,"footnotes":""},"categories":[9],"tags":[],"class_list":["post-38378","post","type-post","status-publish","format-standard","category-sin-categorizar"],"acf":[],"yoast_head":"<!-- This site is optimized with the Yoast SEO plugin v27.3 - https:\/\/yoast.com\/product\/yoast-seo-wordpress\/ -->\n<title>Alteraciones descubiertas en los niveles de la prote\u00edna Reelina en enfermos de Alzheimer - Parc Cient\u00edfic de Barcelona<\/title>\n<meta name=\"robots\" content=\"index, follow, max-snippet:-1, max-image-preview:large, max-video-preview:-1\" \/>\n<link rel=\"canonical\" href=\"https:\/\/www.pcb.ub.edu\/es\/alteraciones-descubiertas-en-los-niveles-de-la-proteina-reelina-en-enfermos-de-alzheimer\/\" \/>\n<meta property=\"og:locale\" content=\"es_ES\" \/>\n<meta property=\"og:type\" content=\"article\" \/>\n<meta property=\"og:title\" content=\"Alteraciones descubiertas en los niveles de la prote\u00edna Reelina en enfermos de Alzheimer - Parc Cient\u00edfic de Barcelona\" \/>\n<meta property=\"og:description\" content=\"La edici\u00f3n digital de la revista Proceedings de la Academia Nacional de Ciencias de los Estados Unidos (PNAS) publica esta semana un estudio que muestra por primera vez evidencias de la expresi\u00f3n alterada de la Reelina en la demencia de Alzheimer. La investigaci\u00f3n, coordinada por los investigadores Eduardo Soriano, del Instituto de Investigaci\u00f3n Biom\u00e9dica, y Javier S\u00e1ez Valero, del Instituto de Neurociencias de la Universidad Miguel Hern\u00e1ndez, abre una nueva v\u00eda de estudio de esta enfermedad que hoy en d\u00eda afecta a m\u00e1s de 800.000 personas en Espa\u00f1a.\" \/>\n<meta property=\"og:url\" content=\"https:\/\/www.pcb.ub.edu\/es\/alteraciones-descubiertas-en-los-niveles-de-la-proteina-reelina-en-enfermos-de-alzheimer\/\" \/>\n<meta property=\"og:site_name\" content=\"Parc Cient\u00edfic de Barcelona\" \/>\n<meta property=\"article:published_time\" content=\"2006-03-29T23:00:00+00:00\" \/>\n<meta property=\"article:modified_time\" content=\"2020-11-16T15:19:51+00:00\" \/>\n<meta name=\"author\" content=\"adminpcb\" \/>\n<meta name=\"twitter:card\" content=\"summary_large_image\" \/>\n<meta name=\"twitter:label1\" content=\"Escrito por\" \/>\n\t<meta name=\"twitter:data1\" content=\"adminpcb\" \/>\n\t<meta name=\"twitter:label2\" content=\"Tiempo de lectura\" \/>\n\t<meta name=\"twitter:data2\" content=\"1 minuto\" \/>\n<script type=\"application\/ld+json\" class=\"yoast-schema-graph\">{\"@context\":\"https:\\\/\\\/schema.org\",\"@graph\":[{\"@type\":\"Article\",\"@id\":\"https:\\\/\\\/www.pcb.ub.edu\\\/es\\\/alteraciones-descubiertas-en-los-niveles-de-la-proteina-reelina-en-enfermos-de-alzheimer\\\/#article\",\"isPartOf\":{\"@id\":\"https:\\\/\\\/www.pcb.ub.edu\\\/es\\\/alteraciones-descubiertas-en-los-niveles-de-la-proteina-reelina-en-enfermos-de-alzheimer\\\/\"},\"author\":{\"name\":\"adminpcb\",\"@id\":\"https:\\\/\\\/www.pcb.ub.edu\\\/es\\\/#\\\/schema\\\/person\\\/d13cab05cd0a75b17fddca8496481021\"},\"headline\":\"Alteraciones descubiertas en los niveles de la prote\u00edna Reelina en enfermos de Alzheimer\",\"datePublished\":\"2006-03-29T23:00:00+00:00\",\"dateModified\":\"2020-11-16T15:19:51+00:00\",\"mainEntityOfPage\":{\"@id\":\"https:\\\/\\\/www.pcb.ub.edu\\\/es\\\/alteraciones-descubiertas-en-los-niveles-de-la-proteina-reelina-en-enfermos-de-alzheimer\\\/\"},\"wordCount\":239,\"articleSection\":[\"Sin categorizar\"],\"inLanguage\":\"es\"},{\"@type\":\"WebPage\",\"@id\":\"https:\\\/\\\/www.pcb.ub.edu\\\/es\\\/alteraciones-descubiertas-en-los-niveles-de-la-proteina-reelina-en-enfermos-de-alzheimer\\\/\",\"url\":\"https:\\\/\\\/www.pcb.ub.edu\\\/es\\\/alteraciones-descubiertas-en-los-niveles-de-la-proteina-reelina-en-enfermos-de-alzheimer\\\/\",\"name\":\"Alteraciones descubiertas en los niveles de la prote\u00edna Reelina en enfermos de Alzheimer - Parc Cient\u00edfic de Barcelona\",\"isPartOf\":{\"@id\":\"https:\\\/\\\/www.pcb.ub.edu\\\/es\\\/#website\"},\"datePublished\":\"2006-03-29T23:00:00+00:00\",\"dateModified\":\"2020-11-16T15:19:51+00:00\",\"author\":{\"@id\":\"https:\\\/\\\/www.pcb.ub.edu\\\/es\\\/#\\\/schema\\\/person\\\/d13cab05cd0a75b17fddca8496481021\"},\"breadcrumb\":{\"@id\":\"https:\\\/\\\/www.pcb.ub.edu\\\/es\\\/alteraciones-descubiertas-en-los-niveles-de-la-proteina-reelina-en-enfermos-de-alzheimer\\\/#breadcrumb\"},\"inLanguage\":\"es\",\"potentialAction\":[{\"@type\":\"ReadAction\",\"target\":[\"https:\\\/\\\/www.pcb.ub.edu\\\/es\\\/alteraciones-descubiertas-en-los-niveles-de-la-proteina-reelina-en-enfermos-de-alzheimer\\\/\"]}]},{\"@type\":\"BreadcrumbList\",\"@id\":\"https:\\\/\\\/www.pcb.ub.edu\\\/es\\\/alteraciones-descubiertas-en-los-niveles-de-la-proteina-reelina-en-enfermos-de-alzheimer\\\/#breadcrumb\",\"itemListElement\":[{\"@type\":\"ListItem\",\"position\":1,\"name\":\"Home\",\"item\":\"https:\\\/\\\/www.pcb.ub.edu\\\/es\\\/\"},{\"@type\":\"ListItem\",\"position\":2,\"name\":\"Alteraciones descubiertas en los niveles de la prote\u00edna Reelina en enfermos de Alzheimer\"}]},{\"@type\":\"WebSite\",\"@id\":\"https:\\\/\\\/www.pcb.ub.edu\\\/es\\\/#website\",\"url\":\"https:\\\/\\\/www.pcb.ub.edu\\\/es\\\/\",\"name\":\"Parc Cient\u00edfic de Barcelona\",\"description\":\"Universitat de Barcelona\",\"potentialAction\":[{\"@type\":\"SearchAction\",\"target\":{\"@type\":\"EntryPoint\",\"urlTemplate\":\"https:\\\/\\\/www.pcb.ub.edu\\\/es\\\/?s={search_term_string}\"},\"query-input\":{\"@type\":\"PropertyValueSpecification\",\"valueRequired\":true,\"valueName\":\"search_term_string\"}}],\"inLanguage\":\"es\"},{\"@type\":\"Person\",\"@id\":\"https:\\\/\\\/www.pcb.ub.edu\\\/es\\\/#\\\/schema\\\/person\\\/d13cab05cd0a75b17fddca8496481021\",\"name\":\"adminpcb\",\"image\":{\"@type\":\"ImageObject\",\"inLanguage\":\"es\",\"@id\":\"https:\\\/\\\/secure.gravatar.com\\\/avatar\\\/41ad0fab4bb3bf5348b0af9612159cfd93173a57bbca98fecb50fa6f3ab97d28?s=96&d=mm&r=g\",\"url\":\"https:\\\/\\\/secure.gravatar.com\\\/avatar\\\/41ad0fab4bb3bf5348b0af9612159cfd93173a57bbca98fecb50fa6f3ab97d28?s=96&d=mm&r=g\",\"contentUrl\":\"https:\\\/\\\/secure.gravatar.com\\\/avatar\\\/41ad0fab4bb3bf5348b0af9612159cfd93173a57bbca98fecb50fa6f3ab97d28?s=96&d=mm&r=g\",\"caption\":\"adminpcb\"},\"url\":\"https:\\\/\\\/www.pcb.ub.edu\\\/es\\\/author\\\/adminpcb\\\/\"}]}<\/script>\n<!-- \/ Yoast SEO plugin. -->","yoast_head_json":{"title":"Alteraciones descubiertas en los niveles de la prote\u00edna Reelina en enfermos de Alzheimer - Parc Cient\u00edfic de Barcelona","robots":{"index":"index","follow":"follow","max-snippet":"max-snippet:-1","max-image-preview":"max-image-preview:large","max-video-preview":"max-video-preview:-1"},"canonical":"https:\/\/www.pcb.ub.edu\/es\/alteraciones-descubiertas-en-los-niveles-de-la-proteina-reelina-en-enfermos-de-alzheimer\/","og_locale":"es_ES","og_type":"article","og_title":"Alteraciones descubiertas en los niveles de la prote\u00edna Reelina en enfermos de Alzheimer - Parc Cient\u00edfic de Barcelona","og_description":"La edici\u00f3n digital de la revista Proceedings de la Academia Nacional de Ciencias de los Estados Unidos (PNAS) publica esta semana un estudio que muestra por primera vez evidencias de la expresi\u00f3n alterada de la Reelina en la demencia de Alzheimer. La investigaci\u00f3n, coordinada por los investigadores Eduardo Soriano, del Instituto de Investigaci\u00f3n Biom\u00e9dica, y Javier S\u00e1ez Valero, del Instituto de Neurociencias de la Universidad Miguel Hern\u00e1ndez, abre una nueva v\u00eda de estudio de esta enfermedad que hoy en d\u00eda afecta a m\u00e1s de 800.000 personas en Espa\u00f1a.","og_url":"https:\/\/www.pcb.ub.edu\/es\/alteraciones-descubiertas-en-los-niveles-de-la-proteina-reelina-en-enfermos-de-alzheimer\/","og_site_name":"Parc Cient\u00edfic de Barcelona","article_published_time":"2006-03-29T23:00:00+00:00","article_modified_time":"2020-11-16T15:19:51+00:00","author":"adminpcb","twitter_card":"summary_large_image","twitter_misc":{"Escrito por":"adminpcb","Tiempo de lectura":"1 minuto"},"schema":{"@context":"https:\/\/schema.org","@graph":[{"@type":"Article","@id":"https:\/\/www.pcb.ub.edu\/es\/alteraciones-descubiertas-en-los-niveles-de-la-proteina-reelina-en-enfermos-de-alzheimer\/#article","isPartOf":{"@id":"https:\/\/www.pcb.ub.edu\/es\/alteraciones-descubiertas-en-los-niveles-de-la-proteina-reelina-en-enfermos-de-alzheimer\/"},"author":{"name":"adminpcb","@id":"https:\/\/www.pcb.ub.edu\/es\/#\/schema\/person\/d13cab05cd0a75b17fddca8496481021"},"headline":"Alteraciones descubiertas en los niveles de la prote\u00edna Reelina en enfermos de Alzheimer","datePublished":"2006-03-29T23:00:00+00:00","dateModified":"2020-11-16T15:19:51+00:00","mainEntityOfPage":{"@id":"https:\/\/www.pcb.ub.edu\/es\/alteraciones-descubiertas-en-los-niveles-de-la-proteina-reelina-en-enfermos-de-alzheimer\/"},"wordCount":239,"articleSection":["Sin categorizar"],"inLanguage":"es"},{"@type":"WebPage","@id":"https:\/\/www.pcb.ub.edu\/es\/alteraciones-descubiertas-en-los-niveles-de-la-proteina-reelina-en-enfermos-de-alzheimer\/","url":"https:\/\/www.pcb.ub.edu\/es\/alteraciones-descubiertas-en-los-niveles-de-la-proteina-reelina-en-enfermos-de-alzheimer\/","name":"Alteraciones descubiertas en los niveles de la prote\u00edna Reelina en enfermos de Alzheimer - Parc Cient\u00edfic de Barcelona","isPartOf":{"@id":"https:\/\/www.pcb.ub.edu\/es\/#website"},"datePublished":"2006-03-29T23:00:00+00:00","dateModified":"2020-11-16T15:19:51+00:00","author":{"@id":"https:\/\/www.pcb.ub.edu\/es\/#\/schema\/person\/d13cab05cd0a75b17fddca8496481021"},"breadcrumb":{"@id":"https:\/\/www.pcb.ub.edu\/es\/alteraciones-descubiertas-en-los-niveles-de-la-proteina-reelina-en-enfermos-de-alzheimer\/#breadcrumb"},"inLanguage":"es","potentialAction":[{"@type":"ReadAction","target":["https:\/\/www.pcb.ub.edu\/es\/alteraciones-descubiertas-en-los-niveles-de-la-proteina-reelina-en-enfermos-de-alzheimer\/"]}]},{"@type":"BreadcrumbList","@id":"https:\/\/www.pcb.ub.edu\/es\/alteraciones-descubiertas-en-los-niveles-de-la-proteina-reelina-en-enfermos-de-alzheimer\/#breadcrumb","itemListElement":[{"@type":"ListItem","position":1,"name":"Home","item":"https:\/\/www.pcb.ub.edu\/es\/"},{"@type":"ListItem","position":2,"name":"Alteraciones descubiertas en los niveles de la prote\u00edna Reelina en enfermos de Alzheimer"}]},{"@type":"WebSite","@id":"https:\/\/www.pcb.ub.edu\/es\/#website","url":"https:\/\/www.pcb.ub.edu\/es\/","name":"Parc Cient\u00edfic de Barcelona","description":"Universitat de Barcelona","potentialAction":[{"@type":"SearchAction","target":{"@type":"EntryPoint","urlTemplate":"https:\/\/www.pcb.ub.edu\/es\/?s={search_term_string}"},"query-input":{"@type":"PropertyValueSpecification","valueRequired":true,"valueName":"search_term_string"}}],"inLanguage":"es"},{"@type":"Person","@id":"https:\/\/www.pcb.ub.edu\/es\/#\/schema\/person\/d13cab05cd0a75b17fddca8496481021","name":"adminpcb","image":{"@type":"ImageObject","inLanguage":"es","@id":"https:\/\/secure.gravatar.com\/avatar\/41ad0fab4bb3bf5348b0af9612159cfd93173a57bbca98fecb50fa6f3ab97d28?s=96&d=mm&r=g","url":"https:\/\/secure.gravatar.com\/avatar\/41ad0fab4bb3bf5348b0af9612159cfd93173a57bbca98fecb50fa6f3ab97d28?s=96&d=mm&r=g","contentUrl":"https:\/\/secure.gravatar.com\/avatar\/41ad0fab4bb3bf5348b0af9612159cfd93173a57bbca98fecb50fa6f3ab97d28?s=96&d=mm&r=g","caption":"adminpcb"},"url":"https:\/\/www.pcb.ub.edu\/es\/author\/adminpcb\/"}]}},"_links":{"self":[{"href":"https:\/\/www.pcb.ub.edu\/es\/wp-json\/wp\/v2\/posts\/38378","targetHints":{"allow":["GET"]}}],"collection":[{"href":"https:\/\/www.pcb.ub.edu\/es\/wp-json\/wp\/v2\/posts"}],"about":[{"href":"https:\/\/www.pcb.ub.edu\/es\/wp-json\/wp\/v2\/types\/post"}],"author":[{"embeddable":true,"href":"https:\/\/www.pcb.ub.edu\/es\/wp-json\/wp\/v2\/users\/1"}],"replies":[{"embeddable":true,"href":"https:\/\/www.pcb.ub.edu\/es\/wp-json\/wp\/v2\/comments?post=38378"}],"version-history":[{"count":1,"href":"https:\/\/www.pcb.ub.edu\/es\/wp-json\/wp\/v2\/posts\/38378\/revisions"}],"predecessor-version":[{"id":44516,"href":"https:\/\/www.pcb.ub.edu\/es\/wp-json\/wp\/v2\/posts\/38378\/revisions\/44516"}],"wp:attachment":[{"href":"https:\/\/www.pcb.ub.edu\/es\/wp-json\/wp\/v2\/media?parent=38378"}],"wp:term":[{"taxonomy":"category","embeddable":true,"href":"https:\/\/www.pcb.ub.edu\/es\/wp-json\/wp\/v2\/categories?post=38378"},{"taxonomy":"post_tag","embeddable":true,"href":"https:\/\/www.pcb.ub.edu\/es\/wp-json\/wp\/v2\/tags?post=38378"}],"curies":[{"name":"wp","href":"https:\/\/api.w.org\/{rel}","templated":true}]}}