{"id":38375,"date":"2006-03-29T00:00:00","date_gmt":"2006-03-28T23:00:00","guid":{"rendered":"http:\/\/www.pcb.ub.edu\/\/jornada-de-homenaje-al-profesor-josep-egozcue-miembro-del-observatorio-de-bioetica-y-derecho\/"},"modified":"2020-11-16T16:19:50","modified_gmt":"2020-11-16T15:19:50","slug":"jornada-de-homenaje-al-profesor-josep-egozcue-miembro-del-observatorio-de-bioetica-y-derecho","status":"publish","type":"post","link":"https:\/\/www.pcb.ub.edu\/es\/jornada-de-homenaje-al-profesor-josep-egozcue-miembro-del-observatorio-de-bioetica-y-derecho\/","title":{"rendered":"Jornada de homenaje al profesor Josep Egozcue, miembro del Observatorio de Bio\u00e9tica y Derecho"},"content":{"rendered":"<p>\u00bb<\/p>\n<div class=\"col-sm-6 detall-noticia-imatges\">\n<div class=\"row\">\n<div class=\"item active one-image\">\n\t\t\t\t\t\t<a class=\"icon-search\" href='http:\/\/www.pcb.ub.edu\/\/wp-content\/uploads\/2020\/11\/1143644540456.jpg'><\/a><br \/>\n\t\t\t\t\t\t<img src='http:\/\/www.pcb.ub.edu\/\/wp-content\/uploads\/2020\/11\/1143644540456.jpg' \/>\n\t\t\t\t\t<\/div><\/div><\/div>\n<p>\t\t\tEl acto se iniciar\u00e1 con las intervenciones de miembros del OBD, entre ellos, la directora del OBD Mar\u00eda Casado, el secretario Albert Royes, la profesora titular de Derecho Constitucional de la UB Ana S\u00e1nchez-Urrutia y la investigadora Itziar Lecuona. Por otra parte, clausurar\u00e1n el homenaje el rector de la Universitat de Barcelona (UB) M\u00e0rius Rubiralta, el rector de la UAB Llu\u00eds Ferrer, el responsable del Servicio de Medicina de la Reproducci\u00f3n del Instituto Universitario Dexeus Pere N. Barrio y el profesor titular de Biolog\u00eda de la Reproducci\u00f3n de la UAB Josep Santal\u00f3. <\/p>\n<p>  Durante la jornada se har\u00e1, adem\u00e1s, una retrospectiva de los documentos en los que particip\u00f3 Egozcue a partir de la intervenci\u00f3n, en primer lugar, de la directora del Centro de Medicina Regenerativa de Barcelona Anna Veiga, que comentar\u00e1 los trabajos elaborados sobre las c\u00e9lulas madre embrionarias, la donaci\u00f3n de ovocitos y la congelaci\u00f3n de \u00e9stos para la reproducci\u00f3n humana. Asimismo, la catedr\u00e1tica de Biolog\u00eda de la Reproducci\u00f3n de la UAB Francesca Vidal, comentar\u00e1 los documentos dedicados a la investigaci\u00f3n con embriones y a la selecci\u00f3n de sexo. Y, finalmente, la catedr\u00e1tica de Gen\u00e9tica de la UB Roser Gonz\u00e0lez-Duarte se referir\u00e1 a la publicaci\u00f3n del OBD sobre mujeres y ciencia, y har\u00e1 menci\u00f3n de la ponencia que Egozcue present\u00f3 en el Consejo General del Poder Judicial sobre este tema. <\/p>\n<p>  Nacido en Puigcerd\u00e0 hace 65 a\u00f1os, Josep Egozcue i Cuixart era doctor en Medicina y Cirug\u00eda y profesor em\u00e9rito de la UAB, universidad en qu\u00e9 tambi\u00e9n fue secretario general y vicerrector de Relaciones Exteriores y Campus. Autor de m\u00e1s de 475 art\u00edculos de b\u00fasqueda, fue reconocido internacionalmente como una autoridad en el campo de la biolog\u00eda celular. Centr\u00f3 sus investigaciones en el campo de la citogen\u00e9tica y en la evoluci\u00f3n cromos\u00f3mica en los primates, as\u00ed como en la aplicaci\u00f3n de estos conocimientos en la gen\u00e9tica humana y la fertilidad. Fue pionero en Espa\u00f1a en la investigaci\u00f3n de t\u00e9cnicas de reproducci\u00f3n asistida que posibilitaron la fecundaci\u00f3n in vitro. <\/p>\n<p>  En el \u00e1mbito de la bio\u00e9tica, Egozcue fue profesor del Master de Bio\u00e9tica y Derecho de la UB, autor de m\u00e1s de 42 art\u00edculos o cap\u00edtulos de libros, y asesor del Consejo de Europa, de la Comisi\u00f3n Europea y de las Cortes estatales en temas de \u00e9tica de la reproducci\u00f3n humana asistida. Presidente y miembro de honor de la Sociedad Europea de Reproducci\u00f3n Humana y Embriolog\u00eda y socio de honor de la Asociaci\u00f3n Primatol\u00f3gica Espa\u00f1ola, el doctor Egozcue recibi\u00f3 el Premio de la Fundaci\u00f3n Catalana para la Investigaci\u00f3n en el a\u00f1o 1996 y la Medalla Narc\u00eds Monturiol al m\u00e9rito cient\u00edfico y tecnol\u00f3gico en1989.  <\/p>\n","protected":false},"excerpt":{"rendered":"<p>El martes 4 de abril tuvo lugar en el Auditorio Antoni Caparr\u00f3s del Parc Cient\u00edfic de Barcelona un <a href=\"http:\/\/www.ub.edu\/fildt\/archivos\/progEgozcue.pdf\" target=\"_blank\" class=\"email\" rel=\"noopener noreferrer\">acto de homenaje <\/a> al profesor Josep Egozcue, miembro del <a href=\"p693.asp\" class=\"email\">Observatorio de Bio\u00e9tica y Derecho <\/a> (OBD) y catedr\u00e1tico del Departamento de Biolog\u00eda Celular, de Fisiolog\u00eda y de Inmunolog\u00eda de la Universitat Aut\u00f2noma de Barcelona (UAB), que muri\u00f3 el pasado 7 de febrero a consecuencia de un c\u00e1ncer. La jornada destacar\u00e1 su aportaci\u00f3n en las actividades del OBD y, en concreto, en la coordinaci\u00f3n de algunos de los documentos del grupo de opini\u00f3n de este centro. <\/p>\n","protected":false},"author":1,"featured_media":0,"comment_status":"closed","ping_status":"open","sticky":false,"template":"","format":"standard","meta":{"_acf_changed":false,"inline_featured_image":false,"footnotes":""},"categories":[9],"tags":[],"class_list":["post-38375","post","type-post","status-publish","format-standard","category-sin-categorizar"],"acf":[],"yoast_head":"<!-- This site is optimized with the Yoast SEO plugin v27.3 - https:\/\/yoast.com\/product\/yoast-seo-wordpress\/ -->\n<title>Jornada de homenaje al profesor Josep Egozcue, miembro del Observatorio de Bio\u00e9tica y Derecho - Parc Cient\u00edfic de Barcelona<\/title>\n<meta name=\"robots\" content=\"index, follow, max-snippet:-1, max-image-preview:large, max-video-preview:-1\" \/>\n<link rel=\"canonical\" href=\"https:\/\/www.pcb.ub.edu\/es\/jornada-de-homenaje-al-profesor-josep-egozcue-miembro-del-observatorio-de-bioetica-y-derecho\/\" \/>\n<meta property=\"og:locale\" content=\"es_ES\" \/>\n<meta property=\"og:type\" content=\"article\" \/>\n<meta property=\"og:title\" content=\"Jornada de homenaje al profesor Josep Egozcue, miembro del Observatorio de Bio\u00e9tica y Derecho - Parc Cient\u00edfic de Barcelona\" \/>\n<meta property=\"og:description\" content=\"El martes 4 de abril tuvo lugar en el Auditorio Antoni Caparr\u00f3s del Parc Cient\u00edfic de Barcelona un acto de homenaje al profesor Josep Egozcue, miembro del Observatorio de Bio\u00e9tica y Derecho (OBD) y catedr\u00e1tico del Departamento de Biolog\u00eda Celular, de Fisiolog\u00eda y de Inmunolog\u00eda de la Universitat Aut\u00f2noma de Barcelona (UAB), que muri\u00f3 el pasado 7 de febrero a consecuencia de un c\u00e1ncer. La jornada destacar\u00e1 su aportaci\u00f3n en las actividades del OBD y, en concreto, en la coordinaci\u00f3n de algunos de los documentos del grupo de opini\u00f3n de este centro.\" \/>\n<meta property=\"og:url\" content=\"https:\/\/www.pcb.ub.edu\/es\/jornada-de-homenaje-al-profesor-josep-egozcue-miembro-del-observatorio-de-bioetica-y-derecho\/\" \/>\n<meta property=\"og:site_name\" content=\"Parc Cient\u00edfic de Barcelona\" \/>\n<meta property=\"article:published_time\" content=\"2006-03-28T23:00:00+00:00\" \/>\n<meta property=\"article:modified_time\" content=\"2020-11-16T15:19:50+00:00\" \/>\n<meta property=\"og:image\" content=\"http:\/\/www.pcb.ub.edu\/\/wp-content\/uploads\/2020\/11\/1143644540456.jpg\" \/>\n<meta name=\"author\" content=\"adminpcb\" \/>\n<meta name=\"twitter:card\" content=\"summary_large_image\" \/>\n<meta name=\"twitter:label1\" content=\"Escrito por\" \/>\n\t<meta name=\"twitter:data1\" content=\"adminpcb\" \/>\n\t<meta name=\"twitter:label2\" content=\"Tiempo de lectura\" \/>\n\t<meta name=\"twitter:data2\" content=\"2 minutos\" \/>\n<script type=\"application\/ld+json\" class=\"yoast-schema-graph\">{\"@context\":\"https:\\\/\\\/schema.org\",\"@graph\":[{\"@type\":\"Article\",\"@id\":\"https:\\\/\\\/www.pcb.ub.edu\\\/es\\\/jornada-de-homenaje-al-profesor-josep-egozcue-miembro-del-observatorio-de-bioetica-y-derecho\\\/#article\",\"isPartOf\":{\"@id\":\"https:\\\/\\\/www.pcb.ub.edu\\\/es\\\/jornada-de-homenaje-al-profesor-josep-egozcue-miembro-del-observatorio-de-bioetica-y-derecho\\\/\"},\"author\":{\"name\":\"adminpcb\",\"@id\":\"https:\\\/\\\/www.pcb.ub.edu\\\/es\\\/#\\\/schema\\\/person\\\/d13cab05cd0a75b17fddca8496481021\"},\"headline\":\"Jornada de homenaje al profesor Josep Egozcue, miembro del Observatorio de Bio\u00e9tica y Derecho\",\"datePublished\":\"2006-03-28T23:00:00+00:00\",\"dateModified\":\"2020-11-16T15:19:50+00:00\",\"mainEntityOfPage\":{\"@id\":\"https:\\\/\\\/www.pcb.ub.edu\\\/es\\\/jornada-de-homenaje-al-profesor-josep-egozcue-miembro-del-observatorio-de-bioetica-y-derecho\\\/\"},\"wordCount\":502,\"image\":{\"@id\":\"https:\\\/\\\/www.pcb.ub.edu\\\/es\\\/jornada-de-homenaje-al-profesor-josep-egozcue-miembro-del-observatorio-de-bioetica-y-derecho\\\/#primaryimage\"},\"thumbnailUrl\":\"http:\\\/\\\/www.pcb.ub.edu\\\/\\\/wp-content\\\/uploads\\\/2020\\\/11\\\/1143644540456.jpg\",\"articleSection\":[\"Sin categorizar\"],\"inLanguage\":\"es\"},{\"@type\":\"WebPage\",\"@id\":\"https:\\\/\\\/www.pcb.ub.edu\\\/es\\\/jornada-de-homenaje-al-profesor-josep-egozcue-miembro-del-observatorio-de-bioetica-y-derecho\\\/\",\"url\":\"https:\\\/\\\/www.pcb.ub.edu\\\/es\\\/jornada-de-homenaje-al-profesor-josep-egozcue-miembro-del-observatorio-de-bioetica-y-derecho\\\/\",\"name\":\"Jornada de homenaje al profesor Josep Egozcue, miembro del Observatorio de Bio\u00e9tica y Derecho - Parc Cient\u00edfic de Barcelona\",\"isPartOf\":{\"@id\":\"https:\\\/\\\/www.pcb.ub.edu\\\/es\\\/#website\"},\"primaryImageOfPage\":{\"@id\":\"https:\\\/\\\/www.pcb.ub.edu\\\/es\\\/jornada-de-homenaje-al-profesor-josep-egozcue-miembro-del-observatorio-de-bioetica-y-derecho\\\/#primaryimage\"},\"image\":{\"@id\":\"https:\\\/\\\/www.pcb.ub.edu\\\/es\\\/jornada-de-homenaje-al-profesor-josep-egozcue-miembro-del-observatorio-de-bioetica-y-derecho\\\/#primaryimage\"},\"thumbnailUrl\":\"http:\\\/\\\/www.pcb.ub.edu\\\/\\\/wp-content\\\/uploads\\\/2020\\\/11\\\/1143644540456.jpg\",\"datePublished\":\"2006-03-28T23:00:00+00:00\",\"dateModified\":\"2020-11-16T15:19:50+00:00\",\"author\":{\"@id\":\"https:\\\/\\\/www.pcb.ub.edu\\\/es\\\/#\\\/schema\\\/person\\\/d13cab05cd0a75b17fddca8496481021\"},\"breadcrumb\":{\"@id\":\"https:\\\/\\\/www.pcb.ub.edu\\\/es\\\/jornada-de-homenaje-al-profesor-josep-egozcue-miembro-del-observatorio-de-bioetica-y-derecho\\\/#breadcrumb\"},\"inLanguage\":\"es\",\"potentialAction\":[{\"@type\":\"ReadAction\",\"target\":[\"https:\\\/\\\/www.pcb.ub.edu\\\/es\\\/jornada-de-homenaje-al-profesor-josep-egozcue-miembro-del-observatorio-de-bioetica-y-derecho\\\/\"]}]},{\"@type\":\"ImageObject\",\"inLanguage\":\"es\",\"@id\":\"https:\\\/\\\/www.pcb.ub.edu\\\/es\\\/jornada-de-homenaje-al-profesor-josep-egozcue-miembro-del-observatorio-de-bioetica-y-derecho\\\/#primaryimage\",\"url\":\"http:\\\/\\\/www.pcb.ub.edu\\\/\\\/wp-content\\\/uploads\\\/2020\\\/11\\\/1143644540456.jpg\",\"contentUrl\":\"http:\\\/\\\/www.pcb.ub.edu\\\/\\\/wp-content\\\/uploads\\\/2020\\\/11\\\/1143644540456.jpg\"},{\"@type\":\"BreadcrumbList\",\"@id\":\"https:\\\/\\\/www.pcb.ub.edu\\\/es\\\/jornada-de-homenaje-al-profesor-josep-egozcue-miembro-del-observatorio-de-bioetica-y-derecho\\\/#breadcrumb\",\"itemListElement\":[{\"@type\":\"ListItem\",\"position\":1,\"name\":\"Home\",\"item\":\"https:\\\/\\\/www.pcb.ub.edu\\\/es\\\/\"},{\"@type\":\"ListItem\",\"position\":2,\"name\":\"Jornada de homenaje al profesor Josep Egozcue, miembro del Observatorio de Bio\u00e9tica y Derecho\"}]},{\"@type\":\"WebSite\",\"@id\":\"https:\\\/\\\/www.pcb.ub.edu\\\/es\\\/#website\",\"url\":\"https:\\\/\\\/www.pcb.ub.edu\\\/es\\\/\",\"name\":\"Parc Cient\u00edfic de Barcelona\",\"description\":\"Universitat de Barcelona\",\"potentialAction\":[{\"@type\":\"SearchAction\",\"target\":{\"@type\":\"EntryPoint\",\"urlTemplate\":\"https:\\\/\\\/www.pcb.ub.edu\\\/es\\\/?s={search_term_string}\"},\"query-input\":{\"@type\":\"PropertyValueSpecification\",\"valueRequired\":true,\"valueName\":\"search_term_string\"}}],\"inLanguage\":\"es\"},{\"@type\":\"Person\",\"@id\":\"https:\\\/\\\/www.pcb.ub.edu\\\/es\\\/#\\\/schema\\\/person\\\/d13cab05cd0a75b17fddca8496481021\",\"name\":\"adminpcb\",\"image\":{\"@type\":\"ImageObject\",\"inLanguage\":\"es\",\"@id\":\"https:\\\/\\\/secure.gravatar.com\\\/avatar\\\/41ad0fab4bb3bf5348b0af9612159cfd93173a57bbca98fecb50fa6f3ab97d28?s=96&d=mm&r=g\",\"url\":\"https:\\\/\\\/secure.gravatar.com\\\/avatar\\\/41ad0fab4bb3bf5348b0af9612159cfd93173a57bbca98fecb50fa6f3ab97d28?s=96&d=mm&r=g\",\"contentUrl\":\"https:\\\/\\\/secure.gravatar.com\\\/avatar\\\/41ad0fab4bb3bf5348b0af9612159cfd93173a57bbca98fecb50fa6f3ab97d28?s=96&d=mm&r=g\",\"caption\":\"adminpcb\"},\"url\":\"https:\\\/\\\/www.pcb.ub.edu\\\/es\\\/author\\\/adminpcb\\\/\"}]}<\/script>\n<!-- \/ Yoast SEO plugin. -->","yoast_head_json":{"title":"Jornada de homenaje al profesor Josep Egozcue, miembro del Observatorio de Bio\u00e9tica y Derecho - Parc Cient\u00edfic de Barcelona","robots":{"index":"index","follow":"follow","max-snippet":"max-snippet:-1","max-image-preview":"max-image-preview:large","max-video-preview":"max-video-preview:-1"},"canonical":"https:\/\/www.pcb.ub.edu\/es\/jornada-de-homenaje-al-profesor-josep-egozcue-miembro-del-observatorio-de-bioetica-y-derecho\/","og_locale":"es_ES","og_type":"article","og_title":"Jornada de homenaje al profesor Josep Egozcue, miembro del Observatorio de Bio\u00e9tica y Derecho - Parc Cient\u00edfic de Barcelona","og_description":"El martes 4 de abril tuvo lugar en el Auditorio Antoni Caparr\u00f3s del Parc Cient\u00edfic de Barcelona un acto de homenaje al profesor Josep Egozcue, miembro del Observatorio de Bio\u00e9tica y Derecho (OBD) y catedr\u00e1tico del Departamento de Biolog\u00eda Celular, de Fisiolog\u00eda y de Inmunolog\u00eda de la Universitat Aut\u00f2noma de Barcelona (UAB), que muri\u00f3 el pasado 7 de febrero a consecuencia de un c\u00e1ncer. La jornada destacar\u00e1 su aportaci\u00f3n en las actividades del OBD y, en concreto, en la coordinaci\u00f3n de algunos de los documentos del grupo de opini\u00f3n de este centro.","og_url":"https:\/\/www.pcb.ub.edu\/es\/jornada-de-homenaje-al-profesor-josep-egozcue-miembro-del-observatorio-de-bioetica-y-derecho\/","og_site_name":"Parc Cient\u00edfic de Barcelona","article_published_time":"2006-03-28T23:00:00+00:00","article_modified_time":"2020-11-16T15:19:50+00:00","og_image":[{"url":"http:\/\/www.pcb.ub.edu\/\/wp-content\/uploads\/2020\/11\/1143644540456.jpg","type":"","width":"","height":""}],"author":"adminpcb","twitter_card":"summary_large_image","twitter_misc":{"Escrito por":"adminpcb","Tiempo de lectura":"2 minutos"},"schema":{"@context":"https:\/\/schema.org","@graph":[{"@type":"Article","@id":"https:\/\/www.pcb.ub.edu\/es\/jornada-de-homenaje-al-profesor-josep-egozcue-miembro-del-observatorio-de-bioetica-y-derecho\/#article","isPartOf":{"@id":"https:\/\/www.pcb.ub.edu\/es\/jornada-de-homenaje-al-profesor-josep-egozcue-miembro-del-observatorio-de-bioetica-y-derecho\/"},"author":{"name":"adminpcb","@id":"https:\/\/www.pcb.ub.edu\/es\/#\/schema\/person\/d13cab05cd0a75b17fddca8496481021"},"headline":"Jornada de homenaje al profesor Josep Egozcue, miembro del Observatorio de Bio\u00e9tica y Derecho","datePublished":"2006-03-28T23:00:00+00:00","dateModified":"2020-11-16T15:19:50+00:00","mainEntityOfPage":{"@id":"https:\/\/www.pcb.ub.edu\/es\/jornada-de-homenaje-al-profesor-josep-egozcue-miembro-del-observatorio-de-bioetica-y-derecho\/"},"wordCount":502,"image":{"@id":"https:\/\/www.pcb.ub.edu\/es\/jornada-de-homenaje-al-profesor-josep-egozcue-miembro-del-observatorio-de-bioetica-y-derecho\/#primaryimage"},"thumbnailUrl":"http:\/\/www.pcb.ub.edu\/\/wp-content\/uploads\/2020\/11\/1143644540456.jpg","articleSection":["Sin categorizar"],"inLanguage":"es"},{"@type":"WebPage","@id":"https:\/\/www.pcb.ub.edu\/es\/jornada-de-homenaje-al-profesor-josep-egozcue-miembro-del-observatorio-de-bioetica-y-derecho\/","url":"https:\/\/www.pcb.ub.edu\/es\/jornada-de-homenaje-al-profesor-josep-egozcue-miembro-del-observatorio-de-bioetica-y-derecho\/","name":"Jornada de homenaje al profesor Josep Egozcue, miembro del Observatorio de Bio\u00e9tica y Derecho - Parc Cient\u00edfic de Barcelona","isPartOf":{"@id":"https:\/\/www.pcb.ub.edu\/es\/#website"},"primaryImageOfPage":{"@id":"https:\/\/www.pcb.ub.edu\/es\/jornada-de-homenaje-al-profesor-josep-egozcue-miembro-del-observatorio-de-bioetica-y-derecho\/#primaryimage"},"image":{"@id":"https:\/\/www.pcb.ub.edu\/es\/jornada-de-homenaje-al-profesor-josep-egozcue-miembro-del-observatorio-de-bioetica-y-derecho\/#primaryimage"},"thumbnailUrl":"http:\/\/www.pcb.ub.edu\/\/wp-content\/uploads\/2020\/11\/1143644540456.jpg","datePublished":"2006-03-28T23:00:00+00:00","dateModified":"2020-11-16T15:19:50+00:00","author":{"@id":"https:\/\/www.pcb.ub.edu\/es\/#\/schema\/person\/d13cab05cd0a75b17fddca8496481021"},"breadcrumb":{"@id":"https:\/\/www.pcb.ub.edu\/es\/jornada-de-homenaje-al-profesor-josep-egozcue-miembro-del-observatorio-de-bioetica-y-derecho\/#breadcrumb"},"inLanguage":"es","potentialAction":[{"@type":"ReadAction","target":["https:\/\/www.pcb.ub.edu\/es\/jornada-de-homenaje-al-profesor-josep-egozcue-miembro-del-observatorio-de-bioetica-y-derecho\/"]}]},{"@type":"ImageObject","inLanguage":"es","@id":"https:\/\/www.pcb.ub.edu\/es\/jornada-de-homenaje-al-profesor-josep-egozcue-miembro-del-observatorio-de-bioetica-y-derecho\/#primaryimage","url":"http:\/\/www.pcb.ub.edu\/\/wp-content\/uploads\/2020\/11\/1143644540456.jpg","contentUrl":"http:\/\/www.pcb.ub.edu\/\/wp-content\/uploads\/2020\/11\/1143644540456.jpg"},{"@type":"BreadcrumbList","@id":"https:\/\/www.pcb.ub.edu\/es\/jornada-de-homenaje-al-profesor-josep-egozcue-miembro-del-observatorio-de-bioetica-y-derecho\/#breadcrumb","itemListElement":[{"@type":"ListItem","position":1,"name":"Home","item":"https:\/\/www.pcb.ub.edu\/es\/"},{"@type":"ListItem","position":2,"name":"Jornada de homenaje al profesor Josep Egozcue, miembro del Observatorio de Bio\u00e9tica y Derecho"}]},{"@type":"WebSite","@id":"https:\/\/www.pcb.ub.edu\/es\/#website","url":"https:\/\/www.pcb.ub.edu\/es\/","name":"Parc Cient\u00edfic de Barcelona","description":"Universitat de Barcelona","potentialAction":[{"@type":"SearchAction","target":{"@type":"EntryPoint","urlTemplate":"https:\/\/www.pcb.ub.edu\/es\/?s={search_term_string}"},"query-input":{"@type":"PropertyValueSpecification","valueRequired":true,"valueName":"search_term_string"}}],"inLanguage":"es"},{"@type":"Person","@id":"https:\/\/www.pcb.ub.edu\/es\/#\/schema\/person\/d13cab05cd0a75b17fddca8496481021","name":"adminpcb","image":{"@type":"ImageObject","inLanguage":"es","@id":"https:\/\/secure.gravatar.com\/avatar\/41ad0fab4bb3bf5348b0af9612159cfd93173a57bbca98fecb50fa6f3ab97d28?s=96&d=mm&r=g","url":"https:\/\/secure.gravatar.com\/avatar\/41ad0fab4bb3bf5348b0af9612159cfd93173a57bbca98fecb50fa6f3ab97d28?s=96&d=mm&r=g","contentUrl":"https:\/\/secure.gravatar.com\/avatar\/41ad0fab4bb3bf5348b0af9612159cfd93173a57bbca98fecb50fa6f3ab97d28?s=96&d=mm&r=g","caption":"adminpcb"},"url":"https:\/\/www.pcb.ub.edu\/es\/author\/adminpcb\/"}]}},"_links":{"self":[{"href":"https:\/\/www.pcb.ub.edu\/es\/wp-json\/wp\/v2\/posts\/38375","targetHints":{"allow":["GET"]}}],"collection":[{"href":"https:\/\/www.pcb.ub.edu\/es\/wp-json\/wp\/v2\/posts"}],"about":[{"href":"https:\/\/www.pcb.ub.edu\/es\/wp-json\/wp\/v2\/types\/post"}],"author":[{"embeddable":true,"href":"https:\/\/www.pcb.ub.edu\/es\/wp-json\/wp\/v2\/users\/1"}],"replies":[{"embeddable":true,"href":"https:\/\/www.pcb.ub.edu\/es\/wp-json\/wp\/v2\/comments?post=38375"}],"version-history":[{"count":1,"href":"https:\/\/www.pcb.ub.edu\/es\/wp-json\/wp\/v2\/posts\/38375\/revisions"}],"predecessor-version":[{"id":44513,"href":"https:\/\/www.pcb.ub.edu\/es\/wp-json\/wp\/v2\/posts\/38375\/revisions\/44513"}],"wp:attachment":[{"href":"https:\/\/www.pcb.ub.edu\/es\/wp-json\/wp\/v2\/media?parent=38375"}],"wp:term":[{"taxonomy":"category","embeddable":true,"href":"https:\/\/www.pcb.ub.edu\/es\/wp-json\/wp\/v2\/categories?post=38375"},{"taxonomy":"post_tag","embeddable":true,"href":"https:\/\/www.pcb.ub.edu\/es\/wp-json\/wp\/v2\/tags?post=38375"}],"curies":[{"name":"wp","href":"https:\/\/api.w.org\/{rel}","templated":true}]}}