{"id":38374,"date":"2006-03-24T00:00:00","date_gmt":"2006-03-23T23:00:00","guid":{"rendered":"http:\/\/www.pcb.ub.edu\/\/presentacion-del-instituto-de-investigacion-en-nutricion-y-seguridad-alimentaria-en-els-matins-dinnovacio\/"},"modified":"2020-11-16T16:19:50","modified_gmt":"2020-11-16T15:19:50","slug":"presentacion-del-instituto-de-investigacion-en-nutricion-y-seguridad-alimentaria-en-els-matins-dinnovacio","status":"publish","type":"post","link":"https:\/\/www.pcb.ub.edu\/es\/presentacion-del-instituto-de-investigacion-en-nutricion-y-seguridad-alimentaria-en-els-matins-dinnovacio\/","title":{"rendered":"Presentaci\u00f3n del Instituto de Investigaci\u00f3n en Nutrici\u00f3n y Seguridad Alimentaria en els \u00abMatins d&#8217;Innovaci\u00f3\u00bb"},"content":{"rendered":"<p>\u00bb<\/p>\n<div class=\"col-sm-6 detall-noticia-imatges\">\n<div class=\"row\">\n<div class=\"item active one-image\">\n\t\t\t\t\t\t<a class=\"icon-search\" href='http:\/\/www.pcb.ub.edu\/\/wp-content\/uploads\/2020\/11\/1144140921195.jpg'><\/a><br \/>\n\t\t\t\t\t\t<img src='http:\/\/www.pcb.ub.edu\/\/wp-content\/uploads\/2020\/11\/1144140921195.jpg' \/>\n\t\t\t\t\t<\/div><\/div><\/div>\n<p>\t\t\tPromovido por grupos de investigaci\u00f3n que pertenecen a las facultades de Farmacia, Biolog\u00eda, Qu\u00edmica, y Geograf\u00eda y Historia y a centros adscritos y hospitales vinculados a la Universitat de Barcelona, el INSA nace con el objetivo de hacer frente a las demandas y las necesidades de la sociedad actual en investigaci\u00f3n, formaci\u00f3n y prestaci\u00f3n de servicios en los sectores relacionados de la industria agroalimentaria. De esta manera, potenciar\u00e1 la investigaci\u00f3n de calidad, fomentar\u00e1 el desarrollo de proyectos conjuntos con empresas y asesorar\u00e1 sobre aspectos de nutrici\u00f3n, calidad y seguridad alimentaria. <\/p>\n<p>  La jornada \u00abMatins d&#8217;Innovaci\u00f3\u00bb incluir\u00e1 tambi\u00e9n la presentaci\u00f3n de un ejemplo de colaboraci\u00f3n en el desarrollo de un producto y de la transferencia de tecnolog\u00eda con empresas de este sector. En este sentido, intervendr\u00e1 tambi\u00e9n en ella el director europeo de I+D+i de la empresa American Protein Corporation-Europe Javier Polo con la ponencia \u00abMecanismo de acci\u00f3n de los suplementos de prote\u00ednas sobre las funciones intestinales\u00bb.  <\/p>\n<p> Esta sesi\u00f3n est\u00e1 organizada por la C\u00e1mara de comercio, la Fundaci\u00f3n Catalana para la B\u00fasqueda y la Innovaci\u00f3n, y el CIDEM.  <\/p>\n","protected":false},"excerpt":{"rendered":"<p>El pr\u00f3ximo martes 28 de marzo se presentar\u00e1 el Instituto de <a href=\"http:\/\/www.ub.edu\/insa\" target=\"_blank\" class=\"email\" rel=\"noopener noreferrer\">Investigaci\u00f3n en Nutrici\u00f3n y Seguridad Alimentaria <\/a> (INSA\u00b7UB) en el marco de la jornada <a>\u00abMatins de la Innovaci\u00f3\u00bb <\/a> dedicado a c\u00f3mo la investigaci\u00f3n en nutrici\u00f3n y salud apoya al sector agroalimentari\u00f1. La sesi\u00f3n, que se celebrar\u00e1 en la Casa Llotja de Mar (Pg. d&#8217;Isabel II, 1, Barcelona), contar\u00e1 con la intervenci\u00f3n del director del INSA\u00b7UB y profesor del Departamento de Fisiolog\u00eda de la UB Miquel Moret\u00f3 que expondr\u00e1 la oferta tecnol\u00f3gica y de servicios de esta entidad. <\/p>\n","protected":false},"author":1,"featured_media":0,"comment_status":"closed","ping_status":"open","sticky":false,"template":"","format":"standard","meta":{"_acf_changed":false,"inline_featured_image":false,"footnotes":""},"categories":[9],"tags":[],"class_list":["post-38374","post","type-post","status-publish","format-standard","category-sin-categorizar"],"acf":[],"yoast_head":"<!-- This site is optimized with the Yoast SEO plugin v27.3 - https:\/\/yoast.com\/product\/yoast-seo-wordpress\/ -->\n<title>Presentaci\u00f3n del Instituto de Investigaci\u00f3n en Nutrici\u00f3n y Seguridad Alimentaria en els &quot;Matins d&#039;Innovaci\u00f3&quot; - Parc Cient\u00edfic de Barcelona<\/title>\n<meta name=\"robots\" content=\"index, follow, max-snippet:-1, max-image-preview:large, max-video-preview:-1\" \/>\n<link rel=\"canonical\" href=\"https:\/\/www.pcb.ub.edu\/es\/presentacion-del-instituto-de-investigacion-en-nutricion-y-seguridad-alimentaria-en-els-matins-dinnovacio\/\" \/>\n<meta property=\"og:locale\" content=\"es_ES\" \/>\n<meta property=\"og:type\" content=\"article\" \/>\n<meta property=\"og:title\" content=\"Presentaci\u00f3n del Instituto de Investigaci\u00f3n en Nutrici\u00f3n y Seguridad Alimentaria en els &quot;Matins d&#039;Innovaci\u00f3&quot; - Parc Cient\u00edfic de Barcelona\" \/>\n<meta property=\"og:description\" content=\"El pr\u00f3ximo martes 28 de marzo se presentar\u00e1 el Instituto de Investigaci\u00f3n en Nutrici\u00f3n y Seguridad Alimentaria (INSA\u00b7UB) en el marco de la jornada &quot;Matins de la Innovaci\u00f3&quot; dedicado a c\u00f3mo la investigaci\u00f3n en nutrici\u00f3n y salud apoya al sector agroalimentari\u00f1. La sesi\u00f3n, que se celebrar\u00e1 en la Casa Llotja de Mar (Pg. d&#039;Isabel II, 1, Barcelona), contar\u00e1 con la intervenci\u00f3n del director del INSA\u00b7UB y profesor del Departamento de Fisiolog\u00eda de la UB Miquel Moret\u00f3 que expondr\u00e1 la oferta tecnol\u00f3gica y de servicios de esta entidad.\" \/>\n<meta property=\"og:url\" content=\"https:\/\/www.pcb.ub.edu\/es\/presentacion-del-instituto-de-investigacion-en-nutricion-y-seguridad-alimentaria-en-els-matins-dinnovacio\/\" \/>\n<meta property=\"og:site_name\" content=\"Parc Cient\u00edfic de Barcelona\" \/>\n<meta property=\"article:published_time\" content=\"2006-03-23T23:00:00+00:00\" \/>\n<meta property=\"article:modified_time\" content=\"2020-11-16T15:19:50+00:00\" \/>\n<meta property=\"og:image\" content=\"http:\/\/www.pcb.ub.edu\/\/wp-content\/uploads\/2020\/11\/1144140921195.jpg\" \/>\n<meta name=\"author\" content=\"adminpcb\" \/>\n<meta name=\"twitter:card\" content=\"summary_large_image\" \/>\n<meta name=\"twitter:label1\" content=\"Escrito por\" \/>\n\t<meta name=\"twitter:data1\" content=\"adminpcb\" \/>\n\t<meta name=\"twitter:label2\" content=\"Tiempo de lectura\" \/>\n\t<meta name=\"twitter:data2\" content=\"1 minuto\" \/>\n<script type=\"application\/ld+json\" class=\"yoast-schema-graph\">{\"@context\":\"https:\\\/\\\/schema.org\",\"@graph\":[{\"@type\":\"Article\",\"@id\":\"https:\\\/\\\/www.pcb.ub.edu\\\/es\\\/presentacion-del-instituto-de-investigacion-en-nutricion-y-seguridad-alimentaria-en-els-matins-dinnovacio\\\/#article\",\"isPartOf\":{\"@id\":\"https:\\\/\\\/www.pcb.ub.edu\\\/es\\\/presentacion-del-instituto-de-investigacion-en-nutricion-y-seguridad-alimentaria-en-els-matins-dinnovacio\\\/\"},\"author\":{\"name\":\"adminpcb\",\"@id\":\"https:\\\/\\\/www.pcb.ub.edu\\\/es\\\/#\\\/schema\\\/person\\\/d13cab05cd0a75b17fddca8496481021\"},\"headline\":\"Presentaci\u00f3n del Instituto de Investigaci\u00f3n en Nutrici\u00f3n y Seguridad Alimentaria en els \u00abMatins d&#8217;Innovaci\u00f3\u00bb\",\"datePublished\":\"2006-03-23T23:00:00+00:00\",\"dateModified\":\"2020-11-16T15:19:50+00:00\",\"mainEntityOfPage\":{\"@id\":\"https:\\\/\\\/www.pcb.ub.edu\\\/es\\\/presentacion-del-instituto-de-investigacion-en-nutricion-y-seguridad-alimentaria-en-els-matins-dinnovacio\\\/\"},\"wordCount\":216,\"image\":{\"@id\":\"https:\\\/\\\/www.pcb.ub.edu\\\/es\\\/presentacion-del-instituto-de-investigacion-en-nutricion-y-seguridad-alimentaria-en-els-matins-dinnovacio\\\/#primaryimage\"},\"thumbnailUrl\":\"http:\\\/\\\/www.pcb.ub.edu\\\/\\\/wp-content\\\/uploads\\\/2020\\\/11\\\/1144140921195.jpg\",\"articleSection\":[\"Sin categorizar\"],\"inLanguage\":\"es\"},{\"@type\":\"WebPage\",\"@id\":\"https:\\\/\\\/www.pcb.ub.edu\\\/es\\\/presentacion-del-instituto-de-investigacion-en-nutricion-y-seguridad-alimentaria-en-els-matins-dinnovacio\\\/\",\"url\":\"https:\\\/\\\/www.pcb.ub.edu\\\/es\\\/presentacion-del-instituto-de-investigacion-en-nutricion-y-seguridad-alimentaria-en-els-matins-dinnovacio\\\/\",\"name\":\"Presentaci\u00f3n del Instituto de Investigaci\u00f3n en Nutrici\u00f3n y Seguridad Alimentaria en els \\\"Matins d'Innovaci\u00f3\\\" - Parc Cient\u00edfic de Barcelona\",\"isPartOf\":{\"@id\":\"https:\\\/\\\/www.pcb.ub.edu\\\/es\\\/#website\"},\"primaryImageOfPage\":{\"@id\":\"https:\\\/\\\/www.pcb.ub.edu\\\/es\\\/presentacion-del-instituto-de-investigacion-en-nutricion-y-seguridad-alimentaria-en-els-matins-dinnovacio\\\/#primaryimage\"},\"image\":{\"@id\":\"https:\\\/\\\/www.pcb.ub.edu\\\/es\\\/presentacion-del-instituto-de-investigacion-en-nutricion-y-seguridad-alimentaria-en-els-matins-dinnovacio\\\/#primaryimage\"},\"thumbnailUrl\":\"http:\\\/\\\/www.pcb.ub.edu\\\/\\\/wp-content\\\/uploads\\\/2020\\\/11\\\/1144140921195.jpg\",\"datePublished\":\"2006-03-23T23:00:00+00:00\",\"dateModified\":\"2020-11-16T15:19:50+00:00\",\"author\":{\"@id\":\"https:\\\/\\\/www.pcb.ub.edu\\\/es\\\/#\\\/schema\\\/person\\\/d13cab05cd0a75b17fddca8496481021\"},\"breadcrumb\":{\"@id\":\"https:\\\/\\\/www.pcb.ub.edu\\\/es\\\/presentacion-del-instituto-de-investigacion-en-nutricion-y-seguridad-alimentaria-en-els-matins-dinnovacio\\\/#breadcrumb\"},\"inLanguage\":\"es\",\"potentialAction\":[{\"@type\":\"ReadAction\",\"target\":[\"https:\\\/\\\/www.pcb.ub.edu\\\/es\\\/presentacion-del-instituto-de-investigacion-en-nutricion-y-seguridad-alimentaria-en-els-matins-dinnovacio\\\/\"]}]},{\"@type\":\"ImageObject\",\"inLanguage\":\"es\",\"@id\":\"https:\\\/\\\/www.pcb.ub.edu\\\/es\\\/presentacion-del-instituto-de-investigacion-en-nutricion-y-seguridad-alimentaria-en-els-matins-dinnovacio\\\/#primaryimage\",\"url\":\"http:\\\/\\\/www.pcb.ub.edu\\\/\\\/wp-content\\\/uploads\\\/2020\\\/11\\\/1144140921195.jpg\",\"contentUrl\":\"http:\\\/\\\/www.pcb.ub.edu\\\/\\\/wp-content\\\/uploads\\\/2020\\\/11\\\/1144140921195.jpg\"},{\"@type\":\"BreadcrumbList\",\"@id\":\"https:\\\/\\\/www.pcb.ub.edu\\\/es\\\/presentacion-del-instituto-de-investigacion-en-nutricion-y-seguridad-alimentaria-en-els-matins-dinnovacio\\\/#breadcrumb\",\"itemListElement\":[{\"@type\":\"ListItem\",\"position\":1,\"name\":\"Home\",\"item\":\"https:\\\/\\\/www.pcb.ub.edu\\\/es\\\/\"},{\"@type\":\"ListItem\",\"position\":2,\"name\":\"Presentaci\u00f3n del Instituto de Investigaci\u00f3n en Nutrici\u00f3n y Seguridad Alimentaria en els \u00abMatins d&#8217;Innovaci\u00f3\u00bb\"}]},{\"@type\":\"WebSite\",\"@id\":\"https:\\\/\\\/www.pcb.ub.edu\\\/es\\\/#website\",\"url\":\"https:\\\/\\\/www.pcb.ub.edu\\\/es\\\/\",\"name\":\"Parc Cient\u00edfic de Barcelona\",\"description\":\"Universitat de Barcelona\",\"potentialAction\":[{\"@type\":\"SearchAction\",\"target\":{\"@type\":\"EntryPoint\",\"urlTemplate\":\"https:\\\/\\\/www.pcb.ub.edu\\\/es\\\/?s={search_term_string}\"},\"query-input\":{\"@type\":\"PropertyValueSpecification\",\"valueRequired\":true,\"valueName\":\"search_term_string\"}}],\"inLanguage\":\"es\"},{\"@type\":\"Person\",\"@id\":\"https:\\\/\\\/www.pcb.ub.edu\\\/es\\\/#\\\/schema\\\/person\\\/d13cab05cd0a75b17fddca8496481021\",\"name\":\"adminpcb\",\"image\":{\"@type\":\"ImageObject\",\"inLanguage\":\"es\",\"@id\":\"https:\\\/\\\/secure.gravatar.com\\\/avatar\\\/41ad0fab4bb3bf5348b0af9612159cfd93173a57bbca98fecb50fa6f3ab97d28?s=96&d=mm&r=g\",\"url\":\"https:\\\/\\\/secure.gravatar.com\\\/avatar\\\/41ad0fab4bb3bf5348b0af9612159cfd93173a57bbca98fecb50fa6f3ab97d28?s=96&d=mm&r=g\",\"contentUrl\":\"https:\\\/\\\/secure.gravatar.com\\\/avatar\\\/41ad0fab4bb3bf5348b0af9612159cfd93173a57bbca98fecb50fa6f3ab97d28?s=96&d=mm&r=g\",\"caption\":\"adminpcb\"},\"url\":\"https:\\\/\\\/www.pcb.ub.edu\\\/es\\\/author\\\/adminpcb\\\/\"}]}<\/script>\n<!-- \/ Yoast SEO plugin. -->","yoast_head_json":{"title":"Presentaci\u00f3n del Instituto de Investigaci\u00f3n en Nutrici\u00f3n y Seguridad Alimentaria en els \"Matins d'Innovaci\u00f3\" - Parc Cient\u00edfic de Barcelona","robots":{"index":"index","follow":"follow","max-snippet":"max-snippet:-1","max-image-preview":"max-image-preview:large","max-video-preview":"max-video-preview:-1"},"canonical":"https:\/\/www.pcb.ub.edu\/es\/presentacion-del-instituto-de-investigacion-en-nutricion-y-seguridad-alimentaria-en-els-matins-dinnovacio\/","og_locale":"es_ES","og_type":"article","og_title":"Presentaci\u00f3n del Instituto de Investigaci\u00f3n en Nutrici\u00f3n y Seguridad Alimentaria en els \"Matins d'Innovaci\u00f3\" - Parc Cient\u00edfic de Barcelona","og_description":"El pr\u00f3ximo martes 28 de marzo se presentar\u00e1 el Instituto de Investigaci\u00f3n en Nutrici\u00f3n y Seguridad Alimentaria (INSA\u00b7UB) en el marco de la jornada \"Matins de la Innovaci\u00f3\" dedicado a c\u00f3mo la investigaci\u00f3n en nutrici\u00f3n y salud apoya al sector agroalimentari\u00f1. La sesi\u00f3n, que se celebrar\u00e1 en la Casa Llotja de Mar (Pg. d'Isabel II, 1, Barcelona), contar\u00e1 con la intervenci\u00f3n del director del INSA\u00b7UB y profesor del Departamento de Fisiolog\u00eda de la UB Miquel Moret\u00f3 que expondr\u00e1 la oferta tecnol\u00f3gica y de servicios de esta entidad.","og_url":"https:\/\/www.pcb.ub.edu\/es\/presentacion-del-instituto-de-investigacion-en-nutricion-y-seguridad-alimentaria-en-els-matins-dinnovacio\/","og_site_name":"Parc Cient\u00edfic de Barcelona","article_published_time":"2006-03-23T23:00:00+00:00","article_modified_time":"2020-11-16T15:19:50+00:00","og_image":[{"url":"http:\/\/www.pcb.ub.edu\/\/wp-content\/uploads\/2020\/11\/1144140921195.jpg","type":"","width":"","height":""}],"author":"adminpcb","twitter_card":"summary_large_image","twitter_misc":{"Escrito por":"adminpcb","Tiempo de lectura":"1 minuto"},"schema":{"@context":"https:\/\/schema.org","@graph":[{"@type":"Article","@id":"https:\/\/www.pcb.ub.edu\/es\/presentacion-del-instituto-de-investigacion-en-nutricion-y-seguridad-alimentaria-en-els-matins-dinnovacio\/#article","isPartOf":{"@id":"https:\/\/www.pcb.ub.edu\/es\/presentacion-del-instituto-de-investigacion-en-nutricion-y-seguridad-alimentaria-en-els-matins-dinnovacio\/"},"author":{"name":"adminpcb","@id":"https:\/\/www.pcb.ub.edu\/es\/#\/schema\/person\/d13cab05cd0a75b17fddca8496481021"},"headline":"Presentaci\u00f3n del Instituto de Investigaci\u00f3n en Nutrici\u00f3n y Seguridad Alimentaria en els \u00abMatins d&#8217;Innovaci\u00f3\u00bb","datePublished":"2006-03-23T23:00:00+00:00","dateModified":"2020-11-16T15:19:50+00:00","mainEntityOfPage":{"@id":"https:\/\/www.pcb.ub.edu\/es\/presentacion-del-instituto-de-investigacion-en-nutricion-y-seguridad-alimentaria-en-els-matins-dinnovacio\/"},"wordCount":216,"image":{"@id":"https:\/\/www.pcb.ub.edu\/es\/presentacion-del-instituto-de-investigacion-en-nutricion-y-seguridad-alimentaria-en-els-matins-dinnovacio\/#primaryimage"},"thumbnailUrl":"http:\/\/www.pcb.ub.edu\/\/wp-content\/uploads\/2020\/11\/1144140921195.jpg","articleSection":["Sin categorizar"],"inLanguage":"es"},{"@type":"WebPage","@id":"https:\/\/www.pcb.ub.edu\/es\/presentacion-del-instituto-de-investigacion-en-nutricion-y-seguridad-alimentaria-en-els-matins-dinnovacio\/","url":"https:\/\/www.pcb.ub.edu\/es\/presentacion-del-instituto-de-investigacion-en-nutricion-y-seguridad-alimentaria-en-els-matins-dinnovacio\/","name":"Presentaci\u00f3n del Instituto de Investigaci\u00f3n en Nutrici\u00f3n y Seguridad Alimentaria en els \"Matins d'Innovaci\u00f3\" - Parc Cient\u00edfic de Barcelona","isPartOf":{"@id":"https:\/\/www.pcb.ub.edu\/es\/#website"},"primaryImageOfPage":{"@id":"https:\/\/www.pcb.ub.edu\/es\/presentacion-del-instituto-de-investigacion-en-nutricion-y-seguridad-alimentaria-en-els-matins-dinnovacio\/#primaryimage"},"image":{"@id":"https:\/\/www.pcb.ub.edu\/es\/presentacion-del-instituto-de-investigacion-en-nutricion-y-seguridad-alimentaria-en-els-matins-dinnovacio\/#primaryimage"},"thumbnailUrl":"http:\/\/www.pcb.ub.edu\/\/wp-content\/uploads\/2020\/11\/1144140921195.jpg","datePublished":"2006-03-23T23:00:00+00:00","dateModified":"2020-11-16T15:19:50+00:00","author":{"@id":"https:\/\/www.pcb.ub.edu\/es\/#\/schema\/person\/d13cab05cd0a75b17fddca8496481021"},"breadcrumb":{"@id":"https:\/\/www.pcb.ub.edu\/es\/presentacion-del-instituto-de-investigacion-en-nutricion-y-seguridad-alimentaria-en-els-matins-dinnovacio\/#breadcrumb"},"inLanguage":"es","potentialAction":[{"@type":"ReadAction","target":["https:\/\/www.pcb.ub.edu\/es\/presentacion-del-instituto-de-investigacion-en-nutricion-y-seguridad-alimentaria-en-els-matins-dinnovacio\/"]}]},{"@type":"ImageObject","inLanguage":"es","@id":"https:\/\/www.pcb.ub.edu\/es\/presentacion-del-instituto-de-investigacion-en-nutricion-y-seguridad-alimentaria-en-els-matins-dinnovacio\/#primaryimage","url":"http:\/\/www.pcb.ub.edu\/\/wp-content\/uploads\/2020\/11\/1144140921195.jpg","contentUrl":"http:\/\/www.pcb.ub.edu\/\/wp-content\/uploads\/2020\/11\/1144140921195.jpg"},{"@type":"BreadcrumbList","@id":"https:\/\/www.pcb.ub.edu\/es\/presentacion-del-instituto-de-investigacion-en-nutricion-y-seguridad-alimentaria-en-els-matins-dinnovacio\/#breadcrumb","itemListElement":[{"@type":"ListItem","position":1,"name":"Home","item":"https:\/\/www.pcb.ub.edu\/es\/"},{"@type":"ListItem","position":2,"name":"Presentaci\u00f3n del Instituto de Investigaci\u00f3n en Nutrici\u00f3n y Seguridad Alimentaria en els \u00abMatins d&#8217;Innovaci\u00f3\u00bb"}]},{"@type":"WebSite","@id":"https:\/\/www.pcb.ub.edu\/es\/#website","url":"https:\/\/www.pcb.ub.edu\/es\/","name":"Parc Cient\u00edfic de Barcelona","description":"Universitat de Barcelona","potentialAction":[{"@type":"SearchAction","target":{"@type":"EntryPoint","urlTemplate":"https:\/\/www.pcb.ub.edu\/es\/?s={search_term_string}"},"query-input":{"@type":"PropertyValueSpecification","valueRequired":true,"valueName":"search_term_string"}}],"inLanguage":"es"},{"@type":"Person","@id":"https:\/\/www.pcb.ub.edu\/es\/#\/schema\/person\/d13cab05cd0a75b17fddca8496481021","name":"adminpcb","image":{"@type":"ImageObject","inLanguage":"es","@id":"https:\/\/secure.gravatar.com\/avatar\/41ad0fab4bb3bf5348b0af9612159cfd93173a57bbca98fecb50fa6f3ab97d28?s=96&d=mm&r=g","url":"https:\/\/secure.gravatar.com\/avatar\/41ad0fab4bb3bf5348b0af9612159cfd93173a57bbca98fecb50fa6f3ab97d28?s=96&d=mm&r=g","contentUrl":"https:\/\/secure.gravatar.com\/avatar\/41ad0fab4bb3bf5348b0af9612159cfd93173a57bbca98fecb50fa6f3ab97d28?s=96&d=mm&r=g","caption":"adminpcb"},"url":"https:\/\/www.pcb.ub.edu\/es\/author\/adminpcb\/"}]}},"_links":{"self":[{"href":"https:\/\/www.pcb.ub.edu\/es\/wp-json\/wp\/v2\/posts\/38374","targetHints":{"allow":["GET"]}}],"collection":[{"href":"https:\/\/www.pcb.ub.edu\/es\/wp-json\/wp\/v2\/posts"}],"about":[{"href":"https:\/\/www.pcb.ub.edu\/es\/wp-json\/wp\/v2\/types\/post"}],"author":[{"embeddable":true,"href":"https:\/\/www.pcb.ub.edu\/es\/wp-json\/wp\/v2\/users\/1"}],"replies":[{"embeddable":true,"href":"https:\/\/www.pcb.ub.edu\/es\/wp-json\/wp\/v2\/comments?post=38374"}],"version-history":[{"count":1,"href":"https:\/\/www.pcb.ub.edu\/es\/wp-json\/wp\/v2\/posts\/38374\/revisions"}],"predecessor-version":[{"id":44512,"href":"https:\/\/www.pcb.ub.edu\/es\/wp-json\/wp\/v2\/posts\/38374\/revisions\/44512"}],"wp:attachment":[{"href":"https:\/\/www.pcb.ub.edu\/es\/wp-json\/wp\/v2\/media?parent=38374"}],"wp:term":[{"taxonomy":"category","embeddable":true,"href":"https:\/\/www.pcb.ub.edu\/es\/wp-json\/wp\/v2\/categories?post=38374"},{"taxonomy":"post_tag","embeddable":true,"href":"https:\/\/www.pcb.ub.edu\/es\/wp-json\/wp\/v2\/tags?post=38374"}],"curies":[{"name":"wp","href":"https:\/\/api.w.org\/{rel}","templated":true}]}}