{"id":38373,"date":"2006-03-24T00:00:00","date_gmt":"2006-03-23T23:00:00","guid":{"rendered":"http:\/\/www.pcb.ub.edu\/\/mas-de-150-investigadores-europeos-se-reunen-en-sitges-en-la-2a-reunion-anual-del-nano2life\/"},"modified":"2020-11-16T16:19:50","modified_gmt":"2020-11-16T15:19:50","slug":"mas-de-150-investigadores-europeos-se-reunen-en-sitges-en-la-2a-reunion-anual-del-nano2life","status":"publish","type":"post","link":"https:\/\/www.pcb.ub.edu\/es\/mas-de-150-investigadores-europeos-se-reunen-en-sitges-en-la-2a-reunion-anual-del-nano2life\/","title":{"rendered":"M\u00e1s de 150 investigadores europeos se re\u00fanen en Sitges en la 2\u00aa reuni\u00f3n anual del Nano2Life"},"content":{"rendered":"<p>\u00bb<\/p>\n<div class=\"col-sm-6 detall-noticia-imatges\">\n<div class=\"row\">\n<div class=\"item active one-image\">\n\t\t\t\t\t\t<a class=\"icon-search\" href='http:\/\/www.pcb.ub.edu\/\/wp-content\/uploads\/2020\/11\/1143711959075.jpg'><\/a><br \/>\n\t\t\t\t\t\t<img src='http:\/\/www.pcb.ub.edu\/\/wp-content\/uploads\/2020\/11\/1143711959075.jpg' \/>\n\t\t\t\t\t<\/div><\/div><\/div>\n<p>\t\t\tEl acto de inauguraci\u00f3n de la reuni\u00f3n, que se celebrar\u00e1 el lunes  27 a les 17 h, estar\u00e1 presidido por el consejero del Departamento de Universidades, Investigaci\u00f3n y Sociedad de la Informaci\u00f3n Carles Sol\u00e0 e intervendr\u00e1n el director general del PCB Fernando Albericio, la directora del Consejo Interdepartamental de Investigaci\u00f3n e Innovaci\u00f3n Tecnol\u00f3gica (CIRIT), Marta Aymerich, el presidente de la Comisi\u00f3n Ejecutiva de la BioRegi\u00f3 de Catalunya Joan Cornet, el vice-rector  de Relaciones Internacionales de la UB e investigador principal del Nano2Life en el PCB Josep Samitier, y el coordinador de la red Patrick Boisseau.<\/p>\n<p>  Durante estos d\u00edas, se presentar\u00e1n siete nuevos proyectos conjuntos en el que intervienen cient\u00edficos especialistas en el desarrollo y la aplicaci\u00f3n de la nanotecnolog\u00eda procedentes de campos como la biolog\u00eda, la ingenier\u00eda gen\u00e9tica, la biotecnolog\u00eda, la neurociencia o la f\u00edsica, entre otros. Estos proyectos est\u00e1n desarrollando, por ejemplo, sistemas para la administraci\u00f3n de f\u00e1rmacos que se puedan implantar en los pacientes y biochips para detectar la toxicidad en las c\u00e9lulas o para el control y la seguridad medioambiental. Asimismo, tambi\u00e9n se centran en la aplicaci\u00f3n de la nanotecnolog\u00eda en el diagn\u00f3stico del c\u00e1ncer en fases iniciales; la regeneraci\u00f3n de tejido, como el nervio \u00f3ptico; la creaci\u00f3n de estructuras para la interacci\u00f3n celular, o el estudio de enfermedades neurodegenerativas como el Alzheimer.<\/p>\n<p>  El programa incluye tambi\u00e9n sesiones de los grupos de trabajo que estudian y promueven los temas de la colaboraci\u00f3n con la industria, la igualdad de g\u00e9nero, y los aspectos \u00e9ticos, sociales y legales de la nanotecnolog\u00eda. <\/p>\n<p>  Nano2Life es la primera red de excelencia en nanobiotecnolog\u00eda inscrita en el VI\u00e8 Programa Marc de la Uni\u00f3 Europea. Su objetivo es impulsar Europa hacia la competitividad y el liderazgo internacional en nanobiotecnolog\u00eda. Fundada el 2004, la red agrupa a 23 entidades europeas y m\u00e1s de 41 empresas que desarrollan su actividad en este campo. En este sentido, act\u00faa como un entorno para el intercambio de conocimiento, ideas y experiencias que originan proyectos de investigaci\u00f3n en cooperaci\u00f3n, red de recursos tecnol\u00f3gicos y de conocimiento, y programas para la formaci\u00f3n y la transferencia de tecnolog\u00eda. <\/p>\n","protected":false},"excerpt":{"rendered":"<p>Con el objetivo de presentar nuevos proyectos cient\u00edficos estrat\u00e9gicos enfocados a resolver problemas a trav\u00e9s de les nanotecnolog\u00edas en las \u00e1reas como la biolog\u00eda, la medicina o el medio ambiente, m\u00e1s de 150 investigadores se reunir\u00e1n del 27 al 29 de marzo en Sitges en la segunda reuni\u00f3n anual de la red de excelencia europea Nano2Life. Organizado por el Parc Cient\u00edfic de Barcelona (PCB) como a miembro de la red, el simposio est\u00e1 estructurado en sesiones de exposici\u00f3n, reflexi\u00f3n y trabajo donde intervendr\u00e1n cient\u00edficos de 23 centros de investigaci\u00f3n europeos.<\/p>\n","protected":false},"author":1,"featured_media":0,"comment_status":"closed","ping_status":"open","sticky":false,"template":"","format":"standard","meta":{"_acf_changed":false,"inline_featured_image":false,"footnotes":""},"categories":[9],"tags":[],"class_list":["post-38373","post","type-post","status-publish","format-standard","category-sin-categorizar"],"acf":[],"yoast_head":"<!-- This site is optimized with the Yoast SEO plugin v27.3 - https:\/\/yoast.com\/product\/yoast-seo-wordpress\/ -->\n<title>M\u00e1s de 150 investigadores europeos se re\u00fanen en Sitges en la 2\u00aa reuni\u00f3n anual del Nano2Life - Parc Cient\u00edfic de Barcelona<\/title>\n<meta name=\"robots\" content=\"index, follow, max-snippet:-1, max-image-preview:large, max-video-preview:-1\" \/>\n<link rel=\"canonical\" href=\"https:\/\/www.pcb.ub.edu\/es\/mas-de-150-investigadores-europeos-se-reunen-en-sitges-en-la-2a-reunion-anual-del-nano2life\/\" \/>\n<meta property=\"og:locale\" content=\"es_ES\" \/>\n<meta property=\"og:type\" content=\"article\" \/>\n<meta property=\"og:title\" content=\"M\u00e1s de 150 investigadores europeos se re\u00fanen en Sitges en la 2\u00aa reuni\u00f3n anual del Nano2Life - Parc Cient\u00edfic de Barcelona\" \/>\n<meta property=\"og:description\" content=\"Con el objetivo de presentar nuevos proyectos cient\u00edficos estrat\u00e9gicos enfocados a resolver problemas a trav\u00e9s de les nanotecnolog\u00edas en las \u00e1reas como la biolog\u00eda, la medicina o el medio ambiente, m\u00e1s de 150 investigadores se reunir\u00e1n del 27 al 29 de marzo en Sitges en la segunda reuni\u00f3n anual de la red de excelencia europea Nano2Life. Organizado por el Parc Cient\u00edfic de Barcelona (PCB) como a miembro de la red, el simposio est\u00e1 estructurado en sesiones de exposici\u00f3n, reflexi\u00f3n y trabajo donde intervendr\u00e1n cient\u00edficos de 23 centros de investigaci\u00f3n europeos.\" \/>\n<meta property=\"og:url\" content=\"https:\/\/www.pcb.ub.edu\/es\/mas-de-150-investigadores-europeos-se-reunen-en-sitges-en-la-2a-reunion-anual-del-nano2life\/\" \/>\n<meta property=\"og:site_name\" content=\"Parc Cient\u00edfic de Barcelona\" \/>\n<meta property=\"article:published_time\" content=\"2006-03-23T23:00:00+00:00\" \/>\n<meta property=\"article:modified_time\" content=\"2020-11-16T15:19:50+00:00\" \/>\n<meta property=\"og:image\" content=\"http:\/\/www.pcb.ub.edu\/\/wp-content\/uploads\/2020\/11\/1143711959075.jpg\" \/>\n<meta name=\"author\" content=\"adminpcb\" \/>\n<meta name=\"twitter:card\" content=\"summary_large_image\" \/>\n<meta name=\"twitter:label1\" content=\"Escrito por\" \/>\n\t<meta name=\"twitter:data1\" content=\"adminpcb\" \/>\n\t<meta name=\"twitter:label2\" content=\"Tiempo de lectura\" \/>\n\t<meta name=\"twitter:data2\" content=\"2 minutos\" \/>\n<script type=\"application\/ld+json\" class=\"yoast-schema-graph\">{\"@context\":\"https:\\\/\\\/schema.org\",\"@graph\":[{\"@type\":\"Article\",\"@id\":\"https:\\\/\\\/www.pcb.ub.edu\\\/es\\\/mas-de-150-investigadores-europeos-se-reunen-en-sitges-en-la-2a-reunion-anual-del-nano2life\\\/#article\",\"isPartOf\":{\"@id\":\"https:\\\/\\\/www.pcb.ub.edu\\\/es\\\/mas-de-150-investigadores-europeos-se-reunen-en-sitges-en-la-2a-reunion-anual-del-nano2life\\\/\"},\"author\":{\"name\":\"adminpcb\",\"@id\":\"https:\\\/\\\/www.pcb.ub.edu\\\/es\\\/#\\\/schema\\\/person\\\/d13cab05cd0a75b17fddca8496481021\"},\"headline\":\"M\u00e1s de 150 investigadores europeos se re\u00fanen en Sitges en la 2\u00aa reuni\u00f3n anual del Nano2Life\",\"datePublished\":\"2006-03-23T23:00:00+00:00\",\"dateModified\":\"2020-11-16T15:19:50+00:00\",\"mainEntityOfPage\":{\"@id\":\"https:\\\/\\\/www.pcb.ub.edu\\\/es\\\/mas-de-150-investigadores-europeos-se-reunen-en-sitges-en-la-2a-reunion-anual-del-nano2life\\\/\"},\"wordCount\":405,\"image\":{\"@id\":\"https:\\\/\\\/www.pcb.ub.edu\\\/es\\\/mas-de-150-investigadores-europeos-se-reunen-en-sitges-en-la-2a-reunion-anual-del-nano2life\\\/#primaryimage\"},\"thumbnailUrl\":\"http:\\\/\\\/www.pcb.ub.edu\\\/\\\/wp-content\\\/uploads\\\/2020\\\/11\\\/1143711959075.jpg\",\"articleSection\":[\"Sin categorizar\"],\"inLanguage\":\"es\"},{\"@type\":\"WebPage\",\"@id\":\"https:\\\/\\\/www.pcb.ub.edu\\\/es\\\/mas-de-150-investigadores-europeos-se-reunen-en-sitges-en-la-2a-reunion-anual-del-nano2life\\\/\",\"url\":\"https:\\\/\\\/www.pcb.ub.edu\\\/es\\\/mas-de-150-investigadores-europeos-se-reunen-en-sitges-en-la-2a-reunion-anual-del-nano2life\\\/\",\"name\":\"M\u00e1s de 150 investigadores europeos se re\u00fanen en Sitges en la 2\u00aa reuni\u00f3n anual del Nano2Life - Parc Cient\u00edfic de Barcelona\",\"isPartOf\":{\"@id\":\"https:\\\/\\\/www.pcb.ub.edu\\\/es\\\/#website\"},\"primaryImageOfPage\":{\"@id\":\"https:\\\/\\\/www.pcb.ub.edu\\\/es\\\/mas-de-150-investigadores-europeos-se-reunen-en-sitges-en-la-2a-reunion-anual-del-nano2life\\\/#primaryimage\"},\"image\":{\"@id\":\"https:\\\/\\\/www.pcb.ub.edu\\\/es\\\/mas-de-150-investigadores-europeos-se-reunen-en-sitges-en-la-2a-reunion-anual-del-nano2life\\\/#primaryimage\"},\"thumbnailUrl\":\"http:\\\/\\\/www.pcb.ub.edu\\\/\\\/wp-content\\\/uploads\\\/2020\\\/11\\\/1143711959075.jpg\",\"datePublished\":\"2006-03-23T23:00:00+00:00\",\"dateModified\":\"2020-11-16T15:19:50+00:00\",\"author\":{\"@id\":\"https:\\\/\\\/www.pcb.ub.edu\\\/es\\\/#\\\/schema\\\/person\\\/d13cab05cd0a75b17fddca8496481021\"},\"breadcrumb\":{\"@id\":\"https:\\\/\\\/www.pcb.ub.edu\\\/es\\\/mas-de-150-investigadores-europeos-se-reunen-en-sitges-en-la-2a-reunion-anual-del-nano2life\\\/#breadcrumb\"},\"inLanguage\":\"es\",\"potentialAction\":[{\"@type\":\"ReadAction\",\"target\":[\"https:\\\/\\\/www.pcb.ub.edu\\\/es\\\/mas-de-150-investigadores-europeos-se-reunen-en-sitges-en-la-2a-reunion-anual-del-nano2life\\\/\"]}]},{\"@type\":\"ImageObject\",\"inLanguage\":\"es\",\"@id\":\"https:\\\/\\\/www.pcb.ub.edu\\\/es\\\/mas-de-150-investigadores-europeos-se-reunen-en-sitges-en-la-2a-reunion-anual-del-nano2life\\\/#primaryimage\",\"url\":\"http:\\\/\\\/www.pcb.ub.edu\\\/\\\/wp-content\\\/uploads\\\/2020\\\/11\\\/1143711959075.jpg\",\"contentUrl\":\"http:\\\/\\\/www.pcb.ub.edu\\\/\\\/wp-content\\\/uploads\\\/2020\\\/11\\\/1143711959075.jpg\"},{\"@type\":\"BreadcrumbList\",\"@id\":\"https:\\\/\\\/www.pcb.ub.edu\\\/es\\\/mas-de-150-investigadores-europeos-se-reunen-en-sitges-en-la-2a-reunion-anual-del-nano2life\\\/#breadcrumb\",\"itemListElement\":[{\"@type\":\"ListItem\",\"position\":1,\"name\":\"Home\",\"item\":\"https:\\\/\\\/www.pcb.ub.edu\\\/es\\\/\"},{\"@type\":\"ListItem\",\"position\":2,\"name\":\"M\u00e1s de 150 investigadores europeos se re\u00fanen en Sitges en la 2\u00aa reuni\u00f3n anual del Nano2Life\"}]},{\"@type\":\"WebSite\",\"@id\":\"https:\\\/\\\/www.pcb.ub.edu\\\/es\\\/#website\",\"url\":\"https:\\\/\\\/www.pcb.ub.edu\\\/es\\\/\",\"name\":\"Parc Cient\u00edfic de Barcelona\",\"description\":\"Universitat de Barcelona\",\"potentialAction\":[{\"@type\":\"SearchAction\",\"target\":{\"@type\":\"EntryPoint\",\"urlTemplate\":\"https:\\\/\\\/www.pcb.ub.edu\\\/es\\\/?s={search_term_string}\"},\"query-input\":{\"@type\":\"PropertyValueSpecification\",\"valueRequired\":true,\"valueName\":\"search_term_string\"}}],\"inLanguage\":\"es\"},{\"@type\":\"Person\",\"@id\":\"https:\\\/\\\/www.pcb.ub.edu\\\/es\\\/#\\\/schema\\\/person\\\/d13cab05cd0a75b17fddca8496481021\",\"name\":\"adminpcb\",\"image\":{\"@type\":\"ImageObject\",\"inLanguage\":\"es\",\"@id\":\"https:\\\/\\\/secure.gravatar.com\\\/avatar\\\/41ad0fab4bb3bf5348b0af9612159cfd93173a57bbca98fecb50fa6f3ab97d28?s=96&d=mm&r=g\",\"url\":\"https:\\\/\\\/secure.gravatar.com\\\/avatar\\\/41ad0fab4bb3bf5348b0af9612159cfd93173a57bbca98fecb50fa6f3ab97d28?s=96&d=mm&r=g\",\"contentUrl\":\"https:\\\/\\\/secure.gravatar.com\\\/avatar\\\/41ad0fab4bb3bf5348b0af9612159cfd93173a57bbca98fecb50fa6f3ab97d28?s=96&d=mm&r=g\",\"caption\":\"adminpcb\"},\"url\":\"https:\\\/\\\/www.pcb.ub.edu\\\/es\\\/author\\\/adminpcb\\\/\"}]}<\/script>\n<!-- \/ Yoast SEO plugin. -->","yoast_head_json":{"title":"M\u00e1s de 150 investigadores europeos se re\u00fanen en Sitges en la 2\u00aa reuni\u00f3n anual del Nano2Life - Parc Cient\u00edfic de Barcelona","robots":{"index":"index","follow":"follow","max-snippet":"max-snippet:-1","max-image-preview":"max-image-preview:large","max-video-preview":"max-video-preview:-1"},"canonical":"https:\/\/www.pcb.ub.edu\/es\/mas-de-150-investigadores-europeos-se-reunen-en-sitges-en-la-2a-reunion-anual-del-nano2life\/","og_locale":"es_ES","og_type":"article","og_title":"M\u00e1s de 150 investigadores europeos se re\u00fanen en Sitges en la 2\u00aa reuni\u00f3n anual del Nano2Life - Parc Cient\u00edfic de Barcelona","og_description":"Con el objetivo de presentar nuevos proyectos cient\u00edficos estrat\u00e9gicos enfocados a resolver problemas a trav\u00e9s de les nanotecnolog\u00edas en las \u00e1reas como la biolog\u00eda, la medicina o el medio ambiente, m\u00e1s de 150 investigadores se reunir\u00e1n del 27 al 29 de marzo en Sitges en la segunda reuni\u00f3n anual de la red de excelencia europea Nano2Life. Organizado por el Parc Cient\u00edfic de Barcelona (PCB) como a miembro de la red, el simposio est\u00e1 estructurado en sesiones de exposici\u00f3n, reflexi\u00f3n y trabajo donde intervendr\u00e1n cient\u00edficos de 23 centros de investigaci\u00f3n europeos.","og_url":"https:\/\/www.pcb.ub.edu\/es\/mas-de-150-investigadores-europeos-se-reunen-en-sitges-en-la-2a-reunion-anual-del-nano2life\/","og_site_name":"Parc Cient\u00edfic de Barcelona","article_published_time":"2006-03-23T23:00:00+00:00","article_modified_time":"2020-11-16T15:19:50+00:00","og_image":[{"url":"http:\/\/www.pcb.ub.edu\/\/wp-content\/uploads\/2020\/11\/1143711959075.jpg","type":"","width":"","height":""}],"author":"adminpcb","twitter_card":"summary_large_image","twitter_misc":{"Escrito por":"adminpcb","Tiempo de lectura":"2 minutos"},"schema":{"@context":"https:\/\/schema.org","@graph":[{"@type":"Article","@id":"https:\/\/www.pcb.ub.edu\/es\/mas-de-150-investigadores-europeos-se-reunen-en-sitges-en-la-2a-reunion-anual-del-nano2life\/#article","isPartOf":{"@id":"https:\/\/www.pcb.ub.edu\/es\/mas-de-150-investigadores-europeos-se-reunen-en-sitges-en-la-2a-reunion-anual-del-nano2life\/"},"author":{"name":"adminpcb","@id":"https:\/\/www.pcb.ub.edu\/es\/#\/schema\/person\/d13cab05cd0a75b17fddca8496481021"},"headline":"M\u00e1s de 150 investigadores europeos se re\u00fanen en Sitges en la 2\u00aa reuni\u00f3n anual del Nano2Life","datePublished":"2006-03-23T23:00:00+00:00","dateModified":"2020-11-16T15:19:50+00:00","mainEntityOfPage":{"@id":"https:\/\/www.pcb.ub.edu\/es\/mas-de-150-investigadores-europeos-se-reunen-en-sitges-en-la-2a-reunion-anual-del-nano2life\/"},"wordCount":405,"image":{"@id":"https:\/\/www.pcb.ub.edu\/es\/mas-de-150-investigadores-europeos-se-reunen-en-sitges-en-la-2a-reunion-anual-del-nano2life\/#primaryimage"},"thumbnailUrl":"http:\/\/www.pcb.ub.edu\/\/wp-content\/uploads\/2020\/11\/1143711959075.jpg","articleSection":["Sin categorizar"],"inLanguage":"es"},{"@type":"WebPage","@id":"https:\/\/www.pcb.ub.edu\/es\/mas-de-150-investigadores-europeos-se-reunen-en-sitges-en-la-2a-reunion-anual-del-nano2life\/","url":"https:\/\/www.pcb.ub.edu\/es\/mas-de-150-investigadores-europeos-se-reunen-en-sitges-en-la-2a-reunion-anual-del-nano2life\/","name":"M\u00e1s de 150 investigadores europeos se re\u00fanen en Sitges en la 2\u00aa reuni\u00f3n anual del Nano2Life - Parc Cient\u00edfic de Barcelona","isPartOf":{"@id":"https:\/\/www.pcb.ub.edu\/es\/#website"},"primaryImageOfPage":{"@id":"https:\/\/www.pcb.ub.edu\/es\/mas-de-150-investigadores-europeos-se-reunen-en-sitges-en-la-2a-reunion-anual-del-nano2life\/#primaryimage"},"image":{"@id":"https:\/\/www.pcb.ub.edu\/es\/mas-de-150-investigadores-europeos-se-reunen-en-sitges-en-la-2a-reunion-anual-del-nano2life\/#primaryimage"},"thumbnailUrl":"http:\/\/www.pcb.ub.edu\/\/wp-content\/uploads\/2020\/11\/1143711959075.jpg","datePublished":"2006-03-23T23:00:00+00:00","dateModified":"2020-11-16T15:19:50+00:00","author":{"@id":"https:\/\/www.pcb.ub.edu\/es\/#\/schema\/person\/d13cab05cd0a75b17fddca8496481021"},"breadcrumb":{"@id":"https:\/\/www.pcb.ub.edu\/es\/mas-de-150-investigadores-europeos-se-reunen-en-sitges-en-la-2a-reunion-anual-del-nano2life\/#breadcrumb"},"inLanguage":"es","potentialAction":[{"@type":"ReadAction","target":["https:\/\/www.pcb.ub.edu\/es\/mas-de-150-investigadores-europeos-se-reunen-en-sitges-en-la-2a-reunion-anual-del-nano2life\/"]}]},{"@type":"ImageObject","inLanguage":"es","@id":"https:\/\/www.pcb.ub.edu\/es\/mas-de-150-investigadores-europeos-se-reunen-en-sitges-en-la-2a-reunion-anual-del-nano2life\/#primaryimage","url":"http:\/\/www.pcb.ub.edu\/\/wp-content\/uploads\/2020\/11\/1143711959075.jpg","contentUrl":"http:\/\/www.pcb.ub.edu\/\/wp-content\/uploads\/2020\/11\/1143711959075.jpg"},{"@type":"BreadcrumbList","@id":"https:\/\/www.pcb.ub.edu\/es\/mas-de-150-investigadores-europeos-se-reunen-en-sitges-en-la-2a-reunion-anual-del-nano2life\/#breadcrumb","itemListElement":[{"@type":"ListItem","position":1,"name":"Home","item":"https:\/\/www.pcb.ub.edu\/es\/"},{"@type":"ListItem","position":2,"name":"M\u00e1s de 150 investigadores europeos se re\u00fanen en Sitges en la 2\u00aa reuni\u00f3n anual del Nano2Life"}]},{"@type":"WebSite","@id":"https:\/\/www.pcb.ub.edu\/es\/#website","url":"https:\/\/www.pcb.ub.edu\/es\/","name":"Parc Cient\u00edfic de Barcelona","description":"Universitat de Barcelona","potentialAction":[{"@type":"SearchAction","target":{"@type":"EntryPoint","urlTemplate":"https:\/\/www.pcb.ub.edu\/es\/?s={search_term_string}"},"query-input":{"@type":"PropertyValueSpecification","valueRequired":true,"valueName":"search_term_string"}}],"inLanguage":"es"},{"@type":"Person","@id":"https:\/\/www.pcb.ub.edu\/es\/#\/schema\/person\/d13cab05cd0a75b17fddca8496481021","name":"adminpcb","image":{"@type":"ImageObject","inLanguage":"es","@id":"https:\/\/secure.gravatar.com\/avatar\/41ad0fab4bb3bf5348b0af9612159cfd93173a57bbca98fecb50fa6f3ab97d28?s=96&d=mm&r=g","url":"https:\/\/secure.gravatar.com\/avatar\/41ad0fab4bb3bf5348b0af9612159cfd93173a57bbca98fecb50fa6f3ab97d28?s=96&d=mm&r=g","contentUrl":"https:\/\/secure.gravatar.com\/avatar\/41ad0fab4bb3bf5348b0af9612159cfd93173a57bbca98fecb50fa6f3ab97d28?s=96&d=mm&r=g","caption":"adminpcb"},"url":"https:\/\/www.pcb.ub.edu\/es\/author\/adminpcb\/"}]}},"_links":{"self":[{"href":"https:\/\/www.pcb.ub.edu\/es\/wp-json\/wp\/v2\/posts\/38373","targetHints":{"allow":["GET"]}}],"collection":[{"href":"https:\/\/www.pcb.ub.edu\/es\/wp-json\/wp\/v2\/posts"}],"about":[{"href":"https:\/\/www.pcb.ub.edu\/es\/wp-json\/wp\/v2\/types\/post"}],"author":[{"embeddable":true,"href":"https:\/\/www.pcb.ub.edu\/es\/wp-json\/wp\/v2\/users\/1"}],"replies":[{"embeddable":true,"href":"https:\/\/www.pcb.ub.edu\/es\/wp-json\/wp\/v2\/comments?post=38373"}],"version-history":[{"count":1,"href":"https:\/\/www.pcb.ub.edu\/es\/wp-json\/wp\/v2\/posts\/38373\/revisions"}],"predecessor-version":[{"id":44511,"href":"https:\/\/www.pcb.ub.edu\/es\/wp-json\/wp\/v2\/posts\/38373\/revisions\/44511"}],"wp:attachment":[{"href":"https:\/\/www.pcb.ub.edu\/es\/wp-json\/wp\/v2\/media?parent=38373"}],"wp:term":[{"taxonomy":"category","embeddable":true,"href":"https:\/\/www.pcb.ub.edu\/es\/wp-json\/wp\/v2\/categories?post=38373"},{"taxonomy":"post_tag","embeddable":true,"href":"https:\/\/www.pcb.ub.edu\/es\/wp-json\/wp\/v2\/tags?post=38373"}],"curies":[{"name":"wp","href":"https:\/\/api.w.org\/{rel}","templated":true}]}}