{"id":38363,"date":"2006-03-03T00:00:00","date_gmt":"2006-03-02T23:00:00","guid":{"rendered":"http:\/\/www.pcb.ub.edu\/\/el-grupo-ub-presente-en-el-salon-alimentaria06\/"},"modified":"2020-11-16T16:19:49","modified_gmt":"2020-11-16T15:19:49","slug":"el-grupo-ub-presente-en-el-salon-alimentaria06","status":"publish","type":"post","link":"https:\/\/www.pcb.ub.edu\/es\/el-grupo-ub-presente-en-el-salon-alimentaria06\/","title":{"rendered":"El Grupo UB, presente en el Sal\u00f3n Alimentaria&#8217;06"},"content":{"rendered":"<p>Este a\u00f1o Alimentaria, en su  30\u00aa edici\u00f3n, re\u00fane cerca de 5.000 entidades, procedentes de 70 pa\u00edses en un total de 122.000 m<sup>2<\/sup>  en el recinto ferial de Barcelona. Entre las entidades del Grupo UB que participan figuran el Parc Cient\u00edfic de Barcelona, el Centro de Innovaci\u00f3n-Fundaci\u00f3 Bosch i Gimpera (<a href=\"http:\/\/www.centreinnovacio.fbg.ub.es\" target=\"_blank\" class=\"email\" rel=\"noopener noreferrer\">CI-FBG<\/a>),  los Servicios Cient\u00edfico-T\u00e9cnicos (<a href=\"http:\/\/www.sct.ub.es\" target=\"_blank\" class=\"email\" rel=\"noopener noreferrer\">SCT-UB<\/a>), el Instituto de Investigaci\u00f3n en Nutrici\u00f3n y Seguridad Alimentaria (<a href=\"http:\/\/www.ub.edu\/insa\" target=\"_blank\" class=\"email\" rel=\"noopener noreferrer\">INSA\u00b7UB<\/a>), el Observatorio de la Alimentaci\u00f3n, el Observatorio Permanente de Complementos de la Alimentaci\u00f3n, el Observatorio de la Dieta Mediterr\u00e1nea y el Centro de Ense\u00f1anza Superior de Nutrici\u00f3n y Diet\u00e9tica, entre otros.<\/p>\n<p>  En el programa de la feria, los d\u00edas 8 y el 9 de marzo, el Centro de Innovaci\u00f3n conjuntament con la Fundaci\u00f3 Catalana per a la Recerca i la Innovaci\u00f3, el Centro de Referencia en Tecnolog\u00eda de los Alimentos de la Generalitat de Catalunya (CeRTA) y el Instituto de Investigaci\u00f3n en Nutrici\u00f3n y Seguridad Alimentaria (INSA\u00b7UB) han organizado unas conferencies y una mesa rodona en el espacio INNOVAL. En concreto, el mi\u00e9rcoles  8 a las 16h la jornada se centrar\u00e1 en salud y seguridad alimentaria, y el jueves 9, tambi\u00e9n a las 16 h, se tratar\u00e1 el tema de la gripe aviar y un estudio sobre el vino en el Antiguo Egipto. <\/p>\n","protected":false},"excerpt":{"rendered":"<p>Centros de I+D+i, observatorios, servicios y empresas spin-offs del Grupo UB estar\u00e1m presentes durante los d\u00edas 6-10 de marzo en la feria internacional <a href=\"http:\/\/www.alimentaria-bcn.com\" target=\"_blank\" class=\"email\" rel=\"noopener noreferrer\">Alimentaria&#8217;06<\/a> mostrando la investigai\u00f3n, la formaci\u00f3n, la oferta tecnol\u00f3gica, los mecanismos de transferencia de conocimiento y de tecnolog\u00eda que llevan a cabo en el \u00e1mbito de la alimentaci\u00f3n. La presencia del Grupo UB se incluye en el espacio FITEC, ubicado en el stand B-209 del Pabell\u00f3n 1 (Olivaria) de Gran Via M2.<\/p>\n","protected":false},"author":1,"featured_media":0,"comment_status":"closed","ping_status":"open","sticky":false,"template":"","format":"standard","meta":{"_acf_changed":false,"inline_featured_image":false,"footnotes":""},"categories":[9],"tags":[],"class_list":["post-38363","post","type-post","status-publish","format-standard","category-sin-categorizar"],"acf":[],"yoast_head":"<!-- This site is optimized with the Yoast SEO plugin v27.3 - https:\/\/yoast.com\/product\/yoast-seo-wordpress\/ -->\n<title>El Grupo UB, presente en el Sal\u00f3n Alimentaria&#039;06 - Parc Cient\u00edfic de Barcelona<\/title>\n<meta name=\"robots\" content=\"index, follow, max-snippet:-1, max-image-preview:large, max-video-preview:-1\" \/>\n<link rel=\"canonical\" href=\"https:\/\/www.pcb.ub.edu\/es\/el-grupo-ub-presente-en-el-salon-alimentaria06\/\" \/>\n<meta property=\"og:locale\" content=\"es_ES\" \/>\n<meta property=\"og:type\" content=\"article\" \/>\n<meta property=\"og:title\" content=\"El Grupo UB, presente en el Sal\u00f3n Alimentaria&#039;06 - Parc Cient\u00edfic de Barcelona\" \/>\n<meta property=\"og:description\" content=\"Centros de I+D+i, observatorios, servicios y empresas spin-offs del Grupo UB estar\u00e1m presentes durante los d\u00edas 6-10 de marzo en la feria internacional Alimentaria&#039;06 mostrando la investigai\u00f3n, la formaci\u00f3n, la oferta tecnol\u00f3gica, los mecanismos de transferencia de conocimiento y de tecnolog\u00eda que llevan a cabo en el \u00e1mbito de la alimentaci\u00f3n. La presencia del Grupo UB se incluye en el espacio FITEC, ubicado en el stand B-209 del Pabell\u00f3n 1 (Olivaria) de Gran Via M2.\" \/>\n<meta property=\"og:url\" content=\"https:\/\/www.pcb.ub.edu\/es\/el-grupo-ub-presente-en-el-salon-alimentaria06\/\" \/>\n<meta property=\"og:site_name\" content=\"Parc Cient\u00edfic de Barcelona\" \/>\n<meta property=\"article:published_time\" content=\"2006-03-02T23:00:00+00:00\" \/>\n<meta property=\"article:modified_time\" content=\"2020-11-16T15:19:49+00:00\" \/>\n<meta name=\"author\" content=\"adminpcb\" \/>\n<meta name=\"twitter:card\" content=\"summary_large_image\" \/>\n<meta name=\"twitter:label1\" content=\"Escrito por\" \/>\n\t<meta name=\"twitter:data1\" content=\"adminpcb\" \/>\n\t<meta name=\"twitter:label2\" content=\"Tiempo de lectura\" \/>\n\t<meta name=\"twitter:data2\" content=\"1 minuto\" \/>\n<script type=\"application\/ld+json\" class=\"yoast-schema-graph\">{\"@context\":\"https:\\\/\\\/schema.org\",\"@graph\":[{\"@type\":\"Article\",\"@id\":\"https:\\\/\\\/www.pcb.ub.edu\\\/es\\\/el-grupo-ub-presente-en-el-salon-alimentaria06\\\/#article\",\"isPartOf\":{\"@id\":\"https:\\\/\\\/www.pcb.ub.edu\\\/es\\\/el-grupo-ub-presente-en-el-salon-alimentaria06\\\/\"},\"author\":{\"name\":\"adminpcb\",\"@id\":\"https:\\\/\\\/www.pcb.ub.edu\\\/es\\\/#\\\/schema\\\/person\\\/d13cab05cd0a75b17fddca8496481021\"},\"headline\":\"El Grupo UB, presente en el Sal\u00f3n Alimentaria&#8217;06\",\"datePublished\":\"2006-03-02T23:00:00+00:00\",\"dateModified\":\"2020-11-16T15:19:49+00:00\",\"mainEntityOfPage\":{\"@id\":\"https:\\\/\\\/www.pcb.ub.edu\\\/es\\\/el-grupo-ub-presente-en-el-salon-alimentaria06\\\/\"},\"wordCount\":232,\"articleSection\":[\"Sin categorizar\"],\"inLanguage\":\"es\"},{\"@type\":\"WebPage\",\"@id\":\"https:\\\/\\\/www.pcb.ub.edu\\\/es\\\/el-grupo-ub-presente-en-el-salon-alimentaria06\\\/\",\"url\":\"https:\\\/\\\/www.pcb.ub.edu\\\/es\\\/el-grupo-ub-presente-en-el-salon-alimentaria06\\\/\",\"name\":\"El Grupo UB, presente en el Sal\u00f3n Alimentaria'06 - Parc Cient\u00edfic de Barcelona\",\"isPartOf\":{\"@id\":\"https:\\\/\\\/www.pcb.ub.edu\\\/es\\\/#website\"},\"datePublished\":\"2006-03-02T23:00:00+00:00\",\"dateModified\":\"2020-11-16T15:19:49+00:00\",\"author\":{\"@id\":\"https:\\\/\\\/www.pcb.ub.edu\\\/es\\\/#\\\/schema\\\/person\\\/d13cab05cd0a75b17fddca8496481021\"},\"breadcrumb\":{\"@id\":\"https:\\\/\\\/www.pcb.ub.edu\\\/es\\\/el-grupo-ub-presente-en-el-salon-alimentaria06\\\/#breadcrumb\"},\"inLanguage\":\"es\",\"potentialAction\":[{\"@type\":\"ReadAction\",\"target\":[\"https:\\\/\\\/www.pcb.ub.edu\\\/es\\\/el-grupo-ub-presente-en-el-salon-alimentaria06\\\/\"]}]},{\"@type\":\"BreadcrumbList\",\"@id\":\"https:\\\/\\\/www.pcb.ub.edu\\\/es\\\/el-grupo-ub-presente-en-el-salon-alimentaria06\\\/#breadcrumb\",\"itemListElement\":[{\"@type\":\"ListItem\",\"position\":1,\"name\":\"Home\",\"item\":\"https:\\\/\\\/www.pcb.ub.edu\\\/es\\\/\"},{\"@type\":\"ListItem\",\"position\":2,\"name\":\"El Grupo UB, presente en el Sal\u00f3n Alimentaria&#8217;06\"}]},{\"@type\":\"WebSite\",\"@id\":\"https:\\\/\\\/www.pcb.ub.edu\\\/es\\\/#website\",\"url\":\"https:\\\/\\\/www.pcb.ub.edu\\\/es\\\/\",\"name\":\"Parc Cient\u00edfic de Barcelona\",\"description\":\"Universitat de Barcelona\",\"potentialAction\":[{\"@type\":\"SearchAction\",\"target\":{\"@type\":\"EntryPoint\",\"urlTemplate\":\"https:\\\/\\\/www.pcb.ub.edu\\\/es\\\/?s={search_term_string}\"},\"query-input\":{\"@type\":\"PropertyValueSpecification\",\"valueRequired\":true,\"valueName\":\"search_term_string\"}}],\"inLanguage\":\"es\"},{\"@type\":\"Person\",\"@id\":\"https:\\\/\\\/www.pcb.ub.edu\\\/es\\\/#\\\/schema\\\/person\\\/d13cab05cd0a75b17fddca8496481021\",\"name\":\"adminpcb\",\"image\":{\"@type\":\"ImageObject\",\"inLanguage\":\"es\",\"@id\":\"https:\\\/\\\/secure.gravatar.com\\\/avatar\\\/41ad0fab4bb3bf5348b0af9612159cfd93173a57bbca98fecb50fa6f3ab97d28?s=96&d=mm&r=g\",\"url\":\"https:\\\/\\\/secure.gravatar.com\\\/avatar\\\/41ad0fab4bb3bf5348b0af9612159cfd93173a57bbca98fecb50fa6f3ab97d28?s=96&d=mm&r=g\",\"contentUrl\":\"https:\\\/\\\/secure.gravatar.com\\\/avatar\\\/41ad0fab4bb3bf5348b0af9612159cfd93173a57bbca98fecb50fa6f3ab97d28?s=96&d=mm&r=g\",\"caption\":\"adminpcb\"},\"url\":\"https:\\\/\\\/www.pcb.ub.edu\\\/es\\\/author\\\/adminpcb\\\/\"}]}<\/script>\n<!-- \/ Yoast SEO plugin. -->","yoast_head_json":{"title":"El Grupo UB, presente en el Sal\u00f3n Alimentaria'06 - Parc Cient\u00edfic de Barcelona","robots":{"index":"index","follow":"follow","max-snippet":"max-snippet:-1","max-image-preview":"max-image-preview:large","max-video-preview":"max-video-preview:-1"},"canonical":"https:\/\/www.pcb.ub.edu\/es\/el-grupo-ub-presente-en-el-salon-alimentaria06\/","og_locale":"es_ES","og_type":"article","og_title":"El Grupo UB, presente en el Sal\u00f3n Alimentaria'06 - Parc Cient\u00edfic de Barcelona","og_description":"Centros de I+D+i, observatorios, servicios y empresas spin-offs del Grupo UB estar\u00e1m presentes durante los d\u00edas 6-10 de marzo en la feria internacional Alimentaria'06 mostrando la investigai\u00f3n, la formaci\u00f3n, la oferta tecnol\u00f3gica, los mecanismos de transferencia de conocimiento y de tecnolog\u00eda que llevan a cabo en el \u00e1mbito de la alimentaci\u00f3n. La presencia del Grupo UB se incluye en el espacio FITEC, ubicado en el stand B-209 del Pabell\u00f3n 1 (Olivaria) de Gran Via M2.","og_url":"https:\/\/www.pcb.ub.edu\/es\/el-grupo-ub-presente-en-el-salon-alimentaria06\/","og_site_name":"Parc Cient\u00edfic de Barcelona","article_published_time":"2006-03-02T23:00:00+00:00","article_modified_time":"2020-11-16T15:19:49+00:00","author":"adminpcb","twitter_card":"summary_large_image","twitter_misc":{"Escrito por":"adminpcb","Tiempo de lectura":"1 minuto"},"schema":{"@context":"https:\/\/schema.org","@graph":[{"@type":"Article","@id":"https:\/\/www.pcb.ub.edu\/es\/el-grupo-ub-presente-en-el-salon-alimentaria06\/#article","isPartOf":{"@id":"https:\/\/www.pcb.ub.edu\/es\/el-grupo-ub-presente-en-el-salon-alimentaria06\/"},"author":{"name":"adminpcb","@id":"https:\/\/www.pcb.ub.edu\/es\/#\/schema\/person\/d13cab05cd0a75b17fddca8496481021"},"headline":"El Grupo UB, presente en el Sal\u00f3n Alimentaria&#8217;06","datePublished":"2006-03-02T23:00:00+00:00","dateModified":"2020-11-16T15:19:49+00:00","mainEntityOfPage":{"@id":"https:\/\/www.pcb.ub.edu\/es\/el-grupo-ub-presente-en-el-salon-alimentaria06\/"},"wordCount":232,"articleSection":["Sin categorizar"],"inLanguage":"es"},{"@type":"WebPage","@id":"https:\/\/www.pcb.ub.edu\/es\/el-grupo-ub-presente-en-el-salon-alimentaria06\/","url":"https:\/\/www.pcb.ub.edu\/es\/el-grupo-ub-presente-en-el-salon-alimentaria06\/","name":"El Grupo UB, presente en el Sal\u00f3n Alimentaria'06 - Parc Cient\u00edfic de Barcelona","isPartOf":{"@id":"https:\/\/www.pcb.ub.edu\/es\/#website"},"datePublished":"2006-03-02T23:00:00+00:00","dateModified":"2020-11-16T15:19:49+00:00","author":{"@id":"https:\/\/www.pcb.ub.edu\/es\/#\/schema\/person\/d13cab05cd0a75b17fddca8496481021"},"breadcrumb":{"@id":"https:\/\/www.pcb.ub.edu\/es\/el-grupo-ub-presente-en-el-salon-alimentaria06\/#breadcrumb"},"inLanguage":"es","potentialAction":[{"@type":"ReadAction","target":["https:\/\/www.pcb.ub.edu\/es\/el-grupo-ub-presente-en-el-salon-alimentaria06\/"]}]},{"@type":"BreadcrumbList","@id":"https:\/\/www.pcb.ub.edu\/es\/el-grupo-ub-presente-en-el-salon-alimentaria06\/#breadcrumb","itemListElement":[{"@type":"ListItem","position":1,"name":"Home","item":"https:\/\/www.pcb.ub.edu\/es\/"},{"@type":"ListItem","position":2,"name":"El Grupo UB, presente en el Sal\u00f3n Alimentaria&#8217;06"}]},{"@type":"WebSite","@id":"https:\/\/www.pcb.ub.edu\/es\/#website","url":"https:\/\/www.pcb.ub.edu\/es\/","name":"Parc Cient\u00edfic de Barcelona","description":"Universitat de Barcelona","potentialAction":[{"@type":"SearchAction","target":{"@type":"EntryPoint","urlTemplate":"https:\/\/www.pcb.ub.edu\/es\/?s={search_term_string}"},"query-input":{"@type":"PropertyValueSpecification","valueRequired":true,"valueName":"search_term_string"}}],"inLanguage":"es"},{"@type":"Person","@id":"https:\/\/www.pcb.ub.edu\/es\/#\/schema\/person\/d13cab05cd0a75b17fddca8496481021","name":"adminpcb","image":{"@type":"ImageObject","inLanguage":"es","@id":"https:\/\/secure.gravatar.com\/avatar\/41ad0fab4bb3bf5348b0af9612159cfd93173a57bbca98fecb50fa6f3ab97d28?s=96&d=mm&r=g","url":"https:\/\/secure.gravatar.com\/avatar\/41ad0fab4bb3bf5348b0af9612159cfd93173a57bbca98fecb50fa6f3ab97d28?s=96&d=mm&r=g","contentUrl":"https:\/\/secure.gravatar.com\/avatar\/41ad0fab4bb3bf5348b0af9612159cfd93173a57bbca98fecb50fa6f3ab97d28?s=96&d=mm&r=g","caption":"adminpcb"},"url":"https:\/\/www.pcb.ub.edu\/es\/author\/adminpcb\/"}]}},"_links":{"self":[{"href":"https:\/\/www.pcb.ub.edu\/es\/wp-json\/wp\/v2\/posts\/38363","targetHints":{"allow":["GET"]}}],"collection":[{"href":"https:\/\/www.pcb.ub.edu\/es\/wp-json\/wp\/v2\/posts"}],"about":[{"href":"https:\/\/www.pcb.ub.edu\/es\/wp-json\/wp\/v2\/types\/post"}],"author":[{"embeddable":true,"href":"https:\/\/www.pcb.ub.edu\/es\/wp-json\/wp\/v2\/users\/1"}],"replies":[{"embeddable":true,"href":"https:\/\/www.pcb.ub.edu\/es\/wp-json\/wp\/v2\/comments?post=38363"}],"version-history":[{"count":1,"href":"https:\/\/www.pcb.ub.edu\/es\/wp-json\/wp\/v2\/posts\/38363\/revisions"}],"predecessor-version":[{"id":44503,"href":"https:\/\/www.pcb.ub.edu\/es\/wp-json\/wp\/v2\/posts\/38363\/revisions\/44503"}],"wp:attachment":[{"href":"https:\/\/www.pcb.ub.edu\/es\/wp-json\/wp\/v2\/media?parent=38363"}],"wp:term":[{"taxonomy":"category","embeddable":true,"href":"https:\/\/www.pcb.ub.edu\/es\/wp-json\/wp\/v2\/categories?post=38363"},{"taxonomy":"post_tag","embeddable":true,"href":"https:\/\/www.pcb.ub.edu\/es\/wp-json\/wp\/v2\/tags?post=38363"}],"curies":[{"name":"wp","href":"https:\/\/api.w.org\/{rel}","templated":true}]}}