{"id":38326,"date":"2005-11-03T00:00:00","date_gmt":"2005-11-02T23:00:00","guid":{"rendered":"http:\/\/www.pcb.ub.edu\/\/semana-de-la-ciencia05-en-el-parc-cientific-de-barcelona\/"},"modified":"2020-11-16T16:19:41","modified_gmt":"2020-11-16T15:19:41","slug":"semana-de-la-ciencia05-en-el-parc-cientific-de-barcelona","status":"publish","type":"post","link":"https:\/\/www.pcb.ub.edu\/es\/semana-de-la-ciencia05-en-el-parc-cientific-de-barcelona\/","title":{"rendered":"Semana de la Ciencia&#8217;05 en el Parc Cient\u00edfic de Barcelona"},"content":{"rendered":"<p>\u00bb<\/p>\n<div class=\"col-sm-6 detall-noticia-imatges\">\n<div class=\"row\">\n<div class=\"item active one-image\">\n\t\t\t\t\t\t<a class=\"icon-search\" href='http:\/\/www.pcb.ub.edu\/\/wp-content\/uploads\/2020\/11\/1130947950766.jpg'><\/a><br \/>\n\t\t\t\t\t\t<img src='http:\/\/www.pcb.ub.edu\/\/wp-content\/uploads\/2020\/11\/1130947950766.jpg' \/>\n\t\t\t\t\t<\/div><\/div><\/div>\n<p>\t\t\tOrganizada por la Fundaci\u00f3 Catalana per a la Recerca i la Innovaci\u00f3 y con el apoyo  del Departamento de Universidades, Investigaci\u00f3n y Sociedad de la Informaci\u00f3n de la Generalitat de Catalunya, y de 100 instituciones y entidades del sistema catal\u00e1n de investigaci\u00f3n e innovaci\u00f3n, la SC&#8217;05 agrupa bajo el lema \u00abViu la Ci\u00e8ncia!\u00bb un total de 355 actos de difusi\u00f3n del conocimiento cient\u00edfico y tecnol\u00f3gico que se realizar\u00e1n en 65 localidades catalanas.<\/p>\n<p>  En el entorno del PCB, el martes 8 y el jueves 10 se organizar\u00e1n las jornadas de puertas abiertas \u00ab\u00bfQu\u00e9 es el Parc Cient\u00edfic de Barcelona? \u00bfQu\u00e9 significa investigar? donde, adem\u00e1s de la presentaci\u00f3n de la entidad, se explicar\u00e1 un proyecto de investigaci\u00f3n de tesis doctoral un recorrido de la mano de un estudiante. Con \u00e9l, y en forma de juego de pistas, es convida a los asistentes, principalmente estudiantes de bachillerato, a vivir en primera persona c\u00f3mo trabaja un cient\u00edfico en el PCB visitando los diferentes laboratorios y servicios donde el estudiante ha realizado el proyecto. Las jornadas se desarrollar\u00e1n en dos sesiones cada d\u00eda, a las 10h y a las 15.30h, previa reserva en el tel\u00e9fono 93 403 48 62.<\/p>\n<p>  Por su parte, el <a href=\"p1019.asp\" class=\"email\">Grupo de Or\u00edgenes Humanos Hominid <\/a> de la Universitat de Barcelona ubicado en el PCB participa con la organizaci\u00f3n de diversos talleres. El s\u00e1bado 5 de noviembre se celebrar\u00e1 en el Centro Cultural Sant Josep de L&#8217;Hospitalet de Llobregat (Av. Isabel La Cat\u00f2lica, 32) a las 11h el taller de cuentos para ni\u00f1os \u00abC\u00f3mo se crearon las estrellas, el planeta y los seres vivos? Cuentos de mitolog\u00eda Australiana\u00bb. Asimismo, el lunes 7 en El Masnou (Local de Gent del Masnou &#8211; C\/ Doctor Josep Agell, 9) y el viernes 11 en Alella (Casal de Joves Can Gaza -Av. Sant Josep de Calassan\u00e7, 23-25,1a planta), ambos a las 19h, se llevar\u00e1 a cabo la charla-taller \u00abEres \u00danico! Huellas digitales y antropolog\u00eda\u00bb. I finalmente, el jueves 10 Bey Gay ser\u00e1 el encargado de dar la conferencia \u00abLos ni\u00f1os de hielo: sacrificios de las momias incas\u00bb que tendr\u00e1 lugar tambi\u00e9n en el Centro Cultural Sant Josep de L&#8217;Hospitalet del Llobregat a las 19.30h.<\/p>\n<p>  Asimismo, el Centro de Documentaci\u00f3n de Biodiversidad Vegetal (<a href=\"p590.asp\" class=\"email\">CeDocBiV<\/a>) colabora un a\u00f1o m\u00e1s en la ya tradicional exposici\u00f3n de hongos y l\u00edquenes que se exhiben en el Edificio Hist\u00f3rico de la UB y que este a\u00f1o se podr\u00e1 visitar del 9 al 13 de noviembre. La exposici\u00f3n, organizada por los profesores de la UB Carme Barcel\u00f3 y Xavier Llimona, presentar\u00e1 m\u00e1s de 300 hongos y  l\u00edquenes frescos, catalogados seg\u00fan el nombre cient\u00edfico y el popular, y con informaci\u00f3n sobre las caracter\u00edsticas morfol\u00f3gicas i de comestibilidad.  <\/p>\n","protected":false},"excerpt":{"rendered":"<p>El Parc Cient\u00edfic de Barcelona participa un a\u00f1o m\u00e1s en la celebraci\u00f3n de la decena edici\u00f3n de la <a href=\"http:\/\/www.setmanaciencia.org\" target=\"_blank\" class=\"email\" rel=\"noopener noreferrer\">Semana de la Ciencia<\/a> (SC&#8217;05), que tendr\u00e1 lugar del 4 al 15 de noviembre en toda Catalu\u00f1a. Entre las actividades organizadas, destacan las jornadas de puertas abiertas los d\u00edas 8 y 10 noviembre, as\u00ed como otras iniciativas organizadas para grupos de investigaci\u00f3n ubicados en su  entorno.  <\/p>\n","protected":false},"author":1,"featured_media":0,"comment_status":"closed","ping_status":"open","sticky":false,"template":"","format":"standard","meta":{"_acf_changed":false,"inline_featured_image":false,"footnotes":""},"categories":[9],"tags":[],"class_list":["post-38326","post","type-post","status-publish","format-standard","category-sin-categorizar"],"acf":[],"yoast_head":"<!-- This site is optimized with the Yoast SEO plugin v27.3 - https:\/\/yoast.com\/product\/yoast-seo-wordpress\/ -->\n<title>Semana de la Ciencia&#039;05 en el Parc Cient\u00edfic de Barcelona - Parc Cient\u00edfic de Barcelona<\/title>\n<meta name=\"robots\" content=\"index, follow, max-snippet:-1, max-image-preview:large, max-video-preview:-1\" \/>\n<link rel=\"canonical\" href=\"https:\/\/www.pcb.ub.edu\/es\/semana-de-la-ciencia05-en-el-parc-cientific-de-barcelona\/\" \/>\n<meta property=\"og:locale\" content=\"es_ES\" \/>\n<meta property=\"og:type\" content=\"article\" \/>\n<meta property=\"og:title\" content=\"Semana de la Ciencia&#039;05 en el Parc Cient\u00edfic de Barcelona - Parc Cient\u00edfic de Barcelona\" \/>\n<meta property=\"og:description\" content=\"El Parc Cient\u00edfic de Barcelona participa un a\u00f1o m\u00e1s en la celebraci\u00f3n de la decena edici\u00f3n de la Semana de la Ciencia (SC&#039;05), que tendr\u00e1 lugar del 4 al 15 de noviembre en toda Catalu\u00f1a. Entre las actividades organizadas, destacan las jornadas de puertas abiertas los d\u00edas 8 y 10 noviembre, as\u00ed como otras iniciativas organizadas para grupos de investigaci\u00f3n ubicados en su entorno.\" \/>\n<meta property=\"og:url\" content=\"https:\/\/www.pcb.ub.edu\/es\/semana-de-la-ciencia05-en-el-parc-cientific-de-barcelona\/\" \/>\n<meta property=\"og:site_name\" content=\"Parc Cient\u00edfic de Barcelona\" \/>\n<meta property=\"article:published_time\" content=\"2005-11-02T23:00:00+00:00\" \/>\n<meta property=\"article:modified_time\" content=\"2020-11-16T15:19:41+00:00\" \/>\n<meta property=\"og:image\" content=\"http:\/\/www.pcb.ub.edu\/\/wp-content\/uploads\/2020\/11\/1130947950766.jpg\" \/>\n<meta name=\"author\" content=\"adminpcb\" \/>\n<meta name=\"twitter:card\" content=\"summary_large_image\" \/>\n<meta name=\"twitter:label1\" content=\"Escrito por\" \/>\n\t<meta name=\"twitter:data1\" content=\"adminpcb\" \/>\n\t<meta name=\"twitter:label2\" content=\"Tiempo de lectura\" \/>\n\t<meta name=\"twitter:data2\" content=\"2 minutos\" \/>\n<script type=\"application\/ld+json\" class=\"yoast-schema-graph\">{\"@context\":\"https:\\\/\\\/schema.org\",\"@graph\":[{\"@type\":\"Article\",\"@id\":\"https:\\\/\\\/www.pcb.ub.edu\\\/es\\\/semana-de-la-ciencia05-en-el-parc-cientific-de-barcelona\\\/#article\",\"isPartOf\":{\"@id\":\"https:\\\/\\\/www.pcb.ub.edu\\\/es\\\/semana-de-la-ciencia05-en-el-parc-cientific-de-barcelona\\\/\"},\"author\":{\"name\":\"adminpcb\",\"@id\":\"https:\\\/\\\/www.pcb.ub.edu\\\/es\\\/#\\\/schema\\\/person\\\/d13cab05cd0a75b17fddca8496481021\"},\"headline\":\"Semana de la Ciencia&#8217;05 en el Parc Cient\u00edfic de Barcelona\",\"datePublished\":\"2005-11-02T23:00:00+00:00\",\"dateModified\":\"2020-11-16T15:19:41+00:00\",\"mainEntityOfPage\":{\"@id\":\"https:\\\/\\\/www.pcb.ub.edu\\\/es\\\/semana-de-la-ciencia05-en-el-parc-cientific-de-barcelona\\\/\"},\"wordCount\":481,\"image\":{\"@id\":\"https:\\\/\\\/www.pcb.ub.edu\\\/es\\\/semana-de-la-ciencia05-en-el-parc-cientific-de-barcelona\\\/#primaryimage\"},\"thumbnailUrl\":\"http:\\\/\\\/www.pcb.ub.edu\\\/\\\/wp-content\\\/uploads\\\/2020\\\/11\\\/1130947950766.jpg\",\"articleSection\":[\"Sin categorizar\"],\"inLanguage\":\"es\"},{\"@type\":\"WebPage\",\"@id\":\"https:\\\/\\\/www.pcb.ub.edu\\\/es\\\/semana-de-la-ciencia05-en-el-parc-cientific-de-barcelona\\\/\",\"url\":\"https:\\\/\\\/www.pcb.ub.edu\\\/es\\\/semana-de-la-ciencia05-en-el-parc-cientific-de-barcelona\\\/\",\"name\":\"Semana de la Ciencia'05 en el Parc Cient\u00edfic de Barcelona - Parc Cient\u00edfic de Barcelona\",\"isPartOf\":{\"@id\":\"https:\\\/\\\/www.pcb.ub.edu\\\/es\\\/#website\"},\"primaryImageOfPage\":{\"@id\":\"https:\\\/\\\/www.pcb.ub.edu\\\/es\\\/semana-de-la-ciencia05-en-el-parc-cientific-de-barcelona\\\/#primaryimage\"},\"image\":{\"@id\":\"https:\\\/\\\/www.pcb.ub.edu\\\/es\\\/semana-de-la-ciencia05-en-el-parc-cientific-de-barcelona\\\/#primaryimage\"},\"thumbnailUrl\":\"http:\\\/\\\/www.pcb.ub.edu\\\/\\\/wp-content\\\/uploads\\\/2020\\\/11\\\/1130947950766.jpg\",\"datePublished\":\"2005-11-02T23:00:00+00:00\",\"dateModified\":\"2020-11-16T15:19:41+00:00\",\"author\":{\"@id\":\"https:\\\/\\\/www.pcb.ub.edu\\\/es\\\/#\\\/schema\\\/person\\\/d13cab05cd0a75b17fddca8496481021\"},\"breadcrumb\":{\"@id\":\"https:\\\/\\\/www.pcb.ub.edu\\\/es\\\/semana-de-la-ciencia05-en-el-parc-cientific-de-barcelona\\\/#breadcrumb\"},\"inLanguage\":\"es\",\"potentialAction\":[{\"@type\":\"ReadAction\",\"target\":[\"https:\\\/\\\/www.pcb.ub.edu\\\/es\\\/semana-de-la-ciencia05-en-el-parc-cientific-de-barcelona\\\/\"]}]},{\"@type\":\"ImageObject\",\"inLanguage\":\"es\",\"@id\":\"https:\\\/\\\/www.pcb.ub.edu\\\/es\\\/semana-de-la-ciencia05-en-el-parc-cientific-de-barcelona\\\/#primaryimage\",\"url\":\"http:\\\/\\\/www.pcb.ub.edu\\\/\\\/wp-content\\\/uploads\\\/2020\\\/11\\\/1130947950766.jpg\",\"contentUrl\":\"http:\\\/\\\/www.pcb.ub.edu\\\/\\\/wp-content\\\/uploads\\\/2020\\\/11\\\/1130947950766.jpg\"},{\"@type\":\"BreadcrumbList\",\"@id\":\"https:\\\/\\\/www.pcb.ub.edu\\\/es\\\/semana-de-la-ciencia05-en-el-parc-cientific-de-barcelona\\\/#breadcrumb\",\"itemListElement\":[{\"@type\":\"ListItem\",\"position\":1,\"name\":\"Home\",\"item\":\"https:\\\/\\\/www.pcb.ub.edu\\\/es\\\/\"},{\"@type\":\"ListItem\",\"position\":2,\"name\":\"Semana de la Ciencia&#8217;05 en el Parc Cient\u00edfic de Barcelona\"}]},{\"@type\":\"WebSite\",\"@id\":\"https:\\\/\\\/www.pcb.ub.edu\\\/es\\\/#website\",\"url\":\"https:\\\/\\\/www.pcb.ub.edu\\\/es\\\/\",\"name\":\"Parc Cient\u00edfic de Barcelona\",\"description\":\"Universitat de Barcelona\",\"potentialAction\":[{\"@type\":\"SearchAction\",\"target\":{\"@type\":\"EntryPoint\",\"urlTemplate\":\"https:\\\/\\\/www.pcb.ub.edu\\\/es\\\/?s={search_term_string}\"},\"query-input\":{\"@type\":\"PropertyValueSpecification\",\"valueRequired\":true,\"valueName\":\"search_term_string\"}}],\"inLanguage\":\"es\"},{\"@type\":\"Person\",\"@id\":\"https:\\\/\\\/www.pcb.ub.edu\\\/es\\\/#\\\/schema\\\/person\\\/d13cab05cd0a75b17fddca8496481021\",\"name\":\"adminpcb\",\"image\":{\"@type\":\"ImageObject\",\"inLanguage\":\"es\",\"@id\":\"https:\\\/\\\/secure.gravatar.com\\\/avatar\\\/41ad0fab4bb3bf5348b0af9612159cfd93173a57bbca98fecb50fa6f3ab97d28?s=96&d=mm&r=g\",\"url\":\"https:\\\/\\\/secure.gravatar.com\\\/avatar\\\/41ad0fab4bb3bf5348b0af9612159cfd93173a57bbca98fecb50fa6f3ab97d28?s=96&d=mm&r=g\",\"contentUrl\":\"https:\\\/\\\/secure.gravatar.com\\\/avatar\\\/41ad0fab4bb3bf5348b0af9612159cfd93173a57bbca98fecb50fa6f3ab97d28?s=96&d=mm&r=g\",\"caption\":\"adminpcb\"},\"url\":\"https:\\\/\\\/www.pcb.ub.edu\\\/es\\\/author\\\/adminpcb\\\/\"}]}<\/script>\n<!-- \/ Yoast SEO plugin. -->","yoast_head_json":{"title":"Semana de la Ciencia'05 en el Parc Cient\u00edfic de Barcelona - Parc Cient\u00edfic de Barcelona","robots":{"index":"index","follow":"follow","max-snippet":"max-snippet:-1","max-image-preview":"max-image-preview:large","max-video-preview":"max-video-preview:-1"},"canonical":"https:\/\/www.pcb.ub.edu\/es\/semana-de-la-ciencia05-en-el-parc-cientific-de-barcelona\/","og_locale":"es_ES","og_type":"article","og_title":"Semana de la Ciencia'05 en el Parc Cient\u00edfic de Barcelona - Parc Cient\u00edfic de Barcelona","og_description":"El Parc Cient\u00edfic de Barcelona participa un a\u00f1o m\u00e1s en la celebraci\u00f3n de la decena edici\u00f3n de la Semana de la Ciencia (SC'05), que tendr\u00e1 lugar del 4 al 15 de noviembre en toda Catalu\u00f1a. Entre las actividades organizadas, destacan las jornadas de puertas abiertas los d\u00edas 8 y 10 noviembre, as\u00ed como otras iniciativas organizadas para grupos de investigaci\u00f3n ubicados en su entorno.","og_url":"https:\/\/www.pcb.ub.edu\/es\/semana-de-la-ciencia05-en-el-parc-cientific-de-barcelona\/","og_site_name":"Parc Cient\u00edfic de Barcelona","article_published_time":"2005-11-02T23:00:00+00:00","article_modified_time":"2020-11-16T15:19:41+00:00","og_image":[{"url":"http:\/\/www.pcb.ub.edu\/\/wp-content\/uploads\/2020\/11\/1130947950766.jpg","type":"","width":"","height":""}],"author":"adminpcb","twitter_card":"summary_large_image","twitter_misc":{"Escrito por":"adminpcb","Tiempo de lectura":"2 minutos"},"schema":{"@context":"https:\/\/schema.org","@graph":[{"@type":"Article","@id":"https:\/\/www.pcb.ub.edu\/es\/semana-de-la-ciencia05-en-el-parc-cientific-de-barcelona\/#article","isPartOf":{"@id":"https:\/\/www.pcb.ub.edu\/es\/semana-de-la-ciencia05-en-el-parc-cientific-de-barcelona\/"},"author":{"name":"adminpcb","@id":"https:\/\/www.pcb.ub.edu\/es\/#\/schema\/person\/d13cab05cd0a75b17fddca8496481021"},"headline":"Semana de la Ciencia&#8217;05 en el Parc Cient\u00edfic de Barcelona","datePublished":"2005-11-02T23:00:00+00:00","dateModified":"2020-11-16T15:19:41+00:00","mainEntityOfPage":{"@id":"https:\/\/www.pcb.ub.edu\/es\/semana-de-la-ciencia05-en-el-parc-cientific-de-barcelona\/"},"wordCount":481,"image":{"@id":"https:\/\/www.pcb.ub.edu\/es\/semana-de-la-ciencia05-en-el-parc-cientific-de-barcelona\/#primaryimage"},"thumbnailUrl":"http:\/\/www.pcb.ub.edu\/\/wp-content\/uploads\/2020\/11\/1130947950766.jpg","articleSection":["Sin categorizar"],"inLanguage":"es"},{"@type":"WebPage","@id":"https:\/\/www.pcb.ub.edu\/es\/semana-de-la-ciencia05-en-el-parc-cientific-de-barcelona\/","url":"https:\/\/www.pcb.ub.edu\/es\/semana-de-la-ciencia05-en-el-parc-cientific-de-barcelona\/","name":"Semana de la Ciencia'05 en el Parc Cient\u00edfic de Barcelona - Parc Cient\u00edfic de Barcelona","isPartOf":{"@id":"https:\/\/www.pcb.ub.edu\/es\/#website"},"primaryImageOfPage":{"@id":"https:\/\/www.pcb.ub.edu\/es\/semana-de-la-ciencia05-en-el-parc-cientific-de-barcelona\/#primaryimage"},"image":{"@id":"https:\/\/www.pcb.ub.edu\/es\/semana-de-la-ciencia05-en-el-parc-cientific-de-barcelona\/#primaryimage"},"thumbnailUrl":"http:\/\/www.pcb.ub.edu\/\/wp-content\/uploads\/2020\/11\/1130947950766.jpg","datePublished":"2005-11-02T23:00:00+00:00","dateModified":"2020-11-16T15:19:41+00:00","author":{"@id":"https:\/\/www.pcb.ub.edu\/es\/#\/schema\/person\/d13cab05cd0a75b17fddca8496481021"},"breadcrumb":{"@id":"https:\/\/www.pcb.ub.edu\/es\/semana-de-la-ciencia05-en-el-parc-cientific-de-barcelona\/#breadcrumb"},"inLanguage":"es","potentialAction":[{"@type":"ReadAction","target":["https:\/\/www.pcb.ub.edu\/es\/semana-de-la-ciencia05-en-el-parc-cientific-de-barcelona\/"]}]},{"@type":"ImageObject","inLanguage":"es","@id":"https:\/\/www.pcb.ub.edu\/es\/semana-de-la-ciencia05-en-el-parc-cientific-de-barcelona\/#primaryimage","url":"http:\/\/www.pcb.ub.edu\/\/wp-content\/uploads\/2020\/11\/1130947950766.jpg","contentUrl":"http:\/\/www.pcb.ub.edu\/\/wp-content\/uploads\/2020\/11\/1130947950766.jpg"},{"@type":"BreadcrumbList","@id":"https:\/\/www.pcb.ub.edu\/es\/semana-de-la-ciencia05-en-el-parc-cientific-de-barcelona\/#breadcrumb","itemListElement":[{"@type":"ListItem","position":1,"name":"Home","item":"https:\/\/www.pcb.ub.edu\/es\/"},{"@type":"ListItem","position":2,"name":"Semana de la Ciencia&#8217;05 en el Parc Cient\u00edfic de Barcelona"}]},{"@type":"WebSite","@id":"https:\/\/www.pcb.ub.edu\/es\/#website","url":"https:\/\/www.pcb.ub.edu\/es\/","name":"Parc Cient\u00edfic de Barcelona","description":"Universitat de Barcelona","potentialAction":[{"@type":"SearchAction","target":{"@type":"EntryPoint","urlTemplate":"https:\/\/www.pcb.ub.edu\/es\/?s={search_term_string}"},"query-input":{"@type":"PropertyValueSpecification","valueRequired":true,"valueName":"search_term_string"}}],"inLanguage":"es"},{"@type":"Person","@id":"https:\/\/www.pcb.ub.edu\/es\/#\/schema\/person\/d13cab05cd0a75b17fddca8496481021","name":"adminpcb","image":{"@type":"ImageObject","inLanguage":"es","@id":"https:\/\/secure.gravatar.com\/avatar\/41ad0fab4bb3bf5348b0af9612159cfd93173a57bbca98fecb50fa6f3ab97d28?s=96&d=mm&r=g","url":"https:\/\/secure.gravatar.com\/avatar\/41ad0fab4bb3bf5348b0af9612159cfd93173a57bbca98fecb50fa6f3ab97d28?s=96&d=mm&r=g","contentUrl":"https:\/\/secure.gravatar.com\/avatar\/41ad0fab4bb3bf5348b0af9612159cfd93173a57bbca98fecb50fa6f3ab97d28?s=96&d=mm&r=g","caption":"adminpcb"},"url":"https:\/\/www.pcb.ub.edu\/es\/author\/adminpcb\/"}]}},"_links":{"self":[{"href":"https:\/\/www.pcb.ub.edu\/es\/wp-json\/wp\/v2\/posts\/38326","targetHints":{"allow":["GET"]}}],"collection":[{"href":"https:\/\/www.pcb.ub.edu\/es\/wp-json\/wp\/v2\/posts"}],"about":[{"href":"https:\/\/www.pcb.ub.edu\/es\/wp-json\/wp\/v2\/types\/post"}],"author":[{"embeddable":true,"href":"https:\/\/www.pcb.ub.edu\/es\/wp-json\/wp\/v2\/users\/1"}],"replies":[{"embeddable":true,"href":"https:\/\/www.pcb.ub.edu\/es\/wp-json\/wp\/v2\/comments?post=38326"}],"version-history":[{"count":1,"href":"https:\/\/www.pcb.ub.edu\/es\/wp-json\/wp\/v2\/posts\/38326\/revisions"}],"predecessor-version":[{"id":44472,"href":"https:\/\/www.pcb.ub.edu\/es\/wp-json\/wp\/v2\/posts\/38326\/revisions\/44472"}],"wp:attachment":[{"href":"https:\/\/www.pcb.ub.edu\/es\/wp-json\/wp\/v2\/media?parent=38326"}],"wp:term":[{"taxonomy":"category","embeddable":true,"href":"https:\/\/www.pcb.ub.edu\/es\/wp-json\/wp\/v2\/categories?post=38326"},{"taxonomy":"post_tag","embeddable":true,"href":"https:\/\/www.pcb.ub.edu\/es\/wp-json\/wp\/v2\/tags?post=38326"}],"curies":[{"name":"wp","href":"https:\/\/api.w.org\/{rel}","templated":true}]}}