{"id":38153,"date":"2014-05-27T00:00:00","date_gmt":"2014-05-26T23:00:00","guid":{"rendered":"http:\/\/www.pcb.ub.edu\/\/arranca-la-2a-edicion-de-scicloud-el-congreso-anual-de-referencia-en-ciencia-y-servicios-en-la-nube\/"},"modified":"2020-11-16T16:19:01","modified_gmt":"2020-11-16T15:19:01","slug":"arranca-la-2a-edicion-de-scicloud-el-congreso-anual-de-referencia-en-ciencia-y-servicios-en-la-nube","status":"publish","type":"post","link":"https:\/\/www.pcb.ub.edu\/es\/arranca-la-2a-edicion-de-scicloud-el-congreso-anual-de-referencia-en-ciencia-y-servicios-en-la-nube\/","title":{"rendered":"Arranca la 2\u00aa edici\u00f3n de SciCloud, el congreso anual de referencia en ciencia y servicios en la nube"},"content":{"rendered":"<p>\u00bb<\/p>\n<div class=\"col-sm-6 detall-noticia-imatges\">\n<div class=\"row\">\n<div class=\"item active one-image\">\n\t\t\t\t\t\t<a class=\"icon-search\" href='http:\/\/www.pcb.ub.edu\/\/wp-content\/uploads\/2020\/11\/1401207911261.jpg'><\/a><br \/>\n\t\t\t\t\t\t<img src='http:\/\/www.pcb.ub.edu\/\/wp-content\/uploads\/2020\/11\/1401207911261.jpg' \/>\n\t\t\t\t\t<\/div><\/div><\/div>\n<p>\t\t\tLa apertura del acto correr\u00e1 a cargo de Ana Maiques, miembro de junta de CataloniaBIO; Jes\u00fas Purroy, director t\u00e9cnico de Servicios Cient\u00edficos y Tecnol\u00f3gicos del PCB; y Alfons Nonell-Canals, fundador y director general de Mind the Byte. Clausurar\u00e1 el congreso Enric I. Canela, vicerrector de Pol\u00edtica Cient\u00edfica de la Universidad de Barcelona.  <\/p>\n<p>La tecnolog\u00eda del <i>cloud computing<\/i> representa una gran oportunidad para optimizar y acelerar la investigaci\u00f3n cient\u00edfica y est\u00e1 experimentando un fuerte crecimiento dentro de la I+D+ i. Mind the Byte ha incrementado un 25% el volumen de negocio desde 2012 en este sector.  La nube -como infraestructura- y las plataformas SaaS (<i>Software as a Service<\/i>) mejoran el acceso a los sistemas de procesamiento de datos intensivos, minimizan la inversi\u00f3n en infraestructuras y servicios cient\u00edfico-tecnol\u00f3gicos, y permiten racionalizar al m\u00e1ximo el uso de t\u00e9cnicas computacionales para adaptar los recursos a la demanda del momento. <\/p>\n<p> Pero tambi\u00e9n es cierto que la incorporaci\u00f3n de la tecnolog\u00eda <i>cloud<\/i> supone un cambio de mentalidad ya que implica procesar y\/o almacenar los datos fuera de la empresa y esto genera un c\u00famulo de preguntas sobre la privacidad, seguridad y propiedad intelectual. Por este motivo, la edici\u00f3n del SciCloud de este a\u00f1o se centrar\u00e1 en estos tres aspectos. <\/p>\n<p><b>Privacidad, seguridad y propiedad intelectual en la nube<\/b> <\/p>\n<p>  En la primera sesi\u00f3n se analizar\u00e1n las tendencias que estudia la Comisi\u00f3n Europea sobre el uso del cloud; la estrategia que ha dise\u00f1ado una empresa de la talla de Microsoft en cuestiones cr\u00edticas de seguridad en la nube; y, finalmente, los aspectos fundamentales que se deben tener en cuenta a la hora de proteger la propiedad intelectual. En esta primera parte intervendr\u00e1n: Reimund Fickert, director de Desarrollo de Negocio del Parque de Investigaci\u00f3n Biom\u00e9dica de Barcelona (PRBB); Aleida Alcaide, consejera t\u00e9cnica del Ministerio de Hacienda y Administraciones P\u00fablicas y miembro del grupo de trabajo de la European Cloud Partnership; H\u00e9ctor S\u00e1nchez, director de Tecnolog\u00eda y asesor responsable de Seguridad de Microsoft Ib\u00e8rica; y Florian Michalek, agente europeo de patentes en Bardehle Pagenberg, una de las compa\u00f1\u00edas especializadas en propiedad industrial e intelectual m\u00e1s grandes de Europa. <\/p>\n<p> En la segunda sesi\u00f3n tendr\u00e1 lugar una mesa redonda donde se presentar\u00e1n y debatir\u00e1n dos proyectos de \u00e1mbito sanitario en los que la privacidad es cr\u00edtica: La plataforma Healthbank ( (Suiza) y la Carpeta Personal de Salut (CPS)  de la Generalidad de Catalu\u00f1a. La mesa estar\u00e1 moderada por Alfonso Nonell-Canals, CEO de Mind the Byte, y participar\u00e1n Peter Kunszt, del Servicio y Soporte a la Ci\u00e8ncia IT de la Universitat de Zurich; Manel Garcia, jefe del Servicio de Seguridad del Centro de Telecomunicaciones y Tecnolog\u00edas de la Informaci\u00f3n (CTTI) del Departamento de Salut de la Generalidad de Catalu\u00f1a, y Ignasi Garcia -Mil\u00e0, gestor de proyectos europeos en la Fundaci\u00f3n TICSalut. <\/p>\n<p><b>iMols,  la primera plataforma \u2018cloud&#8217; para el descubrimiento de f\u00e1rmacos<\/b><\/p>\n<p> Durante la jornada se realuzar\u00e1 un <i>workshop<\/i> sobre <a>iMols<\/a>, una plataforma <i>cloud<\/i> especialmente desarrollada por Mind the Byte para <i>drug discovery<\/i>, que permite buscar mol\u00e9culas, predecir actividades y gestionar quimiotecas y proteotecas, entre muchas otras funcionalidades. Durante el taller, Eduardo Santamar\u00eda-Navarro, responsable de Desarrollo de Software Cient\u00edfico de Mind the Byte, explicar\u00e1 c\u00f3mo usar la herramienta y sacar el m\u00e1ximo provecho de la versi\u00f3n actual de IMols, mucho m\u00e1s segura y r\u00e1pida, y que permite, entre otras ventajas, hacer cribado y perfilados virtual de mol\u00e9culas en menos de cinco minutos.  <\/p>\n<p> <a>M\u00e1s informaci\u00f3n e inscripciones [+]<\/a> <\/p>\n","protected":false},"excerpt":{"rendered":"<p>El 19 de junio tendr\u00e1 lugar en el Auditorio del Parc Cient\u00edfic de Barcelona (PCB) la 2\u00aa edici\u00f3n de la \u00abScientific Cloud Annual Conference\u00bb (<a>SciCloud 2014<\/a>), el \u00fanico congreso anual especializado en ciencia y servicios en <i>cloud computing<\/i> de Espa\u00f1a. El foro est\u00e1 organizado por <a>Mind the Byte<\/a>, con la colaboraci\u00f3n de Microsoft, CataloniaBIO y el PCB y reunir\u00e1 a destacados expertos en cloud procedentes del mundo acad\u00e9mico, empresarial y gubernamental.<\/p>\n","protected":false},"author":1,"featured_media":0,"comment_status":"closed","ping_status":"open","sticky":false,"template":"","format":"standard","meta":{"_acf_changed":false,"inline_featured_image":false,"footnotes":""},"categories":[9],"tags":[],"class_list":["post-38153","post","type-post","status-publish","format-standard","category-sin-categorizar"],"acf":[],"yoast_head":"<!-- This site is optimized with the Yoast SEO plugin v27.3 - https:\/\/yoast.com\/product\/yoast-seo-wordpress\/ -->\n<title>Arranca la 2\u00aa edici\u00f3n de SciCloud, el congreso anual de referencia en ciencia y servicios en la nube - Parc Cient\u00edfic de Barcelona<\/title>\n<meta name=\"robots\" content=\"index, follow, max-snippet:-1, max-image-preview:large, max-video-preview:-1\" \/>\n<link rel=\"canonical\" href=\"https:\/\/www.pcb.ub.edu\/es\/arranca-la-2a-edicion-de-scicloud-el-congreso-anual-de-referencia-en-ciencia-y-servicios-en-la-nube\/\" \/>\n<meta property=\"og:locale\" content=\"es_ES\" \/>\n<meta property=\"og:type\" content=\"article\" \/>\n<meta property=\"og:title\" content=\"Arranca la 2\u00aa edici\u00f3n de SciCloud, el congreso anual de referencia en ciencia y servicios en la nube - Parc Cient\u00edfic de Barcelona\" \/>\n<meta property=\"og:description\" content=\"El 19 de junio tendr\u00e1 lugar en el Auditorio del Parc Cient\u00edfic de Barcelona (PCB) la 2\u00aa edici\u00f3n de la &quot;Scientific Cloud Annual Conference&quot; (SciCloud 2014), el \u00fanico congreso anual especializado en ciencia y servicios en cloud computing de Espa\u00f1a. El foro est\u00e1 organizado por Mind the Byte, con la colaboraci\u00f3n de Microsoft, CataloniaBIO y el PCB y reunir\u00e1 a destacados expertos en cloud procedentes del mundo acad\u00e9mico, empresarial y gubernamental.\" \/>\n<meta property=\"og:url\" content=\"https:\/\/www.pcb.ub.edu\/es\/arranca-la-2a-edicion-de-scicloud-el-congreso-anual-de-referencia-en-ciencia-y-servicios-en-la-nube\/\" \/>\n<meta property=\"og:site_name\" content=\"Parc Cient\u00edfic de Barcelona\" \/>\n<meta property=\"article:published_time\" content=\"2014-05-26T23:00:00+00:00\" \/>\n<meta property=\"article:modified_time\" content=\"2020-11-16T15:19:01+00:00\" \/>\n<meta property=\"og:image\" content=\"http:\/\/www.pcb.ub.edu\/\/wp-content\/uploads\/2020\/11\/1401207911261.jpg\" \/>\n<meta name=\"author\" content=\"adminpcb\" \/>\n<meta name=\"twitter:card\" content=\"summary_large_image\" \/>\n<meta name=\"twitter:label1\" content=\"Escrito por\" \/>\n\t<meta name=\"twitter:data1\" content=\"adminpcb\" \/>\n\t<meta name=\"twitter:label2\" content=\"Tiempo de lectura\" \/>\n\t<meta name=\"twitter:data2\" content=\"3 minutos\" \/>\n<script type=\"application\/ld+json\" class=\"yoast-schema-graph\">{\"@context\":\"https:\\\/\\\/schema.org\",\"@graph\":[{\"@type\":\"Article\",\"@id\":\"https:\\\/\\\/www.pcb.ub.edu\\\/es\\\/arranca-la-2a-edicion-de-scicloud-el-congreso-anual-de-referencia-en-ciencia-y-servicios-en-la-nube\\\/#article\",\"isPartOf\":{\"@id\":\"https:\\\/\\\/www.pcb.ub.edu\\\/es\\\/arranca-la-2a-edicion-de-scicloud-el-congreso-anual-de-referencia-en-ciencia-y-servicios-en-la-nube\\\/\"},\"author\":{\"name\":\"adminpcb\",\"@id\":\"https:\\\/\\\/www.pcb.ub.edu\\\/es\\\/#\\\/schema\\\/person\\\/d13cab05cd0a75b17fddca8496481021\"},\"headline\":\"Arranca la 2\u00aa edici\u00f3n de SciCloud, el congreso anual de referencia en ciencia y servicios en la nube\",\"datePublished\":\"2014-05-26T23:00:00+00:00\",\"dateModified\":\"2020-11-16T15:19:01+00:00\",\"mainEntityOfPage\":{\"@id\":\"https:\\\/\\\/www.pcb.ub.edu\\\/es\\\/arranca-la-2a-edicion-de-scicloud-el-congreso-anual-de-referencia-en-ciencia-y-servicios-en-la-nube\\\/\"},\"wordCount\":637,\"image\":{\"@id\":\"https:\\\/\\\/www.pcb.ub.edu\\\/es\\\/arranca-la-2a-edicion-de-scicloud-el-congreso-anual-de-referencia-en-ciencia-y-servicios-en-la-nube\\\/#primaryimage\"},\"thumbnailUrl\":\"http:\\\/\\\/www.pcb.ub.edu\\\/\\\/wp-content\\\/uploads\\\/2020\\\/11\\\/1401207911261.jpg\",\"articleSection\":[\"Sin categorizar\"],\"inLanguage\":\"es\"},{\"@type\":\"WebPage\",\"@id\":\"https:\\\/\\\/www.pcb.ub.edu\\\/es\\\/arranca-la-2a-edicion-de-scicloud-el-congreso-anual-de-referencia-en-ciencia-y-servicios-en-la-nube\\\/\",\"url\":\"https:\\\/\\\/www.pcb.ub.edu\\\/es\\\/arranca-la-2a-edicion-de-scicloud-el-congreso-anual-de-referencia-en-ciencia-y-servicios-en-la-nube\\\/\",\"name\":\"Arranca la 2\u00aa edici\u00f3n de SciCloud, el congreso anual de referencia en ciencia y servicios en la nube - Parc Cient\u00edfic de Barcelona\",\"isPartOf\":{\"@id\":\"https:\\\/\\\/www.pcb.ub.edu\\\/es\\\/#website\"},\"primaryImageOfPage\":{\"@id\":\"https:\\\/\\\/www.pcb.ub.edu\\\/es\\\/arranca-la-2a-edicion-de-scicloud-el-congreso-anual-de-referencia-en-ciencia-y-servicios-en-la-nube\\\/#primaryimage\"},\"image\":{\"@id\":\"https:\\\/\\\/www.pcb.ub.edu\\\/es\\\/arranca-la-2a-edicion-de-scicloud-el-congreso-anual-de-referencia-en-ciencia-y-servicios-en-la-nube\\\/#primaryimage\"},\"thumbnailUrl\":\"http:\\\/\\\/www.pcb.ub.edu\\\/\\\/wp-content\\\/uploads\\\/2020\\\/11\\\/1401207911261.jpg\",\"datePublished\":\"2014-05-26T23:00:00+00:00\",\"dateModified\":\"2020-11-16T15:19:01+00:00\",\"author\":{\"@id\":\"https:\\\/\\\/www.pcb.ub.edu\\\/es\\\/#\\\/schema\\\/person\\\/d13cab05cd0a75b17fddca8496481021\"},\"breadcrumb\":{\"@id\":\"https:\\\/\\\/www.pcb.ub.edu\\\/es\\\/arranca-la-2a-edicion-de-scicloud-el-congreso-anual-de-referencia-en-ciencia-y-servicios-en-la-nube\\\/#breadcrumb\"},\"inLanguage\":\"es\",\"potentialAction\":[{\"@type\":\"ReadAction\",\"target\":[\"https:\\\/\\\/www.pcb.ub.edu\\\/es\\\/arranca-la-2a-edicion-de-scicloud-el-congreso-anual-de-referencia-en-ciencia-y-servicios-en-la-nube\\\/\"]}]},{\"@type\":\"ImageObject\",\"inLanguage\":\"es\",\"@id\":\"https:\\\/\\\/www.pcb.ub.edu\\\/es\\\/arranca-la-2a-edicion-de-scicloud-el-congreso-anual-de-referencia-en-ciencia-y-servicios-en-la-nube\\\/#primaryimage\",\"url\":\"http:\\\/\\\/www.pcb.ub.edu\\\/\\\/wp-content\\\/uploads\\\/2020\\\/11\\\/1401207911261.jpg\",\"contentUrl\":\"http:\\\/\\\/www.pcb.ub.edu\\\/\\\/wp-content\\\/uploads\\\/2020\\\/11\\\/1401207911261.jpg\"},{\"@type\":\"BreadcrumbList\",\"@id\":\"https:\\\/\\\/www.pcb.ub.edu\\\/es\\\/arranca-la-2a-edicion-de-scicloud-el-congreso-anual-de-referencia-en-ciencia-y-servicios-en-la-nube\\\/#breadcrumb\",\"itemListElement\":[{\"@type\":\"ListItem\",\"position\":1,\"name\":\"Home\",\"item\":\"https:\\\/\\\/www.pcb.ub.edu\\\/es\\\/\"},{\"@type\":\"ListItem\",\"position\":2,\"name\":\"Arranca la 2\u00aa edici\u00f3n de SciCloud, el congreso anual de referencia en ciencia y servicios en la nube\"}]},{\"@type\":\"WebSite\",\"@id\":\"https:\\\/\\\/www.pcb.ub.edu\\\/es\\\/#website\",\"url\":\"https:\\\/\\\/www.pcb.ub.edu\\\/es\\\/\",\"name\":\"Parc Cient\u00edfic de Barcelona\",\"description\":\"Universitat de Barcelona\",\"potentialAction\":[{\"@type\":\"SearchAction\",\"target\":{\"@type\":\"EntryPoint\",\"urlTemplate\":\"https:\\\/\\\/www.pcb.ub.edu\\\/es\\\/?s={search_term_string}\"},\"query-input\":{\"@type\":\"PropertyValueSpecification\",\"valueRequired\":true,\"valueName\":\"search_term_string\"}}],\"inLanguage\":\"es\"},{\"@type\":\"Person\",\"@id\":\"https:\\\/\\\/www.pcb.ub.edu\\\/es\\\/#\\\/schema\\\/person\\\/d13cab05cd0a75b17fddca8496481021\",\"name\":\"adminpcb\",\"image\":{\"@type\":\"ImageObject\",\"inLanguage\":\"es\",\"@id\":\"https:\\\/\\\/secure.gravatar.com\\\/avatar\\\/41ad0fab4bb3bf5348b0af9612159cfd93173a57bbca98fecb50fa6f3ab97d28?s=96&d=mm&r=g\",\"url\":\"https:\\\/\\\/secure.gravatar.com\\\/avatar\\\/41ad0fab4bb3bf5348b0af9612159cfd93173a57bbca98fecb50fa6f3ab97d28?s=96&d=mm&r=g\",\"contentUrl\":\"https:\\\/\\\/secure.gravatar.com\\\/avatar\\\/41ad0fab4bb3bf5348b0af9612159cfd93173a57bbca98fecb50fa6f3ab97d28?s=96&d=mm&r=g\",\"caption\":\"adminpcb\"},\"url\":\"https:\\\/\\\/www.pcb.ub.edu\\\/es\\\/author\\\/adminpcb\\\/\"}]}<\/script>\n<!-- \/ Yoast SEO plugin. -->","yoast_head_json":{"title":"Arranca la 2\u00aa edici\u00f3n de SciCloud, el congreso anual de referencia en ciencia y servicios en la nube - Parc Cient\u00edfic de Barcelona","robots":{"index":"index","follow":"follow","max-snippet":"max-snippet:-1","max-image-preview":"max-image-preview:large","max-video-preview":"max-video-preview:-1"},"canonical":"https:\/\/www.pcb.ub.edu\/es\/arranca-la-2a-edicion-de-scicloud-el-congreso-anual-de-referencia-en-ciencia-y-servicios-en-la-nube\/","og_locale":"es_ES","og_type":"article","og_title":"Arranca la 2\u00aa edici\u00f3n de SciCloud, el congreso anual de referencia en ciencia y servicios en la nube - Parc Cient\u00edfic de Barcelona","og_description":"El 19 de junio tendr\u00e1 lugar en el Auditorio del Parc Cient\u00edfic de Barcelona (PCB) la 2\u00aa edici\u00f3n de la \"Scientific Cloud Annual Conference\" (SciCloud 2014), el \u00fanico congreso anual especializado en ciencia y servicios en cloud computing de Espa\u00f1a. El foro est\u00e1 organizado por Mind the Byte, con la colaboraci\u00f3n de Microsoft, CataloniaBIO y el PCB y reunir\u00e1 a destacados expertos en cloud procedentes del mundo acad\u00e9mico, empresarial y gubernamental.","og_url":"https:\/\/www.pcb.ub.edu\/es\/arranca-la-2a-edicion-de-scicloud-el-congreso-anual-de-referencia-en-ciencia-y-servicios-en-la-nube\/","og_site_name":"Parc Cient\u00edfic de Barcelona","article_published_time":"2014-05-26T23:00:00+00:00","article_modified_time":"2020-11-16T15:19:01+00:00","og_image":[{"url":"http:\/\/www.pcb.ub.edu\/\/wp-content\/uploads\/2020\/11\/1401207911261.jpg","type":"","width":"","height":""}],"author":"adminpcb","twitter_card":"summary_large_image","twitter_misc":{"Escrito por":"adminpcb","Tiempo de lectura":"3 minutos"},"schema":{"@context":"https:\/\/schema.org","@graph":[{"@type":"Article","@id":"https:\/\/www.pcb.ub.edu\/es\/arranca-la-2a-edicion-de-scicloud-el-congreso-anual-de-referencia-en-ciencia-y-servicios-en-la-nube\/#article","isPartOf":{"@id":"https:\/\/www.pcb.ub.edu\/es\/arranca-la-2a-edicion-de-scicloud-el-congreso-anual-de-referencia-en-ciencia-y-servicios-en-la-nube\/"},"author":{"name":"adminpcb","@id":"https:\/\/www.pcb.ub.edu\/es\/#\/schema\/person\/d13cab05cd0a75b17fddca8496481021"},"headline":"Arranca la 2\u00aa edici\u00f3n de SciCloud, el congreso anual de referencia en ciencia y servicios en la nube","datePublished":"2014-05-26T23:00:00+00:00","dateModified":"2020-11-16T15:19:01+00:00","mainEntityOfPage":{"@id":"https:\/\/www.pcb.ub.edu\/es\/arranca-la-2a-edicion-de-scicloud-el-congreso-anual-de-referencia-en-ciencia-y-servicios-en-la-nube\/"},"wordCount":637,"image":{"@id":"https:\/\/www.pcb.ub.edu\/es\/arranca-la-2a-edicion-de-scicloud-el-congreso-anual-de-referencia-en-ciencia-y-servicios-en-la-nube\/#primaryimage"},"thumbnailUrl":"http:\/\/www.pcb.ub.edu\/\/wp-content\/uploads\/2020\/11\/1401207911261.jpg","articleSection":["Sin categorizar"],"inLanguage":"es"},{"@type":"WebPage","@id":"https:\/\/www.pcb.ub.edu\/es\/arranca-la-2a-edicion-de-scicloud-el-congreso-anual-de-referencia-en-ciencia-y-servicios-en-la-nube\/","url":"https:\/\/www.pcb.ub.edu\/es\/arranca-la-2a-edicion-de-scicloud-el-congreso-anual-de-referencia-en-ciencia-y-servicios-en-la-nube\/","name":"Arranca la 2\u00aa edici\u00f3n de SciCloud, el congreso anual de referencia en ciencia y servicios en la nube - Parc Cient\u00edfic de Barcelona","isPartOf":{"@id":"https:\/\/www.pcb.ub.edu\/es\/#website"},"primaryImageOfPage":{"@id":"https:\/\/www.pcb.ub.edu\/es\/arranca-la-2a-edicion-de-scicloud-el-congreso-anual-de-referencia-en-ciencia-y-servicios-en-la-nube\/#primaryimage"},"image":{"@id":"https:\/\/www.pcb.ub.edu\/es\/arranca-la-2a-edicion-de-scicloud-el-congreso-anual-de-referencia-en-ciencia-y-servicios-en-la-nube\/#primaryimage"},"thumbnailUrl":"http:\/\/www.pcb.ub.edu\/\/wp-content\/uploads\/2020\/11\/1401207911261.jpg","datePublished":"2014-05-26T23:00:00+00:00","dateModified":"2020-11-16T15:19:01+00:00","author":{"@id":"https:\/\/www.pcb.ub.edu\/es\/#\/schema\/person\/d13cab05cd0a75b17fddca8496481021"},"breadcrumb":{"@id":"https:\/\/www.pcb.ub.edu\/es\/arranca-la-2a-edicion-de-scicloud-el-congreso-anual-de-referencia-en-ciencia-y-servicios-en-la-nube\/#breadcrumb"},"inLanguage":"es","potentialAction":[{"@type":"ReadAction","target":["https:\/\/www.pcb.ub.edu\/es\/arranca-la-2a-edicion-de-scicloud-el-congreso-anual-de-referencia-en-ciencia-y-servicios-en-la-nube\/"]}]},{"@type":"ImageObject","inLanguage":"es","@id":"https:\/\/www.pcb.ub.edu\/es\/arranca-la-2a-edicion-de-scicloud-el-congreso-anual-de-referencia-en-ciencia-y-servicios-en-la-nube\/#primaryimage","url":"http:\/\/www.pcb.ub.edu\/\/wp-content\/uploads\/2020\/11\/1401207911261.jpg","contentUrl":"http:\/\/www.pcb.ub.edu\/\/wp-content\/uploads\/2020\/11\/1401207911261.jpg"},{"@type":"BreadcrumbList","@id":"https:\/\/www.pcb.ub.edu\/es\/arranca-la-2a-edicion-de-scicloud-el-congreso-anual-de-referencia-en-ciencia-y-servicios-en-la-nube\/#breadcrumb","itemListElement":[{"@type":"ListItem","position":1,"name":"Home","item":"https:\/\/www.pcb.ub.edu\/es\/"},{"@type":"ListItem","position":2,"name":"Arranca la 2\u00aa edici\u00f3n de SciCloud, el congreso anual de referencia en ciencia y servicios en la nube"}]},{"@type":"WebSite","@id":"https:\/\/www.pcb.ub.edu\/es\/#website","url":"https:\/\/www.pcb.ub.edu\/es\/","name":"Parc Cient\u00edfic de Barcelona","description":"Universitat de Barcelona","potentialAction":[{"@type":"SearchAction","target":{"@type":"EntryPoint","urlTemplate":"https:\/\/www.pcb.ub.edu\/es\/?s={search_term_string}"},"query-input":{"@type":"PropertyValueSpecification","valueRequired":true,"valueName":"search_term_string"}}],"inLanguage":"es"},{"@type":"Person","@id":"https:\/\/www.pcb.ub.edu\/es\/#\/schema\/person\/d13cab05cd0a75b17fddca8496481021","name":"adminpcb","image":{"@type":"ImageObject","inLanguage":"es","@id":"https:\/\/secure.gravatar.com\/avatar\/41ad0fab4bb3bf5348b0af9612159cfd93173a57bbca98fecb50fa6f3ab97d28?s=96&d=mm&r=g","url":"https:\/\/secure.gravatar.com\/avatar\/41ad0fab4bb3bf5348b0af9612159cfd93173a57bbca98fecb50fa6f3ab97d28?s=96&d=mm&r=g","contentUrl":"https:\/\/secure.gravatar.com\/avatar\/41ad0fab4bb3bf5348b0af9612159cfd93173a57bbca98fecb50fa6f3ab97d28?s=96&d=mm&r=g","caption":"adminpcb"},"url":"https:\/\/www.pcb.ub.edu\/es\/author\/adminpcb\/"}]}},"_links":{"self":[{"href":"https:\/\/www.pcb.ub.edu\/es\/wp-json\/wp\/v2\/posts\/38153","targetHints":{"allow":["GET"]}}],"collection":[{"href":"https:\/\/www.pcb.ub.edu\/es\/wp-json\/wp\/v2\/posts"}],"about":[{"href":"https:\/\/www.pcb.ub.edu\/es\/wp-json\/wp\/v2\/types\/post"}],"author":[{"embeddable":true,"href":"https:\/\/www.pcb.ub.edu\/es\/wp-json\/wp\/v2\/users\/1"}],"replies":[{"embeddable":true,"href":"https:\/\/www.pcb.ub.edu\/es\/wp-json\/wp\/v2\/comments?post=38153"}],"version-history":[{"count":1,"href":"https:\/\/www.pcb.ub.edu\/es\/wp-json\/wp\/v2\/posts\/38153\/revisions"}],"predecessor-version":[{"id":44313,"href":"https:\/\/www.pcb.ub.edu\/es\/wp-json\/wp\/v2\/posts\/38153\/revisions\/44313"}],"wp:attachment":[{"href":"https:\/\/www.pcb.ub.edu\/es\/wp-json\/wp\/v2\/media?parent=38153"}],"wp:term":[{"taxonomy":"category","embeddable":true,"href":"https:\/\/www.pcb.ub.edu\/es\/wp-json\/wp\/v2\/categories?post=38153"},{"taxonomy":"post_tag","embeddable":true,"href":"https:\/\/www.pcb.ub.edu\/es\/wp-json\/wp\/v2\/tags?post=38153"}],"curies":[{"name":"wp","href":"https:\/\/api.w.org\/{rel}","templated":true}]}}