{"id":38145,"date":"2004-12-22T00:00:00","date_gmt":"2004-12-21T23:00:00","guid":{"rendered":"http:\/\/www.pcb.ub.edu\/\/el-investigador-icrea-lluis-ribas-publica-un-libro-sobre-el-origen-de-la-vida\/"},"modified":"2020-11-16T16:19:00","modified_gmt":"2020-11-16T15:19:00","slug":"el-investigador-icrea-lluis-ribas-publica-un-libro-sobre-el-origen-de-la-vida","status":"publish","type":"post","link":"https:\/\/www.pcb.ub.edu\/es\/el-investigador-icrea-lluis-ribas-publica-un-libro-sobre-el-origen-de-la-vida\/","title":{"rendered":"El investigador ICREA Llu\u00eds Ribas publica un libro sobre el origen de la vida"},"content":{"rendered":"<p>Definir el momento concreto o la reacci\u00f3n precisa que delimit\u00f3 la \u00abfrontera\u00bb entre un planeta \u00absin\u00bb y \u00abcon\u00bb vida, quiz\u00e1s nunca llegar\u00e1 a ser posible. Sin embargo, varias disciplinas cient\u00edficas estudian esta transici\u00f3n. Cu\u00e1les fueron las primeras reacciones bioqu\u00edmicas que se produjeron? Una vez formada la vida, c\u00f3mo fue evolucionando hasta crear el actual c\u00f3digo gen\u00e9tico?  Qu\u00e9 podemos aprender sobre el origen de la vida estudiando los componentes modernos del c\u00f3digo gen\u00e9tico universal?<\/p>\n<p>  Estas son algunas de las cuestiones que cubre el libro que publica el investigador ICREA del Parc Cient\u00edfic de Barcelona Llu\u00eds Ribas. El libro es un recopilaci\u00f3n de art\u00edculos sobre los diferentes procesos que constituyen el c\u00f3digo gen\u00e9tico, organizados cronol\u00f3gicamente. Los primeros art\u00edculos est\u00e1n dedicados al origen de la vida, la aparici\u00f3n de las primeras c\u00e9lulas, y la hip\u00f3tesis de un mundo de RNA. Esta introducci\u00f3n va seguida por cap\u00edtulos dedicados a la bioqu\u00edmica y la evoluci\u00f3n de cada uno de los componentes centrales del c\u00f3digo gen\u00e9tico. As\u00ed, el libro, que ha sido editado por  <a href=\"http:\/\/www.springeronline.com\" target=\"_blank\" class=\"email\" rel=\"noopener noreferrer\">Springer <\/a>, tiene como objetivo ofrecer al lector una visi\u00f3n general, pero a la vez detallada, de la compleja biolog\u00eda del proceso de s\u00edntesis de prote\u00ednas. <\/p>\n<p>  Con el t\u00edtulo \u00abThe Genetic Code and The Origin of Life\u00bb, el libro ha contado con aportaciones de una treintena de investigadores,  entre los que destacan Alexander Rich, del Instituto Tecnol\u00f3gico de Massachusetts, Patrick Forterre de la Universidad de Paris-Sud,  David Liu, de la Universidad de Harvard, o Michael Yarus, de la Universidad de Colorado.<\/p>\n<p>  Llu\u00eds Ribas es el investigador principal del <a href=\"http:\/\/www.pcb.ub.es\/homePCB\/live\/es\/p1493.asp\" class=\"email\">Laboratorio de la Traducci\u00f3n Gen\u00e9tica <\/a> del Instituto de Investigaci\u00f3n Biom\u00e9dica del Parc Cient\u00edfic de Barcelona (IRB-PCB), que centra su investigaci\u00f3n en el estudio de los mecanismos de s\u00edntesis proteica de los organismos causantes de  la malaria (Plasmodium falciparum), la enfermedad de Chagas (Trypanosoma cruzi), y la meningitis infantil (Streptococcus pneumoniae). Estos mecanismos son una importante diana farmacol\u00f3gica, el bloqueo de los cuales podr\u00eda ser la base de nuevas terapias para las enfermedades causadas por los organismos mencionados.   <\/p>\n","protected":false},"excerpt":{"rendered":"<p>Nos trasladamos tres mil ocho cientos millones de a\u00f1os atr\u00e1s. En el planeta no hay vida, peo algunos sistemas moleculares van ganando complejidad hasta dar lugar a los primeros sistemas vivos. <\/p>\n","protected":false},"author":1,"featured_media":0,"comment_status":"closed","ping_status":"open","sticky":false,"template":"","format":"standard","meta":{"_acf_changed":false,"inline_featured_image":false,"footnotes":""},"categories":[9],"tags":[],"class_list":["post-38145","post","type-post","status-publish","format-standard","category-sin-categorizar"],"acf":[],"yoast_head":"<!-- This site is optimized with the Yoast SEO plugin v27.3 - https:\/\/yoast.com\/product\/yoast-seo-wordpress\/ -->\n<title>El investigador ICREA Llu\u00eds Ribas publica un libro sobre el origen de la vida - Parc Cient\u00edfic de Barcelona<\/title>\n<meta name=\"robots\" content=\"index, follow, max-snippet:-1, max-image-preview:large, max-video-preview:-1\" \/>\n<link rel=\"canonical\" href=\"https:\/\/www.pcb.ub.edu\/es\/el-investigador-icrea-lluis-ribas-publica-un-libro-sobre-el-origen-de-la-vida\/\" \/>\n<meta property=\"og:locale\" content=\"es_ES\" \/>\n<meta property=\"og:type\" content=\"article\" \/>\n<meta property=\"og:title\" content=\"El investigador ICREA Llu\u00eds Ribas publica un libro sobre el origen de la vida - Parc Cient\u00edfic de Barcelona\" \/>\n<meta property=\"og:description\" content=\"Nos trasladamos tres mil ocho cientos millones de a\u00f1os atr\u00e1s. En el planeta no hay vida, peo algunos sistemas moleculares van ganando complejidad hasta dar lugar a los primeros sistemas vivos.\" \/>\n<meta property=\"og:url\" content=\"https:\/\/www.pcb.ub.edu\/es\/el-investigador-icrea-lluis-ribas-publica-un-libro-sobre-el-origen-de-la-vida\/\" \/>\n<meta property=\"og:site_name\" content=\"Parc Cient\u00edfic de Barcelona\" \/>\n<meta property=\"article:published_time\" content=\"2004-12-21T23:00:00+00:00\" \/>\n<meta property=\"article:modified_time\" content=\"2020-11-16T15:19:00+00:00\" \/>\n<meta name=\"author\" content=\"adminpcb\" \/>\n<meta name=\"twitter:card\" content=\"summary_large_image\" \/>\n<meta name=\"twitter:label1\" content=\"Escrito por\" \/>\n\t<meta name=\"twitter:data1\" content=\"adminpcb\" \/>\n\t<meta name=\"twitter:label2\" content=\"Tiempo de lectura\" \/>\n\t<meta name=\"twitter:data2\" content=\"2 minutos\" \/>\n<script type=\"application\/ld+json\" class=\"yoast-schema-graph\">{\"@context\":\"https:\\\/\\\/schema.org\",\"@graph\":[{\"@type\":\"Article\",\"@id\":\"https:\\\/\\\/www.pcb.ub.edu\\\/es\\\/el-investigador-icrea-lluis-ribas-publica-un-libro-sobre-el-origen-de-la-vida\\\/#article\",\"isPartOf\":{\"@id\":\"https:\\\/\\\/www.pcb.ub.edu\\\/es\\\/el-investigador-icrea-lluis-ribas-publica-un-libro-sobre-el-origen-de-la-vida\\\/\"},\"author\":{\"name\":\"adminpcb\",\"@id\":\"https:\\\/\\\/www.pcb.ub.edu\\\/es\\\/#\\\/schema\\\/person\\\/d13cab05cd0a75b17fddca8496481021\"},\"headline\":\"El investigador ICREA Llu\u00eds Ribas publica un libro sobre el origen de la vida\",\"datePublished\":\"2004-12-21T23:00:00+00:00\",\"dateModified\":\"2020-11-16T15:19:00+00:00\",\"mainEntityOfPage\":{\"@id\":\"https:\\\/\\\/www.pcb.ub.edu\\\/es\\\/el-investigador-icrea-lluis-ribas-publica-un-libro-sobre-el-origen-de-la-vida\\\/\"},\"wordCount\":392,\"articleSection\":[\"Sin categorizar\"],\"inLanguage\":\"es\"},{\"@type\":\"WebPage\",\"@id\":\"https:\\\/\\\/www.pcb.ub.edu\\\/es\\\/el-investigador-icrea-lluis-ribas-publica-un-libro-sobre-el-origen-de-la-vida\\\/\",\"url\":\"https:\\\/\\\/www.pcb.ub.edu\\\/es\\\/el-investigador-icrea-lluis-ribas-publica-un-libro-sobre-el-origen-de-la-vida\\\/\",\"name\":\"El investigador ICREA Llu\u00eds Ribas publica un libro sobre el origen de la vida - Parc Cient\u00edfic de Barcelona\",\"isPartOf\":{\"@id\":\"https:\\\/\\\/www.pcb.ub.edu\\\/es\\\/#website\"},\"datePublished\":\"2004-12-21T23:00:00+00:00\",\"dateModified\":\"2020-11-16T15:19:00+00:00\",\"author\":{\"@id\":\"https:\\\/\\\/www.pcb.ub.edu\\\/es\\\/#\\\/schema\\\/person\\\/d13cab05cd0a75b17fddca8496481021\"},\"breadcrumb\":{\"@id\":\"https:\\\/\\\/www.pcb.ub.edu\\\/es\\\/el-investigador-icrea-lluis-ribas-publica-un-libro-sobre-el-origen-de-la-vida\\\/#breadcrumb\"},\"inLanguage\":\"es\",\"potentialAction\":[{\"@type\":\"ReadAction\",\"target\":[\"https:\\\/\\\/www.pcb.ub.edu\\\/es\\\/el-investigador-icrea-lluis-ribas-publica-un-libro-sobre-el-origen-de-la-vida\\\/\"]}]},{\"@type\":\"BreadcrumbList\",\"@id\":\"https:\\\/\\\/www.pcb.ub.edu\\\/es\\\/el-investigador-icrea-lluis-ribas-publica-un-libro-sobre-el-origen-de-la-vida\\\/#breadcrumb\",\"itemListElement\":[{\"@type\":\"ListItem\",\"position\":1,\"name\":\"Home\",\"item\":\"https:\\\/\\\/www.pcb.ub.edu\\\/es\\\/\"},{\"@type\":\"ListItem\",\"position\":2,\"name\":\"El investigador ICREA Llu\u00eds Ribas publica un libro sobre el origen de la vida\"}]},{\"@type\":\"WebSite\",\"@id\":\"https:\\\/\\\/www.pcb.ub.edu\\\/es\\\/#website\",\"url\":\"https:\\\/\\\/www.pcb.ub.edu\\\/es\\\/\",\"name\":\"Parc Cient\u00edfic de Barcelona\",\"description\":\"Universitat de Barcelona\",\"potentialAction\":[{\"@type\":\"SearchAction\",\"target\":{\"@type\":\"EntryPoint\",\"urlTemplate\":\"https:\\\/\\\/www.pcb.ub.edu\\\/es\\\/?s={search_term_string}\"},\"query-input\":{\"@type\":\"PropertyValueSpecification\",\"valueRequired\":true,\"valueName\":\"search_term_string\"}}],\"inLanguage\":\"es\"},{\"@type\":\"Person\",\"@id\":\"https:\\\/\\\/www.pcb.ub.edu\\\/es\\\/#\\\/schema\\\/person\\\/d13cab05cd0a75b17fddca8496481021\",\"name\":\"adminpcb\",\"image\":{\"@type\":\"ImageObject\",\"inLanguage\":\"es\",\"@id\":\"https:\\\/\\\/secure.gravatar.com\\\/avatar\\\/41ad0fab4bb3bf5348b0af9612159cfd93173a57bbca98fecb50fa6f3ab97d28?s=96&d=mm&r=g\",\"url\":\"https:\\\/\\\/secure.gravatar.com\\\/avatar\\\/41ad0fab4bb3bf5348b0af9612159cfd93173a57bbca98fecb50fa6f3ab97d28?s=96&d=mm&r=g\",\"contentUrl\":\"https:\\\/\\\/secure.gravatar.com\\\/avatar\\\/41ad0fab4bb3bf5348b0af9612159cfd93173a57bbca98fecb50fa6f3ab97d28?s=96&d=mm&r=g\",\"caption\":\"adminpcb\"},\"url\":\"https:\\\/\\\/www.pcb.ub.edu\\\/es\\\/author\\\/adminpcb\\\/\"}]}<\/script>\n<!-- \/ Yoast SEO plugin. -->","yoast_head_json":{"title":"El investigador ICREA Llu\u00eds Ribas publica un libro sobre el origen de la vida - Parc Cient\u00edfic de Barcelona","robots":{"index":"index","follow":"follow","max-snippet":"max-snippet:-1","max-image-preview":"max-image-preview:large","max-video-preview":"max-video-preview:-1"},"canonical":"https:\/\/www.pcb.ub.edu\/es\/el-investigador-icrea-lluis-ribas-publica-un-libro-sobre-el-origen-de-la-vida\/","og_locale":"es_ES","og_type":"article","og_title":"El investigador ICREA Llu\u00eds Ribas publica un libro sobre el origen de la vida - Parc Cient\u00edfic de Barcelona","og_description":"Nos trasladamos tres mil ocho cientos millones de a\u00f1os atr\u00e1s. En el planeta no hay vida, peo algunos sistemas moleculares van ganando complejidad hasta dar lugar a los primeros sistemas vivos.","og_url":"https:\/\/www.pcb.ub.edu\/es\/el-investigador-icrea-lluis-ribas-publica-un-libro-sobre-el-origen-de-la-vida\/","og_site_name":"Parc Cient\u00edfic de Barcelona","article_published_time":"2004-12-21T23:00:00+00:00","article_modified_time":"2020-11-16T15:19:00+00:00","author":"adminpcb","twitter_card":"summary_large_image","twitter_misc":{"Escrito por":"adminpcb","Tiempo de lectura":"2 minutos"},"schema":{"@context":"https:\/\/schema.org","@graph":[{"@type":"Article","@id":"https:\/\/www.pcb.ub.edu\/es\/el-investigador-icrea-lluis-ribas-publica-un-libro-sobre-el-origen-de-la-vida\/#article","isPartOf":{"@id":"https:\/\/www.pcb.ub.edu\/es\/el-investigador-icrea-lluis-ribas-publica-un-libro-sobre-el-origen-de-la-vida\/"},"author":{"name":"adminpcb","@id":"https:\/\/www.pcb.ub.edu\/es\/#\/schema\/person\/d13cab05cd0a75b17fddca8496481021"},"headline":"El investigador ICREA Llu\u00eds Ribas publica un libro sobre el origen de la vida","datePublished":"2004-12-21T23:00:00+00:00","dateModified":"2020-11-16T15:19:00+00:00","mainEntityOfPage":{"@id":"https:\/\/www.pcb.ub.edu\/es\/el-investigador-icrea-lluis-ribas-publica-un-libro-sobre-el-origen-de-la-vida\/"},"wordCount":392,"articleSection":["Sin categorizar"],"inLanguage":"es"},{"@type":"WebPage","@id":"https:\/\/www.pcb.ub.edu\/es\/el-investigador-icrea-lluis-ribas-publica-un-libro-sobre-el-origen-de-la-vida\/","url":"https:\/\/www.pcb.ub.edu\/es\/el-investigador-icrea-lluis-ribas-publica-un-libro-sobre-el-origen-de-la-vida\/","name":"El investigador ICREA Llu\u00eds Ribas publica un libro sobre el origen de la vida - Parc Cient\u00edfic de Barcelona","isPartOf":{"@id":"https:\/\/www.pcb.ub.edu\/es\/#website"},"datePublished":"2004-12-21T23:00:00+00:00","dateModified":"2020-11-16T15:19:00+00:00","author":{"@id":"https:\/\/www.pcb.ub.edu\/es\/#\/schema\/person\/d13cab05cd0a75b17fddca8496481021"},"breadcrumb":{"@id":"https:\/\/www.pcb.ub.edu\/es\/el-investigador-icrea-lluis-ribas-publica-un-libro-sobre-el-origen-de-la-vida\/#breadcrumb"},"inLanguage":"es","potentialAction":[{"@type":"ReadAction","target":["https:\/\/www.pcb.ub.edu\/es\/el-investigador-icrea-lluis-ribas-publica-un-libro-sobre-el-origen-de-la-vida\/"]}]},{"@type":"BreadcrumbList","@id":"https:\/\/www.pcb.ub.edu\/es\/el-investigador-icrea-lluis-ribas-publica-un-libro-sobre-el-origen-de-la-vida\/#breadcrumb","itemListElement":[{"@type":"ListItem","position":1,"name":"Home","item":"https:\/\/www.pcb.ub.edu\/es\/"},{"@type":"ListItem","position":2,"name":"El investigador ICREA Llu\u00eds Ribas publica un libro sobre el origen de la vida"}]},{"@type":"WebSite","@id":"https:\/\/www.pcb.ub.edu\/es\/#website","url":"https:\/\/www.pcb.ub.edu\/es\/","name":"Parc Cient\u00edfic de Barcelona","description":"Universitat de Barcelona","potentialAction":[{"@type":"SearchAction","target":{"@type":"EntryPoint","urlTemplate":"https:\/\/www.pcb.ub.edu\/es\/?s={search_term_string}"},"query-input":{"@type":"PropertyValueSpecification","valueRequired":true,"valueName":"search_term_string"}}],"inLanguage":"es"},{"@type":"Person","@id":"https:\/\/www.pcb.ub.edu\/es\/#\/schema\/person\/d13cab05cd0a75b17fddca8496481021","name":"adminpcb","image":{"@type":"ImageObject","inLanguage":"es","@id":"https:\/\/secure.gravatar.com\/avatar\/41ad0fab4bb3bf5348b0af9612159cfd93173a57bbca98fecb50fa6f3ab97d28?s=96&d=mm&r=g","url":"https:\/\/secure.gravatar.com\/avatar\/41ad0fab4bb3bf5348b0af9612159cfd93173a57bbca98fecb50fa6f3ab97d28?s=96&d=mm&r=g","contentUrl":"https:\/\/secure.gravatar.com\/avatar\/41ad0fab4bb3bf5348b0af9612159cfd93173a57bbca98fecb50fa6f3ab97d28?s=96&d=mm&r=g","caption":"adminpcb"},"url":"https:\/\/www.pcb.ub.edu\/es\/author\/adminpcb\/"}]}},"_links":{"self":[{"href":"https:\/\/www.pcb.ub.edu\/es\/wp-json\/wp\/v2\/posts\/38145","targetHints":{"allow":["GET"]}}],"collection":[{"href":"https:\/\/www.pcb.ub.edu\/es\/wp-json\/wp\/v2\/posts"}],"about":[{"href":"https:\/\/www.pcb.ub.edu\/es\/wp-json\/wp\/v2\/types\/post"}],"author":[{"embeddable":true,"href":"https:\/\/www.pcb.ub.edu\/es\/wp-json\/wp\/v2\/users\/1"}],"replies":[{"embeddable":true,"href":"https:\/\/www.pcb.ub.edu\/es\/wp-json\/wp\/v2\/comments?post=38145"}],"version-history":[{"count":1,"href":"https:\/\/www.pcb.ub.edu\/es\/wp-json\/wp\/v2\/posts\/38145\/revisions"}],"predecessor-version":[{"id":44305,"href":"https:\/\/www.pcb.ub.edu\/es\/wp-json\/wp\/v2\/posts\/38145\/revisions\/44305"}],"wp:attachment":[{"href":"https:\/\/www.pcb.ub.edu\/es\/wp-json\/wp\/v2\/media?parent=38145"}],"wp:term":[{"taxonomy":"category","embeddable":true,"href":"https:\/\/www.pcb.ub.edu\/es\/wp-json\/wp\/v2\/categories?post=38145"},{"taxonomy":"post_tag","embeddable":true,"href":"https:\/\/www.pcb.ub.edu\/es\/wp-json\/wp\/v2\/tags?post=38145"}],"curies":[{"name":"wp","href":"https:\/\/api.w.org\/{rel}","templated":true}]}}