{"id":38032,"date":"2013-11-11T00:00:00","date_gmt":"2013-11-10T23:00:00","guid":{"rendered":"http:\/\/www.pcb.ub.edu\/\/el-parc-cientific-de-barcelona-participa-en-la-18a-semana-de-la-ciencia\/"},"modified":"2020-11-16T16:18:33","modified_gmt":"2020-11-16T15:18:33","slug":"el-parc-cientific-de-barcelona-participa-en-la-18a-semana-de-la-ciencia","status":"publish","type":"post","link":"https:\/\/www.pcb.ub.edu\/es\/el-parc-cientific-de-barcelona-participa-en-la-18a-semana-de-la-ciencia\/","title":{"rendered":"El Parc Cient\u00edfic de Barcelona participa en la 18\u00aa Semana de la Ciencia"},"content":{"rendered":"<p>\u00bb<\/p>\n<div class=\"col-sm-6 detall-noticia-imatges\">\n<div class=\"row\">\n<div class=\"item active one-image\">\n\t\t\t\t\t\t<a class=\"icon-search\" href='http:\/\/www.pcb.ub.edu\/\/wp-content\/uploads\/2020\/11\/1384161802909.jpg'><\/a><br \/>\n\t\t\t\t\t\t<img src='http:\/\/www.pcb.ub.edu\/\/wp-content\/uploads\/2020\/11\/1384161802909.jpg' \/>\n\t\t\t\t\t<\/div><\/div><\/div>\n<p>\t\t\t<b>\u00ab\u00a1Doctorado expr\u00e9s!\u00bb<\/b><\/p>\n<p> En estas jornadas, que tendr\u00e1n lugar en el Parc Cient\u00edfic de Barcelona el 19 y 21 de noviembre a las 10:00 h y a las 15:00 h, se invitar\u00e1 a los alumnos de institutos de ense\u00f1anza secundaria a reconstruir las diferentes etapas por las que tiene que pasar un investigador para desarrollar su proyecto de tesis doctoral. Este a\u00f1o, y bajo el t\u00edtulo Como identificamos las mutaciones gen\u00e9ticas implicadas en el c\u00e1ncer?, el tema del trabajo de investigaci\u00f3n se centrar\u00e1 en el an\u00e1lisis de las diferencias de comportamiento entre c\u00e9lulas tumorales malignas y benignas desde el punto de vista de su actividad gen\u00e9tica. La finalidad es que todos los estudiantes puedan hacer, en poco m\u00e1s de dos horas, una especie de &#8216;doctorado expr\u00e9s&#8217; mediante un juego de pistas que les llevar\u00e1 a recorrer varios laboratorios del IRB Barcelona, del Centro Nacional de An\u00e1lisis Gen\u00f3mico (CNAG) y de los Servicios Cient\u00edficos Comunes del PCB (SCC-PCB). <\/p>\n<p><p><b>\u00ab\u00a1Investiga!\u00bb <\/b><\/p>\n<p> Los s\u00e1bados 16 y 23 de noviembre, de 11.00 h a 13.00 h, investigadores del IRB Barcelona, el Instituto de Biolog\u00eda Molecular de Barcelona (IBMB-CSIC) y de la Universitat de Barcelona trasladar\u00e1n sus laboratorios a La Pedrera con el objetivo de fomentar la interacci\u00f3n con los ciudadanos y brindarles la oportunidad de participar en algunos de sus experimentos. En esta edici\u00f3n se desarrollar\u00e1n dos talleres: \u2018\u00a1Analiza el ADN e investiga el autor de un crimen!&#8217;, al largo del cual los asistentes podr\u00e1n extraer su propio ADN y examinar muestras de cinco sospechosos de un crimen para descubrir el autor, y \u2018Buscando una diana para el tratamiento del arterosclerosis&#8217;, donde los participantes realizar\u00e1n una transformaci\u00f3n bacteriana mediante ingenier\u00eda gen\u00e9tica.  <\/p>\n<p><b>\u00abInvestiga en Primaria en biomedicina\u00bb <\/b><\/p>\n<p> En esta actividad, destinada a la comunidad educativa de primaria, los m\u00e1s peque\u00f1os podr\u00e1n conocer de primera mano, a trav\u00e9s de la experimentaci\u00f3n directa del m\u00e9todo cient\u00edfico, c\u00f3mo se realiza la investigaci\u00f3n en el \u00e1mbito de la biomedicina y familiarizarse con algunos de los instrumentos y t\u00e9cnicas que se utilizan habitualmente en los laboratorios. Las sesiones tendr\u00e1n lugar el 15 y 22 de noviembre en el Parc Cient\u00edfic de Barcelona, de 10.00 h a 12.30 h, y constar\u00e1n de dos partes: en la primera, se llevar\u00e1 a cabo un taller teatralizado y dinamizado por monitores e investigadores que estimular\u00e1n a los alumnos a realizar experimentos y les familiarizar\u00e1n con conceptos elementales como las c\u00e9lulas, el ADN y los genes; en la segunda, se efectuar\u00e1 una visita guiada e interactiva por varios laboratorios del PCB para completar las din\u00e1micas realizadas a lo largo de los talleres y permitir que los j\u00f3venes conozcan la realidad del d\u00eda a d\u00eda de un laboratorio y hagan preguntas a los investigadores sobre todo aquello que despierte su curiosidad.<\/p>\n<p> <a href=\"http:\/\/www.pcb.ub.edu\/homePCB\/live\/es\/p200.asp\" target=\"_blank\" class=\"email\" rel=\"noopener noreferrer\">M\u00e1s informaci\u00f3n [+]<\/a><\/p>\n","protected":false},"excerpt":{"rendered":"<p>En el marco de la 18\u00aa Semana de la Ciencia \u2013que este a\u00f1o tendr\u00e1 lugar del 15 al 24 de noviembre\u2013 el Parc Cient\u00edfic de Barcelona (PCB) ha organizado tres propuestas diferentes con el objetivo de acercar la investigaci\u00f3n a todos los ciudadanos de una manera participativa: los talleres \u00ab<a href=\"http:\/\/www.pcb.ub.edu\/homePCB\/live\/es\/p2252.asp\" target=\"_blank\" class=\"email\" rel=\"noopener noreferrer\">\u00a1Investiga!<\/a>\u00bb en La Pedrera, dirigidos al p\u00fablico en general; las jornadas \u00ab<a href=\"http:\/\/www.pcb.ub.edu\/homePCB\/live\/es\/p1857.asp\" target=\"_blank\" class=\"email\" rel=\"noopener noreferrer\">\u00a1Doctorado expr\u00e9s!<\/a>\u00bb, destinadas a estudiantes de secundaria; y dos \u2018talleres-teatro&#8217;, dise\u00f1ados para los m\u00e1s j\u00f3venes dentro del programa \u00ab<a href=\"http:\/\/www.pcb.ub.edu\/homePCB\/live\/es\/p2251.asp\" target=\"_blank\" class=\"email\" rel=\"noopener noreferrer\">Investiga en Primaria<\/a>\u00bb. Todas las actividades cuentan con el apoyo de Fundaci\u00f3n Espa\u00f1ola para la Ciencia y la Tecnolog\u00eda (FECYT) del Ministerio de Econom\u00eda y Competitividad, del Instituto de Cultura de Barcelona del Ayuntamiento de Barcelona, y de la Fundaci\u00f3n Catalu\u00f1a \u2013 La Pedrera. <\/p>\n","protected":false},"author":1,"featured_media":0,"comment_status":"closed","ping_status":"open","sticky":false,"template":"","format":"standard","meta":{"_acf_changed":false,"inline_featured_image":false,"footnotes":""},"categories":[9],"tags":[],"class_list":["post-38032","post","type-post","status-publish","format-standard","category-sin-categorizar"],"acf":[],"yoast_head":"<!-- This site is optimized with the Yoast SEO plugin v27.3 - https:\/\/yoast.com\/product\/yoast-seo-wordpress\/ -->\n<title>El Parc Cient\u00edfic de Barcelona participa en la 18\u00aa Semana de la Ciencia - Parc Cient\u00edfic de Barcelona<\/title>\n<meta name=\"robots\" content=\"index, follow, max-snippet:-1, max-image-preview:large, max-video-preview:-1\" \/>\n<link rel=\"canonical\" href=\"https:\/\/www.pcb.ub.edu\/es\/el-parc-cientific-de-barcelona-participa-en-la-18a-semana-de-la-ciencia\/\" \/>\n<meta property=\"og:locale\" content=\"es_ES\" \/>\n<meta property=\"og:type\" content=\"article\" \/>\n<meta property=\"og:title\" content=\"El Parc Cient\u00edfic de Barcelona participa en la 18\u00aa Semana de la Ciencia - Parc Cient\u00edfic de Barcelona\" \/>\n<meta property=\"og:description\" content=\"En el marco de la 18\u00aa Semana de la Ciencia \u2013que este a\u00f1o tendr\u00e1 lugar del 15 al 24 de noviembre\u2013 el Parc Cient\u00edfic de Barcelona (PCB) ha organizado tres propuestas diferentes con el objetivo de acercar la investigaci\u00f3n a todos los ciudadanos de una manera participativa: los talleres \u00ab\u00a1Investiga!\u00bb en La Pedrera, dirigidos al p\u00fablico en general; las jornadas \u00ab\u00a1Doctorado expr\u00e9s!\u00bb, destinadas a estudiantes de secundaria; y dos \u2018talleres-teatro&#039;, dise\u00f1ados para los m\u00e1s j\u00f3venes dentro del programa \u00abInvestiga en Primaria\u00bb. Todas las actividades cuentan con el apoyo de Fundaci\u00f3n Espa\u00f1ola para la Ciencia y la Tecnolog\u00eda (FECYT) del Ministerio de Econom\u00eda y Competitividad, del Instituto de Cultura de Barcelona del Ayuntamiento de Barcelona, y de la Fundaci\u00f3n Catalu\u00f1a \u2013 La Pedrera.\" \/>\n<meta property=\"og:url\" content=\"https:\/\/www.pcb.ub.edu\/es\/el-parc-cientific-de-barcelona-participa-en-la-18a-semana-de-la-ciencia\/\" \/>\n<meta property=\"og:site_name\" content=\"Parc Cient\u00edfic de Barcelona\" \/>\n<meta property=\"article:published_time\" content=\"2013-11-10T23:00:00+00:00\" \/>\n<meta property=\"article:modified_time\" content=\"2020-11-16T15:18:33+00:00\" \/>\n<meta property=\"og:image\" content=\"http:\/\/www.pcb.ub.edu\/\/wp-content\/uploads\/2020\/11\/1384161802909.jpg\" \/>\n<meta name=\"author\" content=\"adminpcb\" \/>\n<meta name=\"twitter:card\" content=\"summary_large_image\" \/>\n<meta name=\"twitter:label1\" content=\"Escrito por\" \/>\n\t<meta name=\"twitter:data1\" content=\"adminpcb\" \/>\n\t<meta name=\"twitter:label2\" content=\"Tiempo de lectura\" \/>\n\t<meta name=\"twitter:data2\" content=\"2 minutos\" \/>\n<script type=\"application\/ld+json\" class=\"yoast-schema-graph\">{\"@context\":\"https:\\\/\\\/schema.org\",\"@graph\":[{\"@type\":\"Article\",\"@id\":\"https:\\\/\\\/www.pcb.ub.edu\\\/es\\\/el-parc-cientific-de-barcelona-participa-en-la-18a-semana-de-la-ciencia\\\/#article\",\"isPartOf\":{\"@id\":\"https:\\\/\\\/www.pcb.ub.edu\\\/es\\\/el-parc-cientific-de-barcelona-participa-en-la-18a-semana-de-la-ciencia\\\/\"},\"author\":{\"name\":\"adminpcb\",\"@id\":\"https:\\\/\\\/www.pcb.ub.edu\\\/es\\\/#\\\/schema\\\/person\\\/d13cab05cd0a75b17fddca8496481021\"},\"headline\":\"El Parc Cient\u00edfic de Barcelona participa en la 18\u00aa Semana de la Ciencia\",\"datePublished\":\"2013-11-10T23:00:00+00:00\",\"dateModified\":\"2020-11-16T15:18:33+00:00\",\"mainEntityOfPage\":{\"@id\":\"https:\\\/\\\/www.pcb.ub.edu\\\/es\\\/el-parc-cientific-de-barcelona-participa-en-la-18a-semana-de-la-ciencia\\\/\"},\"wordCount\":507,\"image\":{\"@id\":\"https:\\\/\\\/www.pcb.ub.edu\\\/es\\\/el-parc-cientific-de-barcelona-participa-en-la-18a-semana-de-la-ciencia\\\/#primaryimage\"},\"thumbnailUrl\":\"http:\\\/\\\/www.pcb.ub.edu\\\/\\\/wp-content\\\/uploads\\\/2020\\\/11\\\/1384161802909.jpg\",\"articleSection\":[\"Sin categorizar\"],\"inLanguage\":\"es\"},{\"@type\":\"WebPage\",\"@id\":\"https:\\\/\\\/www.pcb.ub.edu\\\/es\\\/el-parc-cientific-de-barcelona-participa-en-la-18a-semana-de-la-ciencia\\\/\",\"url\":\"https:\\\/\\\/www.pcb.ub.edu\\\/es\\\/el-parc-cientific-de-barcelona-participa-en-la-18a-semana-de-la-ciencia\\\/\",\"name\":\"El Parc Cient\u00edfic de Barcelona participa en la 18\u00aa Semana de la Ciencia - Parc Cient\u00edfic de Barcelona\",\"isPartOf\":{\"@id\":\"https:\\\/\\\/www.pcb.ub.edu\\\/es\\\/#website\"},\"primaryImageOfPage\":{\"@id\":\"https:\\\/\\\/www.pcb.ub.edu\\\/es\\\/el-parc-cientific-de-barcelona-participa-en-la-18a-semana-de-la-ciencia\\\/#primaryimage\"},\"image\":{\"@id\":\"https:\\\/\\\/www.pcb.ub.edu\\\/es\\\/el-parc-cientific-de-barcelona-participa-en-la-18a-semana-de-la-ciencia\\\/#primaryimage\"},\"thumbnailUrl\":\"http:\\\/\\\/www.pcb.ub.edu\\\/\\\/wp-content\\\/uploads\\\/2020\\\/11\\\/1384161802909.jpg\",\"datePublished\":\"2013-11-10T23:00:00+00:00\",\"dateModified\":\"2020-11-16T15:18:33+00:00\",\"author\":{\"@id\":\"https:\\\/\\\/www.pcb.ub.edu\\\/es\\\/#\\\/schema\\\/person\\\/d13cab05cd0a75b17fddca8496481021\"},\"breadcrumb\":{\"@id\":\"https:\\\/\\\/www.pcb.ub.edu\\\/es\\\/el-parc-cientific-de-barcelona-participa-en-la-18a-semana-de-la-ciencia\\\/#breadcrumb\"},\"inLanguage\":\"es\",\"potentialAction\":[{\"@type\":\"ReadAction\",\"target\":[\"https:\\\/\\\/www.pcb.ub.edu\\\/es\\\/el-parc-cientific-de-barcelona-participa-en-la-18a-semana-de-la-ciencia\\\/\"]}]},{\"@type\":\"ImageObject\",\"inLanguage\":\"es\",\"@id\":\"https:\\\/\\\/www.pcb.ub.edu\\\/es\\\/el-parc-cientific-de-barcelona-participa-en-la-18a-semana-de-la-ciencia\\\/#primaryimage\",\"url\":\"http:\\\/\\\/www.pcb.ub.edu\\\/\\\/wp-content\\\/uploads\\\/2020\\\/11\\\/1384161802909.jpg\",\"contentUrl\":\"http:\\\/\\\/www.pcb.ub.edu\\\/\\\/wp-content\\\/uploads\\\/2020\\\/11\\\/1384161802909.jpg\"},{\"@type\":\"BreadcrumbList\",\"@id\":\"https:\\\/\\\/www.pcb.ub.edu\\\/es\\\/el-parc-cientific-de-barcelona-participa-en-la-18a-semana-de-la-ciencia\\\/#breadcrumb\",\"itemListElement\":[{\"@type\":\"ListItem\",\"position\":1,\"name\":\"Home\",\"item\":\"https:\\\/\\\/www.pcb.ub.edu\\\/es\\\/\"},{\"@type\":\"ListItem\",\"position\":2,\"name\":\"El Parc Cient\u00edfic de Barcelona participa en la 18\u00aa Semana de la Ciencia\"}]},{\"@type\":\"WebSite\",\"@id\":\"https:\\\/\\\/www.pcb.ub.edu\\\/es\\\/#website\",\"url\":\"https:\\\/\\\/www.pcb.ub.edu\\\/es\\\/\",\"name\":\"Parc Cient\u00edfic de Barcelona\",\"description\":\"Universitat de Barcelona\",\"potentialAction\":[{\"@type\":\"SearchAction\",\"target\":{\"@type\":\"EntryPoint\",\"urlTemplate\":\"https:\\\/\\\/www.pcb.ub.edu\\\/es\\\/?s={search_term_string}\"},\"query-input\":{\"@type\":\"PropertyValueSpecification\",\"valueRequired\":true,\"valueName\":\"search_term_string\"}}],\"inLanguage\":\"es\"},{\"@type\":\"Person\",\"@id\":\"https:\\\/\\\/www.pcb.ub.edu\\\/es\\\/#\\\/schema\\\/person\\\/d13cab05cd0a75b17fddca8496481021\",\"name\":\"adminpcb\",\"image\":{\"@type\":\"ImageObject\",\"inLanguage\":\"es\",\"@id\":\"https:\\\/\\\/secure.gravatar.com\\\/avatar\\\/41ad0fab4bb3bf5348b0af9612159cfd93173a57bbca98fecb50fa6f3ab97d28?s=96&d=mm&r=g\",\"url\":\"https:\\\/\\\/secure.gravatar.com\\\/avatar\\\/41ad0fab4bb3bf5348b0af9612159cfd93173a57bbca98fecb50fa6f3ab97d28?s=96&d=mm&r=g\",\"contentUrl\":\"https:\\\/\\\/secure.gravatar.com\\\/avatar\\\/41ad0fab4bb3bf5348b0af9612159cfd93173a57bbca98fecb50fa6f3ab97d28?s=96&d=mm&r=g\",\"caption\":\"adminpcb\"},\"url\":\"https:\\\/\\\/www.pcb.ub.edu\\\/es\\\/author\\\/adminpcb\\\/\"}]}<\/script>\n<!-- \/ Yoast SEO plugin. -->","yoast_head_json":{"title":"El Parc Cient\u00edfic de Barcelona participa en la 18\u00aa Semana de la Ciencia - Parc Cient\u00edfic de Barcelona","robots":{"index":"index","follow":"follow","max-snippet":"max-snippet:-1","max-image-preview":"max-image-preview:large","max-video-preview":"max-video-preview:-1"},"canonical":"https:\/\/www.pcb.ub.edu\/es\/el-parc-cientific-de-barcelona-participa-en-la-18a-semana-de-la-ciencia\/","og_locale":"es_ES","og_type":"article","og_title":"El Parc Cient\u00edfic de Barcelona participa en la 18\u00aa Semana de la Ciencia - Parc Cient\u00edfic de Barcelona","og_description":"En el marco de la 18\u00aa Semana de la Ciencia \u2013que este a\u00f1o tendr\u00e1 lugar del 15 al 24 de noviembre\u2013 el Parc Cient\u00edfic de Barcelona (PCB) ha organizado tres propuestas diferentes con el objetivo de acercar la investigaci\u00f3n a todos los ciudadanos de una manera participativa: los talleres \u00ab\u00a1Investiga!\u00bb en La Pedrera, dirigidos al p\u00fablico en general; las jornadas \u00ab\u00a1Doctorado expr\u00e9s!\u00bb, destinadas a estudiantes de secundaria; y dos \u2018talleres-teatro', dise\u00f1ados para los m\u00e1s j\u00f3venes dentro del programa \u00abInvestiga en Primaria\u00bb. Todas las actividades cuentan con el apoyo de Fundaci\u00f3n Espa\u00f1ola para la Ciencia y la Tecnolog\u00eda (FECYT) del Ministerio de Econom\u00eda y Competitividad, del Instituto de Cultura de Barcelona del Ayuntamiento de Barcelona, y de la Fundaci\u00f3n Catalu\u00f1a \u2013 La Pedrera.","og_url":"https:\/\/www.pcb.ub.edu\/es\/el-parc-cientific-de-barcelona-participa-en-la-18a-semana-de-la-ciencia\/","og_site_name":"Parc Cient\u00edfic de Barcelona","article_published_time":"2013-11-10T23:00:00+00:00","article_modified_time":"2020-11-16T15:18:33+00:00","og_image":[{"url":"http:\/\/www.pcb.ub.edu\/\/wp-content\/uploads\/2020\/11\/1384161802909.jpg","type":"","width":"","height":""}],"author":"adminpcb","twitter_card":"summary_large_image","twitter_misc":{"Escrito por":"adminpcb","Tiempo de lectura":"2 minutos"},"schema":{"@context":"https:\/\/schema.org","@graph":[{"@type":"Article","@id":"https:\/\/www.pcb.ub.edu\/es\/el-parc-cientific-de-barcelona-participa-en-la-18a-semana-de-la-ciencia\/#article","isPartOf":{"@id":"https:\/\/www.pcb.ub.edu\/es\/el-parc-cientific-de-barcelona-participa-en-la-18a-semana-de-la-ciencia\/"},"author":{"name":"adminpcb","@id":"https:\/\/www.pcb.ub.edu\/es\/#\/schema\/person\/d13cab05cd0a75b17fddca8496481021"},"headline":"El Parc Cient\u00edfic de Barcelona participa en la 18\u00aa Semana de la Ciencia","datePublished":"2013-11-10T23:00:00+00:00","dateModified":"2020-11-16T15:18:33+00:00","mainEntityOfPage":{"@id":"https:\/\/www.pcb.ub.edu\/es\/el-parc-cientific-de-barcelona-participa-en-la-18a-semana-de-la-ciencia\/"},"wordCount":507,"image":{"@id":"https:\/\/www.pcb.ub.edu\/es\/el-parc-cientific-de-barcelona-participa-en-la-18a-semana-de-la-ciencia\/#primaryimage"},"thumbnailUrl":"http:\/\/www.pcb.ub.edu\/\/wp-content\/uploads\/2020\/11\/1384161802909.jpg","articleSection":["Sin categorizar"],"inLanguage":"es"},{"@type":"WebPage","@id":"https:\/\/www.pcb.ub.edu\/es\/el-parc-cientific-de-barcelona-participa-en-la-18a-semana-de-la-ciencia\/","url":"https:\/\/www.pcb.ub.edu\/es\/el-parc-cientific-de-barcelona-participa-en-la-18a-semana-de-la-ciencia\/","name":"El Parc Cient\u00edfic de Barcelona participa en la 18\u00aa Semana de la Ciencia - Parc Cient\u00edfic de Barcelona","isPartOf":{"@id":"https:\/\/www.pcb.ub.edu\/es\/#website"},"primaryImageOfPage":{"@id":"https:\/\/www.pcb.ub.edu\/es\/el-parc-cientific-de-barcelona-participa-en-la-18a-semana-de-la-ciencia\/#primaryimage"},"image":{"@id":"https:\/\/www.pcb.ub.edu\/es\/el-parc-cientific-de-barcelona-participa-en-la-18a-semana-de-la-ciencia\/#primaryimage"},"thumbnailUrl":"http:\/\/www.pcb.ub.edu\/\/wp-content\/uploads\/2020\/11\/1384161802909.jpg","datePublished":"2013-11-10T23:00:00+00:00","dateModified":"2020-11-16T15:18:33+00:00","author":{"@id":"https:\/\/www.pcb.ub.edu\/es\/#\/schema\/person\/d13cab05cd0a75b17fddca8496481021"},"breadcrumb":{"@id":"https:\/\/www.pcb.ub.edu\/es\/el-parc-cientific-de-barcelona-participa-en-la-18a-semana-de-la-ciencia\/#breadcrumb"},"inLanguage":"es","potentialAction":[{"@type":"ReadAction","target":["https:\/\/www.pcb.ub.edu\/es\/el-parc-cientific-de-barcelona-participa-en-la-18a-semana-de-la-ciencia\/"]}]},{"@type":"ImageObject","inLanguage":"es","@id":"https:\/\/www.pcb.ub.edu\/es\/el-parc-cientific-de-barcelona-participa-en-la-18a-semana-de-la-ciencia\/#primaryimage","url":"http:\/\/www.pcb.ub.edu\/\/wp-content\/uploads\/2020\/11\/1384161802909.jpg","contentUrl":"http:\/\/www.pcb.ub.edu\/\/wp-content\/uploads\/2020\/11\/1384161802909.jpg"},{"@type":"BreadcrumbList","@id":"https:\/\/www.pcb.ub.edu\/es\/el-parc-cientific-de-barcelona-participa-en-la-18a-semana-de-la-ciencia\/#breadcrumb","itemListElement":[{"@type":"ListItem","position":1,"name":"Home","item":"https:\/\/www.pcb.ub.edu\/es\/"},{"@type":"ListItem","position":2,"name":"El Parc Cient\u00edfic de Barcelona participa en la 18\u00aa Semana de la Ciencia"}]},{"@type":"WebSite","@id":"https:\/\/www.pcb.ub.edu\/es\/#website","url":"https:\/\/www.pcb.ub.edu\/es\/","name":"Parc Cient\u00edfic de Barcelona","description":"Universitat de Barcelona","potentialAction":[{"@type":"SearchAction","target":{"@type":"EntryPoint","urlTemplate":"https:\/\/www.pcb.ub.edu\/es\/?s={search_term_string}"},"query-input":{"@type":"PropertyValueSpecification","valueRequired":true,"valueName":"search_term_string"}}],"inLanguage":"es"},{"@type":"Person","@id":"https:\/\/www.pcb.ub.edu\/es\/#\/schema\/person\/d13cab05cd0a75b17fddca8496481021","name":"adminpcb","image":{"@type":"ImageObject","inLanguage":"es","@id":"https:\/\/secure.gravatar.com\/avatar\/41ad0fab4bb3bf5348b0af9612159cfd93173a57bbca98fecb50fa6f3ab97d28?s=96&d=mm&r=g","url":"https:\/\/secure.gravatar.com\/avatar\/41ad0fab4bb3bf5348b0af9612159cfd93173a57bbca98fecb50fa6f3ab97d28?s=96&d=mm&r=g","contentUrl":"https:\/\/secure.gravatar.com\/avatar\/41ad0fab4bb3bf5348b0af9612159cfd93173a57bbca98fecb50fa6f3ab97d28?s=96&d=mm&r=g","caption":"adminpcb"},"url":"https:\/\/www.pcb.ub.edu\/es\/author\/adminpcb\/"}]}},"_links":{"self":[{"href":"https:\/\/www.pcb.ub.edu\/es\/wp-json\/wp\/v2\/posts\/38032","targetHints":{"allow":["GET"]}}],"collection":[{"href":"https:\/\/www.pcb.ub.edu\/es\/wp-json\/wp\/v2\/posts"}],"about":[{"href":"https:\/\/www.pcb.ub.edu\/es\/wp-json\/wp\/v2\/types\/post"}],"author":[{"embeddable":true,"href":"https:\/\/www.pcb.ub.edu\/es\/wp-json\/wp\/v2\/users\/1"}],"replies":[{"embeddable":true,"href":"https:\/\/www.pcb.ub.edu\/es\/wp-json\/wp\/v2\/comments?post=38032"}],"version-history":[{"count":1,"href":"https:\/\/www.pcb.ub.edu\/es\/wp-json\/wp\/v2\/posts\/38032\/revisions"}],"predecessor-version":[{"id":44200,"href":"https:\/\/www.pcb.ub.edu\/es\/wp-json\/wp\/v2\/posts\/38032\/revisions\/44200"}],"wp:attachment":[{"href":"https:\/\/www.pcb.ub.edu\/es\/wp-json\/wp\/v2\/media?parent=38032"}],"wp:term":[{"taxonomy":"category","embeddable":true,"href":"https:\/\/www.pcb.ub.edu\/es\/wp-json\/wp\/v2\/categories?post=38032"},{"taxonomy":"post_tag","embeddable":true,"href":"https:\/\/www.pcb.ub.edu\/es\/wp-json\/wp\/v2\/tags?post=38032"}],"curies":[{"name":"wp","href":"https:\/\/api.w.org\/{rel}","templated":true}]}}