{"id":37982,"date":"2013-06-21T00:00:00","date_gmt":"2013-06-20T23:00:00","guid":{"rendered":"http:\/\/www.pcb.ub.edu\/\/la-fundacion-dti-conmemora-su-5o-aniversario-en-el-parc-cientific-de-barcelona\/"},"modified":"2020-11-16T16:18:22","modified_gmt":"2020-11-16T15:18:22","slug":"la-fundacion-dti-conmemora-su-5o-aniversario-en-el-parc-cientific-de-barcelona","status":"publish","type":"post","link":"https:\/\/www.pcb.ub.edu\/es\/la-fundacion-dti-conmemora-su-5o-aniversario-en-el-parc-cientific-de-barcelona\/","title":{"rendered":"La Fundaci\u00f3n DTI conmemora su 5\u00ba aniversario en el Parc Cient\u00edfic de Barcelona"},"content":{"rendered":"<p>\u00bb<\/p>\n<div class=\"col-sm-6 detall-noticia-imatges\">\n<div class=\"row\">\n<div class=\"item active one-image\">\n\t\t\t\t\t\t<a class=\"icon-search\" href='http:\/\/www.pcb.ub.edu\/\/wp-content\/uploads\/2020\/11\/1371818784253.jpg'><\/a><br \/>\n\t\t\t\t\t\t<img src='http:\/\/www.pcb.ub.edu\/\/wp-content\/uploads\/2020\/11\/1371818784253.jpg' \/>\n\t\t\t\t\t<\/div><\/div><\/div>\n<p>\t\t\tLa apertura del acto \u2013 que cont\u00f3 con la asistencia de destacadas personalidades del \u00e1mbito sanitario, empresarial y acad\u00e9mico\u2013 corri\u00f3 a cargo del Dr. Mart\u00ed Manyalich, presidente de la Fundaci\u00f3n DTI, y en \u00e9l tambi\u00e9n participaron el Dr. Pere A. Montserrat, director de la Organizaci\u00f3n Catalana de Trasplantes (OCATT); el Dr. Jos\u00e9 M. Garc\u00eda Buitr\u00f3n, vicepresidente ejecutivo de la Fundaci\u00f3n; y el Dr. Francesc Cardellach, decano de la Facultad de Medicina de la Universitat de Barcelona (UB).  <\/p>\n<p> El Dr. Manyalich aprovech\u00f3 su intervenci\u00f3n para poner de manifiesto que \u00ablas necesidades de \u00f3rganos para trasplante en el mundo s\u00f3lo est\u00e1n cubiertas en un 10%\u00bb y que \u00abnecesitamos hacer 1 mill\u00f3n de trasplantes al a\u00f1o para eliminar las listas de espera\u00bb. Por su parte, el Dr. J. M. G. Buitr\u00f3n puso el \u00e9nfasis en la necesidad de exportar la figura del coordinador a otros pa\u00edses e insisti\u00f3 en el hecho de que \u00ablas donaciones y los trasplantes son programas de desarrollo sanitario y de cohesi\u00f3n social\u00bb.  <\/p>\n<p> Como decano de la Facultad de Medicina de la UB, el Dr. Fran\u00e7esc Cardellach expres\u00f3 el compromiso actual y de futuro con el prestigioso colectivo docente para mantener (y mejorar, si cabe) la calidad formativa del alumnado. \u00abLa Facultad de Medicina de la UB tiene una historia de 22 a\u00f1os en docencia en el \u00e1mbito de donaci\u00f3n y trasplante de \u00f3rganos, tejidos y c\u00e9lulas, y la Fundaci\u00f3n DTI \u2013con la experiencia incorporada del TPM\u2013 constituye el marco ideal para llevar a cabo y consolidar estos objetivos\u00bb.  En el evento tambi\u00e9n participaron miembros del Comit\u00e9 Directivo de la Fundaci\u00f3n DTI \u2013 Ricard Valero, director cient\u00edfico, M. Paula G\u00f3mez, directora m\u00e9dica, y Gloria P\u00e1ez, directora de docencia\u2013 que ofrecieron a los asistentes una breve historia de la entidad TPM-DTI  y de los proyectos actuales y de futuro en Brasil, India y China.  <\/p>\n<p><b> M\u00e1s de 10.000 profesionales en 101 pa\u00edses del mundo <\/b><\/p>\n<p> La Fundaci\u00f3n DTI (Donation and Transplantation Institute) \u2013con sede en el Parc Cient\u00edfic de la UB\u2013 es una organizaci\u00f3n sin \u00e1nimo de lucro fundada en Barcelona en abril de 2008 con la misi\u00f3n de promover, desde una perspectiva amplia e internacional, el proceso de donaci\u00f3n de \u00f3rganos, tejidos y c\u00e9lulas humanas para cubrir las necesidades de trasplante en todas las regiones y pa\u00edses del mundo. Los fundadores de DTI son un grupo de expertos reconocidos internacionalmente en materia de donaci\u00f3n y trasplantes, asesorados por un grupo consultor del mundo de la empresa, escuelas de negocios, educaci\u00f3n, industria farmac\u00e9utica y marketing, entre otros.  Los principales objetivos de la entidad son aumentar la donaci\u00f3n de \u00f3rganos y evitar el tr\u00e1fico y comercio ilegal; mejorar los conocimientos, habilidades y aptitudes necesarias entre los profesionales involucrados en este campo; y llevar a cabo proyectos de investigaci\u00f3n y desarrollo con objeto de aumentar las oportunidades de acceso al trasplante y mejorar la calidad de vida de las personas.  <\/p>\n<p> En 2010 el TPM (Transplant Procurement Management) \u2013un referente mundial en formaci\u00f3n de profesionales sanitarios en el campo de la donaci\u00f3n de \u00f3rganos y tejidos para el trasplante\u2013 se uni\u00f3 a DTI como programa educativo internacional de la Fundaci\u00f3n. TPM \u2013que nace en 1991 bajo los auspicios de la Universitat de Barcelona (UB) y el apoyo t\u00e9cnico y econ\u00f3mico de la Organizaci\u00f3n Nacional de Trasplantas (ONT)\u2013 ha colaborado en el desarrollo del modelo espa\u00f1ol de trasplantes y actualmente es el Programa Oficial de Coordinaci\u00f3n de Trasplantes en Italia Francia y Portugal, entre otros pa\u00edses. <\/p>\n<p> DTI-TPM agrupa a un gran n\u00famero de profesionales de Espa\u00f1a, Europa y Am\u00e9rica especializados en el proceso donaci\u00f3n\u2013trasplante con los cuales presta asesor\u00eda y acompa\u00f1amiento para la implementaci\u00f3n de proyectos  hasta la creaci\u00f3n de redes para la investigaci\u00f3n. La Fundaci\u00f3n ha formado a m\u00e1s de 10.000 profesionales sanitarios en el campo de la donaci\u00f3n de \u00f3rganos y tejidos en 101 pa\u00edses de todo el mundo. <\/p>\n","protected":false},"excerpt":{"rendered":"<p>Ayer, 20 de junio, tuvo lugar en el Parc Cient\u00edfic de Barcelona el acto de celebraci\u00f3n del 5\u00ba aniversario de la <a href=\"http:\/\/dtifoundation.com\/dti.php?L=SP\" target=\"_blank\" class=\"email\" rel=\"noopener noreferrer\">Fundaci\u00f3 DTI<\/a> (Donation &amp; Transplantation Institute), constituida en Barcelona en 2008 con la misi\u00f3n de asesorar, formar y apoyar profesionales de entidades p\u00fablicas y privadas, en la creaci\u00f3n, desarrollo y fortalecimiento de redes, programas y servicios en el campo de la donaci\u00f3n y trasplante de \u00f3rganos, tejidos y c\u00e9lulas humanas en todas las regiones y pa\u00edses del mundo.<\/p>\n","protected":false},"author":1,"featured_media":0,"comment_status":"closed","ping_status":"open","sticky":false,"template":"","format":"standard","meta":{"_acf_changed":false,"inline_featured_image":false,"footnotes":""},"categories":[9],"tags":[],"class_list":["post-37982","post","type-post","status-publish","format-standard","category-sin-categorizar"],"acf":[],"yoast_head":"<!-- This site is optimized with the Yoast SEO plugin v27.3 - https:\/\/yoast.com\/product\/yoast-seo-wordpress\/ -->\n<title>La Fundaci\u00f3n DTI conmemora su 5\u00ba aniversario en el Parc Cient\u00edfic de Barcelona - Parc Cient\u00edfic de Barcelona<\/title>\n<meta name=\"robots\" content=\"index, follow, max-snippet:-1, max-image-preview:large, max-video-preview:-1\" \/>\n<link rel=\"canonical\" href=\"https:\/\/www.pcb.ub.edu\/es\/la-fundacion-dti-conmemora-su-5o-aniversario-en-el-parc-cientific-de-barcelona\/\" \/>\n<meta property=\"og:locale\" content=\"es_ES\" \/>\n<meta property=\"og:type\" content=\"article\" \/>\n<meta property=\"og:title\" content=\"La Fundaci\u00f3n DTI conmemora su 5\u00ba aniversario en el Parc Cient\u00edfic de Barcelona - Parc Cient\u00edfic de Barcelona\" \/>\n<meta property=\"og:description\" content=\"Ayer, 20 de junio, tuvo lugar en el Parc Cient\u00edfic de Barcelona el acto de celebraci\u00f3n del 5\u00ba aniversario de la Fundaci\u00f3 DTI (Donation &amp; Transplantation Institute), constituida en Barcelona en 2008 con la misi\u00f3n de asesorar, formar y apoyar profesionales de entidades p\u00fablicas y privadas, en la creaci\u00f3n, desarrollo y fortalecimiento de redes, programas y servicios en el campo de la donaci\u00f3n y trasplante de \u00f3rganos, tejidos y c\u00e9lulas humanas en todas las regiones y pa\u00edses del mundo.\" \/>\n<meta property=\"og:url\" content=\"https:\/\/www.pcb.ub.edu\/es\/la-fundacion-dti-conmemora-su-5o-aniversario-en-el-parc-cientific-de-barcelona\/\" \/>\n<meta property=\"og:site_name\" content=\"Parc Cient\u00edfic de Barcelona\" \/>\n<meta property=\"article:published_time\" content=\"2013-06-20T23:00:00+00:00\" \/>\n<meta property=\"article:modified_time\" content=\"2020-11-16T15:18:22+00:00\" \/>\n<meta property=\"og:image\" content=\"http:\/\/www.pcb.ub.edu\/\/wp-content\/uploads\/2020\/11\/1371818784253.jpg\" \/>\n<meta name=\"author\" content=\"adminpcb\" \/>\n<meta name=\"twitter:card\" content=\"summary_large_image\" \/>\n<meta name=\"twitter:label1\" content=\"Escrito por\" \/>\n\t<meta name=\"twitter:data1\" content=\"adminpcb\" \/>\n\t<meta name=\"twitter:label2\" content=\"Tiempo de lectura\" \/>\n\t<meta name=\"twitter:data2\" content=\"3 minutos\" \/>\n<script type=\"application\/ld+json\" class=\"yoast-schema-graph\">{\"@context\":\"https:\\\/\\\/schema.org\",\"@graph\":[{\"@type\":\"Article\",\"@id\":\"https:\\\/\\\/www.pcb.ub.edu\\\/es\\\/la-fundacion-dti-conmemora-su-5o-aniversario-en-el-parc-cientific-de-barcelona\\\/#article\",\"isPartOf\":{\"@id\":\"https:\\\/\\\/www.pcb.ub.edu\\\/es\\\/la-fundacion-dti-conmemora-su-5o-aniversario-en-el-parc-cientific-de-barcelona\\\/\"},\"author\":{\"name\":\"adminpcb\",\"@id\":\"https:\\\/\\\/www.pcb.ub.edu\\\/es\\\/#\\\/schema\\\/person\\\/d13cab05cd0a75b17fddca8496481021\"},\"headline\":\"La Fundaci\u00f3n DTI conmemora su 5\u00ba aniversario en el Parc Cient\u00edfic de Barcelona\",\"datePublished\":\"2013-06-20T23:00:00+00:00\",\"dateModified\":\"2020-11-16T15:18:22+00:00\",\"mainEntityOfPage\":{\"@id\":\"https:\\\/\\\/www.pcb.ub.edu\\\/es\\\/la-fundacion-dti-conmemora-su-5o-aniversario-en-el-parc-cientific-de-barcelona\\\/\"},\"wordCount\":701,\"image\":{\"@id\":\"https:\\\/\\\/www.pcb.ub.edu\\\/es\\\/la-fundacion-dti-conmemora-su-5o-aniversario-en-el-parc-cientific-de-barcelona\\\/#primaryimage\"},\"thumbnailUrl\":\"http:\\\/\\\/www.pcb.ub.edu\\\/\\\/wp-content\\\/uploads\\\/2020\\\/11\\\/1371818784253.jpg\",\"articleSection\":[\"Sin categorizar\"],\"inLanguage\":\"es\"},{\"@type\":\"WebPage\",\"@id\":\"https:\\\/\\\/www.pcb.ub.edu\\\/es\\\/la-fundacion-dti-conmemora-su-5o-aniversario-en-el-parc-cientific-de-barcelona\\\/\",\"url\":\"https:\\\/\\\/www.pcb.ub.edu\\\/es\\\/la-fundacion-dti-conmemora-su-5o-aniversario-en-el-parc-cientific-de-barcelona\\\/\",\"name\":\"La Fundaci\u00f3n DTI conmemora su 5\u00ba aniversario en el Parc Cient\u00edfic de Barcelona - Parc Cient\u00edfic de Barcelona\",\"isPartOf\":{\"@id\":\"https:\\\/\\\/www.pcb.ub.edu\\\/es\\\/#website\"},\"primaryImageOfPage\":{\"@id\":\"https:\\\/\\\/www.pcb.ub.edu\\\/es\\\/la-fundacion-dti-conmemora-su-5o-aniversario-en-el-parc-cientific-de-barcelona\\\/#primaryimage\"},\"image\":{\"@id\":\"https:\\\/\\\/www.pcb.ub.edu\\\/es\\\/la-fundacion-dti-conmemora-su-5o-aniversario-en-el-parc-cientific-de-barcelona\\\/#primaryimage\"},\"thumbnailUrl\":\"http:\\\/\\\/www.pcb.ub.edu\\\/\\\/wp-content\\\/uploads\\\/2020\\\/11\\\/1371818784253.jpg\",\"datePublished\":\"2013-06-20T23:00:00+00:00\",\"dateModified\":\"2020-11-16T15:18:22+00:00\",\"author\":{\"@id\":\"https:\\\/\\\/www.pcb.ub.edu\\\/es\\\/#\\\/schema\\\/person\\\/d13cab05cd0a75b17fddca8496481021\"},\"breadcrumb\":{\"@id\":\"https:\\\/\\\/www.pcb.ub.edu\\\/es\\\/la-fundacion-dti-conmemora-su-5o-aniversario-en-el-parc-cientific-de-barcelona\\\/#breadcrumb\"},\"inLanguage\":\"es\",\"potentialAction\":[{\"@type\":\"ReadAction\",\"target\":[\"https:\\\/\\\/www.pcb.ub.edu\\\/es\\\/la-fundacion-dti-conmemora-su-5o-aniversario-en-el-parc-cientific-de-barcelona\\\/\"]}]},{\"@type\":\"ImageObject\",\"inLanguage\":\"es\",\"@id\":\"https:\\\/\\\/www.pcb.ub.edu\\\/es\\\/la-fundacion-dti-conmemora-su-5o-aniversario-en-el-parc-cientific-de-barcelona\\\/#primaryimage\",\"url\":\"http:\\\/\\\/www.pcb.ub.edu\\\/\\\/wp-content\\\/uploads\\\/2020\\\/11\\\/1371818784253.jpg\",\"contentUrl\":\"http:\\\/\\\/www.pcb.ub.edu\\\/\\\/wp-content\\\/uploads\\\/2020\\\/11\\\/1371818784253.jpg\"},{\"@type\":\"BreadcrumbList\",\"@id\":\"https:\\\/\\\/www.pcb.ub.edu\\\/es\\\/la-fundacion-dti-conmemora-su-5o-aniversario-en-el-parc-cientific-de-barcelona\\\/#breadcrumb\",\"itemListElement\":[{\"@type\":\"ListItem\",\"position\":1,\"name\":\"Home\",\"item\":\"https:\\\/\\\/www.pcb.ub.edu\\\/es\\\/\"},{\"@type\":\"ListItem\",\"position\":2,\"name\":\"La Fundaci\u00f3n DTI conmemora su 5\u00ba aniversario en el Parc Cient\u00edfic de Barcelona\"}]},{\"@type\":\"WebSite\",\"@id\":\"https:\\\/\\\/www.pcb.ub.edu\\\/es\\\/#website\",\"url\":\"https:\\\/\\\/www.pcb.ub.edu\\\/es\\\/\",\"name\":\"Parc Cient\u00edfic de Barcelona\",\"description\":\"Universitat de Barcelona\",\"potentialAction\":[{\"@type\":\"SearchAction\",\"target\":{\"@type\":\"EntryPoint\",\"urlTemplate\":\"https:\\\/\\\/www.pcb.ub.edu\\\/es\\\/?s={search_term_string}\"},\"query-input\":{\"@type\":\"PropertyValueSpecification\",\"valueRequired\":true,\"valueName\":\"search_term_string\"}}],\"inLanguage\":\"es\"},{\"@type\":\"Person\",\"@id\":\"https:\\\/\\\/www.pcb.ub.edu\\\/es\\\/#\\\/schema\\\/person\\\/d13cab05cd0a75b17fddca8496481021\",\"name\":\"adminpcb\",\"image\":{\"@type\":\"ImageObject\",\"inLanguage\":\"es\",\"@id\":\"https:\\\/\\\/secure.gravatar.com\\\/avatar\\\/41ad0fab4bb3bf5348b0af9612159cfd93173a57bbca98fecb50fa6f3ab97d28?s=96&d=mm&r=g\",\"url\":\"https:\\\/\\\/secure.gravatar.com\\\/avatar\\\/41ad0fab4bb3bf5348b0af9612159cfd93173a57bbca98fecb50fa6f3ab97d28?s=96&d=mm&r=g\",\"contentUrl\":\"https:\\\/\\\/secure.gravatar.com\\\/avatar\\\/41ad0fab4bb3bf5348b0af9612159cfd93173a57bbca98fecb50fa6f3ab97d28?s=96&d=mm&r=g\",\"caption\":\"adminpcb\"},\"url\":\"https:\\\/\\\/www.pcb.ub.edu\\\/es\\\/author\\\/adminpcb\\\/\"}]}<\/script>\n<!-- \/ Yoast SEO plugin. -->","yoast_head_json":{"title":"La Fundaci\u00f3n DTI conmemora su 5\u00ba aniversario en el Parc Cient\u00edfic de Barcelona - Parc Cient\u00edfic de Barcelona","robots":{"index":"index","follow":"follow","max-snippet":"max-snippet:-1","max-image-preview":"max-image-preview:large","max-video-preview":"max-video-preview:-1"},"canonical":"https:\/\/www.pcb.ub.edu\/es\/la-fundacion-dti-conmemora-su-5o-aniversario-en-el-parc-cientific-de-barcelona\/","og_locale":"es_ES","og_type":"article","og_title":"La Fundaci\u00f3n DTI conmemora su 5\u00ba aniversario en el Parc Cient\u00edfic de Barcelona - Parc Cient\u00edfic de Barcelona","og_description":"Ayer, 20 de junio, tuvo lugar en el Parc Cient\u00edfic de Barcelona el acto de celebraci\u00f3n del 5\u00ba aniversario de la Fundaci\u00f3 DTI (Donation &amp; Transplantation Institute), constituida en Barcelona en 2008 con la misi\u00f3n de asesorar, formar y apoyar profesionales de entidades p\u00fablicas y privadas, en la creaci\u00f3n, desarrollo y fortalecimiento de redes, programas y servicios en el campo de la donaci\u00f3n y trasplante de \u00f3rganos, tejidos y c\u00e9lulas humanas en todas las regiones y pa\u00edses del mundo.","og_url":"https:\/\/www.pcb.ub.edu\/es\/la-fundacion-dti-conmemora-su-5o-aniversario-en-el-parc-cientific-de-barcelona\/","og_site_name":"Parc Cient\u00edfic de Barcelona","article_published_time":"2013-06-20T23:00:00+00:00","article_modified_time":"2020-11-16T15:18:22+00:00","og_image":[{"url":"http:\/\/www.pcb.ub.edu\/\/wp-content\/uploads\/2020\/11\/1371818784253.jpg","type":"","width":"","height":""}],"author":"adminpcb","twitter_card":"summary_large_image","twitter_misc":{"Escrito por":"adminpcb","Tiempo de lectura":"3 minutos"},"schema":{"@context":"https:\/\/schema.org","@graph":[{"@type":"Article","@id":"https:\/\/www.pcb.ub.edu\/es\/la-fundacion-dti-conmemora-su-5o-aniversario-en-el-parc-cientific-de-barcelona\/#article","isPartOf":{"@id":"https:\/\/www.pcb.ub.edu\/es\/la-fundacion-dti-conmemora-su-5o-aniversario-en-el-parc-cientific-de-barcelona\/"},"author":{"name":"adminpcb","@id":"https:\/\/www.pcb.ub.edu\/es\/#\/schema\/person\/d13cab05cd0a75b17fddca8496481021"},"headline":"La Fundaci\u00f3n DTI conmemora su 5\u00ba aniversario en el Parc Cient\u00edfic de Barcelona","datePublished":"2013-06-20T23:00:00+00:00","dateModified":"2020-11-16T15:18:22+00:00","mainEntityOfPage":{"@id":"https:\/\/www.pcb.ub.edu\/es\/la-fundacion-dti-conmemora-su-5o-aniversario-en-el-parc-cientific-de-barcelona\/"},"wordCount":701,"image":{"@id":"https:\/\/www.pcb.ub.edu\/es\/la-fundacion-dti-conmemora-su-5o-aniversario-en-el-parc-cientific-de-barcelona\/#primaryimage"},"thumbnailUrl":"http:\/\/www.pcb.ub.edu\/\/wp-content\/uploads\/2020\/11\/1371818784253.jpg","articleSection":["Sin categorizar"],"inLanguage":"es"},{"@type":"WebPage","@id":"https:\/\/www.pcb.ub.edu\/es\/la-fundacion-dti-conmemora-su-5o-aniversario-en-el-parc-cientific-de-barcelona\/","url":"https:\/\/www.pcb.ub.edu\/es\/la-fundacion-dti-conmemora-su-5o-aniversario-en-el-parc-cientific-de-barcelona\/","name":"La Fundaci\u00f3n DTI conmemora su 5\u00ba aniversario en el Parc Cient\u00edfic de Barcelona - Parc Cient\u00edfic de Barcelona","isPartOf":{"@id":"https:\/\/www.pcb.ub.edu\/es\/#website"},"primaryImageOfPage":{"@id":"https:\/\/www.pcb.ub.edu\/es\/la-fundacion-dti-conmemora-su-5o-aniversario-en-el-parc-cientific-de-barcelona\/#primaryimage"},"image":{"@id":"https:\/\/www.pcb.ub.edu\/es\/la-fundacion-dti-conmemora-su-5o-aniversario-en-el-parc-cientific-de-barcelona\/#primaryimage"},"thumbnailUrl":"http:\/\/www.pcb.ub.edu\/\/wp-content\/uploads\/2020\/11\/1371818784253.jpg","datePublished":"2013-06-20T23:00:00+00:00","dateModified":"2020-11-16T15:18:22+00:00","author":{"@id":"https:\/\/www.pcb.ub.edu\/es\/#\/schema\/person\/d13cab05cd0a75b17fddca8496481021"},"breadcrumb":{"@id":"https:\/\/www.pcb.ub.edu\/es\/la-fundacion-dti-conmemora-su-5o-aniversario-en-el-parc-cientific-de-barcelona\/#breadcrumb"},"inLanguage":"es","potentialAction":[{"@type":"ReadAction","target":["https:\/\/www.pcb.ub.edu\/es\/la-fundacion-dti-conmemora-su-5o-aniversario-en-el-parc-cientific-de-barcelona\/"]}]},{"@type":"ImageObject","inLanguage":"es","@id":"https:\/\/www.pcb.ub.edu\/es\/la-fundacion-dti-conmemora-su-5o-aniversario-en-el-parc-cientific-de-barcelona\/#primaryimage","url":"http:\/\/www.pcb.ub.edu\/\/wp-content\/uploads\/2020\/11\/1371818784253.jpg","contentUrl":"http:\/\/www.pcb.ub.edu\/\/wp-content\/uploads\/2020\/11\/1371818784253.jpg"},{"@type":"BreadcrumbList","@id":"https:\/\/www.pcb.ub.edu\/es\/la-fundacion-dti-conmemora-su-5o-aniversario-en-el-parc-cientific-de-barcelona\/#breadcrumb","itemListElement":[{"@type":"ListItem","position":1,"name":"Home","item":"https:\/\/www.pcb.ub.edu\/es\/"},{"@type":"ListItem","position":2,"name":"La Fundaci\u00f3n DTI conmemora su 5\u00ba aniversario en el Parc Cient\u00edfic de Barcelona"}]},{"@type":"WebSite","@id":"https:\/\/www.pcb.ub.edu\/es\/#website","url":"https:\/\/www.pcb.ub.edu\/es\/","name":"Parc Cient\u00edfic de Barcelona","description":"Universitat de Barcelona","potentialAction":[{"@type":"SearchAction","target":{"@type":"EntryPoint","urlTemplate":"https:\/\/www.pcb.ub.edu\/es\/?s={search_term_string}"},"query-input":{"@type":"PropertyValueSpecification","valueRequired":true,"valueName":"search_term_string"}}],"inLanguage":"es"},{"@type":"Person","@id":"https:\/\/www.pcb.ub.edu\/es\/#\/schema\/person\/d13cab05cd0a75b17fddca8496481021","name":"adminpcb","image":{"@type":"ImageObject","inLanguage":"es","@id":"https:\/\/secure.gravatar.com\/avatar\/41ad0fab4bb3bf5348b0af9612159cfd93173a57bbca98fecb50fa6f3ab97d28?s=96&d=mm&r=g","url":"https:\/\/secure.gravatar.com\/avatar\/41ad0fab4bb3bf5348b0af9612159cfd93173a57bbca98fecb50fa6f3ab97d28?s=96&d=mm&r=g","contentUrl":"https:\/\/secure.gravatar.com\/avatar\/41ad0fab4bb3bf5348b0af9612159cfd93173a57bbca98fecb50fa6f3ab97d28?s=96&d=mm&r=g","caption":"adminpcb"},"url":"https:\/\/www.pcb.ub.edu\/es\/author\/adminpcb\/"}]}},"_links":{"self":[{"href":"https:\/\/www.pcb.ub.edu\/es\/wp-json\/wp\/v2\/posts\/37982","targetHints":{"allow":["GET"]}}],"collection":[{"href":"https:\/\/www.pcb.ub.edu\/es\/wp-json\/wp\/v2\/posts"}],"about":[{"href":"https:\/\/www.pcb.ub.edu\/es\/wp-json\/wp\/v2\/types\/post"}],"author":[{"embeddable":true,"href":"https:\/\/www.pcb.ub.edu\/es\/wp-json\/wp\/v2\/users\/1"}],"replies":[{"embeddable":true,"href":"https:\/\/www.pcb.ub.edu\/es\/wp-json\/wp\/v2\/comments?post=37982"}],"version-history":[{"count":1,"href":"https:\/\/www.pcb.ub.edu\/es\/wp-json\/wp\/v2\/posts\/37982\/revisions"}],"predecessor-version":[{"id":44152,"href":"https:\/\/www.pcb.ub.edu\/es\/wp-json\/wp\/v2\/posts\/37982\/revisions\/44152"}],"wp:attachment":[{"href":"https:\/\/www.pcb.ub.edu\/es\/wp-json\/wp\/v2\/media?parent=37982"}],"wp:term":[{"taxonomy":"category","embeddable":true,"href":"https:\/\/www.pcb.ub.edu\/es\/wp-json\/wp\/v2\/categories?post=37982"},{"taxonomy":"post_tag","embeddable":true,"href":"https:\/\/www.pcb.ub.edu\/es\/wp-json\/wp\/v2\/tags?post=37982"}],"curies":[{"name":"wp","href":"https:\/\/api.w.org\/{rel}","templated":true}]}}