{"id":37859,"date":"2012-12-18T00:00:00","date_gmt":"2012-12-17T23:00:00","guid":{"rendered":"http:\/\/www.pcb.ub.edu\/\/elisa-balducci-del-ibmb-csic-gana-la-5a-edicion-de-fotorecerca\/"},"modified":"2020-11-16T16:17:55","modified_gmt":"2020-11-16T15:17:55","slug":"elisa-balducci-del-ibmb-csic-gana-la-5a-edicion-de-fotorecerca","status":"publish","type":"post","link":"https:\/\/www.pcb.ub.edu\/es\/elisa-balducci-del-ibmb-csic-gana-la-5a-edicion-de-fotorecerca\/","title":{"rendered":"Elisa Balducci del IBMB-CSIC gana la 5\u00aa edici\u00f3n de \u00abFotorecerca\u00bb"},"content":{"rendered":"<p>\u00bb<\/p>\n<div class=\"col-sm-6 detall-noticia-imatges\">\n<div class=\"row\">\n<div class=\"item active one-image\">\n\t\t\t\t\t\t<a class=\"icon-search\" href='http:\/\/www.pcb.ub.edu\/\/wp-content\/uploads\/2020\/11\/1355997842561.jpg'><\/a><br \/>\n\t\t\t\t\t\t<img src='http:\/\/www.pcb.ub.edu\/\/wp-content\/uploads\/2020\/11\/1355997842561.jpg' \/>\n\t\t\t\t\t<\/div><\/div><\/div>\n<p>\t\t\t\u00abTrapecistas del cerebro:&#8217;metamorfosis&#8217; de la gl\u00eda radial\u00bb, la fotograf\u00eda ganadora del 1\u00ba premio \u2013una c\u00e1mara digital compacta Coolpix S6400 de Nikon\u2013 muestra una corteza cerebral postnatal. El desarrollo del cerebro de todos los vertebrados, parte de unas c\u00e9lulas progenitoras, llamadas \u2018gl\u00edas radiales,&#8217; que dan lugar a todas las neuronas del cerebro y que, una vez cumplida su misi\u00f3n, desaparecen. En la fotograf\u00eda se puede observar como las neuronas que se acaban de generar se \u00abenfilan\u00bb y descienden por las gl\u00edas radiales. Las prolongaciones que se contemplan en la zona proliferativa (parte inferior de la imagen) son caracter\u00edsticas de las gl\u00edas y sirven para que las neuronas migrantes sean guiadas hacia su correcta posici\u00f3n. Cuando todas las neuronas se han generado y la arquitectura cortical est\u00e1 formada, las gl\u00edas radiales recogen sus extensiones, pierden el contacto con la zona proliferativa y maduran dando lugar a los astrocitos, las c\u00e9lulas m\u00e1s numerosas del sistema nervioso, caracterizadas por sus proyecciones morfol\u00f3gicas en forma de estrella. La fotograf\u00eda ha sido obtenida con un microscopio confocal (Leica TCS-SP5), utilizando un objetivo 20x\u00bb.  <\/p>\n<p> \u00abCrescent moon\u00bb, la imagen ganadora de la acc\u00e9sit \u2013un libro de fotograf\u00eda \u00abUn d\u00eda en el Mundo\u00bb, un autorretrato de la humanidad en 1000 im\u00e1genes editado por Blume, con introducci\u00f3n de Desmond Tutu\u2013 muestra un embri\u00f3n de pez cebra de 24 horas despu\u00e9s de la fertilizaci\u00f3n del huevo. Es una proyecci\u00f3n de microscopia confocal de un embri\u00f3n fijado, que expresa GFP (<i>Green Fluorescente Protein<\/i>) en las membranas de todas sus c\u00e9lulas, te\u00f1ido con dapi (un tinte fluorescente que marca los n\u00facleos, en azul) y faloidina conjugada con TRITC (<i>Tetramethyl Rhodamine Isothiocyanate<\/i>), que marca la actina, en rojo.  <\/p>\n<p> A la convocatoria se han presentado 27 im\u00e1genes, que han sido realizadas por personal vinculado a institutos de investigaci\u00f3n, empresas, plataformas tecnol\u00f3gicas y otras entidades presentes en el Parc Cient\u00edfic de Barcelona. La elecci\u00f3n de los ganadores se ha llevado a cabo por un jurado multidisciplinar integrado por representantes institucionales del PCB y especialistas en comunicaci\u00f3n cient\u00edfica, dise\u00f1o gr\u00e1fico y fotograf\u00eda, que ha valorado la originalidad, la calidad art\u00edstica y t\u00e9cnica, el impacto visual y el contenido cient\u00edfico.  <\/p>\n<p> Adem\u00e1s de los ganadores, los cuatro finalistas han sido: \u00abMara\u00f1a\u00bb de Ana Mendes; \u00abOs estoy viendo&#8230;\u00bb de Anna Maria Seraf\u00edn; \u00abRelieve\u00bb de Ana Mendes y Helena Azevedo; y \u00abEntrecruzados II\u00bb de Esther Tejada-Montes y \u00c1lvaro Mata. Todas las fotograf\u00edas se pueden ver a trav\u00e9s de las pantallas de plasma que hay en las recepciones del Edificio Cl\u00faster y de las Torres R+D+I. <\/p>\n<p><b>Im\u00e1genes<\/b>: <i>Arriba, de izquierda a derecha, la fotograf\u00eda ganadora del 1\u00ba Premio \u00abTrapecistas del cerebro: &#8216;metamorfosis&#8217; de la gl\u00eda radial\u00bb, y la galardonada con el acc\u00e9sit \u00abCrescent moon\u00bb; debajo, de izquierda a derecha Elisa Balducci y Maria Marsal con Salvador Maluquer, director general del Parc Cient\u00edfic de Barcelona, durante el acto de entrega de los premios.<\/i> <\/p>\n<p> <a>M\u00e1s informaci\u00f3n [+]<\/a> <\/p>\n","protected":false},"excerpt":{"rendered":"<p>Hoy, martes 18 de diciembre, en el eje de conexiones de las Torres R+D+I, se ha celebrado la entrega de los premios de la la 5\u00ba edici\u00f3n de \u00abFotorecerca\u00bb, el concurso de fotograf\u00eda cient\u00edfica que convoca anualmente el Parc Cient\u00edfic de Barcelona con la finalidad de mostrar, a trav\u00e9s de una visi\u00f3n art\u00edstica, la investigaci\u00f3n que se realiza dentro de su entorno. Este a\u00f1o, las ganadoras han sido dos investigadoras postdoctorals del Instituto de Biolog\u00eda Molecular de Barcelona (IBMB-CSIC): Elisa Balducci, que ha obtenido el primer premio con la imagen <I>\u00abTrapecistas del cerebro: \u2018metamorfosis&#8217; de la gl\u00eda radial\u00bb<\/I>, y Maria Marsal, que ha conseguido el acc\u00e9sit con <i>\u00abCrescent moon\u00bb<\/i>. <\/p>\n","protected":false},"author":1,"featured_media":0,"comment_status":"closed","ping_status":"open","sticky":false,"template":"","format":"standard","meta":{"_acf_changed":false,"inline_featured_image":false,"footnotes":""},"categories":[9],"tags":[],"class_list":["post-37859","post","type-post","status-publish","format-standard","category-sin-categorizar"],"acf":[],"yoast_head":"<!-- This site is optimized with the Yoast SEO plugin v27.3 - https:\/\/yoast.com\/product\/yoast-seo-wordpress\/ -->\n<title>Elisa Balducci del IBMB-CSIC gana la 5\u00aa edici\u00f3n de \u00abFotorecerca\u00bb - Parc Cient\u00edfic de Barcelona<\/title>\n<meta name=\"robots\" content=\"index, follow, max-snippet:-1, max-image-preview:large, max-video-preview:-1\" \/>\n<link rel=\"canonical\" href=\"https:\/\/www.pcb.ub.edu\/es\/elisa-balducci-del-ibmb-csic-gana-la-5a-edicion-de-fotorecerca\/\" \/>\n<meta property=\"og:locale\" content=\"es_ES\" \/>\n<meta property=\"og:type\" content=\"article\" \/>\n<meta property=\"og:title\" content=\"Elisa Balducci del IBMB-CSIC gana la 5\u00aa edici\u00f3n de \u00abFotorecerca\u00bb - Parc Cient\u00edfic de Barcelona\" \/>\n<meta property=\"og:description\" content=\"Hoy, martes 18 de diciembre, en el eje de conexiones de las Torres R+D+I, se ha celebrado la entrega de los premios de la la 5\u00ba edici\u00f3n de \u00abFotorecerca\u00bb, el concurso de fotograf\u00eda cient\u00edfica que convoca anualmente el Parc Cient\u00edfic de Barcelona con la finalidad de mostrar, a trav\u00e9s de una visi\u00f3n art\u00edstica, la investigaci\u00f3n que se realiza dentro de su entorno. Este a\u00f1o, las ganadoras han sido dos investigadoras postdoctorals del Instituto de Biolog\u00eda Molecular de Barcelona (IBMB-CSIC): Elisa Balducci, que ha obtenido el primer premio con la imagen \u00abTrapecistas del cerebro: \u2018metamorfosis&#039; de la gl\u00eda radial\u00bb, y Maria Marsal, que ha conseguido el acc\u00e9sit con \u00abCrescent moon\u00bb.\" \/>\n<meta property=\"og:url\" content=\"https:\/\/www.pcb.ub.edu\/es\/elisa-balducci-del-ibmb-csic-gana-la-5a-edicion-de-fotorecerca\/\" \/>\n<meta property=\"og:site_name\" content=\"Parc Cient\u00edfic de Barcelona\" \/>\n<meta property=\"article:published_time\" content=\"2012-12-17T23:00:00+00:00\" \/>\n<meta property=\"article:modified_time\" content=\"2020-11-16T15:17:55+00:00\" \/>\n<meta property=\"og:image\" content=\"http:\/\/www.pcb.ub.edu\/\/wp-content\/uploads\/2020\/11\/1355997842561.jpg\" \/>\n<meta name=\"author\" content=\"adminpcb\" \/>\n<meta name=\"twitter:card\" content=\"summary_large_image\" \/>\n<meta name=\"twitter:label1\" content=\"Escrito por\" \/>\n\t<meta name=\"twitter:data1\" content=\"adminpcb\" \/>\n\t<meta name=\"twitter:label2\" content=\"Tiempo de lectura\" \/>\n\t<meta name=\"twitter:data2\" content=\"3 minutos\" \/>\n<script type=\"application\/ld+json\" class=\"yoast-schema-graph\">{\"@context\":\"https:\\\/\\\/schema.org\",\"@graph\":[{\"@type\":\"Article\",\"@id\":\"https:\\\/\\\/www.pcb.ub.edu\\\/es\\\/elisa-balducci-del-ibmb-csic-gana-la-5a-edicion-de-fotorecerca\\\/#article\",\"isPartOf\":{\"@id\":\"https:\\\/\\\/www.pcb.ub.edu\\\/es\\\/elisa-balducci-del-ibmb-csic-gana-la-5a-edicion-de-fotorecerca\\\/\"},\"author\":{\"name\":\"adminpcb\",\"@id\":\"https:\\\/\\\/www.pcb.ub.edu\\\/es\\\/#\\\/schema\\\/person\\\/d13cab05cd0a75b17fddca8496481021\"},\"headline\":\"Elisa Balducci del IBMB-CSIC gana la 5\u00aa edici\u00f3n de \u00abFotorecerca\u00bb\",\"datePublished\":\"2012-12-17T23:00:00+00:00\",\"dateModified\":\"2020-11-16T15:17:55+00:00\",\"mainEntityOfPage\":{\"@id\":\"https:\\\/\\\/www.pcb.ub.edu\\\/es\\\/elisa-balducci-del-ibmb-csic-gana-la-5a-edicion-de-fotorecerca\\\/\"},\"wordCount\":536,\"image\":{\"@id\":\"https:\\\/\\\/www.pcb.ub.edu\\\/es\\\/elisa-balducci-del-ibmb-csic-gana-la-5a-edicion-de-fotorecerca\\\/#primaryimage\"},\"thumbnailUrl\":\"http:\\\/\\\/www.pcb.ub.edu\\\/\\\/wp-content\\\/uploads\\\/2020\\\/11\\\/1355997842561.jpg\",\"articleSection\":[\"Sin categorizar\"],\"inLanguage\":\"es\"},{\"@type\":\"WebPage\",\"@id\":\"https:\\\/\\\/www.pcb.ub.edu\\\/es\\\/elisa-balducci-del-ibmb-csic-gana-la-5a-edicion-de-fotorecerca\\\/\",\"url\":\"https:\\\/\\\/www.pcb.ub.edu\\\/es\\\/elisa-balducci-del-ibmb-csic-gana-la-5a-edicion-de-fotorecerca\\\/\",\"name\":\"Elisa Balducci del IBMB-CSIC gana la 5\u00aa edici\u00f3n de \u00abFotorecerca\u00bb - Parc Cient\u00edfic de Barcelona\",\"isPartOf\":{\"@id\":\"https:\\\/\\\/www.pcb.ub.edu\\\/es\\\/#website\"},\"primaryImageOfPage\":{\"@id\":\"https:\\\/\\\/www.pcb.ub.edu\\\/es\\\/elisa-balducci-del-ibmb-csic-gana-la-5a-edicion-de-fotorecerca\\\/#primaryimage\"},\"image\":{\"@id\":\"https:\\\/\\\/www.pcb.ub.edu\\\/es\\\/elisa-balducci-del-ibmb-csic-gana-la-5a-edicion-de-fotorecerca\\\/#primaryimage\"},\"thumbnailUrl\":\"http:\\\/\\\/www.pcb.ub.edu\\\/\\\/wp-content\\\/uploads\\\/2020\\\/11\\\/1355997842561.jpg\",\"datePublished\":\"2012-12-17T23:00:00+00:00\",\"dateModified\":\"2020-11-16T15:17:55+00:00\",\"author\":{\"@id\":\"https:\\\/\\\/www.pcb.ub.edu\\\/es\\\/#\\\/schema\\\/person\\\/d13cab05cd0a75b17fddca8496481021\"},\"breadcrumb\":{\"@id\":\"https:\\\/\\\/www.pcb.ub.edu\\\/es\\\/elisa-balducci-del-ibmb-csic-gana-la-5a-edicion-de-fotorecerca\\\/#breadcrumb\"},\"inLanguage\":\"es\",\"potentialAction\":[{\"@type\":\"ReadAction\",\"target\":[\"https:\\\/\\\/www.pcb.ub.edu\\\/es\\\/elisa-balducci-del-ibmb-csic-gana-la-5a-edicion-de-fotorecerca\\\/\"]}]},{\"@type\":\"ImageObject\",\"inLanguage\":\"es\",\"@id\":\"https:\\\/\\\/www.pcb.ub.edu\\\/es\\\/elisa-balducci-del-ibmb-csic-gana-la-5a-edicion-de-fotorecerca\\\/#primaryimage\",\"url\":\"http:\\\/\\\/www.pcb.ub.edu\\\/\\\/wp-content\\\/uploads\\\/2020\\\/11\\\/1355997842561.jpg\",\"contentUrl\":\"http:\\\/\\\/www.pcb.ub.edu\\\/\\\/wp-content\\\/uploads\\\/2020\\\/11\\\/1355997842561.jpg\"},{\"@type\":\"BreadcrumbList\",\"@id\":\"https:\\\/\\\/www.pcb.ub.edu\\\/es\\\/elisa-balducci-del-ibmb-csic-gana-la-5a-edicion-de-fotorecerca\\\/#breadcrumb\",\"itemListElement\":[{\"@type\":\"ListItem\",\"position\":1,\"name\":\"Home\",\"item\":\"https:\\\/\\\/www.pcb.ub.edu\\\/es\\\/\"},{\"@type\":\"ListItem\",\"position\":2,\"name\":\"Elisa Balducci del IBMB-CSIC gana la 5\u00aa edici\u00f3n de \u00abFotorecerca\u00bb\"}]},{\"@type\":\"WebSite\",\"@id\":\"https:\\\/\\\/www.pcb.ub.edu\\\/es\\\/#website\",\"url\":\"https:\\\/\\\/www.pcb.ub.edu\\\/es\\\/\",\"name\":\"Parc Cient\u00edfic de Barcelona\",\"description\":\"Universitat de Barcelona\",\"potentialAction\":[{\"@type\":\"SearchAction\",\"target\":{\"@type\":\"EntryPoint\",\"urlTemplate\":\"https:\\\/\\\/www.pcb.ub.edu\\\/es\\\/?s={search_term_string}\"},\"query-input\":{\"@type\":\"PropertyValueSpecification\",\"valueRequired\":true,\"valueName\":\"search_term_string\"}}],\"inLanguage\":\"es\"},{\"@type\":\"Person\",\"@id\":\"https:\\\/\\\/www.pcb.ub.edu\\\/es\\\/#\\\/schema\\\/person\\\/d13cab05cd0a75b17fddca8496481021\",\"name\":\"adminpcb\",\"image\":{\"@type\":\"ImageObject\",\"inLanguage\":\"es\",\"@id\":\"https:\\\/\\\/secure.gravatar.com\\\/avatar\\\/41ad0fab4bb3bf5348b0af9612159cfd93173a57bbca98fecb50fa6f3ab97d28?s=96&d=mm&r=g\",\"url\":\"https:\\\/\\\/secure.gravatar.com\\\/avatar\\\/41ad0fab4bb3bf5348b0af9612159cfd93173a57bbca98fecb50fa6f3ab97d28?s=96&d=mm&r=g\",\"contentUrl\":\"https:\\\/\\\/secure.gravatar.com\\\/avatar\\\/41ad0fab4bb3bf5348b0af9612159cfd93173a57bbca98fecb50fa6f3ab97d28?s=96&d=mm&r=g\",\"caption\":\"adminpcb\"},\"url\":\"https:\\\/\\\/www.pcb.ub.edu\\\/es\\\/author\\\/adminpcb\\\/\"}]}<\/script>\n<!-- \/ Yoast SEO plugin. -->","yoast_head_json":{"title":"Elisa Balducci del IBMB-CSIC gana la 5\u00aa edici\u00f3n de \u00abFotorecerca\u00bb - Parc Cient\u00edfic de Barcelona","robots":{"index":"index","follow":"follow","max-snippet":"max-snippet:-1","max-image-preview":"max-image-preview:large","max-video-preview":"max-video-preview:-1"},"canonical":"https:\/\/www.pcb.ub.edu\/es\/elisa-balducci-del-ibmb-csic-gana-la-5a-edicion-de-fotorecerca\/","og_locale":"es_ES","og_type":"article","og_title":"Elisa Balducci del IBMB-CSIC gana la 5\u00aa edici\u00f3n de \u00abFotorecerca\u00bb - Parc Cient\u00edfic de Barcelona","og_description":"Hoy, martes 18 de diciembre, en el eje de conexiones de las Torres R+D+I, se ha celebrado la entrega de los premios de la la 5\u00ba edici\u00f3n de \u00abFotorecerca\u00bb, el concurso de fotograf\u00eda cient\u00edfica que convoca anualmente el Parc Cient\u00edfic de Barcelona con la finalidad de mostrar, a trav\u00e9s de una visi\u00f3n art\u00edstica, la investigaci\u00f3n que se realiza dentro de su entorno. Este a\u00f1o, las ganadoras han sido dos investigadoras postdoctorals del Instituto de Biolog\u00eda Molecular de Barcelona (IBMB-CSIC): Elisa Balducci, que ha obtenido el primer premio con la imagen \u00abTrapecistas del cerebro: \u2018metamorfosis' de la gl\u00eda radial\u00bb, y Maria Marsal, que ha conseguido el acc\u00e9sit con \u00abCrescent moon\u00bb.","og_url":"https:\/\/www.pcb.ub.edu\/es\/elisa-balducci-del-ibmb-csic-gana-la-5a-edicion-de-fotorecerca\/","og_site_name":"Parc Cient\u00edfic de Barcelona","article_published_time":"2012-12-17T23:00:00+00:00","article_modified_time":"2020-11-16T15:17:55+00:00","og_image":[{"url":"http:\/\/www.pcb.ub.edu\/\/wp-content\/uploads\/2020\/11\/1355997842561.jpg","type":"","width":"","height":""}],"author":"adminpcb","twitter_card":"summary_large_image","twitter_misc":{"Escrito por":"adminpcb","Tiempo de lectura":"3 minutos"},"schema":{"@context":"https:\/\/schema.org","@graph":[{"@type":"Article","@id":"https:\/\/www.pcb.ub.edu\/es\/elisa-balducci-del-ibmb-csic-gana-la-5a-edicion-de-fotorecerca\/#article","isPartOf":{"@id":"https:\/\/www.pcb.ub.edu\/es\/elisa-balducci-del-ibmb-csic-gana-la-5a-edicion-de-fotorecerca\/"},"author":{"name":"adminpcb","@id":"https:\/\/www.pcb.ub.edu\/es\/#\/schema\/person\/d13cab05cd0a75b17fddca8496481021"},"headline":"Elisa Balducci del IBMB-CSIC gana la 5\u00aa edici\u00f3n de \u00abFotorecerca\u00bb","datePublished":"2012-12-17T23:00:00+00:00","dateModified":"2020-11-16T15:17:55+00:00","mainEntityOfPage":{"@id":"https:\/\/www.pcb.ub.edu\/es\/elisa-balducci-del-ibmb-csic-gana-la-5a-edicion-de-fotorecerca\/"},"wordCount":536,"image":{"@id":"https:\/\/www.pcb.ub.edu\/es\/elisa-balducci-del-ibmb-csic-gana-la-5a-edicion-de-fotorecerca\/#primaryimage"},"thumbnailUrl":"http:\/\/www.pcb.ub.edu\/\/wp-content\/uploads\/2020\/11\/1355997842561.jpg","articleSection":["Sin categorizar"],"inLanguage":"es"},{"@type":"WebPage","@id":"https:\/\/www.pcb.ub.edu\/es\/elisa-balducci-del-ibmb-csic-gana-la-5a-edicion-de-fotorecerca\/","url":"https:\/\/www.pcb.ub.edu\/es\/elisa-balducci-del-ibmb-csic-gana-la-5a-edicion-de-fotorecerca\/","name":"Elisa Balducci del IBMB-CSIC gana la 5\u00aa edici\u00f3n de \u00abFotorecerca\u00bb - Parc Cient\u00edfic de Barcelona","isPartOf":{"@id":"https:\/\/www.pcb.ub.edu\/es\/#website"},"primaryImageOfPage":{"@id":"https:\/\/www.pcb.ub.edu\/es\/elisa-balducci-del-ibmb-csic-gana-la-5a-edicion-de-fotorecerca\/#primaryimage"},"image":{"@id":"https:\/\/www.pcb.ub.edu\/es\/elisa-balducci-del-ibmb-csic-gana-la-5a-edicion-de-fotorecerca\/#primaryimage"},"thumbnailUrl":"http:\/\/www.pcb.ub.edu\/\/wp-content\/uploads\/2020\/11\/1355997842561.jpg","datePublished":"2012-12-17T23:00:00+00:00","dateModified":"2020-11-16T15:17:55+00:00","author":{"@id":"https:\/\/www.pcb.ub.edu\/es\/#\/schema\/person\/d13cab05cd0a75b17fddca8496481021"},"breadcrumb":{"@id":"https:\/\/www.pcb.ub.edu\/es\/elisa-balducci-del-ibmb-csic-gana-la-5a-edicion-de-fotorecerca\/#breadcrumb"},"inLanguage":"es","potentialAction":[{"@type":"ReadAction","target":["https:\/\/www.pcb.ub.edu\/es\/elisa-balducci-del-ibmb-csic-gana-la-5a-edicion-de-fotorecerca\/"]}]},{"@type":"ImageObject","inLanguage":"es","@id":"https:\/\/www.pcb.ub.edu\/es\/elisa-balducci-del-ibmb-csic-gana-la-5a-edicion-de-fotorecerca\/#primaryimage","url":"http:\/\/www.pcb.ub.edu\/\/wp-content\/uploads\/2020\/11\/1355997842561.jpg","contentUrl":"http:\/\/www.pcb.ub.edu\/\/wp-content\/uploads\/2020\/11\/1355997842561.jpg"},{"@type":"BreadcrumbList","@id":"https:\/\/www.pcb.ub.edu\/es\/elisa-balducci-del-ibmb-csic-gana-la-5a-edicion-de-fotorecerca\/#breadcrumb","itemListElement":[{"@type":"ListItem","position":1,"name":"Home","item":"https:\/\/www.pcb.ub.edu\/es\/"},{"@type":"ListItem","position":2,"name":"Elisa Balducci del IBMB-CSIC gana la 5\u00aa edici\u00f3n de \u00abFotorecerca\u00bb"}]},{"@type":"WebSite","@id":"https:\/\/www.pcb.ub.edu\/es\/#website","url":"https:\/\/www.pcb.ub.edu\/es\/","name":"Parc Cient\u00edfic de Barcelona","description":"Universitat de Barcelona","potentialAction":[{"@type":"SearchAction","target":{"@type":"EntryPoint","urlTemplate":"https:\/\/www.pcb.ub.edu\/es\/?s={search_term_string}"},"query-input":{"@type":"PropertyValueSpecification","valueRequired":true,"valueName":"search_term_string"}}],"inLanguage":"es"},{"@type":"Person","@id":"https:\/\/www.pcb.ub.edu\/es\/#\/schema\/person\/d13cab05cd0a75b17fddca8496481021","name":"adminpcb","image":{"@type":"ImageObject","inLanguage":"es","@id":"https:\/\/secure.gravatar.com\/avatar\/41ad0fab4bb3bf5348b0af9612159cfd93173a57bbca98fecb50fa6f3ab97d28?s=96&d=mm&r=g","url":"https:\/\/secure.gravatar.com\/avatar\/41ad0fab4bb3bf5348b0af9612159cfd93173a57bbca98fecb50fa6f3ab97d28?s=96&d=mm&r=g","contentUrl":"https:\/\/secure.gravatar.com\/avatar\/41ad0fab4bb3bf5348b0af9612159cfd93173a57bbca98fecb50fa6f3ab97d28?s=96&d=mm&r=g","caption":"adminpcb"},"url":"https:\/\/www.pcb.ub.edu\/es\/author\/adminpcb\/"}]}},"_links":{"self":[{"href":"https:\/\/www.pcb.ub.edu\/es\/wp-json\/wp\/v2\/posts\/37859","targetHints":{"allow":["GET"]}}],"collection":[{"href":"https:\/\/www.pcb.ub.edu\/es\/wp-json\/wp\/v2\/posts"}],"about":[{"href":"https:\/\/www.pcb.ub.edu\/es\/wp-json\/wp\/v2\/types\/post"}],"author":[{"embeddable":true,"href":"https:\/\/www.pcb.ub.edu\/es\/wp-json\/wp\/v2\/users\/1"}],"replies":[{"embeddable":true,"href":"https:\/\/www.pcb.ub.edu\/es\/wp-json\/wp\/v2\/comments?post=37859"}],"version-history":[{"count":1,"href":"https:\/\/www.pcb.ub.edu\/es\/wp-json\/wp\/v2\/posts\/37859\/revisions"}],"predecessor-version":[{"id":44048,"href":"https:\/\/www.pcb.ub.edu\/es\/wp-json\/wp\/v2\/posts\/37859\/revisions\/44048"}],"wp:attachment":[{"href":"https:\/\/www.pcb.ub.edu\/es\/wp-json\/wp\/v2\/media?parent=37859"}],"wp:term":[{"taxonomy":"category","embeddable":true,"href":"https:\/\/www.pcb.ub.edu\/es\/wp-json\/wp\/v2\/categories?post=37859"},{"taxonomy":"post_tag","embeddable":true,"href":"https:\/\/www.pcb.ub.edu\/es\/wp-json\/wp\/v2\/tags?post=37859"}],"curies":[{"name":"wp","href":"https:\/\/api.w.org\/{rel}","templated":true}]}}