{"id":37858,"date":"2012-12-14T00:00:00","date_gmt":"2012-12-13T23:00:00","guid":{"rendered":"http:\/\/www.pcb.ub.edu\/\/el-irb-barcelona-y-la-fundacion-bbva-organizan-una-encuentro-internacional-de-bioestadisticos\/"},"modified":"2020-11-16T16:17:55","modified_gmt":"2020-11-16T15:17:55","slug":"el-irb-barcelona-y-la-fundacion-bbva-organizan-una-encuentro-internacional-de-bioestadisticos","status":"publish","type":"post","link":"https:\/\/www.pcb.ub.edu\/es\/el-irb-barcelona-y-la-fundacion-bbva-organizan-una-encuentro-internacional-de-bioestadisticos\/","title":{"rendered":"El IRB Barcelona y la Fundaci\u00f3n BBVA organizan una encuentro internacional de bioestad\u00edsticos"},"content":{"rendered":"<p>\u00bb<\/p>\n<div class=\"col-sm-6 detall-noticia-imatges\">\n<div class=\"row\">\n<div class=\"item active one-image\">\n\t\t\t\t\t\t<a class=\"icon-search\" href='http:\/\/www.pcb.ub.edu\/\/wp-content\/uploads\/2020\/11\/1355846008770.jpg'><\/a><br \/>\n\t\t\t\t\t\t<img src='http:\/\/www.pcb.ub.edu\/\/wp-content\/uploads\/2020\/11\/1355846008770.jpg' \/>\n\t\t\t\t\t<\/div><\/div><\/div>\n<p>\t\t\tEl encuentro \u2013que cuenta con el apoyo de la Fundaci\u00f3n BBVA\u2013 est\u00e1 organizado por David Rossell, responsable de la Plataforma de Bioestad\u00edstica y Bioinform\u00e0tica en el Instituto de Investigaci\u00f3n Biom\u00e9dica (IRB Barcelona); Donald Berry, catedr\u00e1tico de Estad\u00edstica en la Universidad de Texas MD Anderson Cancer Center; y el investigador ICREA Omiros Papaspiliopoulos, del Departamento de Econom\u00eda de la Universitat Pompeu Fabra.  <\/p>\n<p> La capacidad de obtener y almacenar cantidades colosales de datos biom\u00e9dicos requiere profesionales para analizarlos e interpretarlos correctamente. \u00abNuestro trabajo es hacer hablar a los datos, extraer la informaci\u00f3n relevante de entre la monta\u00f1a de ruido que da la biolog\u00eda\u00bb, explica Rossell. \u00abLa bioestad\u00edstica es como un radar para la biomedicina: permite a los bi\u00f3logos navegar con algo de luz por un mar de informaci\u00f3n inmenso, ahorr\u00e1ndoles en el trayecto experimentos inadecuados y ayud\u00e1ndoles en el dise\u00f1o\u00bb. <\/p>\n<p> <a href=\"http:\/\/www.irbbarcelona.org\/index.php\/es\/news\/irb-news\/corporative\/david-rossell-biostatistics-is-the-radar-in-biomedicine-it-detects-what-is-relevant-in-an-immense-ocean-of-data\" target=\"_blank\" class=\"email\" rel=\"noopener noreferrer\">M\u00e1s informaci\u00f3n [+]<\/a>    <\/p>\n","protected":false},"excerpt":{"rendered":"<p>En el marco de la Conferencia Barcelona Biomed &#8216;<i>Bayesian Methods in Biostatistics and Bioinformatics<\/i>&#8216;, que tendr\u00e1 lugar del 17 al 19 de diciembre en el Instituto de Estudios Catalanes, una veintena de bioestad\u00edstics \u2013provenientes principalmente de los Estados Unidos y Europa\u2013 explicar\u00e1n a una audiencia multidisciplinar las virtudes de la estad\u00edstica para aplicaciones biom\u00e9dicas y expondr\u00e1n cu\u00e1l es el estado actual de la disciplina, en qu\u00e9 \u00e1reas biom\u00e9dicas est\u00e1 contribuyendo y qu\u00e9 son los principales obst\u00e1culos a superar para interpretar mejor los datos.   <\/p>\n","protected":false},"author":1,"featured_media":0,"comment_status":"closed","ping_status":"open","sticky":false,"template":"","format":"standard","meta":{"_acf_changed":false,"inline_featured_image":false,"footnotes":""},"categories":[9],"tags":[],"class_list":["post-37858","post","type-post","status-publish","format-standard","category-sin-categorizar"],"acf":[],"yoast_head":"<!-- This site is optimized with the Yoast SEO plugin v27.3 - https:\/\/yoast.com\/product\/yoast-seo-wordpress\/ -->\n<title>El IRB Barcelona y la Fundaci\u00f3n BBVA organizan una encuentro internacional de bioestad\u00edsticos - Parc Cient\u00edfic de Barcelona<\/title>\n<meta name=\"robots\" content=\"index, follow, max-snippet:-1, max-image-preview:large, max-video-preview:-1\" \/>\n<link rel=\"canonical\" href=\"https:\/\/www.pcb.ub.edu\/es\/el-irb-barcelona-y-la-fundacion-bbva-organizan-una-encuentro-internacional-de-bioestadisticos\/\" \/>\n<meta property=\"og:locale\" content=\"es_ES\" \/>\n<meta property=\"og:type\" content=\"article\" \/>\n<meta property=\"og:title\" content=\"El IRB Barcelona y la Fundaci\u00f3n BBVA organizan una encuentro internacional de bioestad\u00edsticos - Parc Cient\u00edfic de Barcelona\" \/>\n<meta property=\"og:description\" content=\"En el marco de la Conferencia Barcelona Biomed &#039;Bayesian Methods in Biostatistics and Bioinformatics&#039;, que tendr\u00e1 lugar del 17 al 19 de diciembre en el Instituto de Estudios Catalanes, una veintena de bioestad\u00edstics \u2013provenientes principalmente de los Estados Unidos y Europa\u2013 explicar\u00e1n a una audiencia multidisciplinar las virtudes de la estad\u00edstica para aplicaciones biom\u00e9dicas y expondr\u00e1n cu\u00e1l es el estado actual de la disciplina, en qu\u00e9 \u00e1reas biom\u00e9dicas est\u00e1 contribuyendo y qu\u00e9 son los principales obst\u00e1culos a superar para interpretar mejor los datos.\" \/>\n<meta property=\"og:url\" content=\"https:\/\/www.pcb.ub.edu\/es\/el-irb-barcelona-y-la-fundacion-bbva-organizan-una-encuentro-internacional-de-bioestadisticos\/\" \/>\n<meta property=\"og:site_name\" content=\"Parc Cient\u00edfic de Barcelona\" \/>\n<meta property=\"article:published_time\" content=\"2012-12-13T23:00:00+00:00\" \/>\n<meta property=\"article:modified_time\" content=\"2020-11-16T15:17:55+00:00\" \/>\n<meta property=\"og:image\" content=\"http:\/\/www.pcb.ub.edu\/\/wp-content\/uploads\/2020\/11\/1355846008770.jpg\" \/>\n<meta name=\"author\" content=\"adminpcb\" \/>\n<meta name=\"twitter:card\" content=\"summary_large_image\" \/>\n<meta name=\"twitter:label1\" content=\"Escrito por\" \/>\n\t<meta name=\"twitter:data1\" content=\"adminpcb\" \/>\n\t<meta name=\"twitter:label2\" content=\"Tiempo de lectura\" \/>\n\t<meta name=\"twitter:data2\" content=\"1 minuto\" \/>\n<script type=\"application\/ld+json\" class=\"yoast-schema-graph\">{\"@context\":\"https:\\\/\\\/schema.org\",\"@graph\":[{\"@type\":\"Article\",\"@id\":\"https:\\\/\\\/www.pcb.ub.edu\\\/es\\\/el-irb-barcelona-y-la-fundacion-bbva-organizan-una-encuentro-internacional-de-bioestadisticos\\\/#article\",\"isPartOf\":{\"@id\":\"https:\\\/\\\/www.pcb.ub.edu\\\/es\\\/el-irb-barcelona-y-la-fundacion-bbva-organizan-una-encuentro-internacional-de-bioestadisticos\\\/\"},\"author\":{\"name\":\"adminpcb\",\"@id\":\"https:\\\/\\\/www.pcb.ub.edu\\\/es\\\/#\\\/schema\\\/person\\\/d13cab05cd0a75b17fddca8496481021\"},\"headline\":\"El IRB Barcelona y la Fundaci\u00f3n BBVA organizan una encuentro internacional de bioestad\u00edsticos\",\"datePublished\":\"2012-12-13T23:00:00+00:00\",\"dateModified\":\"2020-11-16T15:17:55+00:00\",\"mainEntityOfPage\":{\"@id\":\"https:\\\/\\\/www.pcb.ub.edu\\\/es\\\/el-irb-barcelona-y-la-fundacion-bbva-organizan-una-encuentro-internacional-de-bioestadisticos\\\/\"},\"wordCount\":175,\"image\":{\"@id\":\"https:\\\/\\\/www.pcb.ub.edu\\\/es\\\/el-irb-barcelona-y-la-fundacion-bbva-organizan-una-encuentro-internacional-de-bioestadisticos\\\/#primaryimage\"},\"thumbnailUrl\":\"http:\\\/\\\/www.pcb.ub.edu\\\/\\\/wp-content\\\/uploads\\\/2020\\\/11\\\/1355846008770.jpg\",\"articleSection\":[\"Sin categorizar\"],\"inLanguage\":\"es\"},{\"@type\":\"WebPage\",\"@id\":\"https:\\\/\\\/www.pcb.ub.edu\\\/es\\\/el-irb-barcelona-y-la-fundacion-bbva-organizan-una-encuentro-internacional-de-bioestadisticos\\\/\",\"url\":\"https:\\\/\\\/www.pcb.ub.edu\\\/es\\\/el-irb-barcelona-y-la-fundacion-bbva-organizan-una-encuentro-internacional-de-bioestadisticos\\\/\",\"name\":\"El IRB Barcelona y la Fundaci\u00f3n BBVA organizan una encuentro internacional de bioestad\u00edsticos - Parc Cient\u00edfic de Barcelona\",\"isPartOf\":{\"@id\":\"https:\\\/\\\/www.pcb.ub.edu\\\/es\\\/#website\"},\"primaryImageOfPage\":{\"@id\":\"https:\\\/\\\/www.pcb.ub.edu\\\/es\\\/el-irb-barcelona-y-la-fundacion-bbva-organizan-una-encuentro-internacional-de-bioestadisticos\\\/#primaryimage\"},\"image\":{\"@id\":\"https:\\\/\\\/www.pcb.ub.edu\\\/es\\\/el-irb-barcelona-y-la-fundacion-bbva-organizan-una-encuentro-internacional-de-bioestadisticos\\\/#primaryimage\"},\"thumbnailUrl\":\"http:\\\/\\\/www.pcb.ub.edu\\\/\\\/wp-content\\\/uploads\\\/2020\\\/11\\\/1355846008770.jpg\",\"datePublished\":\"2012-12-13T23:00:00+00:00\",\"dateModified\":\"2020-11-16T15:17:55+00:00\",\"author\":{\"@id\":\"https:\\\/\\\/www.pcb.ub.edu\\\/es\\\/#\\\/schema\\\/person\\\/d13cab05cd0a75b17fddca8496481021\"},\"breadcrumb\":{\"@id\":\"https:\\\/\\\/www.pcb.ub.edu\\\/es\\\/el-irb-barcelona-y-la-fundacion-bbva-organizan-una-encuentro-internacional-de-bioestadisticos\\\/#breadcrumb\"},\"inLanguage\":\"es\",\"potentialAction\":[{\"@type\":\"ReadAction\",\"target\":[\"https:\\\/\\\/www.pcb.ub.edu\\\/es\\\/el-irb-barcelona-y-la-fundacion-bbva-organizan-una-encuentro-internacional-de-bioestadisticos\\\/\"]}]},{\"@type\":\"ImageObject\",\"inLanguage\":\"es\",\"@id\":\"https:\\\/\\\/www.pcb.ub.edu\\\/es\\\/el-irb-barcelona-y-la-fundacion-bbva-organizan-una-encuentro-internacional-de-bioestadisticos\\\/#primaryimage\",\"url\":\"http:\\\/\\\/www.pcb.ub.edu\\\/\\\/wp-content\\\/uploads\\\/2020\\\/11\\\/1355846008770.jpg\",\"contentUrl\":\"http:\\\/\\\/www.pcb.ub.edu\\\/\\\/wp-content\\\/uploads\\\/2020\\\/11\\\/1355846008770.jpg\"},{\"@type\":\"BreadcrumbList\",\"@id\":\"https:\\\/\\\/www.pcb.ub.edu\\\/es\\\/el-irb-barcelona-y-la-fundacion-bbva-organizan-una-encuentro-internacional-de-bioestadisticos\\\/#breadcrumb\",\"itemListElement\":[{\"@type\":\"ListItem\",\"position\":1,\"name\":\"Home\",\"item\":\"https:\\\/\\\/www.pcb.ub.edu\\\/es\\\/\"},{\"@type\":\"ListItem\",\"position\":2,\"name\":\"El IRB Barcelona y la Fundaci\u00f3n BBVA organizan una encuentro internacional de bioestad\u00edsticos\"}]},{\"@type\":\"WebSite\",\"@id\":\"https:\\\/\\\/www.pcb.ub.edu\\\/es\\\/#website\",\"url\":\"https:\\\/\\\/www.pcb.ub.edu\\\/es\\\/\",\"name\":\"Parc Cient\u00edfic de Barcelona\",\"description\":\"Universitat de Barcelona\",\"potentialAction\":[{\"@type\":\"SearchAction\",\"target\":{\"@type\":\"EntryPoint\",\"urlTemplate\":\"https:\\\/\\\/www.pcb.ub.edu\\\/es\\\/?s={search_term_string}\"},\"query-input\":{\"@type\":\"PropertyValueSpecification\",\"valueRequired\":true,\"valueName\":\"search_term_string\"}}],\"inLanguage\":\"es\"},{\"@type\":\"Person\",\"@id\":\"https:\\\/\\\/www.pcb.ub.edu\\\/es\\\/#\\\/schema\\\/person\\\/d13cab05cd0a75b17fddca8496481021\",\"name\":\"adminpcb\",\"image\":{\"@type\":\"ImageObject\",\"inLanguage\":\"es\",\"@id\":\"https:\\\/\\\/secure.gravatar.com\\\/avatar\\\/41ad0fab4bb3bf5348b0af9612159cfd93173a57bbca98fecb50fa6f3ab97d28?s=96&d=mm&r=g\",\"url\":\"https:\\\/\\\/secure.gravatar.com\\\/avatar\\\/41ad0fab4bb3bf5348b0af9612159cfd93173a57bbca98fecb50fa6f3ab97d28?s=96&d=mm&r=g\",\"contentUrl\":\"https:\\\/\\\/secure.gravatar.com\\\/avatar\\\/41ad0fab4bb3bf5348b0af9612159cfd93173a57bbca98fecb50fa6f3ab97d28?s=96&d=mm&r=g\",\"caption\":\"adminpcb\"},\"url\":\"https:\\\/\\\/www.pcb.ub.edu\\\/es\\\/author\\\/adminpcb\\\/\"}]}<\/script>\n<!-- \/ Yoast SEO plugin. -->","yoast_head_json":{"title":"El IRB Barcelona y la Fundaci\u00f3n BBVA organizan una encuentro internacional de bioestad\u00edsticos - Parc Cient\u00edfic de Barcelona","robots":{"index":"index","follow":"follow","max-snippet":"max-snippet:-1","max-image-preview":"max-image-preview:large","max-video-preview":"max-video-preview:-1"},"canonical":"https:\/\/www.pcb.ub.edu\/es\/el-irb-barcelona-y-la-fundacion-bbva-organizan-una-encuentro-internacional-de-bioestadisticos\/","og_locale":"es_ES","og_type":"article","og_title":"El IRB Barcelona y la Fundaci\u00f3n BBVA organizan una encuentro internacional de bioestad\u00edsticos - Parc Cient\u00edfic de Barcelona","og_description":"En el marco de la Conferencia Barcelona Biomed 'Bayesian Methods in Biostatistics and Bioinformatics', que tendr\u00e1 lugar del 17 al 19 de diciembre en el Instituto de Estudios Catalanes, una veintena de bioestad\u00edstics \u2013provenientes principalmente de los Estados Unidos y Europa\u2013 explicar\u00e1n a una audiencia multidisciplinar las virtudes de la estad\u00edstica para aplicaciones biom\u00e9dicas y expondr\u00e1n cu\u00e1l es el estado actual de la disciplina, en qu\u00e9 \u00e1reas biom\u00e9dicas est\u00e1 contribuyendo y qu\u00e9 son los principales obst\u00e1culos a superar para interpretar mejor los datos.","og_url":"https:\/\/www.pcb.ub.edu\/es\/el-irb-barcelona-y-la-fundacion-bbva-organizan-una-encuentro-internacional-de-bioestadisticos\/","og_site_name":"Parc Cient\u00edfic de Barcelona","article_published_time":"2012-12-13T23:00:00+00:00","article_modified_time":"2020-11-16T15:17:55+00:00","og_image":[{"url":"http:\/\/www.pcb.ub.edu\/\/wp-content\/uploads\/2020\/11\/1355846008770.jpg","type":"","width":"","height":""}],"author":"adminpcb","twitter_card":"summary_large_image","twitter_misc":{"Escrito por":"adminpcb","Tiempo de lectura":"1 minuto"},"schema":{"@context":"https:\/\/schema.org","@graph":[{"@type":"Article","@id":"https:\/\/www.pcb.ub.edu\/es\/el-irb-barcelona-y-la-fundacion-bbva-organizan-una-encuentro-internacional-de-bioestadisticos\/#article","isPartOf":{"@id":"https:\/\/www.pcb.ub.edu\/es\/el-irb-barcelona-y-la-fundacion-bbva-organizan-una-encuentro-internacional-de-bioestadisticos\/"},"author":{"name":"adminpcb","@id":"https:\/\/www.pcb.ub.edu\/es\/#\/schema\/person\/d13cab05cd0a75b17fddca8496481021"},"headline":"El IRB Barcelona y la Fundaci\u00f3n BBVA organizan una encuentro internacional de bioestad\u00edsticos","datePublished":"2012-12-13T23:00:00+00:00","dateModified":"2020-11-16T15:17:55+00:00","mainEntityOfPage":{"@id":"https:\/\/www.pcb.ub.edu\/es\/el-irb-barcelona-y-la-fundacion-bbva-organizan-una-encuentro-internacional-de-bioestadisticos\/"},"wordCount":175,"image":{"@id":"https:\/\/www.pcb.ub.edu\/es\/el-irb-barcelona-y-la-fundacion-bbva-organizan-una-encuentro-internacional-de-bioestadisticos\/#primaryimage"},"thumbnailUrl":"http:\/\/www.pcb.ub.edu\/\/wp-content\/uploads\/2020\/11\/1355846008770.jpg","articleSection":["Sin categorizar"],"inLanguage":"es"},{"@type":"WebPage","@id":"https:\/\/www.pcb.ub.edu\/es\/el-irb-barcelona-y-la-fundacion-bbva-organizan-una-encuentro-internacional-de-bioestadisticos\/","url":"https:\/\/www.pcb.ub.edu\/es\/el-irb-barcelona-y-la-fundacion-bbva-organizan-una-encuentro-internacional-de-bioestadisticos\/","name":"El IRB Barcelona y la Fundaci\u00f3n BBVA organizan una encuentro internacional de bioestad\u00edsticos - Parc Cient\u00edfic de Barcelona","isPartOf":{"@id":"https:\/\/www.pcb.ub.edu\/es\/#website"},"primaryImageOfPage":{"@id":"https:\/\/www.pcb.ub.edu\/es\/el-irb-barcelona-y-la-fundacion-bbva-organizan-una-encuentro-internacional-de-bioestadisticos\/#primaryimage"},"image":{"@id":"https:\/\/www.pcb.ub.edu\/es\/el-irb-barcelona-y-la-fundacion-bbva-organizan-una-encuentro-internacional-de-bioestadisticos\/#primaryimage"},"thumbnailUrl":"http:\/\/www.pcb.ub.edu\/\/wp-content\/uploads\/2020\/11\/1355846008770.jpg","datePublished":"2012-12-13T23:00:00+00:00","dateModified":"2020-11-16T15:17:55+00:00","author":{"@id":"https:\/\/www.pcb.ub.edu\/es\/#\/schema\/person\/d13cab05cd0a75b17fddca8496481021"},"breadcrumb":{"@id":"https:\/\/www.pcb.ub.edu\/es\/el-irb-barcelona-y-la-fundacion-bbva-organizan-una-encuentro-internacional-de-bioestadisticos\/#breadcrumb"},"inLanguage":"es","potentialAction":[{"@type":"ReadAction","target":["https:\/\/www.pcb.ub.edu\/es\/el-irb-barcelona-y-la-fundacion-bbva-organizan-una-encuentro-internacional-de-bioestadisticos\/"]}]},{"@type":"ImageObject","inLanguage":"es","@id":"https:\/\/www.pcb.ub.edu\/es\/el-irb-barcelona-y-la-fundacion-bbva-organizan-una-encuentro-internacional-de-bioestadisticos\/#primaryimage","url":"http:\/\/www.pcb.ub.edu\/\/wp-content\/uploads\/2020\/11\/1355846008770.jpg","contentUrl":"http:\/\/www.pcb.ub.edu\/\/wp-content\/uploads\/2020\/11\/1355846008770.jpg"},{"@type":"BreadcrumbList","@id":"https:\/\/www.pcb.ub.edu\/es\/el-irb-barcelona-y-la-fundacion-bbva-organizan-una-encuentro-internacional-de-bioestadisticos\/#breadcrumb","itemListElement":[{"@type":"ListItem","position":1,"name":"Home","item":"https:\/\/www.pcb.ub.edu\/es\/"},{"@type":"ListItem","position":2,"name":"El IRB Barcelona y la Fundaci\u00f3n BBVA organizan una encuentro internacional de bioestad\u00edsticos"}]},{"@type":"WebSite","@id":"https:\/\/www.pcb.ub.edu\/es\/#website","url":"https:\/\/www.pcb.ub.edu\/es\/","name":"Parc Cient\u00edfic de Barcelona","description":"Universitat de Barcelona","potentialAction":[{"@type":"SearchAction","target":{"@type":"EntryPoint","urlTemplate":"https:\/\/www.pcb.ub.edu\/es\/?s={search_term_string}"},"query-input":{"@type":"PropertyValueSpecification","valueRequired":true,"valueName":"search_term_string"}}],"inLanguage":"es"},{"@type":"Person","@id":"https:\/\/www.pcb.ub.edu\/es\/#\/schema\/person\/d13cab05cd0a75b17fddca8496481021","name":"adminpcb","image":{"@type":"ImageObject","inLanguage":"es","@id":"https:\/\/secure.gravatar.com\/avatar\/41ad0fab4bb3bf5348b0af9612159cfd93173a57bbca98fecb50fa6f3ab97d28?s=96&d=mm&r=g","url":"https:\/\/secure.gravatar.com\/avatar\/41ad0fab4bb3bf5348b0af9612159cfd93173a57bbca98fecb50fa6f3ab97d28?s=96&d=mm&r=g","contentUrl":"https:\/\/secure.gravatar.com\/avatar\/41ad0fab4bb3bf5348b0af9612159cfd93173a57bbca98fecb50fa6f3ab97d28?s=96&d=mm&r=g","caption":"adminpcb"},"url":"https:\/\/www.pcb.ub.edu\/es\/author\/adminpcb\/"}]}},"_links":{"self":[{"href":"https:\/\/www.pcb.ub.edu\/es\/wp-json\/wp\/v2\/posts\/37858","targetHints":{"allow":["GET"]}}],"collection":[{"href":"https:\/\/www.pcb.ub.edu\/es\/wp-json\/wp\/v2\/posts"}],"about":[{"href":"https:\/\/www.pcb.ub.edu\/es\/wp-json\/wp\/v2\/types\/post"}],"author":[{"embeddable":true,"href":"https:\/\/www.pcb.ub.edu\/es\/wp-json\/wp\/v2\/users\/1"}],"replies":[{"embeddable":true,"href":"https:\/\/www.pcb.ub.edu\/es\/wp-json\/wp\/v2\/comments?post=37858"}],"version-history":[{"count":1,"href":"https:\/\/www.pcb.ub.edu\/es\/wp-json\/wp\/v2\/posts\/37858\/revisions"}],"predecessor-version":[{"id":44047,"href":"https:\/\/www.pcb.ub.edu\/es\/wp-json\/wp\/v2\/posts\/37858\/revisions\/44047"}],"wp:attachment":[{"href":"https:\/\/www.pcb.ub.edu\/es\/wp-json\/wp\/v2\/media?parent=37858"}],"wp:term":[{"taxonomy":"category","embeddable":true,"href":"https:\/\/www.pcb.ub.edu\/es\/wp-json\/wp\/v2\/categories?post=37858"},{"taxonomy":"post_tag","embeddable":true,"href":"https:\/\/www.pcb.ub.edu\/es\/wp-json\/wp\/v2\/tags?post=37858"}],"curies":[{"name":"wp","href":"https:\/\/api.w.org\/{rel}","templated":true}]}}