{"id":37780,"date":"2012-07-11T00:00:00","date_gmt":"2012-07-10T23:00:00","guid":{"rendered":"http:\/\/www.pcb.ub.edu\/\/apte-y-enisa-firman-un-acuerdo-para-fortalecer-el-tejido-empresarial-en-los-parques-cientificos-y-tecnologicos\/"},"modified":"2020-11-16T16:17:35","modified_gmt":"2020-11-16T15:17:35","slug":"apte-y-enisa-firman-un-acuerdo-para-fortalecer-el-tejido-empresarial-en-los-parques-cientificos-y-tecnologicos","status":"publish","type":"post","link":"https:\/\/www.pcb.ub.edu\/es\/apte-y-enisa-firman-un-acuerdo-para-fortalecer-el-tejido-empresarial-en-los-parques-cientificos-y-tecnologicos\/","title":{"rendered":"APTE y ENISA firman un acuerdo para fortalecer el tejido empresarial en los parques cient\u00edficos y tecnol\u00f3gicos"},"content":{"rendered":"<p>\u00bb<\/p>\n<div class=\"col-sm-6 detall-noticia-imatges\">\n<div class=\"row\">\n<div class=\"item active one-image\">\n\t\t\t\t\t\t<a class=\"icon-search\" href='http:\/\/www.pcb.ub.edu\/\/wp-content\/uploads\/2020\/11\/1341932970743.jpg'><\/a><br \/>\n\t\t\t\t\t\t<img src='http:\/\/www.pcb.ub.edu\/\/wp-content\/uploads\/2020\/11\/1341932970743.jpg' \/>\n\t\t\t\t\t<\/div><\/div><\/div>\n<p>\t\t\tEn virtud de este acuerdo, ambas entidades colaborar\u00e1n en el dise\u00f1o de informaci\u00f3n para las empresas relacionadas con el uso de nuevos instrumentos financieros y detecci\u00f3n de necesidades financieras para las pymes; desarrollo de actividades comunes para la promoci\u00f3n de los pr\u00e9stamos participativos entre las peque\u00f1as y medianas empresas; y asesoramiento mutuo en temas de financiaci\u00f3n empresarial, entre otras actividades. <\/p>\n<p> Asimismo, con objeto de facilitar y dinamizar la captaci\u00f3n de proyectos empresariales y ampliar el n\u00famero de solicitudes de calidad, APTE actuar\u00e1 como canal de entrada de proyectos realizando un an\u00e1lisis previo de los mismos antes de su presentaci\u00f3n a ENISA.  Adem\u00e1s, las dos instituciones colaborar\u00e1n en proyectos de emprendedur\u00eda social. <\/p>\n<p> La Asociaci\u00f3n de Parques Cient\u00edficos y Tecnol\u00f3gicos de Espa\u00f1a (www.apte.org) se cre\u00f3 en 1988 como una asociaci\u00f3n sin \u00e1nimo de lucro cuyo objetivo principal es colaborar, mediante la potenciaci\u00f3n y difusi\u00f3n de los parques cient\u00edficos y tecnol\u00f3gicos, a la renovaci\u00f3n y diversificaci\u00f3n de la actividad productiva, al progreso tecnol\u00f3gico y al desarrollo econ\u00f3mico. Actualmente cuenta con 77 parques miembros repartidos por toda la geograf\u00eda espa\u00f1ola. 47 de ellos son parques Socios, es decir, plenamente operativos, 29 son parques Afiliados que est\u00e1n en proceso de desarrollo, y por \u00faltimo 1 miembro Colaborador. Estos parques acogieron en 2011 un total de 6.030 entidades que facturaron 23.254 millones de euros. Estas empresas proporcionan empleo a m\u00e1s de 154.000 personas, de las que 28.384 se dedican a tareas de I+D.<\/p>\n<p> ENISA es una empresa p\u00fablica \u2013dependiente del Ministerio de Industria, Energ\u00eda y Turismo, a trav\u00e9s de la Direcci\u00f3n General de Industria y de la Peque\u00f1a y Mediana Empresa\u2013 que, desde 1982, fomenta la creaci\u00f3n, crecimiento y consolidaci\u00f3n de la empresa espa\u00f1ola, participando activamente en la financiaci\u00f3n de proyectos empresariales viables e innovadores y en la dinamizaci\u00f3n del mercado de capital riesgo.<\/p>\n","protected":false},"excerpt":{"rendered":"<p>La Asociaci\u00f3n de Parques Cient\u00edficos y Tecnol\u00f3gicos de Espa\u00f1a (<a href=\"http:\/\/www.apte.org\/es\/\" target=\"_blank\" class=\"email\" rel=\"noopener noreferrer\">APTE<\/a>) y la Empresa Nacional de Innovaci\u00f3n S.A. (<a href=\"http:\/\/www.eninsa.cl\/index.php\" target=\"_blank\" class=\"email\" rel=\"noopener noreferrer\">ENISA<\/a>) firmaron ayer en Madrid un acuerdo marco de colaboraci\u00f3n para aumentar las facilidades y mejora de las condiciones de financiaci\u00f3n de las pymes espa\u00f1olas. A la firma del convenio \u2013que tuvo lugar en el marco de la jornada \u00abFinanciaci\u00f3n de la Pyme a trav\u00e9s del pr\u00e9stamo participativo de ENISA\u00bb destinada a los t\u00e9cnicos de los parques miembros de APTE\u2013 asistieron la consejera delegada de ENISA, Bego\u00f1a Cristeto Blasco, y el presidente de APTE, Felipe Romera. <\/p>\n","protected":false},"author":1,"featured_media":0,"comment_status":"closed","ping_status":"open","sticky":false,"template":"","format":"standard","meta":{"_acf_changed":false,"inline_featured_image":false,"footnotes":""},"categories":[9],"tags":[],"class_list":["post-37780","post","type-post","status-publish","format-standard","category-sin-categorizar"],"acf":[],"yoast_head":"<!-- This site is optimized with the Yoast SEO plugin v27.3 - https:\/\/yoast.com\/product\/yoast-seo-wordpress\/ -->\n<title>APTE y ENISA firman un acuerdo para fortalecer el tejido empresarial en los parques cient\u00edficos y tecnol\u00f3gicos - Parc Cient\u00edfic de Barcelona<\/title>\n<meta name=\"robots\" content=\"index, follow, max-snippet:-1, max-image-preview:large, max-video-preview:-1\" \/>\n<link rel=\"canonical\" href=\"https:\/\/www.pcb.ub.edu\/es\/apte-y-enisa-firman-un-acuerdo-para-fortalecer-el-tejido-empresarial-en-los-parques-cientificos-y-tecnologicos\/\" \/>\n<meta property=\"og:locale\" content=\"es_ES\" \/>\n<meta property=\"og:type\" content=\"article\" \/>\n<meta property=\"og:title\" content=\"APTE y ENISA firman un acuerdo para fortalecer el tejido empresarial en los parques cient\u00edficos y tecnol\u00f3gicos - Parc Cient\u00edfic de Barcelona\" \/>\n<meta property=\"og:description\" content=\"La Asociaci\u00f3n de Parques Cient\u00edficos y Tecnol\u00f3gicos de Espa\u00f1a (APTE) y la Empresa Nacional de Innovaci\u00f3n S.A. (ENISA) firmaron ayer en Madrid un acuerdo marco de colaboraci\u00f3n para aumentar las facilidades y mejora de las condiciones de financiaci\u00f3n de las pymes espa\u00f1olas. A la firma del convenio \u2013que tuvo lugar en el marco de la jornada &quot;Financiaci\u00f3n de la Pyme a trav\u00e9s del pr\u00e9stamo participativo de ENISA&quot; destinada a los t\u00e9cnicos de los parques miembros de APTE\u2013 asistieron la consejera delegada de ENISA, Bego\u00f1a Cristeto Blasco, y el presidente de APTE, Felipe Romera.\" \/>\n<meta property=\"og:url\" content=\"https:\/\/www.pcb.ub.edu\/es\/apte-y-enisa-firman-un-acuerdo-para-fortalecer-el-tejido-empresarial-en-los-parques-cientificos-y-tecnologicos\/\" \/>\n<meta property=\"og:site_name\" content=\"Parc Cient\u00edfic de Barcelona\" \/>\n<meta property=\"article:published_time\" content=\"2012-07-10T23:00:00+00:00\" \/>\n<meta property=\"article:modified_time\" content=\"2020-11-16T15:17:35+00:00\" \/>\n<meta property=\"og:image\" content=\"http:\/\/www.pcb.ub.edu\/\/wp-content\/uploads\/2020\/11\/1341932970743.jpg\" \/>\n<meta name=\"author\" content=\"adminpcb\" \/>\n<meta name=\"twitter:card\" content=\"summary_large_image\" \/>\n<meta name=\"twitter:label1\" content=\"Escrito por\" \/>\n\t<meta name=\"twitter:data1\" content=\"adminpcb\" \/>\n\t<meta name=\"twitter:label2\" content=\"Tiempo de lectura\" \/>\n\t<meta name=\"twitter:data2\" content=\"2 minutos\" \/>\n<script type=\"application\/ld+json\" class=\"yoast-schema-graph\">{\"@context\":\"https:\\\/\\\/schema.org\",\"@graph\":[{\"@type\":\"Article\",\"@id\":\"https:\\\/\\\/www.pcb.ub.edu\\\/es\\\/apte-y-enisa-firman-un-acuerdo-para-fortalecer-el-tejido-empresarial-en-los-parques-cientificos-y-tecnologicos\\\/#article\",\"isPartOf\":{\"@id\":\"https:\\\/\\\/www.pcb.ub.edu\\\/es\\\/apte-y-enisa-firman-un-acuerdo-para-fortalecer-el-tejido-empresarial-en-los-parques-cientificos-y-tecnologicos\\\/\"},\"author\":{\"name\":\"adminpcb\",\"@id\":\"https:\\\/\\\/www.pcb.ub.edu\\\/es\\\/#\\\/schema\\\/person\\\/d13cab05cd0a75b17fddca8496481021\"},\"headline\":\"APTE y ENISA firman un acuerdo para fortalecer el tejido empresarial en los parques cient\u00edficos y tecnol\u00f3gicos\",\"datePublished\":\"2012-07-10T23:00:00+00:00\",\"dateModified\":\"2020-11-16T15:17:35+00:00\",\"mainEntityOfPage\":{\"@id\":\"https:\\\/\\\/www.pcb.ub.edu\\\/es\\\/apte-y-enisa-firman-un-acuerdo-para-fortalecer-el-tejido-empresarial-en-los-parques-cientificos-y-tecnologicos\\\/\"},\"wordCount\":351,\"image\":{\"@id\":\"https:\\\/\\\/www.pcb.ub.edu\\\/es\\\/apte-y-enisa-firman-un-acuerdo-para-fortalecer-el-tejido-empresarial-en-los-parques-cientificos-y-tecnologicos\\\/#primaryimage\"},\"thumbnailUrl\":\"http:\\\/\\\/www.pcb.ub.edu\\\/\\\/wp-content\\\/uploads\\\/2020\\\/11\\\/1341932970743.jpg\",\"articleSection\":[\"Sin categorizar\"],\"inLanguage\":\"es\"},{\"@type\":\"WebPage\",\"@id\":\"https:\\\/\\\/www.pcb.ub.edu\\\/es\\\/apte-y-enisa-firman-un-acuerdo-para-fortalecer-el-tejido-empresarial-en-los-parques-cientificos-y-tecnologicos\\\/\",\"url\":\"https:\\\/\\\/www.pcb.ub.edu\\\/es\\\/apte-y-enisa-firman-un-acuerdo-para-fortalecer-el-tejido-empresarial-en-los-parques-cientificos-y-tecnologicos\\\/\",\"name\":\"APTE y ENISA firman un acuerdo para fortalecer el tejido empresarial en los parques cient\u00edficos y tecnol\u00f3gicos - Parc Cient\u00edfic de Barcelona\",\"isPartOf\":{\"@id\":\"https:\\\/\\\/www.pcb.ub.edu\\\/es\\\/#website\"},\"primaryImageOfPage\":{\"@id\":\"https:\\\/\\\/www.pcb.ub.edu\\\/es\\\/apte-y-enisa-firman-un-acuerdo-para-fortalecer-el-tejido-empresarial-en-los-parques-cientificos-y-tecnologicos\\\/#primaryimage\"},\"image\":{\"@id\":\"https:\\\/\\\/www.pcb.ub.edu\\\/es\\\/apte-y-enisa-firman-un-acuerdo-para-fortalecer-el-tejido-empresarial-en-los-parques-cientificos-y-tecnologicos\\\/#primaryimage\"},\"thumbnailUrl\":\"http:\\\/\\\/www.pcb.ub.edu\\\/\\\/wp-content\\\/uploads\\\/2020\\\/11\\\/1341932970743.jpg\",\"datePublished\":\"2012-07-10T23:00:00+00:00\",\"dateModified\":\"2020-11-16T15:17:35+00:00\",\"author\":{\"@id\":\"https:\\\/\\\/www.pcb.ub.edu\\\/es\\\/#\\\/schema\\\/person\\\/d13cab05cd0a75b17fddca8496481021\"},\"breadcrumb\":{\"@id\":\"https:\\\/\\\/www.pcb.ub.edu\\\/es\\\/apte-y-enisa-firman-un-acuerdo-para-fortalecer-el-tejido-empresarial-en-los-parques-cientificos-y-tecnologicos\\\/#breadcrumb\"},\"inLanguage\":\"es\",\"potentialAction\":[{\"@type\":\"ReadAction\",\"target\":[\"https:\\\/\\\/www.pcb.ub.edu\\\/es\\\/apte-y-enisa-firman-un-acuerdo-para-fortalecer-el-tejido-empresarial-en-los-parques-cientificos-y-tecnologicos\\\/\"]}]},{\"@type\":\"ImageObject\",\"inLanguage\":\"es\",\"@id\":\"https:\\\/\\\/www.pcb.ub.edu\\\/es\\\/apte-y-enisa-firman-un-acuerdo-para-fortalecer-el-tejido-empresarial-en-los-parques-cientificos-y-tecnologicos\\\/#primaryimage\",\"url\":\"http:\\\/\\\/www.pcb.ub.edu\\\/\\\/wp-content\\\/uploads\\\/2020\\\/11\\\/1341932970743.jpg\",\"contentUrl\":\"http:\\\/\\\/www.pcb.ub.edu\\\/\\\/wp-content\\\/uploads\\\/2020\\\/11\\\/1341932970743.jpg\"},{\"@type\":\"BreadcrumbList\",\"@id\":\"https:\\\/\\\/www.pcb.ub.edu\\\/es\\\/apte-y-enisa-firman-un-acuerdo-para-fortalecer-el-tejido-empresarial-en-los-parques-cientificos-y-tecnologicos\\\/#breadcrumb\",\"itemListElement\":[{\"@type\":\"ListItem\",\"position\":1,\"name\":\"Home\",\"item\":\"https:\\\/\\\/www.pcb.ub.edu\\\/es\\\/\"},{\"@type\":\"ListItem\",\"position\":2,\"name\":\"APTE y ENISA firman un acuerdo para fortalecer el tejido empresarial en los parques cient\u00edficos y tecnol\u00f3gicos\"}]},{\"@type\":\"WebSite\",\"@id\":\"https:\\\/\\\/www.pcb.ub.edu\\\/es\\\/#website\",\"url\":\"https:\\\/\\\/www.pcb.ub.edu\\\/es\\\/\",\"name\":\"Parc Cient\u00edfic de Barcelona\",\"description\":\"Universitat de Barcelona\",\"potentialAction\":[{\"@type\":\"SearchAction\",\"target\":{\"@type\":\"EntryPoint\",\"urlTemplate\":\"https:\\\/\\\/www.pcb.ub.edu\\\/es\\\/?s={search_term_string}\"},\"query-input\":{\"@type\":\"PropertyValueSpecification\",\"valueRequired\":true,\"valueName\":\"search_term_string\"}}],\"inLanguage\":\"es\"},{\"@type\":\"Person\",\"@id\":\"https:\\\/\\\/www.pcb.ub.edu\\\/es\\\/#\\\/schema\\\/person\\\/d13cab05cd0a75b17fddca8496481021\",\"name\":\"adminpcb\",\"image\":{\"@type\":\"ImageObject\",\"inLanguage\":\"es\",\"@id\":\"https:\\\/\\\/secure.gravatar.com\\\/avatar\\\/41ad0fab4bb3bf5348b0af9612159cfd93173a57bbca98fecb50fa6f3ab97d28?s=96&d=mm&r=g\",\"url\":\"https:\\\/\\\/secure.gravatar.com\\\/avatar\\\/41ad0fab4bb3bf5348b0af9612159cfd93173a57bbca98fecb50fa6f3ab97d28?s=96&d=mm&r=g\",\"contentUrl\":\"https:\\\/\\\/secure.gravatar.com\\\/avatar\\\/41ad0fab4bb3bf5348b0af9612159cfd93173a57bbca98fecb50fa6f3ab97d28?s=96&d=mm&r=g\",\"caption\":\"adminpcb\"},\"url\":\"https:\\\/\\\/www.pcb.ub.edu\\\/es\\\/author\\\/adminpcb\\\/\"}]}<\/script>\n<!-- \/ Yoast SEO plugin. -->","yoast_head_json":{"title":"APTE y ENISA firman un acuerdo para fortalecer el tejido empresarial en los parques cient\u00edficos y tecnol\u00f3gicos - Parc Cient\u00edfic de Barcelona","robots":{"index":"index","follow":"follow","max-snippet":"max-snippet:-1","max-image-preview":"max-image-preview:large","max-video-preview":"max-video-preview:-1"},"canonical":"https:\/\/www.pcb.ub.edu\/es\/apte-y-enisa-firman-un-acuerdo-para-fortalecer-el-tejido-empresarial-en-los-parques-cientificos-y-tecnologicos\/","og_locale":"es_ES","og_type":"article","og_title":"APTE y ENISA firman un acuerdo para fortalecer el tejido empresarial en los parques cient\u00edficos y tecnol\u00f3gicos - Parc Cient\u00edfic de Barcelona","og_description":"La Asociaci\u00f3n de Parques Cient\u00edficos y Tecnol\u00f3gicos de Espa\u00f1a (APTE) y la Empresa Nacional de Innovaci\u00f3n S.A. (ENISA) firmaron ayer en Madrid un acuerdo marco de colaboraci\u00f3n para aumentar las facilidades y mejora de las condiciones de financiaci\u00f3n de las pymes espa\u00f1olas. A la firma del convenio \u2013que tuvo lugar en el marco de la jornada \"Financiaci\u00f3n de la Pyme a trav\u00e9s del pr\u00e9stamo participativo de ENISA\" destinada a los t\u00e9cnicos de los parques miembros de APTE\u2013 asistieron la consejera delegada de ENISA, Bego\u00f1a Cristeto Blasco, y el presidente de APTE, Felipe Romera.","og_url":"https:\/\/www.pcb.ub.edu\/es\/apte-y-enisa-firman-un-acuerdo-para-fortalecer-el-tejido-empresarial-en-los-parques-cientificos-y-tecnologicos\/","og_site_name":"Parc Cient\u00edfic de Barcelona","article_published_time":"2012-07-10T23:00:00+00:00","article_modified_time":"2020-11-16T15:17:35+00:00","og_image":[{"url":"http:\/\/www.pcb.ub.edu\/\/wp-content\/uploads\/2020\/11\/1341932970743.jpg","type":"","width":"","height":""}],"author":"adminpcb","twitter_card":"summary_large_image","twitter_misc":{"Escrito por":"adminpcb","Tiempo de lectura":"2 minutos"},"schema":{"@context":"https:\/\/schema.org","@graph":[{"@type":"Article","@id":"https:\/\/www.pcb.ub.edu\/es\/apte-y-enisa-firman-un-acuerdo-para-fortalecer-el-tejido-empresarial-en-los-parques-cientificos-y-tecnologicos\/#article","isPartOf":{"@id":"https:\/\/www.pcb.ub.edu\/es\/apte-y-enisa-firman-un-acuerdo-para-fortalecer-el-tejido-empresarial-en-los-parques-cientificos-y-tecnologicos\/"},"author":{"name":"adminpcb","@id":"https:\/\/www.pcb.ub.edu\/es\/#\/schema\/person\/d13cab05cd0a75b17fddca8496481021"},"headline":"APTE y ENISA firman un acuerdo para fortalecer el tejido empresarial en los parques cient\u00edficos y tecnol\u00f3gicos","datePublished":"2012-07-10T23:00:00+00:00","dateModified":"2020-11-16T15:17:35+00:00","mainEntityOfPage":{"@id":"https:\/\/www.pcb.ub.edu\/es\/apte-y-enisa-firman-un-acuerdo-para-fortalecer-el-tejido-empresarial-en-los-parques-cientificos-y-tecnologicos\/"},"wordCount":351,"image":{"@id":"https:\/\/www.pcb.ub.edu\/es\/apte-y-enisa-firman-un-acuerdo-para-fortalecer-el-tejido-empresarial-en-los-parques-cientificos-y-tecnologicos\/#primaryimage"},"thumbnailUrl":"http:\/\/www.pcb.ub.edu\/\/wp-content\/uploads\/2020\/11\/1341932970743.jpg","articleSection":["Sin categorizar"],"inLanguage":"es"},{"@type":"WebPage","@id":"https:\/\/www.pcb.ub.edu\/es\/apte-y-enisa-firman-un-acuerdo-para-fortalecer-el-tejido-empresarial-en-los-parques-cientificos-y-tecnologicos\/","url":"https:\/\/www.pcb.ub.edu\/es\/apte-y-enisa-firman-un-acuerdo-para-fortalecer-el-tejido-empresarial-en-los-parques-cientificos-y-tecnologicos\/","name":"APTE y ENISA firman un acuerdo para fortalecer el tejido empresarial en los parques cient\u00edficos y tecnol\u00f3gicos - Parc Cient\u00edfic de Barcelona","isPartOf":{"@id":"https:\/\/www.pcb.ub.edu\/es\/#website"},"primaryImageOfPage":{"@id":"https:\/\/www.pcb.ub.edu\/es\/apte-y-enisa-firman-un-acuerdo-para-fortalecer-el-tejido-empresarial-en-los-parques-cientificos-y-tecnologicos\/#primaryimage"},"image":{"@id":"https:\/\/www.pcb.ub.edu\/es\/apte-y-enisa-firman-un-acuerdo-para-fortalecer-el-tejido-empresarial-en-los-parques-cientificos-y-tecnologicos\/#primaryimage"},"thumbnailUrl":"http:\/\/www.pcb.ub.edu\/\/wp-content\/uploads\/2020\/11\/1341932970743.jpg","datePublished":"2012-07-10T23:00:00+00:00","dateModified":"2020-11-16T15:17:35+00:00","author":{"@id":"https:\/\/www.pcb.ub.edu\/es\/#\/schema\/person\/d13cab05cd0a75b17fddca8496481021"},"breadcrumb":{"@id":"https:\/\/www.pcb.ub.edu\/es\/apte-y-enisa-firman-un-acuerdo-para-fortalecer-el-tejido-empresarial-en-los-parques-cientificos-y-tecnologicos\/#breadcrumb"},"inLanguage":"es","potentialAction":[{"@type":"ReadAction","target":["https:\/\/www.pcb.ub.edu\/es\/apte-y-enisa-firman-un-acuerdo-para-fortalecer-el-tejido-empresarial-en-los-parques-cientificos-y-tecnologicos\/"]}]},{"@type":"ImageObject","inLanguage":"es","@id":"https:\/\/www.pcb.ub.edu\/es\/apte-y-enisa-firman-un-acuerdo-para-fortalecer-el-tejido-empresarial-en-los-parques-cientificos-y-tecnologicos\/#primaryimage","url":"http:\/\/www.pcb.ub.edu\/\/wp-content\/uploads\/2020\/11\/1341932970743.jpg","contentUrl":"http:\/\/www.pcb.ub.edu\/\/wp-content\/uploads\/2020\/11\/1341932970743.jpg"},{"@type":"BreadcrumbList","@id":"https:\/\/www.pcb.ub.edu\/es\/apte-y-enisa-firman-un-acuerdo-para-fortalecer-el-tejido-empresarial-en-los-parques-cientificos-y-tecnologicos\/#breadcrumb","itemListElement":[{"@type":"ListItem","position":1,"name":"Home","item":"https:\/\/www.pcb.ub.edu\/es\/"},{"@type":"ListItem","position":2,"name":"APTE y ENISA firman un acuerdo para fortalecer el tejido empresarial en los parques cient\u00edficos y tecnol\u00f3gicos"}]},{"@type":"WebSite","@id":"https:\/\/www.pcb.ub.edu\/es\/#website","url":"https:\/\/www.pcb.ub.edu\/es\/","name":"Parc Cient\u00edfic de Barcelona","description":"Universitat de Barcelona","potentialAction":[{"@type":"SearchAction","target":{"@type":"EntryPoint","urlTemplate":"https:\/\/www.pcb.ub.edu\/es\/?s={search_term_string}"},"query-input":{"@type":"PropertyValueSpecification","valueRequired":true,"valueName":"search_term_string"}}],"inLanguage":"es"},{"@type":"Person","@id":"https:\/\/www.pcb.ub.edu\/es\/#\/schema\/person\/d13cab05cd0a75b17fddca8496481021","name":"adminpcb","image":{"@type":"ImageObject","inLanguage":"es","@id":"https:\/\/secure.gravatar.com\/avatar\/41ad0fab4bb3bf5348b0af9612159cfd93173a57bbca98fecb50fa6f3ab97d28?s=96&d=mm&r=g","url":"https:\/\/secure.gravatar.com\/avatar\/41ad0fab4bb3bf5348b0af9612159cfd93173a57bbca98fecb50fa6f3ab97d28?s=96&d=mm&r=g","contentUrl":"https:\/\/secure.gravatar.com\/avatar\/41ad0fab4bb3bf5348b0af9612159cfd93173a57bbca98fecb50fa6f3ab97d28?s=96&d=mm&r=g","caption":"adminpcb"},"url":"https:\/\/www.pcb.ub.edu\/es\/author\/adminpcb\/"}]}},"_links":{"self":[{"href":"https:\/\/www.pcb.ub.edu\/es\/wp-json\/wp\/v2\/posts\/37780","targetHints":{"allow":["GET"]}}],"collection":[{"href":"https:\/\/www.pcb.ub.edu\/es\/wp-json\/wp\/v2\/posts"}],"about":[{"href":"https:\/\/www.pcb.ub.edu\/es\/wp-json\/wp\/v2\/types\/post"}],"author":[{"embeddable":true,"href":"https:\/\/www.pcb.ub.edu\/es\/wp-json\/wp\/v2\/users\/1"}],"replies":[{"embeddable":true,"href":"https:\/\/www.pcb.ub.edu\/es\/wp-json\/wp\/v2\/comments?post=37780"}],"version-history":[{"count":1,"href":"https:\/\/www.pcb.ub.edu\/es\/wp-json\/wp\/v2\/posts\/37780\/revisions"}],"predecessor-version":[{"id":43972,"href":"https:\/\/www.pcb.ub.edu\/es\/wp-json\/wp\/v2\/posts\/37780\/revisions\/43972"}],"wp:attachment":[{"href":"https:\/\/www.pcb.ub.edu\/es\/wp-json\/wp\/v2\/media?parent=37780"}],"wp:term":[{"taxonomy":"category","embeddable":true,"href":"https:\/\/www.pcb.ub.edu\/es\/wp-json\/wp\/v2\/categories?post=37780"},{"taxonomy":"post_tag","embeddable":true,"href":"https:\/\/www.pcb.ub.edu\/es\/wp-json\/wp\/v2\/tags?post=37780"}],"curies":[{"name":"wp","href":"https:\/\/api.w.org\/{rel}","templated":true}]}}