{"id":37756,"date":"2012-06-19T00:00:00","date_gmt":"2012-06-18T23:00:00","guid":{"rendered":"http:\/\/www.pcb.ub.edu\/\/cies-promueve-en-colombia-las-estrategias-empresariales-socialmente-responsables\/"},"modified":"2020-11-16T16:17:30","modified_gmt":"2020-11-16T15:17:30","slug":"cies-promueve-en-colombia-las-estrategias-empresariales-socialmente-responsables","status":"publish","type":"post","link":"https:\/\/www.pcb.ub.edu\/es\/cies-promueve-en-colombia-las-estrategias-empresariales-socialmente-responsables\/","title":{"rendered":"CIES promueve en Colombia las estrategias empresariales socialmente responsables"},"content":{"rendered":"<p>\u00bb<\/p>\n<div class=\"col-sm-6 detall-noticia-imatges\">\n<div class=\"row\">\n<div class=\"item active one-image\">\n\t\t\t\t\t\t<a class=\"icon-search\" href='http:\/\/www.pcb.ub.edu\/portal\/imatges_not\/1340809752278.bmp'><\/a><br \/>\n\t\t\t\t\t\t<img src='http:\/\/www.pcb.ub.edu\/portal\/imatges_not\/1340809752278.bmp' \/>\n\t\t\t\t\t<\/div><\/div><\/div>\n<p>\t\t\tLa sesi\u00f3n informativa \u2014que tendr\u00e1 lugar en la delegaci\u00f3n colombiana de ACC1\u00d3 en el World Trade Center de Bogot\u00e1\u2014 est\u00e1 dirigida a los l\u00edderes, directivos y responsables de Responsabilidad Social Corporativa (RSC) y de las relaciones con la comunidad de empresas espa\u00f1olas con negocios en Colombia, y en ella intervendr\u00e1n profesores y antiguos alumnos que compartir\u00e1n con los asistentes su experiencia como participantes activos en los programas acad\u00e9micos. <\/p>\n<p> La apertura del acto ir\u00e1 a cargo de Frederic Subirats, director de la delegaci\u00f3n en Colombia de ACC1\u00d3 \u2013la agencia de apoyo a la innovaci\u00f3n y la internacionalizaci\u00f3n de la empresa catalana de la Generalitat de Catalunya\u2013 y de Julio Ernesto Herrera, gerente de la Corporaci\u00f3n Copercol. En la jornada intervendr\u00e1n Isabel Vidal, directora acad\u00e9mica de ambos m\u00e1sters, presidenta de la Fundaci\u00f3n CIES y catedr\u00e1tica (EU) de Teor\u00eda Econ\u00f3mica de la Universitat de Barcelona, y V\u00edctor Gu\u00e9dez, profesor de la Universidad Metropolitana de Caracas. <\/p>\n<p> Durante su visita a Colombia Isabel Vidal tambi\u00e9n llevar\u00e1 cabo una sesi\u00f3n de trabajo en la Gobernaci\u00f3n de Antioqu\u00eda (Medell\u00edn) con los directivos, t\u00e9cnicos y profesionales de las compa\u00f1\u00edas colombianas con responsabilidad directa o indirecta en alguna de las dimensiones de RSC de su empresa. Con el objetivo de establecer un acuerdo marco de colaboraci\u00f3n para fomentar la cooperaci\u00f3n acad\u00e9mica bilateral con la Universidad San Buenaventura (Bogot\u00e1), la presidenta de la Fundaci\u00f3n CIES se entrevistar\u00e1 tambi\u00e9n con el rector Pablo Emilio Castillo e impartir\u00e1 una conferencia sobre Responsabilidad Social Corporativa en el centro universitario bogotano.<\/p>\n<p> <a href=\"http:\/\/www.grupcies.com\/uploads\/media\/Desayuno_Trabajo_Colombia.pdf\" target=\"_blank\" class=\"email\" rel=\"noopener noreferrer\">M\u00e1s informaci\u00f3n [+]<\/a><\/p>\n","protected":false},"excerpt":{"rendered":"<p>La Fundaci\u00f3n Centro de Investigaci\u00f3n de Econom\u00eda y Sociedad (CIES) \u2014con sede en el Parc Cient\u00edfic de Barcelona\u2014 en colaboraci\u00f3n con la Universitat de Barcelona (UB), ACC1O y la corporaci\u00f3 Corpecol\u2013presentaran el pr\u00f3ximo 21 de junio en Bogot\u00e1(Colombia) el \u00ab<a href=\"http:\/\/www.grupcies.com\/Master-en-Responsabilidad-Social-MRS.640.0.html\" class=\"email\">M\u00e1ster en Responsabilidad Social Corporativa, Contabilidad y Auditor\u00eda Social<\/a>\u00bb (MRS) y el \u00ab<a href=\"http:\/\/www.grupcies.com\/Master-Economia-Social-MES.681.0.html\" class=\"email\">M\u00e1ster en Econom\u00eda Social y  Direcci\u00f3n de Entidades sin \u00c1nimo de Lucro<\/a>\u00bb (MES).<\/p>\n","protected":false},"author":1,"featured_media":0,"comment_status":"closed","ping_status":"open","sticky":false,"template":"","format":"standard","meta":{"_acf_changed":false,"inline_featured_image":false,"footnotes":""},"categories":[9],"tags":[],"class_list":["post-37756","post","type-post","status-publish","format-standard","category-sin-categorizar"],"acf":[],"yoast_head":"<!-- This site is optimized with the Yoast SEO plugin v27.3 - https:\/\/yoast.com\/product\/yoast-seo-wordpress\/ -->\n<title>CIES promueve en Colombia las estrategias empresariales socialmente responsables - Parc Cient\u00edfic de Barcelona<\/title>\n<meta name=\"robots\" content=\"index, follow, max-snippet:-1, max-image-preview:large, max-video-preview:-1\" \/>\n<link rel=\"canonical\" href=\"https:\/\/www.pcb.ub.edu\/es\/cies-promueve-en-colombia-las-estrategias-empresariales-socialmente-responsables\/\" \/>\n<meta property=\"og:locale\" content=\"es_ES\" \/>\n<meta property=\"og:type\" content=\"article\" \/>\n<meta property=\"og:title\" content=\"CIES promueve en Colombia las estrategias empresariales socialmente responsables - Parc Cient\u00edfic de Barcelona\" \/>\n<meta property=\"og:description\" content=\"La Fundaci\u00f3n Centro de Investigaci\u00f3n de Econom\u00eda y Sociedad (CIES) \u2014con sede en el Parc Cient\u00edfic de Barcelona\u2014 en colaboraci\u00f3n con la Universitat de Barcelona (UB), ACC1O y la corporaci\u00f3 Corpecol\u2013presentaran el pr\u00f3ximo 21 de junio en Bogot\u00e1(Colombia) el \u00abM\u00e1ster en Responsabilidad Social Corporativa, Contabilidad y Auditor\u00eda Social\u00bb (MRS) y el \u00abM\u00e1ster en Econom\u00eda Social y Direcci\u00f3n de Entidades sin \u00c1nimo de Lucro\u00bb (MES).\" \/>\n<meta property=\"og:url\" content=\"https:\/\/www.pcb.ub.edu\/es\/cies-promueve-en-colombia-las-estrategias-empresariales-socialmente-responsables\/\" \/>\n<meta property=\"og:site_name\" content=\"Parc Cient\u00edfic de Barcelona\" \/>\n<meta property=\"article:published_time\" content=\"2012-06-18T23:00:00+00:00\" \/>\n<meta property=\"article:modified_time\" content=\"2020-11-16T15:17:30+00:00\" \/>\n<meta property=\"og:image\" content=\"http:\/\/www.pcb.ub.edu\/portal\/imatges_not\/1340809752278.bmp\" \/>\n<meta name=\"author\" content=\"adminpcb\" \/>\n<meta name=\"twitter:card\" content=\"summary_large_image\" \/>\n<meta name=\"twitter:label1\" content=\"Escrito por\" \/>\n\t<meta name=\"twitter:data1\" content=\"adminpcb\" \/>\n\t<meta name=\"twitter:label2\" content=\"Tiempo de lectura\" \/>\n\t<meta name=\"twitter:data2\" content=\"1 minuto\" \/>\n<script type=\"application\/ld+json\" class=\"yoast-schema-graph\">{\"@context\":\"https:\\\/\\\/schema.org\",\"@graph\":[{\"@type\":\"Article\",\"@id\":\"https:\\\/\\\/www.pcb.ub.edu\\\/es\\\/cies-promueve-en-colombia-las-estrategias-empresariales-socialmente-responsables\\\/#article\",\"isPartOf\":{\"@id\":\"https:\\\/\\\/www.pcb.ub.edu\\\/es\\\/cies-promueve-en-colombia-las-estrategias-empresariales-socialmente-responsables\\\/\"},\"author\":{\"name\":\"adminpcb\",\"@id\":\"https:\\\/\\\/www.pcb.ub.edu\\\/es\\\/#\\\/schema\\\/person\\\/d13cab05cd0a75b17fddca8496481021\"},\"headline\":\"CIES promueve en Colombia las estrategias empresariales socialmente responsables\",\"datePublished\":\"2012-06-18T23:00:00+00:00\",\"dateModified\":\"2020-11-16T15:17:30+00:00\",\"mainEntityOfPage\":{\"@id\":\"https:\\\/\\\/www.pcb.ub.edu\\\/es\\\/cies-promueve-en-colombia-las-estrategias-empresariales-socialmente-responsables\\\/\"},\"wordCount\":292,\"image\":{\"@id\":\"https:\\\/\\\/www.pcb.ub.edu\\\/es\\\/cies-promueve-en-colombia-las-estrategias-empresariales-socialmente-responsables\\\/#primaryimage\"},\"thumbnailUrl\":\"http:\\\/\\\/www.pcb.ub.edu\\\/portal\\\/imatges_not\\\/1340809752278.bmp\",\"articleSection\":[\"Sin categorizar\"],\"inLanguage\":\"es\"},{\"@type\":\"WebPage\",\"@id\":\"https:\\\/\\\/www.pcb.ub.edu\\\/es\\\/cies-promueve-en-colombia-las-estrategias-empresariales-socialmente-responsables\\\/\",\"url\":\"https:\\\/\\\/www.pcb.ub.edu\\\/es\\\/cies-promueve-en-colombia-las-estrategias-empresariales-socialmente-responsables\\\/\",\"name\":\"CIES promueve en Colombia las estrategias empresariales socialmente responsables - Parc Cient\u00edfic de Barcelona\",\"isPartOf\":{\"@id\":\"https:\\\/\\\/www.pcb.ub.edu\\\/es\\\/#website\"},\"primaryImageOfPage\":{\"@id\":\"https:\\\/\\\/www.pcb.ub.edu\\\/es\\\/cies-promueve-en-colombia-las-estrategias-empresariales-socialmente-responsables\\\/#primaryimage\"},\"image\":{\"@id\":\"https:\\\/\\\/www.pcb.ub.edu\\\/es\\\/cies-promueve-en-colombia-las-estrategias-empresariales-socialmente-responsables\\\/#primaryimage\"},\"thumbnailUrl\":\"http:\\\/\\\/www.pcb.ub.edu\\\/portal\\\/imatges_not\\\/1340809752278.bmp\",\"datePublished\":\"2012-06-18T23:00:00+00:00\",\"dateModified\":\"2020-11-16T15:17:30+00:00\",\"author\":{\"@id\":\"https:\\\/\\\/www.pcb.ub.edu\\\/es\\\/#\\\/schema\\\/person\\\/d13cab05cd0a75b17fddca8496481021\"},\"breadcrumb\":{\"@id\":\"https:\\\/\\\/www.pcb.ub.edu\\\/es\\\/cies-promueve-en-colombia-las-estrategias-empresariales-socialmente-responsables\\\/#breadcrumb\"},\"inLanguage\":\"es\",\"potentialAction\":[{\"@type\":\"ReadAction\",\"target\":[\"https:\\\/\\\/www.pcb.ub.edu\\\/es\\\/cies-promueve-en-colombia-las-estrategias-empresariales-socialmente-responsables\\\/\"]}]},{\"@type\":\"ImageObject\",\"inLanguage\":\"es\",\"@id\":\"https:\\\/\\\/www.pcb.ub.edu\\\/es\\\/cies-promueve-en-colombia-las-estrategias-empresariales-socialmente-responsables\\\/#primaryimage\",\"url\":\"http:\\\/\\\/www.pcb.ub.edu\\\/portal\\\/imatges_not\\\/1340809752278.bmp\",\"contentUrl\":\"http:\\\/\\\/www.pcb.ub.edu\\\/portal\\\/imatges_not\\\/1340809752278.bmp\"},{\"@type\":\"BreadcrumbList\",\"@id\":\"https:\\\/\\\/www.pcb.ub.edu\\\/es\\\/cies-promueve-en-colombia-las-estrategias-empresariales-socialmente-responsables\\\/#breadcrumb\",\"itemListElement\":[{\"@type\":\"ListItem\",\"position\":1,\"name\":\"Home\",\"item\":\"https:\\\/\\\/www.pcb.ub.edu\\\/es\\\/\"},{\"@type\":\"ListItem\",\"position\":2,\"name\":\"CIES promueve en Colombia las estrategias empresariales socialmente responsables\"}]},{\"@type\":\"WebSite\",\"@id\":\"https:\\\/\\\/www.pcb.ub.edu\\\/es\\\/#website\",\"url\":\"https:\\\/\\\/www.pcb.ub.edu\\\/es\\\/\",\"name\":\"Parc Cient\u00edfic de Barcelona\",\"description\":\"Universitat de Barcelona\",\"potentialAction\":[{\"@type\":\"SearchAction\",\"target\":{\"@type\":\"EntryPoint\",\"urlTemplate\":\"https:\\\/\\\/www.pcb.ub.edu\\\/es\\\/?s={search_term_string}\"},\"query-input\":{\"@type\":\"PropertyValueSpecification\",\"valueRequired\":true,\"valueName\":\"search_term_string\"}}],\"inLanguage\":\"es\"},{\"@type\":\"Person\",\"@id\":\"https:\\\/\\\/www.pcb.ub.edu\\\/es\\\/#\\\/schema\\\/person\\\/d13cab05cd0a75b17fddca8496481021\",\"name\":\"adminpcb\",\"image\":{\"@type\":\"ImageObject\",\"inLanguage\":\"es\",\"@id\":\"https:\\\/\\\/secure.gravatar.com\\\/avatar\\\/41ad0fab4bb3bf5348b0af9612159cfd93173a57bbca98fecb50fa6f3ab97d28?s=96&d=mm&r=g\",\"url\":\"https:\\\/\\\/secure.gravatar.com\\\/avatar\\\/41ad0fab4bb3bf5348b0af9612159cfd93173a57bbca98fecb50fa6f3ab97d28?s=96&d=mm&r=g\",\"contentUrl\":\"https:\\\/\\\/secure.gravatar.com\\\/avatar\\\/41ad0fab4bb3bf5348b0af9612159cfd93173a57bbca98fecb50fa6f3ab97d28?s=96&d=mm&r=g\",\"caption\":\"adminpcb\"},\"url\":\"https:\\\/\\\/www.pcb.ub.edu\\\/es\\\/author\\\/adminpcb\\\/\"}]}<\/script>\n<!-- \/ Yoast SEO plugin. -->","yoast_head_json":{"title":"CIES promueve en Colombia las estrategias empresariales socialmente responsables - Parc Cient\u00edfic de Barcelona","robots":{"index":"index","follow":"follow","max-snippet":"max-snippet:-1","max-image-preview":"max-image-preview:large","max-video-preview":"max-video-preview:-1"},"canonical":"https:\/\/www.pcb.ub.edu\/es\/cies-promueve-en-colombia-las-estrategias-empresariales-socialmente-responsables\/","og_locale":"es_ES","og_type":"article","og_title":"CIES promueve en Colombia las estrategias empresariales socialmente responsables - Parc Cient\u00edfic de Barcelona","og_description":"La Fundaci\u00f3n Centro de Investigaci\u00f3n de Econom\u00eda y Sociedad (CIES) \u2014con sede en el Parc Cient\u00edfic de Barcelona\u2014 en colaboraci\u00f3n con la Universitat de Barcelona (UB), ACC1O y la corporaci\u00f3 Corpecol\u2013presentaran el pr\u00f3ximo 21 de junio en Bogot\u00e1(Colombia) el \u00abM\u00e1ster en Responsabilidad Social Corporativa, Contabilidad y Auditor\u00eda Social\u00bb (MRS) y el \u00abM\u00e1ster en Econom\u00eda Social y Direcci\u00f3n de Entidades sin \u00c1nimo de Lucro\u00bb (MES).","og_url":"https:\/\/www.pcb.ub.edu\/es\/cies-promueve-en-colombia-las-estrategias-empresariales-socialmente-responsables\/","og_site_name":"Parc Cient\u00edfic de Barcelona","article_published_time":"2012-06-18T23:00:00+00:00","article_modified_time":"2020-11-16T15:17:30+00:00","og_image":[{"url":"http:\/\/www.pcb.ub.edu\/portal\/imatges_not\/1340809752278.bmp","type":"","width":"","height":""}],"author":"adminpcb","twitter_card":"summary_large_image","twitter_misc":{"Escrito por":"adminpcb","Tiempo de lectura":"1 minuto"},"schema":{"@context":"https:\/\/schema.org","@graph":[{"@type":"Article","@id":"https:\/\/www.pcb.ub.edu\/es\/cies-promueve-en-colombia-las-estrategias-empresariales-socialmente-responsables\/#article","isPartOf":{"@id":"https:\/\/www.pcb.ub.edu\/es\/cies-promueve-en-colombia-las-estrategias-empresariales-socialmente-responsables\/"},"author":{"name":"adminpcb","@id":"https:\/\/www.pcb.ub.edu\/es\/#\/schema\/person\/d13cab05cd0a75b17fddca8496481021"},"headline":"CIES promueve en Colombia las estrategias empresariales socialmente responsables","datePublished":"2012-06-18T23:00:00+00:00","dateModified":"2020-11-16T15:17:30+00:00","mainEntityOfPage":{"@id":"https:\/\/www.pcb.ub.edu\/es\/cies-promueve-en-colombia-las-estrategias-empresariales-socialmente-responsables\/"},"wordCount":292,"image":{"@id":"https:\/\/www.pcb.ub.edu\/es\/cies-promueve-en-colombia-las-estrategias-empresariales-socialmente-responsables\/#primaryimage"},"thumbnailUrl":"http:\/\/www.pcb.ub.edu\/portal\/imatges_not\/1340809752278.bmp","articleSection":["Sin categorizar"],"inLanguage":"es"},{"@type":"WebPage","@id":"https:\/\/www.pcb.ub.edu\/es\/cies-promueve-en-colombia-las-estrategias-empresariales-socialmente-responsables\/","url":"https:\/\/www.pcb.ub.edu\/es\/cies-promueve-en-colombia-las-estrategias-empresariales-socialmente-responsables\/","name":"CIES promueve en Colombia las estrategias empresariales socialmente responsables - Parc Cient\u00edfic de Barcelona","isPartOf":{"@id":"https:\/\/www.pcb.ub.edu\/es\/#website"},"primaryImageOfPage":{"@id":"https:\/\/www.pcb.ub.edu\/es\/cies-promueve-en-colombia-las-estrategias-empresariales-socialmente-responsables\/#primaryimage"},"image":{"@id":"https:\/\/www.pcb.ub.edu\/es\/cies-promueve-en-colombia-las-estrategias-empresariales-socialmente-responsables\/#primaryimage"},"thumbnailUrl":"http:\/\/www.pcb.ub.edu\/portal\/imatges_not\/1340809752278.bmp","datePublished":"2012-06-18T23:00:00+00:00","dateModified":"2020-11-16T15:17:30+00:00","author":{"@id":"https:\/\/www.pcb.ub.edu\/es\/#\/schema\/person\/d13cab05cd0a75b17fddca8496481021"},"breadcrumb":{"@id":"https:\/\/www.pcb.ub.edu\/es\/cies-promueve-en-colombia-las-estrategias-empresariales-socialmente-responsables\/#breadcrumb"},"inLanguage":"es","potentialAction":[{"@type":"ReadAction","target":["https:\/\/www.pcb.ub.edu\/es\/cies-promueve-en-colombia-las-estrategias-empresariales-socialmente-responsables\/"]}]},{"@type":"ImageObject","inLanguage":"es","@id":"https:\/\/www.pcb.ub.edu\/es\/cies-promueve-en-colombia-las-estrategias-empresariales-socialmente-responsables\/#primaryimage","url":"http:\/\/www.pcb.ub.edu\/portal\/imatges_not\/1340809752278.bmp","contentUrl":"http:\/\/www.pcb.ub.edu\/portal\/imatges_not\/1340809752278.bmp"},{"@type":"BreadcrumbList","@id":"https:\/\/www.pcb.ub.edu\/es\/cies-promueve-en-colombia-las-estrategias-empresariales-socialmente-responsables\/#breadcrumb","itemListElement":[{"@type":"ListItem","position":1,"name":"Home","item":"https:\/\/www.pcb.ub.edu\/es\/"},{"@type":"ListItem","position":2,"name":"CIES promueve en Colombia las estrategias empresariales socialmente responsables"}]},{"@type":"WebSite","@id":"https:\/\/www.pcb.ub.edu\/es\/#website","url":"https:\/\/www.pcb.ub.edu\/es\/","name":"Parc Cient\u00edfic de Barcelona","description":"Universitat de Barcelona","potentialAction":[{"@type":"SearchAction","target":{"@type":"EntryPoint","urlTemplate":"https:\/\/www.pcb.ub.edu\/es\/?s={search_term_string}"},"query-input":{"@type":"PropertyValueSpecification","valueRequired":true,"valueName":"search_term_string"}}],"inLanguage":"es"},{"@type":"Person","@id":"https:\/\/www.pcb.ub.edu\/es\/#\/schema\/person\/d13cab05cd0a75b17fddca8496481021","name":"adminpcb","image":{"@type":"ImageObject","inLanguage":"es","@id":"https:\/\/secure.gravatar.com\/avatar\/41ad0fab4bb3bf5348b0af9612159cfd93173a57bbca98fecb50fa6f3ab97d28?s=96&d=mm&r=g","url":"https:\/\/secure.gravatar.com\/avatar\/41ad0fab4bb3bf5348b0af9612159cfd93173a57bbca98fecb50fa6f3ab97d28?s=96&d=mm&r=g","contentUrl":"https:\/\/secure.gravatar.com\/avatar\/41ad0fab4bb3bf5348b0af9612159cfd93173a57bbca98fecb50fa6f3ab97d28?s=96&d=mm&r=g","caption":"adminpcb"},"url":"https:\/\/www.pcb.ub.edu\/es\/author\/adminpcb\/"}]}},"_links":{"self":[{"href":"https:\/\/www.pcb.ub.edu\/es\/wp-json\/wp\/v2\/posts\/37756","targetHints":{"allow":["GET"]}}],"collection":[{"href":"https:\/\/www.pcb.ub.edu\/es\/wp-json\/wp\/v2\/posts"}],"about":[{"href":"https:\/\/www.pcb.ub.edu\/es\/wp-json\/wp\/v2\/types\/post"}],"author":[{"embeddable":true,"href":"https:\/\/www.pcb.ub.edu\/es\/wp-json\/wp\/v2\/users\/1"}],"replies":[{"embeddable":true,"href":"https:\/\/www.pcb.ub.edu\/es\/wp-json\/wp\/v2\/comments?post=37756"}],"version-history":[{"count":1,"href":"https:\/\/www.pcb.ub.edu\/es\/wp-json\/wp\/v2\/posts\/37756\/revisions"}],"predecessor-version":[{"id":43953,"href":"https:\/\/www.pcb.ub.edu\/es\/wp-json\/wp\/v2\/posts\/37756\/revisions\/43953"}],"wp:attachment":[{"href":"https:\/\/www.pcb.ub.edu\/es\/wp-json\/wp\/v2\/media?parent=37756"}],"wp:term":[{"taxonomy":"category","embeddable":true,"href":"https:\/\/www.pcb.ub.edu\/es\/wp-json\/wp\/v2\/categories?post=37756"},{"taxonomy":"post_tag","embeddable":true,"href":"https:\/\/www.pcb.ub.edu\/es\/wp-json\/wp\/v2\/tags?post=37756"}],"curies":[{"name":"wp","href":"https:\/\/api.w.org\/{rel}","templated":true}]}}