{"id":37728,"date":"2012-05-17T00:00:00","date_gmt":"2012-05-16T23:00:00","guid":{"rendered":"http:\/\/www.pcb.ub.edu\/\/una-delegacion-del-cuerpo-consular-acreditado-en-barcelona-visita-el-pcb\/"},"modified":"2020-11-16T16:17:25","modified_gmt":"2020-11-16T15:17:25","slug":"una-delegacion-del-cuerpo-consular-acreditado-en-barcelona-visita-el-pcb","status":"publish","type":"post","link":"https:\/\/www.pcb.ub.edu\/es\/una-delegacion-del-cuerpo-consular-acreditado-en-barcelona-visita-el-pcb\/","title":{"rendered":"Una delegaci\u00f3n del Cuerpo Consular acreditado en Barcelona visita el PCB"},"content":{"rendered":"<p>\u00bb<\/p>\n<div class=\"col-sm-6 detall-noticia-imatges\">\n<div class=\"row\">\n<div class=\"item active one-image\">\n\t\t\t\t\t\t<a class=\"icon-search\" href='http:\/\/www.pcb.ub.edu\/\/wp-content\/uploads\/2020\/11\/1337329892070.jpg'><\/a><br \/>\n\t\t\t\t\t\t<img src='http:\/\/www.pcb.ub.edu\/\/wp-content\/uploads\/2020\/11\/1337329892070.jpg' \/>\n\t\t\t\t\t<\/div><\/div><\/div>\n<p>\t\t\tEl acto de bienvenida \u2014que ha tenido lugar en el Auditorio Antoni Caparr\u00f3s del PCB\u2014 ha estado presidido por Sen\u00e9n Florensa, secretario de Asuntos Exteriores de la Generalitat de Catalunya, y en el transcurso de la sesi\u00f3n tambi\u00e9n han intervenido Salvador Maluquer, director general del Parc Cient\u00edfic de Barcelona, y Montserrat Vendrell, directora general de Biocat, que han realizado una presentaci\u00f3n de las entidades que dirigen y, una vez concluidas, se ha abierto un turno de preguntes y respuestas para resolver las cuestiones planteadas por los asistentes.<\/p>\n<p>A continuaci\u00f3n, la comitiva ha realizado una visita guiada por las instalaciones del Centro Nacional de An\u00e1lisis Gen\u00f3mico (CNAG), creado en 2009 \u2014con el apoyo del antiguo Ministerio de Ciencia e Innovaci\u00f3n y de la Generalitat de Catalunya\u2014 como una plataforma integrada en la Fundaci\u00f3n PCB, y con la misi\u00f3n de asegurar la competitividad internacional de nuestro pa\u00eds en el \u00e1rea estrat\u00e9gica de la gen\u00f3mica.  <\/p>\n<p>Los asistentes han estado acompa\u00f1ados por Jes\u00fas Purroy, director cient\u00edfico del PCB, y David Badia, gerente del CNAG, que les han dado la oportunidad de conocer de primera mano la actividad y l\u00edneas de investigaci\u00f3n que se llevan a cabo en el centro, su potencial estrat\u00e9gico desde el punto de visto econ\u00f3mico, as\u00ed como su repercusi\u00f3n dentro del \u00e1mbito de la I+D+i. <\/p>\n<p><img decoding=\"async\" src=\"..\/img\/Imagen075.jpg\" border=\"0\" width=\"200\" align=\"right\"> <br \/>Actualmente, el CNAG dispone de un equipo de 40 personas, altamente cualificado y de un parque de 12 secuenciadores de \u00faltima generaci\u00f3n, lo que le ha permitido asumir  una capacidad de secuenciaci\u00f3n de hasta  600 Gbases\/ d\u00eda, el equivalente a secuenciar seis genomas humanos al d\u00eda. Esto sit\u00faa al CNAG como el segundo centro en capacidad de secuenciaci\u00f3n de Europa.  <\/p>\n<p>La delegaci\u00f3n consular ha estado integrada por representantes diplom\u00e1ticos de 27 pa\u00edses: Argelia, Argentina, Austria, B\u00e9lgica, Brasil, Canad\u00e1, Croacia, Eslovenia, Finlandia, Francia, Malasia, M\u00e9jico, Nueva Zelanda, Polonia, Rusia, Seychelles, Sri Lanka, Suiza Turqu\u00eda, Chequia y China.  <\/p>\n","protected":false},"excerpt":{"rendered":"<p>Una destacada representaci\u00f3n del Cuerpo Consular acreditado en la Ciudad Condal ha visitado hoy el Parc Cient\u00edfic de Barcelona (PCB), en el marco de una iniciativa promovida por la Secretar\u00eda de Asuntos Exteriores de la Generalitat de Catalunya \u2014con la colaboraci\u00f3n de Biocat (BioRegi\u00f3 de Catalunya)\u2014 con la finalidad de dar a conocer a los representantes diplom\u00e1ticos los puntales internacionales en materia de innovaci\u00f3n de nuestro pa\u00eds.<\/p>\n","protected":false},"author":1,"featured_media":0,"comment_status":"closed","ping_status":"open","sticky":false,"template":"","format":"standard","meta":{"_acf_changed":false,"inline_featured_image":false,"footnotes":""},"categories":[9],"tags":[],"class_list":["post-37728","post","type-post","status-publish","format-standard","category-sin-categorizar"],"acf":[],"yoast_head":"<!-- This site is optimized with the Yoast SEO plugin v27.3 - https:\/\/yoast.com\/product\/yoast-seo-wordpress\/ -->\n<title>Una delegaci\u00f3n del Cuerpo Consular acreditado en Barcelona visita el PCB - Parc Cient\u00edfic de Barcelona<\/title>\n<meta name=\"robots\" content=\"index, follow, max-snippet:-1, max-image-preview:large, max-video-preview:-1\" \/>\n<link rel=\"canonical\" href=\"https:\/\/www.pcb.ub.edu\/es\/una-delegacion-del-cuerpo-consular-acreditado-en-barcelona-visita-el-pcb\/\" \/>\n<meta property=\"og:locale\" content=\"es_ES\" \/>\n<meta property=\"og:type\" content=\"article\" \/>\n<meta property=\"og:title\" content=\"Una delegaci\u00f3n del Cuerpo Consular acreditado en Barcelona visita el PCB - Parc Cient\u00edfic de Barcelona\" \/>\n<meta property=\"og:description\" content=\"Una destacada representaci\u00f3n del Cuerpo Consular acreditado en la Ciudad Condal ha visitado hoy el Parc Cient\u00edfic de Barcelona (PCB), en el marco de una iniciativa promovida por la Secretar\u00eda de Asuntos Exteriores de la Generalitat de Catalunya \u2014con la colaboraci\u00f3n de Biocat (BioRegi\u00f3 de Catalunya)\u2014 con la finalidad de dar a conocer a los representantes diplom\u00e1ticos los puntales internacionales en materia de innovaci\u00f3n de nuestro pa\u00eds.\" \/>\n<meta property=\"og:url\" content=\"https:\/\/www.pcb.ub.edu\/es\/una-delegacion-del-cuerpo-consular-acreditado-en-barcelona-visita-el-pcb\/\" \/>\n<meta property=\"og:site_name\" content=\"Parc Cient\u00edfic de Barcelona\" \/>\n<meta property=\"article:published_time\" content=\"2012-05-16T23:00:00+00:00\" \/>\n<meta property=\"article:modified_time\" content=\"2020-11-16T15:17:25+00:00\" \/>\n<meta property=\"og:image\" content=\"http:\/\/www.pcb.ub.edu\/\/wp-content\/uploads\/2020\/11\/1337329892070.jpg\" \/>\n<meta name=\"author\" content=\"adminpcb\" \/>\n<meta name=\"twitter:card\" content=\"summary_large_image\" \/>\n<meta name=\"twitter:label1\" content=\"Escrito por\" \/>\n\t<meta name=\"twitter:data1\" content=\"adminpcb\" \/>\n\t<meta name=\"twitter:label2\" content=\"Tiempo de lectura\" \/>\n\t<meta name=\"twitter:data2\" content=\"2 minutos\" \/>\n<script type=\"application\/ld+json\" class=\"yoast-schema-graph\">{\"@context\":\"https:\\\/\\\/schema.org\",\"@graph\":[{\"@type\":\"Article\",\"@id\":\"https:\\\/\\\/www.pcb.ub.edu\\\/es\\\/una-delegacion-del-cuerpo-consular-acreditado-en-barcelona-visita-el-pcb\\\/#article\",\"isPartOf\":{\"@id\":\"https:\\\/\\\/www.pcb.ub.edu\\\/es\\\/una-delegacion-del-cuerpo-consular-acreditado-en-barcelona-visita-el-pcb\\\/\"},\"author\":{\"name\":\"adminpcb\",\"@id\":\"https:\\\/\\\/www.pcb.ub.edu\\\/es\\\/#\\\/schema\\\/person\\\/d13cab05cd0a75b17fddca8496481021\"},\"headline\":\"Una delegaci\u00f3n del Cuerpo Consular acreditado en Barcelona visita el PCB\",\"datePublished\":\"2012-05-16T23:00:00+00:00\",\"dateModified\":\"2020-11-16T15:17:25+00:00\",\"mainEntityOfPage\":{\"@id\":\"https:\\\/\\\/www.pcb.ub.edu\\\/es\\\/una-delegacion-del-cuerpo-consular-acreditado-en-barcelona-visita-el-pcb\\\/\"},\"wordCount\":354,\"image\":{\"@id\":\"https:\\\/\\\/www.pcb.ub.edu\\\/es\\\/una-delegacion-del-cuerpo-consular-acreditado-en-barcelona-visita-el-pcb\\\/#primaryimage\"},\"thumbnailUrl\":\"http:\\\/\\\/www.pcb.ub.edu\\\/\\\/wp-content\\\/uploads\\\/2020\\\/11\\\/1337329892070.jpg\",\"articleSection\":[\"Sin categorizar\"],\"inLanguage\":\"es\"},{\"@type\":\"WebPage\",\"@id\":\"https:\\\/\\\/www.pcb.ub.edu\\\/es\\\/una-delegacion-del-cuerpo-consular-acreditado-en-barcelona-visita-el-pcb\\\/\",\"url\":\"https:\\\/\\\/www.pcb.ub.edu\\\/es\\\/una-delegacion-del-cuerpo-consular-acreditado-en-barcelona-visita-el-pcb\\\/\",\"name\":\"Una delegaci\u00f3n del Cuerpo Consular acreditado en Barcelona visita el PCB - Parc Cient\u00edfic de Barcelona\",\"isPartOf\":{\"@id\":\"https:\\\/\\\/www.pcb.ub.edu\\\/es\\\/#website\"},\"primaryImageOfPage\":{\"@id\":\"https:\\\/\\\/www.pcb.ub.edu\\\/es\\\/una-delegacion-del-cuerpo-consular-acreditado-en-barcelona-visita-el-pcb\\\/#primaryimage\"},\"image\":{\"@id\":\"https:\\\/\\\/www.pcb.ub.edu\\\/es\\\/una-delegacion-del-cuerpo-consular-acreditado-en-barcelona-visita-el-pcb\\\/#primaryimage\"},\"thumbnailUrl\":\"http:\\\/\\\/www.pcb.ub.edu\\\/\\\/wp-content\\\/uploads\\\/2020\\\/11\\\/1337329892070.jpg\",\"datePublished\":\"2012-05-16T23:00:00+00:00\",\"dateModified\":\"2020-11-16T15:17:25+00:00\",\"author\":{\"@id\":\"https:\\\/\\\/www.pcb.ub.edu\\\/es\\\/#\\\/schema\\\/person\\\/d13cab05cd0a75b17fddca8496481021\"},\"breadcrumb\":{\"@id\":\"https:\\\/\\\/www.pcb.ub.edu\\\/es\\\/una-delegacion-del-cuerpo-consular-acreditado-en-barcelona-visita-el-pcb\\\/#breadcrumb\"},\"inLanguage\":\"es\",\"potentialAction\":[{\"@type\":\"ReadAction\",\"target\":[\"https:\\\/\\\/www.pcb.ub.edu\\\/es\\\/una-delegacion-del-cuerpo-consular-acreditado-en-barcelona-visita-el-pcb\\\/\"]}]},{\"@type\":\"ImageObject\",\"inLanguage\":\"es\",\"@id\":\"https:\\\/\\\/www.pcb.ub.edu\\\/es\\\/una-delegacion-del-cuerpo-consular-acreditado-en-barcelona-visita-el-pcb\\\/#primaryimage\",\"url\":\"http:\\\/\\\/www.pcb.ub.edu\\\/\\\/wp-content\\\/uploads\\\/2020\\\/11\\\/1337329892070.jpg\",\"contentUrl\":\"http:\\\/\\\/www.pcb.ub.edu\\\/\\\/wp-content\\\/uploads\\\/2020\\\/11\\\/1337329892070.jpg\"},{\"@type\":\"BreadcrumbList\",\"@id\":\"https:\\\/\\\/www.pcb.ub.edu\\\/es\\\/una-delegacion-del-cuerpo-consular-acreditado-en-barcelona-visita-el-pcb\\\/#breadcrumb\",\"itemListElement\":[{\"@type\":\"ListItem\",\"position\":1,\"name\":\"Home\",\"item\":\"https:\\\/\\\/www.pcb.ub.edu\\\/es\\\/\"},{\"@type\":\"ListItem\",\"position\":2,\"name\":\"Una delegaci\u00f3n del Cuerpo Consular acreditado en Barcelona visita el PCB\"}]},{\"@type\":\"WebSite\",\"@id\":\"https:\\\/\\\/www.pcb.ub.edu\\\/es\\\/#website\",\"url\":\"https:\\\/\\\/www.pcb.ub.edu\\\/es\\\/\",\"name\":\"Parc Cient\u00edfic de Barcelona\",\"description\":\"Universitat de Barcelona\",\"potentialAction\":[{\"@type\":\"SearchAction\",\"target\":{\"@type\":\"EntryPoint\",\"urlTemplate\":\"https:\\\/\\\/www.pcb.ub.edu\\\/es\\\/?s={search_term_string}\"},\"query-input\":{\"@type\":\"PropertyValueSpecification\",\"valueRequired\":true,\"valueName\":\"search_term_string\"}}],\"inLanguage\":\"es\"},{\"@type\":\"Person\",\"@id\":\"https:\\\/\\\/www.pcb.ub.edu\\\/es\\\/#\\\/schema\\\/person\\\/d13cab05cd0a75b17fddca8496481021\",\"name\":\"adminpcb\",\"image\":{\"@type\":\"ImageObject\",\"inLanguage\":\"es\",\"@id\":\"https:\\\/\\\/secure.gravatar.com\\\/avatar\\\/41ad0fab4bb3bf5348b0af9612159cfd93173a57bbca98fecb50fa6f3ab97d28?s=96&d=mm&r=g\",\"url\":\"https:\\\/\\\/secure.gravatar.com\\\/avatar\\\/41ad0fab4bb3bf5348b0af9612159cfd93173a57bbca98fecb50fa6f3ab97d28?s=96&d=mm&r=g\",\"contentUrl\":\"https:\\\/\\\/secure.gravatar.com\\\/avatar\\\/41ad0fab4bb3bf5348b0af9612159cfd93173a57bbca98fecb50fa6f3ab97d28?s=96&d=mm&r=g\",\"caption\":\"adminpcb\"},\"url\":\"https:\\\/\\\/www.pcb.ub.edu\\\/es\\\/author\\\/adminpcb\\\/\"}]}<\/script>\n<!-- \/ Yoast SEO plugin. -->","yoast_head_json":{"title":"Una delegaci\u00f3n del Cuerpo Consular acreditado en Barcelona visita el PCB - Parc Cient\u00edfic de Barcelona","robots":{"index":"index","follow":"follow","max-snippet":"max-snippet:-1","max-image-preview":"max-image-preview:large","max-video-preview":"max-video-preview:-1"},"canonical":"https:\/\/www.pcb.ub.edu\/es\/una-delegacion-del-cuerpo-consular-acreditado-en-barcelona-visita-el-pcb\/","og_locale":"es_ES","og_type":"article","og_title":"Una delegaci\u00f3n del Cuerpo Consular acreditado en Barcelona visita el PCB - Parc Cient\u00edfic de Barcelona","og_description":"Una destacada representaci\u00f3n del Cuerpo Consular acreditado en la Ciudad Condal ha visitado hoy el Parc Cient\u00edfic de Barcelona (PCB), en el marco de una iniciativa promovida por la Secretar\u00eda de Asuntos Exteriores de la Generalitat de Catalunya \u2014con la colaboraci\u00f3n de Biocat (BioRegi\u00f3 de Catalunya)\u2014 con la finalidad de dar a conocer a los representantes diplom\u00e1ticos los puntales internacionales en materia de innovaci\u00f3n de nuestro pa\u00eds.","og_url":"https:\/\/www.pcb.ub.edu\/es\/una-delegacion-del-cuerpo-consular-acreditado-en-barcelona-visita-el-pcb\/","og_site_name":"Parc Cient\u00edfic de Barcelona","article_published_time":"2012-05-16T23:00:00+00:00","article_modified_time":"2020-11-16T15:17:25+00:00","og_image":[{"url":"http:\/\/www.pcb.ub.edu\/\/wp-content\/uploads\/2020\/11\/1337329892070.jpg","type":"","width":"","height":""}],"author":"adminpcb","twitter_card":"summary_large_image","twitter_misc":{"Escrito por":"adminpcb","Tiempo de lectura":"2 minutos"},"schema":{"@context":"https:\/\/schema.org","@graph":[{"@type":"Article","@id":"https:\/\/www.pcb.ub.edu\/es\/una-delegacion-del-cuerpo-consular-acreditado-en-barcelona-visita-el-pcb\/#article","isPartOf":{"@id":"https:\/\/www.pcb.ub.edu\/es\/una-delegacion-del-cuerpo-consular-acreditado-en-barcelona-visita-el-pcb\/"},"author":{"name":"adminpcb","@id":"https:\/\/www.pcb.ub.edu\/es\/#\/schema\/person\/d13cab05cd0a75b17fddca8496481021"},"headline":"Una delegaci\u00f3n del Cuerpo Consular acreditado en Barcelona visita el PCB","datePublished":"2012-05-16T23:00:00+00:00","dateModified":"2020-11-16T15:17:25+00:00","mainEntityOfPage":{"@id":"https:\/\/www.pcb.ub.edu\/es\/una-delegacion-del-cuerpo-consular-acreditado-en-barcelona-visita-el-pcb\/"},"wordCount":354,"image":{"@id":"https:\/\/www.pcb.ub.edu\/es\/una-delegacion-del-cuerpo-consular-acreditado-en-barcelona-visita-el-pcb\/#primaryimage"},"thumbnailUrl":"http:\/\/www.pcb.ub.edu\/\/wp-content\/uploads\/2020\/11\/1337329892070.jpg","articleSection":["Sin categorizar"],"inLanguage":"es"},{"@type":"WebPage","@id":"https:\/\/www.pcb.ub.edu\/es\/una-delegacion-del-cuerpo-consular-acreditado-en-barcelona-visita-el-pcb\/","url":"https:\/\/www.pcb.ub.edu\/es\/una-delegacion-del-cuerpo-consular-acreditado-en-barcelona-visita-el-pcb\/","name":"Una delegaci\u00f3n del Cuerpo Consular acreditado en Barcelona visita el PCB - Parc Cient\u00edfic de Barcelona","isPartOf":{"@id":"https:\/\/www.pcb.ub.edu\/es\/#website"},"primaryImageOfPage":{"@id":"https:\/\/www.pcb.ub.edu\/es\/una-delegacion-del-cuerpo-consular-acreditado-en-barcelona-visita-el-pcb\/#primaryimage"},"image":{"@id":"https:\/\/www.pcb.ub.edu\/es\/una-delegacion-del-cuerpo-consular-acreditado-en-barcelona-visita-el-pcb\/#primaryimage"},"thumbnailUrl":"http:\/\/www.pcb.ub.edu\/\/wp-content\/uploads\/2020\/11\/1337329892070.jpg","datePublished":"2012-05-16T23:00:00+00:00","dateModified":"2020-11-16T15:17:25+00:00","author":{"@id":"https:\/\/www.pcb.ub.edu\/es\/#\/schema\/person\/d13cab05cd0a75b17fddca8496481021"},"breadcrumb":{"@id":"https:\/\/www.pcb.ub.edu\/es\/una-delegacion-del-cuerpo-consular-acreditado-en-barcelona-visita-el-pcb\/#breadcrumb"},"inLanguage":"es","potentialAction":[{"@type":"ReadAction","target":["https:\/\/www.pcb.ub.edu\/es\/una-delegacion-del-cuerpo-consular-acreditado-en-barcelona-visita-el-pcb\/"]}]},{"@type":"ImageObject","inLanguage":"es","@id":"https:\/\/www.pcb.ub.edu\/es\/una-delegacion-del-cuerpo-consular-acreditado-en-barcelona-visita-el-pcb\/#primaryimage","url":"http:\/\/www.pcb.ub.edu\/\/wp-content\/uploads\/2020\/11\/1337329892070.jpg","contentUrl":"http:\/\/www.pcb.ub.edu\/\/wp-content\/uploads\/2020\/11\/1337329892070.jpg"},{"@type":"BreadcrumbList","@id":"https:\/\/www.pcb.ub.edu\/es\/una-delegacion-del-cuerpo-consular-acreditado-en-barcelona-visita-el-pcb\/#breadcrumb","itemListElement":[{"@type":"ListItem","position":1,"name":"Home","item":"https:\/\/www.pcb.ub.edu\/es\/"},{"@type":"ListItem","position":2,"name":"Una delegaci\u00f3n del Cuerpo Consular acreditado en Barcelona visita el PCB"}]},{"@type":"WebSite","@id":"https:\/\/www.pcb.ub.edu\/es\/#website","url":"https:\/\/www.pcb.ub.edu\/es\/","name":"Parc Cient\u00edfic de Barcelona","description":"Universitat de Barcelona","potentialAction":[{"@type":"SearchAction","target":{"@type":"EntryPoint","urlTemplate":"https:\/\/www.pcb.ub.edu\/es\/?s={search_term_string}"},"query-input":{"@type":"PropertyValueSpecification","valueRequired":true,"valueName":"search_term_string"}}],"inLanguage":"es"},{"@type":"Person","@id":"https:\/\/www.pcb.ub.edu\/es\/#\/schema\/person\/d13cab05cd0a75b17fddca8496481021","name":"adminpcb","image":{"@type":"ImageObject","inLanguage":"es","@id":"https:\/\/secure.gravatar.com\/avatar\/41ad0fab4bb3bf5348b0af9612159cfd93173a57bbca98fecb50fa6f3ab97d28?s=96&d=mm&r=g","url":"https:\/\/secure.gravatar.com\/avatar\/41ad0fab4bb3bf5348b0af9612159cfd93173a57bbca98fecb50fa6f3ab97d28?s=96&d=mm&r=g","contentUrl":"https:\/\/secure.gravatar.com\/avatar\/41ad0fab4bb3bf5348b0af9612159cfd93173a57bbca98fecb50fa6f3ab97d28?s=96&d=mm&r=g","caption":"adminpcb"},"url":"https:\/\/www.pcb.ub.edu\/es\/author\/adminpcb\/"}]}},"_links":{"self":[{"href":"https:\/\/www.pcb.ub.edu\/es\/wp-json\/wp\/v2\/posts\/37728","targetHints":{"allow":["GET"]}}],"collection":[{"href":"https:\/\/www.pcb.ub.edu\/es\/wp-json\/wp\/v2\/posts"}],"about":[{"href":"https:\/\/www.pcb.ub.edu\/es\/wp-json\/wp\/v2\/types\/post"}],"author":[{"embeddable":true,"href":"https:\/\/www.pcb.ub.edu\/es\/wp-json\/wp\/v2\/users\/1"}],"replies":[{"embeddable":true,"href":"https:\/\/www.pcb.ub.edu\/es\/wp-json\/wp\/v2\/comments?post=37728"}],"version-history":[{"count":1,"href":"https:\/\/www.pcb.ub.edu\/es\/wp-json\/wp\/v2\/posts\/37728\/revisions"}],"predecessor-version":[{"id":43930,"href":"https:\/\/www.pcb.ub.edu\/es\/wp-json\/wp\/v2\/posts\/37728\/revisions\/43930"}],"wp:attachment":[{"href":"https:\/\/www.pcb.ub.edu\/es\/wp-json\/wp\/v2\/media?parent=37728"}],"wp:term":[{"taxonomy":"category","embeddable":true,"href":"https:\/\/www.pcb.ub.edu\/es\/wp-json\/wp\/v2\/categories?post=37728"},{"taxonomy":"post_tag","embeddable":true,"href":"https:\/\/www.pcb.ub.edu\/es\/wp-json\/wp\/v2\/tags?post=37728"}],"curies":[{"name":"wp","href":"https:\/\/api.w.org\/{rel}","templated":true}]}}