{"id":37722,"date":"2012-05-10T00:00:00","date_gmt":"2012-05-09T23:00:00","guid":{"rendered":"http:\/\/www.pcb.ub.edu\/\/la-imagen-biomedica-abre-oportunidades-de-colaboracion-publico-privada\/"},"modified":"2020-11-16T16:17:23","modified_gmt":"2020-11-16T15:17:23","slug":"la-imagen-biomedica-abre-oportunidades-de-colaboracion-publico-privada","status":"publish","type":"post","link":"https:\/\/www.pcb.ub.edu\/es\/la-imagen-biomedica-abre-oportunidades-de-colaboracion-publico-privada\/","title":{"rendered":"La imagen biom\u00e9dica abre oportunidades de colaboraci\u00f3n p\u00fablico-privada"},"content":{"rendered":"<p>\u00bb<\/p>\n<div class=\"col-sm-6 detall-noticia-imatges\">\n<div class=\"row\">\n<div class=\"item active one-image\">\n\t\t\t\t\t\t<a class=\"icon-search\" href='http:\/\/www.pcb.ub.edu\/\/wp-content\/uploads\/2020\/11\/1337012325509.jpg'><\/a><br \/>\n\t\t\t\t\t\t<img src='http:\/\/www.pcb.ub.edu\/\/wp-content\/uploads\/2020\/11\/1337012325509.jpg' \/>\n\t\t\t\t\t<\/div><\/div><\/div>\n<p>\t\t\tEl Foro ha sido inaugurado por Jes\u00fas Purroy, director cient\u00edfico del Parc Cient\u00edfic de Barcelona, \u00c1ngel Lanuza, coordinador de la Plataforma Espa\u00f1ola de Innovaci\u00f3n en Tecnolog\u00eda Sanitaria y Pablo Laguna, director cient\u00edfico del CIBER de Bioingenier\u00eda, Biomateriales y Nanomedicina (CIBER-BBN). Durante su intervenci\u00f3n, Jes\u00fas Purroy ha hecho hincapi\u00e9 en la necesidad de \u00abla colaboraci\u00f3n del mundo de la investigaci\u00f3n, representado por el CIBER-BBN, con el mundo empresarial representado por FENIN como la mejor manera de asegurar el aprovechamiento m\u00e1ximo del talento y recursos en beneficio de la sociedad. La misi\u00f3n del PCB es facilitar que estas colaboraciones se den a menudo y sean fruct\u00edferas\u00bb. <\/p>\n<p> En opini\u00f3n de \u00c1ngel Lanuza: \u00abPuntos de encuentro como \u00e9ste favorecen un acercamiento y transferencia tri-direccional efectiva entre todos los agentes que forman parte del sistema sanitario. Es importante conocernos todos m\u00e1s y mejor, de cara a favorecer nuestra industria.\u00bb <\/p>\n<p>  En el transcurso de la jornada 17 de las compa\u00f1\u00edas participantes, as\u00ed como los grupos del CIBER-BBN, han presentado brevemente sus l\u00edneas de investigaci\u00f3n, intereses y posibilidades de colaboraci\u00f3n en Imagen Biom\u00e9dica. El foro ha finalizado con entrevistas bilaterales entre empresas y grupos para profundizar en los intereses mutuos identificados.  <\/p>\n<p> El CIBER-BBN viene celebrando encuentros con el entorno industrial, con este mismo esquema, desde 2010, contando ya con resultados muy positivos: una patente licenciada; 8 colaboraciones entre grupos CIBER-BBN con empresas; y 18 contactos con previsi\u00f3n de posible colaboraci\u00f3n de los grupos con empresas.  <\/p>\n<p>\u00abMuchos de los grupos del consorcio poseen una amplia experiencia en el \u00e1mbito de la imagen m\u00e9dica, en diferentes l\u00edneas de investigaci\u00f3n, ofreciendo numerosas posibilidades de colaboraci\u00f3n con empresas\u00bb, asegura Pablo Laguna, representante del CIBER-BBN. <\/p>\n","protected":false},"excerpt":{"rendered":"<p>El profundo desarrollo de la tecnolog\u00eda de imagen biom\u00e9dica y su potencial de transferencia han reunido hoy a m\u00e1s de 100 representantes de la industria y grupos de investigaci\u00f3n en el Parc Cient\u00edfic de Barcelona (PCB), en el VII Foro CIBER-BBN \u2013 Empresa, coorganizado por el CIBER-BBN, perteneciente al Instituto de Salud Carlos III, y la Federaci\u00f3n Espa\u00f1ola de Empresas de Tecnolog\u00eda Sanitaria, (FENIN) a trav\u00e9s de la Plataforma Espa\u00f1ola de Innovaci\u00f3n en Tecnolog\u00eda Sanitaria. <\/p>\n","protected":false},"author":1,"featured_media":0,"comment_status":"closed","ping_status":"open","sticky":false,"template":"","format":"standard","meta":{"_acf_changed":false,"inline_featured_image":false,"footnotes":""},"categories":[9],"tags":[],"class_list":["post-37722","post","type-post","status-publish","format-standard","category-sin-categorizar"],"acf":[],"yoast_head":"<!-- This site is optimized with the Yoast SEO plugin v27.3 - https:\/\/yoast.com\/product\/yoast-seo-wordpress\/ -->\n<title>La imagen biom\u00e9dica abre oportunidades de colaboraci\u00f3n p\u00fablico-privada - Parc Cient\u00edfic de Barcelona<\/title>\n<meta name=\"robots\" content=\"index, follow, max-snippet:-1, max-image-preview:large, max-video-preview:-1\" \/>\n<link rel=\"canonical\" href=\"https:\/\/www.pcb.ub.edu\/es\/la-imagen-biomedica-abre-oportunidades-de-colaboracion-publico-privada\/\" \/>\n<meta property=\"og:locale\" content=\"es_ES\" \/>\n<meta property=\"og:type\" content=\"article\" \/>\n<meta property=\"og:title\" content=\"La imagen biom\u00e9dica abre oportunidades de colaboraci\u00f3n p\u00fablico-privada - Parc Cient\u00edfic de Barcelona\" \/>\n<meta property=\"og:description\" content=\"El profundo desarrollo de la tecnolog\u00eda de imagen biom\u00e9dica y su potencial de transferencia han reunido hoy a m\u00e1s de 100 representantes de la industria y grupos de investigaci\u00f3n en el Parc Cient\u00edfic de Barcelona (PCB), en el VII Foro CIBER-BBN \u2013 Empresa, coorganizado por el CIBER-BBN, perteneciente al Instituto de Salud Carlos III, y la Federaci\u00f3n Espa\u00f1ola de Empresas de Tecnolog\u00eda Sanitaria, (FENIN) a trav\u00e9s de la Plataforma Espa\u00f1ola de Innovaci\u00f3n en Tecnolog\u00eda Sanitaria.\" \/>\n<meta property=\"og:url\" content=\"https:\/\/www.pcb.ub.edu\/es\/la-imagen-biomedica-abre-oportunidades-de-colaboracion-publico-privada\/\" \/>\n<meta property=\"og:site_name\" content=\"Parc Cient\u00edfic de Barcelona\" \/>\n<meta property=\"article:published_time\" content=\"2012-05-09T23:00:00+00:00\" \/>\n<meta property=\"article:modified_time\" content=\"2020-11-16T15:17:23+00:00\" \/>\n<meta property=\"og:image\" content=\"http:\/\/www.pcb.ub.edu\/\/wp-content\/uploads\/2020\/11\/1337012325509.jpg\" \/>\n<meta name=\"author\" content=\"adminpcb\" \/>\n<meta name=\"twitter:card\" content=\"summary_large_image\" \/>\n<meta name=\"twitter:label1\" content=\"Escrito por\" \/>\n\t<meta name=\"twitter:data1\" content=\"adminpcb\" \/>\n\t<meta name=\"twitter:label2\" content=\"Tiempo de lectura\" \/>\n\t<meta name=\"twitter:data2\" content=\"1 minuto\" \/>\n<script type=\"application\/ld+json\" class=\"yoast-schema-graph\">{\"@context\":\"https:\\\/\\\/schema.org\",\"@graph\":[{\"@type\":\"Article\",\"@id\":\"https:\\\/\\\/www.pcb.ub.edu\\\/es\\\/la-imagen-biomedica-abre-oportunidades-de-colaboracion-publico-privada\\\/#article\",\"isPartOf\":{\"@id\":\"https:\\\/\\\/www.pcb.ub.edu\\\/es\\\/la-imagen-biomedica-abre-oportunidades-de-colaboracion-publico-privada\\\/\"},\"author\":{\"name\":\"adminpcb\",\"@id\":\"https:\\\/\\\/www.pcb.ub.edu\\\/es\\\/#\\\/schema\\\/person\\\/d13cab05cd0a75b17fddca8496481021\"},\"headline\":\"La imagen biom\u00e9dica abre oportunidades de colaboraci\u00f3n p\u00fablico-privada\",\"datePublished\":\"2012-05-09T23:00:00+00:00\",\"dateModified\":\"2020-11-16T15:17:23+00:00\",\"mainEntityOfPage\":{\"@id\":\"https:\\\/\\\/www.pcb.ub.edu\\\/es\\\/la-imagen-biomedica-abre-oportunidades-de-colaboracion-publico-privada\\\/\"},\"wordCount\":308,\"image\":{\"@id\":\"https:\\\/\\\/www.pcb.ub.edu\\\/es\\\/la-imagen-biomedica-abre-oportunidades-de-colaboracion-publico-privada\\\/#primaryimage\"},\"thumbnailUrl\":\"http:\\\/\\\/www.pcb.ub.edu\\\/\\\/wp-content\\\/uploads\\\/2020\\\/11\\\/1337012325509.jpg\",\"articleSection\":[\"Sin categorizar\"],\"inLanguage\":\"es\"},{\"@type\":\"WebPage\",\"@id\":\"https:\\\/\\\/www.pcb.ub.edu\\\/es\\\/la-imagen-biomedica-abre-oportunidades-de-colaboracion-publico-privada\\\/\",\"url\":\"https:\\\/\\\/www.pcb.ub.edu\\\/es\\\/la-imagen-biomedica-abre-oportunidades-de-colaboracion-publico-privada\\\/\",\"name\":\"La imagen biom\u00e9dica abre oportunidades de colaboraci\u00f3n p\u00fablico-privada - Parc Cient\u00edfic de Barcelona\",\"isPartOf\":{\"@id\":\"https:\\\/\\\/www.pcb.ub.edu\\\/es\\\/#website\"},\"primaryImageOfPage\":{\"@id\":\"https:\\\/\\\/www.pcb.ub.edu\\\/es\\\/la-imagen-biomedica-abre-oportunidades-de-colaboracion-publico-privada\\\/#primaryimage\"},\"image\":{\"@id\":\"https:\\\/\\\/www.pcb.ub.edu\\\/es\\\/la-imagen-biomedica-abre-oportunidades-de-colaboracion-publico-privada\\\/#primaryimage\"},\"thumbnailUrl\":\"http:\\\/\\\/www.pcb.ub.edu\\\/\\\/wp-content\\\/uploads\\\/2020\\\/11\\\/1337012325509.jpg\",\"datePublished\":\"2012-05-09T23:00:00+00:00\",\"dateModified\":\"2020-11-16T15:17:23+00:00\",\"author\":{\"@id\":\"https:\\\/\\\/www.pcb.ub.edu\\\/es\\\/#\\\/schema\\\/person\\\/d13cab05cd0a75b17fddca8496481021\"},\"breadcrumb\":{\"@id\":\"https:\\\/\\\/www.pcb.ub.edu\\\/es\\\/la-imagen-biomedica-abre-oportunidades-de-colaboracion-publico-privada\\\/#breadcrumb\"},\"inLanguage\":\"es\",\"potentialAction\":[{\"@type\":\"ReadAction\",\"target\":[\"https:\\\/\\\/www.pcb.ub.edu\\\/es\\\/la-imagen-biomedica-abre-oportunidades-de-colaboracion-publico-privada\\\/\"]}]},{\"@type\":\"ImageObject\",\"inLanguage\":\"es\",\"@id\":\"https:\\\/\\\/www.pcb.ub.edu\\\/es\\\/la-imagen-biomedica-abre-oportunidades-de-colaboracion-publico-privada\\\/#primaryimage\",\"url\":\"http:\\\/\\\/www.pcb.ub.edu\\\/\\\/wp-content\\\/uploads\\\/2020\\\/11\\\/1337012325509.jpg\",\"contentUrl\":\"http:\\\/\\\/www.pcb.ub.edu\\\/\\\/wp-content\\\/uploads\\\/2020\\\/11\\\/1337012325509.jpg\"},{\"@type\":\"BreadcrumbList\",\"@id\":\"https:\\\/\\\/www.pcb.ub.edu\\\/es\\\/la-imagen-biomedica-abre-oportunidades-de-colaboracion-publico-privada\\\/#breadcrumb\",\"itemListElement\":[{\"@type\":\"ListItem\",\"position\":1,\"name\":\"Home\",\"item\":\"https:\\\/\\\/www.pcb.ub.edu\\\/es\\\/\"},{\"@type\":\"ListItem\",\"position\":2,\"name\":\"La imagen biom\u00e9dica abre oportunidades de colaboraci\u00f3n p\u00fablico-privada\"}]},{\"@type\":\"WebSite\",\"@id\":\"https:\\\/\\\/www.pcb.ub.edu\\\/es\\\/#website\",\"url\":\"https:\\\/\\\/www.pcb.ub.edu\\\/es\\\/\",\"name\":\"Parc Cient\u00edfic de Barcelona\",\"description\":\"Universitat de Barcelona\",\"potentialAction\":[{\"@type\":\"SearchAction\",\"target\":{\"@type\":\"EntryPoint\",\"urlTemplate\":\"https:\\\/\\\/www.pcb.ub.edu\\\/es\\\/?s={search_term_string}\"},\"query-input\":{\"@type\":\"PropertyValueSpecification\",\"valueRequired\":true,\"valueName\":\"search_term_string\"}}],\"inLanguage\":\"es\"},{\"@type\":\"Person\",\"@id\":\"https:\\\/\\\/www.pcb.ub.edu\\\/es\\\/#\\\/schema\\\/person\\\/d13cab05cd0a75b17fddca8496481021\",\"name\":\"adminpcb\",\"image\":{\"@type\":\"ImageObject\",\"inLanguage\":\"es\",\"@id\":\"https:\\\/\\\/secure.gravatar.com\\\/avatar\\\/41ad0fab4bb3bf5348b0af9612159cfd93173a57bbca98fecb50fa6f3ab97d28?s=96&d=mm&r=g\",\"url\":\"https:\\\/\\\/secure.gravatar.com\\\/avatar\\\/41ad0fab4bb3bf5348b0af9612159cfd93173a57bbca98fecb50fa6f3ab97d28?s=96&d=mm&r=g\",\"contentUrl\":\"https:\\\/\\\/secure.gravatar.com\\\/avatar\\\/41ad0fab4bb3bf5348b0af9612159cfd93173a57bbca98fecb50fa6f3ab97d28?s=96&d=mm&r=g\",\"caption\":\"adminpcb\"},\"url\":\"https:\\\/\\\/www.pcb.ub.edu\\\/es\\\/author\\\/adminpcb\\\/\"}]}<\/script>\n<!-- \/ Yoast SEO plugin. -->","yoast_head_json":{"title":"La imagen biom\u00e9dica abre oportunidades de colaboraci\u00f3n p\u00fablico-privada - Parc Cient\u00edfic de Barcelona","robots":{"index":"index","follow":"follow","max-snippet":"max-snippet:-1","max-image-preview":"max-image-preview:large","max-video-preview":"max-video-preview:-1"},"canonical":"https:\/\/www.pcb.ub.edu\/es\/la-imagen-biomedica-abre-oportunidades-de-colaboracion-publico-privada\/","og_locale":"es_ES","og_type":"article","og_title":"La imagen biom\u00e9dica abre oportunidades de colaboraci\u00f3n p\u00fablico-privada - Parc Cient\u00edfic de Barcelona","og_description":"El profundo desarrollo de la tecnolog\u00eda de imagen biom\u00e9dica y su potencial de transferencia han reunido hoy a m\u00e1s de 100 representantes de la industria y grupos de investigaci\u00f3n en el Parc Cient\u00edfic de Barcelona (PCB), en el VII Foro CIBER-BBN \u2013 Empresa, coorganizado por el CIBER-BBN, perteneciente al Instituto de Salud Carlos III, y la Federaci\u00f3n Espa\u00f1ola de Empresas de Tecnolog\u00eda Sanitaria, (FENIN) a trav\u00e9s de la Plataforma Espa\u00f1ola de Innovaci\u00f3n en Tecnolog\u00eda Sanitaria.","og_url":"https:\/\/www.pcb.ub.edu\/es\/la-imagen-biomedica-abre-oportunidades-de-colaboracion-publico-privada\/","og_site_name":"Parc Cient\u00edfic de Barcelona","article_published_time":"2012-05-09T23:00:00+00:00","article_modified_time":"2020-11-16T15:17:23+00:00","og_image":[{"url":"http:\/\/www.pcb.ub.edu\/\/wp-content\/uploads\/2020\/11\/1337012325509.jpg","type":"","width":"","height":""}],"author":"adminpcb","twitter_card":"summary_large_image","twitter_misc":{"Escrito por":"adminpcb","Tiempo de lectura":"1 minuto"},"schema":{"@context":"https:\/\/schema.org","@graph":[{"@type":"Article","@id":"https:\/\/www.pcb.ub.edu\/es\/la-imagen-biomedica-abre-oportunidades-de-colaboracion-publico-privada\/#article","isPartOf":{"@id":"https:\/\/www.pcb.ub.edu\/es\/la-imagen-biomedica-abre-oportunidades-de-colaboracion-publico-privada\/"},"author":{"name":"adminpcb","@id":"https:\/\/www.pcb.ub.edu\/es\/#\/schema\/person\/d13cab05cd0a75b17fddca8496481021"},"headline":"La imagen biom\u00e9dica abre oportunidades de colaboraci\u00f3n p\u00fablico-privada","datePublished":"2012-05-09T23:00:00+00:00","dateModified":"2020-11-16T15:17:23+00:00","mainEntityOfPage":{"@id":"https:\/\/www.pcb.ub.edu\/es\/la-imagen-biomedica-abre-oportunidades-de-colaboracion-publico-privada\/"},"wordCount":308,"image":{"@id":"https:\/\/www.pcb.ub.edu\/es\/la-imagen-biomedica-abre-oportunidades-de-colaboracion-publico-privada\/#primaryimage"},"thumbnailUrl":"http:\/\/www.pcb.ub.edu\/\/wp-content\/uploads\/2020\/11\/1337012325509.jpg","articleSection":["Sin categorizar"],"inLanguage":"es"},{"@type":"WebPage","@id":"https:\/\/www.pcb.ub.edu\/es\/la-imagen-biomedica-abre-oportunidades-de-colaboracion-publico-privada\/","url":"https:\/\/www.pcb.ub.edu\/es\/la-imagen-biomedica-abre-oportunidades-de-colaboracion-publico-privada\/","name":"La imagen biom\u00e9dica abre oportunidades de colaboraci\u00f3n p\u00fablico-privada - Parc Cient\u00edfic de Barcelona","isPartOf":{"@id":"https:\/\/www.pcb.ub.edu\/es\/#website"},"primaryImageOfPage":{"@id":"https:\/\/www.pcb.ub.edu\/es\/la-imagen-biomedica-abre-oportunidades-de-colaboracion-publico-privada\/#primaryimage"},"image":{"@id":"https:\/\/www.pcb.ub.edu\/es\/la-imagen-biomedica-abre-oportunidades-de-colaboracion-publico-privada\/#primaryimage"},"thumbnailUrl":"http:\/\/www.pcb.ub.edu\/\/wp-content\/uploads\/2020\/11\/1337012325509.jpg","datePublished":"2012-05-09T23:00:00+00:00","dateModified":"2020-11-16T15:17:23+00:00","author":{"@id":"https:\/\/www.pcb.ub.edu\/es\/#\/schema\/person\/d13cab05cd0a75b17fddca8496481021"},"breadcrumb":{"@id":"https:\/\/www.pcb.ub.edu\/es\/la-imagen-biomedica-abre-oportunidades-de-colaboracion-publico-privada\/#breadcrumb"},"inLanguage":"es","potentialAction":[{"@type":"ReadAction","target":["https:\/\/www.pcb.ub.edu\/es\/la-imagen-biomedica-abre-oportunidades-de-colaboracion-publico-privada\/"]}]},{"@type":"ImageObject","inLanguage":"es","@id":"https:\/\/www.pcb.ub.edu\/es\/la-imagen-biomedica-abre-oportunidades-de-colaboracion-publico-privada\/#primaryimage","url":"http:\/\/www.pcb.ub.edu\/\/wp-content\/uploads\/2020\/11\/1337012325509.jpg","contentUrl":"http:\/\/www.pcb.ub.edu\/\/wp-content\/uploads\/2020\/11\/1337012325509.jpg"},{"@type":"BreadcrumbList","@id":"https:\/\/www.pcb.ub.edu\/es\/la-imagen-biomedica-abre-oportunidades-de-colaboracion-publico-privada\/#breadcrumb","itemListElement":[{"@type":"ListItem","position":1,"name":"Home","item":"https:\/\/www.pcb.ub.edu\/es\/"},{"@type":"ListItem","position":2,"name":"La imagen biom\u00e9dica abre oportunidades de colaboraci\u00f3n p\u00fablico-privada"}]},{"@type":"WebSite","@id":"https:\/\/www.pcb.ub.edu\/es\/#website","url":"https:\/\/www.pcb.ub.edu\/es\/","name":"Parc Cient\u00edfic de Barcelona","description":"Universitat de Barcelona","potentialAction":[{"@type":"SearchAction","target":{"@type":"EntryPoint","urlTemplate":"https:\/\/www.pcb.ub.edu\/es\/?s={search_term_string}"},"query-input":{"@type":"PropertyValueSpecification","valueRequired":true,"valueName":"search_term_string"}}],"inLanguage":"es"},{"@type":"Person","@id":"https:\/\/www.pcb.ub.edu\/es\/#\/schema\/person\/d13cab05cd0a75b17fddca8496481021","name":"adminpcb","image":{"@type":"ImageObject","inLanguage":"es","@id":"https:\/\/secure.gravatar.com\/avatar\/41ad0fab4bb3bf5348b0af9612159cfd93173a57bbca98fecb50fa6f3ab97d28?s=96&d=mm&r=g","url":"https:\/\/secure.gravatar.com\/avatar\/41ad0fab4bb3bf5348b0af9612159cfd93173a57bbca98fecb50fa6f3ab97d28?s=96&d=mm&r=g","contentUrl":"https:\/\/secure.gravatar.com\/avatar\/41ad0fab4bb3bf5348b0af9612159cfd93173a57bbca98fecb50fa6f3ab97d28?s=96&d=mm&r=g","caption":"adminpcb"},"url":"https:\/\/www.pcb.ub.edu\/es\/author\/adminpcb\/"}]}},"_links":{"self":[{"href":"https:\/\/www.pcb.ub.edu\/es\/wp-json\/wp\/v2\/posts\/37722","targetHints":{"allow":["GET"]}}],"collection":[{"href":"https:\/\/www.pcb.ub.edu\/es\/wp-json\/wp\/v2\/posts"}],"about":[{"href":"https:\/\/www.pcb.ub.edu\/es\/wp-json\/wp\/v2\/types\/post"}],"author":[{"embeddable":true,"href":"https:\/\/www.pcb.ub.edu\/es\/wp-json\/wp\/v2\/users\/1"}],"replies":[{"embeddable":true,"href":"https:\/\/www.pcb.ub.edu\/es\/wp-json\/wp\/v2\/comments?post=37722"}],"version-history":[{"count":1,"href":"https:\/\/www.pcb.ub.edu\/es\/wp-json\/wp\/v2\/posts\/37722\/revisions"}],"predecessor-version":[{"id":43924,"href":"https:\/\/www.pcb.ub.edu\/es\/wp-json\/wp\/v2\/posts\/37722\/revisions\/43924"}],"wp:attachment":[{"href":"https:\/\/www.pcb.ub.edu\/es\/wp-json\/wp\/v2\/media?parent=37722"}],"wp:term":[{"taxonomy":"category","embeddable":true,"href":"https:\/\/www.pcb.ub.edu\/es\/wp-json\/wp\/v2\/categories?post=37722"},{"taxonomy":"post_tag","embeddable":true,"href":"https:\/\/www.pcb.ub.edu\/es\/wp-json\/wp\/v2\/tags?post=37722"}],"curies":[{"name":"wp","href":"https:\/\/api.w.org\/{rel}","templated":true}]}}