{"id":37689,"date":"2011-11-18T00:00:00","date_gmt":"2011-11-17T23:00:00","guid":{"rendered":"http:\/\/www.pcb.ub.edu\/\/intervencions-de-cataloniabio-en-el-bioagoraa-traducir\/"},"modified":"2020-11-16T16:17:16","modified_gmt":"2020-11-16T15:17:16","slug":"intervencions-de-cataloniabio-en-el-bioagoraa-traducir","status":"publish","type":"post","link":"https:\/\/www.pcb.ub.edu\/es\/intervencions-de-cataloniabio-en-el-bioagoraa-traducir\/","title":{"rendered":"Intervencions de CataloniaBIO en el Bio\u00e0goraA TRADUCIR >>>"},"content":{"rendered":"<p>Per altra banda el Secretari General Miquel Vilaplana va participar a la Taula rodona \u00abEls parcs, un entorn per a les empreses?\u00bb debatint amb Francesc Ribera, Director de Pol\u00edgons Industrials de Catalunya, Andr\u00e9s G. Fern\u00e1ndez, Cap de l&#8217;\u00c0rea d&#8217;Innovaci\u00f3 en Biotecnologia de Ferrer i Fernando Albericio, Director General del PCB. <\/p>\n<p> <a href=\"http:\/\/cataloniabio.org\/activitats\/intervencions-de-cataloniabio-en-el-bioagora\/\" target=\"_blank\" class=\"email\" rel=\"noopener noreferrer\">Per a m\u00e9s informaci\u00f3<\/a><\/p>\n","protected":false},"excerpt":{"rendered":"<p>Dins l&#8217;acord que la patronal CataloniaBIO \u2013amb seu al Parc Cient\u00edfic Barcelona\u2013 va signar amb Biopol&#8217;H l&#8217;any passat, entre d&#8217;altres aspectes, \u00e9s troba el fet de participar de manera proactiva a l&#8217;edici\u00f3 del Bio\u00e0gora. En aquesta ocasi\u00f3 el membre de la Junta directiva i CEO d&#8217;Advancell Kenneth Weissmahr va participar en la Taula rodona \u00abL&#8217;economia del Coneixement\u00bb juntament amb  Jes\u00fas Quero, Gerent Parque de Salud de Granada, Francisco Berj\u00f3n, Coordinador de los Parques Cient\u00edficos Bascs i Joaquim Coello, President Consell Social UB.<\/p>\n","protected":false},"author":1,"featured_media":0,"comment_status":"closed","ping_status":"open","sticky":false,"template":"","format":"standard","meta":{"_acf_changed":false,"inline_featured_image":false,"footnotes":""},"categories":[9],"tags":[],"class_list":["post-37689","post","type-post","status-publish","format-standard","category-sin-categorizar"],"acf":[],"yoast_head":"<!-- This site is optimized with the Yoast SEO plugin v27.3 - https:\/\/yoast.com\/product\/yoast-seo-wordpress\/ -->\n<title>Intervencions de CataloniaBIO en el Bio\u00e0goraA TRADUCIR &gt;&gt;&gt; - Parc Cient\u00edfic de Barcelona<\/title>\n<meta name=\"robots\" content=\"index, follow, max-snippet:-1, max-image-preview:large, max-video-preview:-1\" \/>\n<link rel=\"canonical\" href=\"https:\/\/www.pcb.ub.edu\/es\/intervencions-de-cataloniabio-en-el-bioagoraa-traducir\/\" \/>\n<meta property=\"og:locale\" content=\"es_ES\" \/>\n<meta property=\"og:type\" content=\"article\" \/>\n<meta property=\"og:title\" content=\"Intervencions de CataloniaBIO en el Bio\u00e0goraA TRADUCIR &gt;&gt;&gt; - Parc Cient\u00edfic de Barcelona\" \/>\n<meta property=\"og:description\" content=\"Dins l&#039;acord que la patronal CataloniaBIO \u2013amb seu al Parc Cient\u00edfic Barcelona\u2013 va signar amb Biopol&#039;H l&#039;any passat, entre d&#039;altres aspectes, \u00e9s troba el fet de participar de manera proactiva a l&#039;edici\u00f3 del Bio\u00e0gora. En aquesta ocasi\u00f3 el membre de la Junta directiva i CEO d&#039;Advancell Kenneth Weissmahr va participar en la Taula rodona &quot;L&#039;economia del Coneixement&quot; juntament amb Jes\u00fas Quero, Gerent Parque de Salud de Granada, Francisco Berj\u00f3n, Coordinador de los Parques Cient\u00edficos Bascs i Joaquim Coello, President Consell Social UB.\" \/>\n<meta property=\"og:url\" content=\"https:\/\/www.pcb.ub.edu\/es\/intervencions-de-cataloniabio-en-el-bioagoraa-traducir\/\" \/>\n<meta property=\"og:site_name\" content=\"Parc Cient\u00edfic de Barcelona\" \/>\n<meta property=\"article:published_time\" content=\"2011-11-17T23:00:00+00:00\" \/>\n<meta property=\"article:modified_time\" content=\"2020-11-16T15:17:16+00:00\" \/>\n<meta name=\"author\" content=\"adminpcb\" \/>\n<meta name=\"twitter:card\" content=\"summary_large_image\" \/>\n<meta name=\"twitter:label1\" content=\"Escrito por\" \/>\n\t<meta name=\"twitter:data1\" content=\"adminpcb\" \/>\n<script type=\"application\/ld+json\" class=\"yoast-schema-graph\">{\"@context\":\"https:\\\/\\\/schema.org\",\"@graph\":[{\"@type\":\"Article\",\"@id\":\"https:\\\/\\\/www.pcb.ub.edu\\\/es\\\/intervencions-de-cataloniabio-en-el-bioagoraa-traducir\\\/#article\",\"isPartOf\":{\"@id\":\"https:\\\/\\\/www.pcb.ub.edu\\\/es\\\/intervencions-de-cataloniabio-en-el-bioagoraa-traducir\\\/\"},\"author\":{\"name\":\"adminpcb\",\"@id\":\"https:\\\/\\\/www.pcb.ub.edu\\\/es\\\/#\\\/schema\\\/person\\\/d13cab05cd0a75b17fddca8496481021\"},\"headline\":\"Intervencions de CataloniaBIO en el Bio\u00e0goraA TRADUCIR >>>\",\"datePublished\":\"2011-11-17T23:00:00+00:00\",\"dateModified\":\"2020-11-16T15:17:16+00:00\",\"mainEntityOfPage\":{\"@id\":\"https:\\\/\\\/www.pcb.ub.edu\\\/es\\\/intervencions-de-cataloniabio-en-el-bioagoraa-traducir\\\/\"},\"wordCount\":67,\"articleSection\":[\"Sin categorizar\"],\"inLanguage\":\"es\"},{\"@type\":\"WebPage\",\"@id\":\"https:\\\/\\\/www.pcb.ub.edu\\\/es\\\/intervencions-de-cataloniabio-en-el-bioagoraa-traducir\\\/\",\"url\":\"https:\\\/\\\/www.pcb.ub.edu\\\/es\\\/intervencions-de-cataloniabio-en-el-bioagoraa-traducir\\\/\",\"name\":\"Intervencions de CataloniaBIO en el Bio\u00e0goraA TRADUCIR >>> - Parc Cient\u00edfic de Barcelona\",\"isPartOf\":{\"@id\":\"https:\\\/\\\/www.pcb.ub.edu\\\/es\\\/#website\"},\"datePublished\":\"2011-11-17T23:00:00+00:00\",\"dateModified\":\"2020-11-16T15:17:16+00:00\",\"author\":{\"@id\":\"https:\\\/\\\/www.pcb.ub.edu\\\/es\\\/#\\\/schema\\\/person\\\/d13cab05cd0a75b17fddca8496481021\"},\"breadcrumb\":{\"@id\":\"https:\\\/\\\/www.pcb.ub.edu\\\/es\\\/intervencions-de-cataloniabio-en-el-bioagoraa-traducir\\\/#breadcrumb\"},\"inLanguage\":\"es\",\"potentialAction\":[{\"@type\":\"ReadAction\",\"target\":[\"https:\\\/\\\/www.pcb.ub.edu\\\/es\\\/intervencions-de-cataloniabio-en-el-bioagoraa-traducir\\\/\"]}]},{\"@type\":\"BreadcrumbList\",\"@id\":\"https:\\\/\\\/www.pcb.ub.edu\\\/es\\\/intervencions-de-cataloniabio-en-el-bioagoraa-traducir\\\/#breadcrumb\",\"itemListElement\":[{\"@type\":\"ListItem\",\"position\":1,\"name\":\"Home\",\"item\":\"https:\\\/\\\/www.pcb.ub.edu\\\/es\\\/\"},{\"@type\":\"ListItem\",\"position\":2,\"name\":\"Intervencions de CataloniaBIO en el Bio\u00e0goraA TRADUCIR >>>\"}]},{\"@type\":\"WebSite\",\"@id\":\"https:\\\/\\\/www.pcb.ub.edu\\\/es\\\/#website\",\"url\":\"https:\\\/\\\/www.pcb.ub.edu\\\/es\\\/\",\"name\":\"Parc Cient\u00edfic de Barcelona\",\"description\":\"Universitat de Barcelona\",\"potentialAction\":[{\"@type\":\"SearchAction\",\"target\":{\"@type\":\"EntryPoint\",\"urlTemplate\":\"https:\\\/\\\/www.pcb.ub.edu\\\/es\\\/?s={search_term_string}\"},\"query-input\":{\"@type\":\"PropertyValueSpecification\",\"valueRequired\":true,\"valueName\":\"search_term_string\"}}],\"inLanguage\":\"es\"},{\"@type\":\"Person\",\"@id\":\"https:\\\/\\\/www.pcb.ub.edu\\\/es\\\/#\\\/schema\\\/person\\\/d13cab05cd0a75b17fddca8496481021\",\"name\":\"adminpcb\",\"image\":{\"@type\":\"ImageObject\",\"inLanguage\":\"es\",\"@id\":\"https:\\\/\\\/secure.gravatar.com\\\/avatar\\\/41ad0fab4bb3bf5348b0af9612159cfd93173a57bbca98fecb50fa6f3ab97d28?s=96&d=mm&r=g\",\"url\":\"https:\\\/\\\/secure.gravatar.com\\\/avatar\\\/41ad0fab4bb3bf5348b0af9612159cfd93173a57bbca98fecb50fa6f3ab97d28?s=96&d=mm&r=g\",\"contentUrl\":\"https:\\\/\\\/secure.gravatar.com\\\/avatar\\\/41ad0fab4bb3bf5348b0af9612159cfd93173a57bbca98fecb50fa6f3ab97d28?s=96&d=mm&r=g\",\"caption\":\"adminpcb\"},\"url\":\"https:\\\/\\\/www.pcb.ub.edu\\\/es\\\/author\\\/adminpcb\\\/\"}]}<\/script>\n<!-- \/ Yoast SEO plugin. -->","yoast_head_json":{"title":"Intervencions de CataloniaBIO en el Bio\u00e0goraA TRADUCIR >>> - Parc Cient\u00edfic de Barcelona","robots":{"index":"index","follow":"follow","max-snippet":"max-snippet:-1","max-image-preview":"max-image-preview:large","max-video-preview":"max-video-preview:-1"},"canonical":"https:\/\/www.pcb.ub.edu\/es\/intervencions-de-cataloniabio-en-el-bioagoraa-traducir\/","og_locale":"es_ES","og_type":"article","og_title":"Intervencions de CataloniaBIO en el Bio\u00e0goraA TRADUCIR >>> - Parc Cient\u00edfic de Barcelona","og_description":"Dins l'acord que la patronal CataloniaBIO \u2013amb seu al Parc Cient\u00edfic Barcelona\u2013 va signar amb Biopol'H l'any passat, entre d'altres aspectes, \u00e9s troba el fet de participar de manera proactiva a l'edici\u00f3 del Bio\u00e0gora. En aquesta ocasi\u00f3 el membre de la Junta directiva i CEO d'Advancell Kenneth Weissmahr va participar en la Taula rodona \"L'economia del Coneixement\" juntament amb Jes\u00fas Quero, Gerent Parque de Salud de Granada, Francisco Berj\u00f3n, Coordinador de los Parques Cient\u00edficos Bascs i Joaquim Coello, President Consell Social UB.","og_url":"https:\/\/www.pcb.ub.edu\/es\/intervencions-de-cataloniabio-en-el-bioagoraa-traducir\/","og_site_name":"Parc Cient\u00edfic de Barcelona","article_published_time":"2011-11-17T23:00:00+00:00","article_modified_time":"2020-11-16T15:17:16+00:00","author":"adminpcb","twitter_card":"summary_large_image","twitter_misc":{"Escrito por":"adminpcb"},"schema":{"@context":"https:\/\/schema.org","@graph":[{"@type":"Article","@id":"https:\/\/www.pcb.ub.edu\/es\/intervencions-de-cataloniabio-en-el-bioagoraa-traducir\/#article","isPartOf":{"@id":"https:\/\/www.pcb.ub.edu\/es\/intervencions-de-cataloniabio-en-el-bioagoraa-traducir\/"},"author":{"name":"adminpcb","@id":"https:\/\/www.pcb.ub.edu\/es\/#\/schema\/person\/d13cab05cd0a75b17fddca8496481021"},"headline":"Intervencions de CataloniaBIO en el Bio\u00e0goraA TRADUCIR >>>","datePublished":"2011-11-17T23:00:00+00:00","dateModified":"2020-11-16T15:17:16+00:00","mainEntityOfPage":{"@id":"https:\/\/www.pcb.ub.edu\/es\/intervencions-de-cataloniabio-en-el-bioagoraa-traducir\/"},"wordCount":67,"articleSection":["Sin categorizar"],"inLanguage":"es"},{"@type":"WebPage","@id":"https:\/\/www.pcb.ub.edu\/es\/intervencions-de-cataloniabio-en-el-bioagoraa-traducir\/","url":"https:\/\/www.pcb.ub.edu\/es\/intervencions-de-cataloniabio-en-el-bioagoraa-traducir\/","name":"Intervencions de CataloniaBIO en el Bio\u00e0goraA TRADUCIR >>> - Parc Cient\u00edfic de Barcelona","isPartOf":{"@id":"https:\/\/www.pcb.ub.edu\/es\/#website"},"datePublished":"2011-11-17T23:00:00+00:00","dateModified":"2020-11-16T15:17:16+00:00","author":{"@id":"https:\/\/www.pcb.ub.edu\/es\/#\/schema\/person\/d13cab05cd0a75b17fddca8496481021"},"breadcrumb":{"@id":"https:\/\/www.pcb.ub.edu\/es\/intervencions-de-cataloniabio-en-el-bioagoraa-traducir\/#breadcrumb"},"inLanguage":"es","potentialAction":[{"@type":"ReadAction","target":["https:\/\/www.pcb.ub.edu\/es\/intervencions-de-cataloniabio-en-el-bioagoraa-traducir\/"]}]},{"@type":"BreadcrumbList","@id":"https:\/\/www.pcb.ub.edu\/es\/intervencions-de-cataloniabio-en-el-bioagoraa-traducir\/#breadcrumb","itemListElement":[{"@type":"ListItem","position":1,"name":"Home","item":"https:\/\/www.pcb.ub.edu\/es\/"},{"@type":"ListItem","position":2,"name":"Intervencions de CataloniaBIO en el Bio\u00e0goraA TRADUCIR >>>"}]},{"@type":"WebSite","@id":"https:\/\/www.pcb.ub.edu\/es\/#website","url":"https:\/\/www.pcb.ub.edu\/es\/","name":"Parc Cient\u00edfic de Barcelona","description":"Universitat de Barcelona","potentialAction":[{"@type":"SearchAction","target":{"@type":"EntryPoint","urlTemplate":"https:\/\/www.pcb.ub.edu\/es\/?s={search_term_string}"},"query-input":{"@type":"PropertyValueSpecification","valueRequired":true,"valueName":"search_term_string"}}],"inLanguage":"es"},{"@type":"Person","@id":"https:\/\/www.pcb.ub.edu\/es\/#\/schema\/person\/d13cab05cd0a75b17fddca8496481021","name":"adminpcb","image":{"@type":"ImageObject","inLanguage":"es","@id":"https:\/\/secure.gravatar.com\/avatar\/41ad0fab4bb3bf5348b0af9612159cfd93173a57bbca98fecb50fa6f3ab97d28?s=96&d=mm&r=g","url":"https:\/\/secure.gravatar.com\/avatar\/41ad0fab4bb3bf5348b0af9612159cfd93173a57bbca98fecb50fa6f3ab97d28?s=96&d=mm&r=g","contentUrl":"https:\/\/secure.gravatar.com\/avatar\/41ad0fab4bb3bf5348b0af9612159cfd93173a57bbca98fecb50fa6f3ab97d28?s=96&d=mm&r=g","caption":"adminpcb"},"url":"https:\/\/www.pcb.ub.edu\/es\/author\/adminpcb\/"}]}},"_links":{"self":[{"href":"https:\/\/www.pcb.ub.edu\/es\/wp-json\/wp\/v2\/posts\/37689","targetHints":{"allow":["GET"]}}],"collection":[{"href":"https:\/\/www.pcb.ub.edu\/es\/wp-json\/wp\/v2\/posts"}],"about":[{"href":"https:\/\/www.pcb.ub.edu\/es\/wp-json\/wp\/v2\/types\/post"}],"author":[{"embeddable":true,"href":"https:\/\/www.pcb.ub.edu\/es\/wp-json\/wp\/v2\/users\/1"}],"replies":[{"embeddable":true,"href":"https:\/\/www.pcb.ub.edu\/es\/wp-json\/wp\/v2\/comments?post=37689"}],"version-history":[{"count":1,"href":"https:\/\/www.pcb.ub.edu\/es\/wp-json\/wp\/v2\/posts\/37689\/revisions"}],"predecessor-version":[{"id":43893,"href":"https:\/\/www.pcb.ub.edu\/es\/wp-json\/wp\/v2\/posts\/37689\/revisions\/43893"}],"wp:attachment":[{"href":"https:\/\/www.pcb.ub.edu\/es\/wp-json\/wp\/v2\/media?parent=37689"}],"wp:term":[{"taxonomy":"category","embeddable":true,"href":"https:\/\/www.pcb.ub.edu\/es\/wp-json\/wp\/v2\/categories?post=37689"},{"taxonomy":"post_tag","embeddable":true,"href":"https:\/\/www.pcb.ub.edu\/es\/wp-json\/wp\/v2\/tags?post=37689"}],"curies":[{"name":"wp","href":"https:\/\/api.w.org\/{rel}","templated":true}]}}