{"id":37609,"date":"2004-06-16T00:00:00","date_gmt":"2004-06-15T23:00:00","guid":{"rendered":"http:\/\/www.pcb.ub.edu\/\/premiado-el-calendario-del-pcb-2004\/"},"modified":"2020-11-16T16:16:58","modified_gmt":"2020-11-16T15:16:58","slug":"premiado-el-calendario-del-pcb-2004","status":"publish","type":"post","link":"https:\/\/www.pcb.ub.edu\/es\/premiado-el-calendario-del-pcb-2004\/","title":{"rendered":"Premiado el Calendario del PCB 2004"},"content":{"rendered":"<p>\u00bb<\/p>\n<div class=\"col-sm-6 detall-noticia-imatges\">\n<div class=\"row\">\n<div class=\"item active one-image\">\n\t\t\t\t\t\t<a class=\"icon-search\" href='http:\/\/www.pcb.ub.edu\/\/wp-content\/uploads\/2020\/11\/1087540348699.jpg'><\/a><br \/>\n\t\t\t\t\t\t<img src='http:\/\/www.pcb.ub.edu\/\/wp-content\/uploads\/2020\/11\/1087540348699.jpg' \/>\n\t\t\t\t\t<\/div><\/div><\/div>\n<p>\t\t\tEl Calendario del PCB 2004, dise\u00f1ado por Jaume Aymerich, est\u00e1 dedicado al patrimonio hist\u00f3rico farmac\u00e9utico. En concreto, se basa en unas fotograf\u00edas de Raimon Sol\u00e0 sobre los objetos y el mobiliario de la farmacia Vilardell, ubicada hace m\u00e1s de cien a\u00f1os en un chafl\u00e1n del Eixample barcelon\u00e9s. Con la realizaci\u00f3n de este calendario, el Parc Cient\u00edfic de Barcelona quiso colaborar en la divulgaci\u00f3n de este patrimonio. <\/p>\n","protected":false},"excerpt":{"rendered":"<p>El Calendario del PCB 2004 ha sido premiado en el 53\u00e8 Concurso de Artes Gr\u00e1ficas del Gremio de Industrias Gr\u00e1ficas de Catalu\u00f1a por la calidad de su impresi\u00f3n realizada por la empresa System BCN. El sistema de impresi\u00f3n utilizado, el offset h\u00famedo, proporciona una calidad fotogr\u00e1fica por la que el Calendario del PCB 2003 tambi\u00e9n fue premiado el a\u00f1o pasado.<\/p>\n","protected":false},"author":1,"featured_media":0,"comment_status":"closed","ping_status":"open","sticky":false,"template":"","format":"standard","meta":{"_acf_changed":false,"inline_featured_image":false,"footnotes":""},"categories":[9],"tags":[],"class_list":["post-37609","post","type-post","status-publish","format-standard","category-sin-categorizar"],"acf":[],"yoast_head":"<!-- This site is optimized with the Yoast SEO plugin v27.3 - https:\/\/yoast.com\/product\/yoast-seo-wordpress\/ -->\n<title>Premiado el Calendario del PCB 2004 - Parc Cient\u00edfic de Barcelona<\/title>\n<meta name=\"robots\" content=\"index, follow, max-snippet:-1, max-image-preview:large, max-video-preview:-1\" \/>\n<link rel=\"canonical\" href=\"https:\/\/www.pcb.ub.edu\/es\/premiado-el-calendario-del-pcb-2004\/\" \/>\n<meta property=\"og:locale\" content=\"es_ES\" \/>\n<meta property=\"og:type\" content=\"article\" \/>\n<meta property=\"og:title\" content=\"Premiado el Calendario del PCB 2004 - Parc Cient\u00edfic de Barcelona\" \/>\n<meta property=\"og:description\" content=\"El Calendario del PCB 2004 ha sido premiado en el 53\u00e8 Concurso de Artes Gr\u00e1ficas del Gremio de Industrias Gr\u00e1ficas de Catalu\u00f1a por la calidad de su impresi\u00f3n realizada por la empresa System BCN. El sistema de impresi\u00f3n utilizado, el offset h\u00famedo, proporciona una calidad fotogr\u00e1fica por la que el Calendario del PCB 2003 tambi\u00e9n fue premiado el a\u00f1o pasado.\" \/>\n<meta property=\"og:url\" content=\"https:\/\/www.pcb.ub.edu\/es\/premiado-el-calendario-del-pcb-2004\/\" \/>\n<meta property=\"og:site_name\" content=\"Parc Cient\u00edfic de Barcelona\" \/>\n<meta property=\"article:published_time\" content=\"2004-06-15T23:00:00+00:00\" \/>\n<meta property=\"article:modified_time\" content=\"2020-11-16T15:16:58+00:00\" \/>\n<meta property=\"og:image\" content=\"http:\/\/www.pcb.ub.edu\/\/wp-content\/uploads\/2020\/11\/1087540348699.jpg\" \/>\n<meta name=\"author\" content=\"adminpcb\" \/>\n<meta name=\"twitter:card\" content=\"summary_large_image\" \/>\n<meta name=\"twitter:label1\" content=\"Escrito por\" \/>\n\t<meta name=\"twitter:data1\" content=\"adminpcb\" \/>\n<script type=\"application\/ld+json\" class=\"yoast-schema-graph\">{\"@context\":\"https:\\\/\\\/schema.org\",\"@graph\":[{\"@type\":\"Article\",\"@id\":\"https:\\\/\\\/www.pcb.ub.edu\\\/es\\\/premiado-el-calendario-del-pcb-2004\\\/#article\",\"isPartOf\":{\"@id\":\"https:\\\/\\\/www.pcb.ub.edu\\\/es\\\/premiado-el-calendario-del-pcb-2004\\\/\"},\"author\":{\"name\":\"adminpcb\",\"@id\":\"https:\\\/\\\/www.pcb.ub.edu\\\/es\\\/#\\\/schema\\\/person\\\/d13cab05cd0a75b17fddca8496481021\"},\"headline\":\"Premiado el Calendario del PCB 2004\",\"datePublished\":\"2004-06-15T23:00:00+00:00\",\"dateModified\":\"2020-11-16T15:16:58+00:00\",\"mainEntityOfPage\":{\"@id\":\"https:\\\/\\\/www.pcb.ub.edu\\\/es\\\/premiado-el-calendario-del-pcb-2004\\\/\"},\"wordCount\":81,\"image\":{\"@id\":\"https:\\\/\\\/www.pcb.ub.edu\\\/es\\\/premiado-el-calendario-del-pcb-2004\\\/#primaryimage\"},\"thumbnailUrl\":\"http:\\\/\\\/www.pcb.ub.edu\\\/\\\/wp-content\\\/uploads\\\/2020\\\/11\\\/1087540348699.jpg\",\"articleSection\":[\"Sin categorizar\"],\"inLanguage\":\"es\"},{\"@type\":\"WebPage\",\"@id\":\"https:\\\/\\\/www.pcb.ub.edu\\\/es\\\/premiado-el-calendario-del-pcb-2004\\\/\",\"url\":\"https:\\\/\\\/www.pcb.ub.edu\\\/es\\\/premiado-el-calendario-del-pcb-2004\\\/\",\"name\":\"Premiado el Calendario del PCB 2004 - Parc Cient\u00edfic de Barcelona\",\"isPartOf\":{\"@id\":\"https:\\\/\\\/www.pcb.ub.edu\\\/es\\\/#website\"},\"primaryImageOfPage\":{\"@id\":\"https:\\\/\\\/www.pcb.ub.edu\\\/es\\\/premiado-el-calendario-del-pcb-2004\\\/#primaryimage\"},\"image\":{\"@id\":\"https:\\\/\\\/www.pcb.ub.edu\\\/es\\\/premiado-el-calendario-del-pcb-2004\\\/#primaryimage\"},\"thumbnailUrl\":\"http:\\\/\\\/www.pcb.ub.edu\\\/\\\/wp-content\\\/uploads\\\/2020\\\/11\\\/1087540348699.jpg\",\"datePublished\":\"2004-06-15T23:00:00+00:00\",\"dateModified\":\"2020-11-16T15:16:58+00:00\",\"author\":{\"@id\":\"https:\\\/\\\/www.pcb.ub.edu\\\/es\\\/#\\\/schema\\\/person\\\/d13cab05cd0a75b17fddca8496481021\"},\"breadcrumb\":{\"@id\":\"https:\\\/\\\/www.pcb.ub.edu\\\/es\\\/premiado-el-calendario-del-pcb-2004\\\/#breadcrumb\"},\"inLanguage\":\"es\",\"potentialAction\":[{\"@type\":\"ReadAction\",\"target\":[\"https:\\\/\\\/www.pcb.ub.edu\\\/es\\\/premiado-el-calendario-del-pcb-2004\\\/\"]}]},{\"@type\":\"ImageObject\",\"inLanguage\":\"es\",\"@id\":\"https:\\\/\\\/www.pcb.ub.edu\\\/es\\\/premiado-el-calendario-del-pcb-2004\\\/#primaryimage\",\"url\":\"http:\\\/\\\/www.pcb.ub.edu\\\/\\\/wp-content\\\/uploads\\\/2020\\\/11\\\/1087540348699.jpg\",\"contentUrl\":\"http:\\\/\\\/www.pcb.ub.edu\\\/\\\/wp-content\\\/uploads\\\/2020\\\/11\\\/1087540348699.jpg\"},{\"@type\":\"BreadcrumbList\",\"@id\":\"https:\\\/\\\/www.pcb.ub.edu\\\/es\\\/premiado-el-calendario-del-pcb-2004\\\/#breadcrumb\",\"itemListElement\":[{\"@type\":\"ListItem\",\"position\":1,\"name\":\"Home\",\"item\":\"https:\\\/\\\/www.pcb.ub.edu\\\/es\\\/\"},{\"@type\":\"ListItem\",\"position\":2,\"name\":\"Premiado el Calendario del PCB 2004\"}]},{\"@type\":\"WebSite\",\"@id\":\"https:\\\/\\\/www.pcb.ub.edu\\\/es\\\/#website\",\"url\":\"https:\\\/\\\/www.pcb.ub.edu\\\/es\\\/\",\"name\":\"Parc Cient\u00edfic de Barcelona\",\"description\":\"Universitat de Barcelona\",\"potentialAction\":[{\"@type\":\"SearchAction\",\"target\":{\"@type\":\"EntryPoint\",\"urlTemplate\":\"https:\\\/\\\/www.pcb.ub.edu\\\/es\\\/?s={search_term_string}\"},\"query-input\":{\"@type\":\"PropertyValueSpecification\",\"valueRequired\":true,\"valueName\":\"search_term_string\"}}],\"inLanguage\":\"es\"},{\"@type\":\"Person\",\"@id\":\"https:\\\/\\\/www.pcb.ub.edu\\\/es\\\/#\\\/schema\\\/person\\\/d13cab05cd0a75b17fddca8496481021\",\"name\":\"adminpcb\",\"image\":{\"@type\":\"ImageObject\",\"inLanguage\":\"es\",\"@id\":\"https:\\\/\\\/secure.gravatar.com\\\/avatar\\\/41ad0fab4bb3bf5348b0af9612159cfd93173a57bbca98fecb50fa6f3ab97d28?s=96&d=mm&r=g\",\"url\":\"https:\\\/\\\/secure.gravatar.com\\\/avatar\\\/41ad0fab4bb3bf5348b0af9612159cfd93173a57bbca98fecb50fa6f3ab97d28?s=96&d=mm&r=g\",\"contentUrl\":\"https:\\\/\\\/secure.gravatar.com\\\/avatar\\\/41ad0fab4bb3bf5348b0af9612159cfd93173a57bbca98fecb50fa6f3ab97d28?s=96&d=mm&r=g\",\"caption\":\"adminpcb\"},\"url\":\"https:\\\/\\\/www.pcb.ub.edu\\\/es\\\/author\\\/adminpcb\\\/\"}]}<\/script>\n<!-- \/ Yoast SEO plugin. -->","yoast_head_json":{"title":"Premiado el Calendario del PCB 2004 - Parc Cient\u00edfic de Barcelona","robots":{"index":"index","follow":"follow","max-snippet":"max-snippet:-1","max-image-preview":"max-image-preview:large","max-video-preview":"max-video-preview:-1"},"canonical":"https:\/\/www.pcb.ub.edu\/es\/premiado-el-calendario-del-pcb-2004\/","og_locale":"es_ES","og_type":"article","og_title":"Premiado el Calendario del PCB 2004 - Parc Cient\u00edfic de Barcelona","og_description":"El Calendario del PCB 2004 ha sido premiado en el 53\u00e8 Concurso de Artes Gr\u00e1ficas del Gremio de Industrias Gr\u00e1ficas de Catalu\u00f1a por la calidad de su impresi\u00f3n realizada por la empresa System BCN. El sistema de impresi\u00f3n utilizado, el offset h\u00famedo, proporciona una calidad fotogr\u00e1fica por la que el Calendario del PCB 2003 tambi\u00e9n fue premiado el a\u00f1o pasado.","og_url":"https:\/\/www.pcb.ub.edu\/es\/premiado-el-calendario-del-pcb-2004\/","og_site_name":"Parc Cient\u00edfic de Barcelona","article_published_time":"2004-06-15T23:00:00+00:00","article_modified_time":"2020-11-16T15:16:58+00:00","og_image":[{"url":"http:\/\/www.pcb.ub.edu\/\/wp-content\/uploads\/2020\/11\/1087540348699.jpg","type":"","width":"","height":""}],"author":"adminpcb","twitter_card":"summary_large_image","twitter_misc":{"Escrito por":"adminpcb"},"schema":{"@context":"https:\/\/schema.org","@graph":[{"@type":"Article","@id":"https:\/\/www.pcb.ub.edu\/es\/premiado-el-calendario-del-pcb-2004\/#article","isPartOf":{"@id":"https:\/\/www.pcb.ub.edu\/es\/premiado-el-calendario-del-pcb-2004\/"},"author":{"name":"adminpcb","@id":"https:\/\/www.pcb.ub.edu\/es\/#\/schema\/person\/d13cab05cd0a75b17fddca8496481021"},"headline":"Premiado el Calendario del PCB 2004","datePublished":"2004-06-15T23:00:00+00:00","dateModified":"2020-11-16T15:16:58+00:00","mainEntityOfPage":{"@id":"https:\/\/www.pcb.ub.edu\/es\/premiado-el-calendario-del-pcb-2004\/"},"wordCount":81,"image":{"@id":"https:\/\/www.pcb.ub.edu\/es\/premiado-el-calendario-del-pcb-2004\/#primaryimage"},"thumbnailUrl":"http:\/\/www.pcb.ub.edu\/\/wp-content\/uploads\/2020\/11\/1087540348699.jpg","articleSection":["Sin categorizar"],"inLanguage":"es"},{"@type":"WebPage","@id":"https:\/\/www.pcb.ub.edu\/es\/premiado-el-calendario-del-pcb-2004\/","url":"https:\/\/www.pcb.ub.edu\/es\/premiado-el-calendario-del-pcb-2004\/","name":"Premiado el Calendario del PCB 2004 - Parc Cient\u00edfic de Barcelona","isPartOf":{"@id":"https:\/\/www.pcb.ub.edu\/es\/#website"},"primaryImageOfPage":{"@id":"https:\/\/www.pcb.ub.edu\/es\/premiado-el-calendario-del-pcb-2004\/#primaryimage"},"image":{"@id":"https:\/\/www.pcb.ub.edu\/es\/premiado-el-calendario-del-pcb-2004\/#primaryimage"},"thumbnailUrl":"http:\/\/www.pcb.ub.edu\/\/wp-content\/uploads\/2020\/11\/1087540348699.jpg","datePublished":"2004-06-15T23:00:00+00:00","dateModified":"2020-11-16T15:16:58+00:00","author":{"@id":"https:\/\/www.pcb.ub.edu\/es\/#\/schema\/person\/d13cab05cd0a75b17fddca8496481021"},"breadcrumb":{"@id":"https:\/\/www.pcb.ub.edu\/es\/premiado-el-calendario-del-pcb-2004\/#breadcrumb"},"inLanguage":"es","potentialAction":[{"@type":"ReadAction","target":["https:\/\/www.pcb.ub.edu\/es\/premiado-el-calendario-del-pcb-2004\/"]}]},{"@type":"ImageObject","inLanguage":"es","@id":"https:\/\/www.pcb.ub.edu\/es\/premiado-el-calendario-del-pcb-2004\/#primaryimage","url":"http:\/\/www.pcb.ub.edu\/\/wp-content\/uploads\/2020\/11\/1087540348699.jpg","contentUrl":"http:\/\/www.pcb.ub.edu\/\/wp-content\/uploads\/2020\/11\/1087540348699.jpg"},{"@type":"BreadcrumbList","@id":"https:\/\/www.pcb.ub.edu\/es\/premiado-el-calendario-del-pcb-2004\/#breadcrumb","itemListElement":[{"@type":"ListItem","position":1,"name":"Home","item":"https:\/\/www.pcb.ub.edu\/es\/"},{"@type":"ListItem","position":2,"name":"Premiado el Calendario del PCB 2004"}]},{"@type":"WebSite","@id":"https:\/\/www.pcb.ub.edu\/es\/#website","url":"https:\/\/www.pcb.ub.edu\/es\/","name":"Parc Cient\u00edfic de Barcelona","description":"Universitat de Barcelona","potentialAction":[{"@type":"SearchAction","target":{"@type":"EntryPoint","urlTemplate":"https:\/\/www.pcb.ub.edu\/es\/?s={search_term_string}"},"query-input":{"@type":"PropertyValueSpecification","valueRequired":true,"valueName":"search_term_string"}}],"inLanguage":"es"},{"@type":"Person","@id":"https:\/\/www.pcb.ub.edu\/es\/#\/schema\/person\/d13cab05cd0a75b17fddca8496481021","name":"adminpcb","image":{"@type":"ImageObject","inLanguage":"es","@id":"https:\/\/secure.gravatar.com\/avatar\/41ad0fab4bb3bf5348b0af9612159cfd93173a57bbca98fecb50fa6f3ab97d28?s=96&d=mm&r=g","url":"https:\/\/secure.gravatar.com\/avatar\/41ad0fab4bb3bf5348b0af9612159cfd93173a57bbca98fecb50fa6f3ab97d28?s=96&d=mm&r=g","contentUrl":"https:\/\/secure.gravatar.com\/avatar\/41ad0fab4bb3bf5348b0af9612159cfd93173a57bbca98fecb50fa6f3ab97d28?s=96&d=mm&r=g","caption":"adminpcb"},"url":"https:\/\/www.pcb.ub.edu\/es\/author\/adminpcb\/"}]}},"_links":{"self":[{"href":"https:\/\/www.pcb.ub.edu\/es\/wp-json\/wp\/v2\/posts\/37609","targetHints":{"allow":["GET"]}}],"collection":[{"href":"https:\/\/www.pcb.ub.edu\/es\/wp-json\/wp\/v2\/posts"}],"about":[{"href":"https:\/\/www.pcb.ub.edu\/es\/wp-json\/wp\/v2\/types\/post"}],"author":[{"embeddable":true,"href":"https:\/\/www.pcb.ub.edu\/es\/wp-json\/wp\/v2\/users\/1"}],"replies":[{"embeddable":true,"href":"https:\/\/www.pcb.ub.edu\/es\/wp-json\/wp\/v2\/comments?post=37609"}],"version-history":[{"count":1,"href":"https:\/\/www.pcb.ub.edu\/es\/wp-json\/wp\/v2\/posts\/37609\/revisions"}],"predecessor-version":[{"id":43818,"href":"https:\/\/www.pcb.ub.edu\/es\/wp-json\/wp\/v2\/posts\/37609\/revisions\/43818"}],"wp:attachment":[{"href":"https:\/\/www.pcb.ub.edu\/es\/wp-json\/wp\/v2\/media?parent=37609"}],"wp:term":[{"taxonomy":"category","embeddable":true,"href":"https:\/\/www.pcb.ub.edu\/es\/wp-json\/wp\/v2\/categories?post=37609"},{"taxonomy":"post_tag","embeddable":true,"href":"https:\/\/www.pcb.ub.edu\/es\/wp-json\/wp\/v2\/tags?post=37609"}],"curies":[{"name":"wp","href":"https:\/\/api.w.org\/{rel}","templated":true}]}}