{"id":37589,"date":"2011-11-24T00:00:00","date_gmt":"2011-11-23T23:00:00","guid":{"rendered":"http:\/\/www.pcb.ub.edu\/\/3a-edicion-del-curso-de-formacion-de-profesorado-sobre-nanociencies-y-nanotecnologias\/"},"modified":"2020-11-16T16:16:53","modified_gmt":"2020-11-16T15:16:53","slug":"3a-edicion-del-curso-de-formacion-de-profesorado-sobre-nanociencies-y-nanotecnologias","status":"publish","type":"post","link":"https:\/\/www.pcb.ub.edu\/es\/3a-edicion-del-curso-de-formacion-de-profesorado-sobre-nanociencies-y-nanotecnologias\/","title":{"rendered":"3\u00aa edici\u00f3n del Curso de Formaci\u00f3n de Profesorado sobre Nanociencies y Nanotecnolog\u00edas"},"content":{"rendered":"<p>\u00bb<\/p>\n<div class=\"col-sm-6 detall-noticia-imatges\">\n<div class=\"row\">\n<div class=\"item active one-image\">\n\t\t\t\t\t\t<a class=\"icon-search\" href='http:\/\/www.pcb.ub.edu\/\/wp-content\/uploads\/2020\/11\/1322478968411.jpg'><\/a><br \/>\n\t\t\t\t\t\t<img src='http:\/\/www.pcb.ub.edu\/\/wp-content\/uploads\/2020\/11\/1322478968411.jpg' \/>\n\t\t\t\t\t<\/div><\/div><\/div>\n<p>\t\t\tLa jornada \u2013que se llev\u00f3 a cabo en el OpenLab del PCB\u2013 se plante\u00f3 con un doble objetivo: por un lado, formar al profesorado de secundaria en una \u00e1rea de investigaci\u00f3n emergente c\u00f3mo es la nanotecnolog\u00eda y, por otro, ofrecerles protocolos de experimentos y recursos did\u00e1cticos de f\u00e1cil aplicaci\u00f3n en las aulas, desarrollados por el proyecto educativo europeo Nanoyou.  <\/p>\n<p> El curso se estructur\u00f3 en dos sesiones: en la primera se ofreci\u00f3 a los asistentes una breve introducci\u00f3n al proyecto Nanoyou y a los recursos que ofrece, seguida de una conferencia sobre las nanotecnolog\u00edas y sus aplicaciones. A continuaci\u00f3n, los participantes tuvieron la oportunidad de conocer de cerca las diferentes herramientas de Nanoyou y c\u00f3mo utilizarlas en el aula, como por ejemplo los protocolos de experimentos, en base a los cuales realizaron tres actividades: utilizar nanoparticules de oro como sensores colorim\u00e9tricos, experimentar sobre las propiedades de los materiales superhidr\u00f3fobos, y descubrir nanomateriales naturales. Los profesores tambi\u00e9n interaccionaron con juegos para promover el di\u00e1logo y el debate en torno a los aspectos \u00e9ticos, legales y socioecon\u00f3micos de las nanociencias en las aulas.  <\/p>\n<p> Nanoyou es un proyecto financiado por el 7\u00ba Programa Marco de la Comisi\u00f3n Europea que tiene como objetivo incrementar los conocimientos b\u00e1sicos de los j\u00f3venes europeos sobre las nanotecnolog\u00edas. El portal es una de las m\u00faltiples iniciativas del programa de difusi\u00f3n de la ciencia \u00ab<a>Investigaci\u00f3n en Sociedad<\/a>\u00bb del Parc Cient\u00edfic Barcelona, que organiza m\u00e1s de 120 actividades presenciales gratuitas en las que participan cerca de 6.000 personas anualmente. Recientemente este programa tambi\u00e9n ha incorporado <a>Xplore Health<\/a>, el primer portal europeo dirigido a la comunidad educativa de secundaria \u2013cofinanciado por la Comisi\u00f3n Europea, la Obra Social \u00abla Caixa\u00bb y la Fundaci\u00f3n Amgen\u2013 que ofrece recursos y herramientas multimedia innovadoras con objeto de facilitar la organizaci\u00f3n de actividades de difusi\u00f3n de la investigaci\u00f3n biom\u00e9dica a museos y escuelas de todo Europa.  <\/p>\n<p> El Programa Profesores y Ciencia de la Obra Social naci\u00f3 con el objetivo de ofrecer una formaci\u00f3n especializada y continua a a los profesores que imparten materias de esta \u00e1rea de conocimiento, de forma que pueda revertir en su d\u00eda a d\u00eda en las aulas. Se trata de una iniciativa pionera que pone a su disposici\u00f3n de los educadores una serie de cursos de especializaci\u00f3n cient\u00edfica, totalmente gratuitos, que se realizan en los principales centros de investigaci\u00f3n de Catalu\u00f1a.<\/p>\n","protected":false},"excerpt":{"rendered":"<p>El s\u00e1bado19 de noviembre tuvo lugar en el Parc Cient\u00edfic Barcelona (PCB) la tercera edici\u00f3n del \u00abCurso de Formaci\u00f3n de Profesorado sobre a Nanociencias y Nanotecnolog\u00edas\u00bb, organizada por la Direcci\u00f3n T\u00e9cnica de Difusi\u00f3n de la Ciencia del PCB conjuntamente con la Obra Social de CatalunyaCaixa. El objetivo de este programa \u2013que se enmarca dentro del proyecto europeo <a>Nanoyou<\/a> del PCB y del <a>Programa Profesores y Ciencia<\/a> de CatalunyaCaixa\u2013 es proporcionar al profesorado de secundaria recursos para trabajar las nanotecnolog\u00edas en el aula.   <\/p>\n","protected":false},"author":1,"featured_media":0,"comment_status":"closed","ping_status":"open","sticky":false,"template":"","format":"standard","meta":{"_acf_changed":false,"inline_featured_image":false,"footnotes":""},"categories":[9],"tags":[],"class_list":["post-37589","post","type-post","status-publish","format-standard","category-sin-categorizar"],"acf":[],"yoast_head":"<!-- This site is optimized with the Yoast SEO plugin v27.3 - https:\/\/yoast.com\/product\/yoast-seo-wordpress\/ -->\n<title>3\u00aa edici\u00f3n del Curso de Formaci\u00f3n de Profesorado sobre Nanociencies y Nanotecnolog\u00edas - Parc Cient\u00edfic de Barcelona<\/title>\n<meta name=\"robots\" content=\"index, follow, max-snippet:-1, max-image-preview:large, max-video-preview:-1\" \/>\n<link rel=\"canonical\" href=\"https:\/\/www.pcb.ub.edu\/es\/3a-edicion-del-curso-de-formacion-de-profesorado-sobre-nanociencies-y-nanotecnologias\/\" \/>\n<meta property=\"og:locale\" content=\"es_ES\" \/>\n<meta property=\"og:type\" content=\"article\" \/>\n<meta property=\"og:title\" content=\"3\u00aa edici\u00f3n del Curso de Formaci\u00f3n de Profesorado sobre Nanociencies y Nanotecnolog\u00edas - Parc Cient\u00edfic de Barcelona\" \/>\n<meta property=\"og:description\" content=\"El s\u00e1bado19 de noviembre tuvo lugar en el Parc Cient\u00edfic Barcelona (PCB) la tercera edici\u00f3n del &quot;Curso de Formaci\u00f3n de Profesorado sobre a Nanociencias y Nanotecnolog\u00edas&quot;, organizada por la Direcci\u00f3n T\u00e9cnica de Difusi\u00f3n de la Ciencia del PCB conjuntamente con la Obra Social de CatalunyaCaixa. El objetivo de este programa \u2013que se enmarca dentro del proyecto europeo Nanoyou del PCB y del Programa Profesores y Ciencia de CatalunyaCaixa\u2013 es proporcionar al profesorado de secundaria recursos para trabajar las nanotecnolog\u00edas en el aula.\" \/>\n<meta property=\"og:url\" content=\"https:\/\/www.pcb.ub.edu\/es\/3a-edicion-del-curso-de-formacion-de-profesorado-sobre-nanociencies-y-nanotecnologias\/\" \/>\n<meta property=\"og:site_name\" content=\"Parc Cient\u00edfic de Barcelona\" \/>\n<meta property=\"article:published_time\" content=\"2011-11-23T23:00:00+00:00\" \/>\n<meta property=\"article:modified_time\" content=\"2020-11-16T15:16:53+00:00\" \/>\n<meta property=\"og:image\" content=\"http:\/\/www.pcb.ub.edu\/\/wp-content\/uploads\/2020\/11\/1322478968411.jpg\" \/>\n<meta name=\"author\" content=\"adminpcb\" \/>\n<meta name=\"twitter:card\" content=\"summary_large_image\" \/>\n<meta name=\"twitter:label1\" content=\"Escrito por\" \/>\n\t<meta name=\"twitter:data1\" content=\"adminpcb\" \/>\n\t<meta name=\"twitter:label2\" content=\"Tiempo de lectura\" \/>\n\t<meta name=\"twitter:data2\" content=\"2 minutos\" \/>\n<script type=\"application\/ld+json\" class=\"yoast-schema-graph\">{\"@context\":\"https:\\\/\\\/schema.org\",\"@graph\":[{\"@type\":\"Article\",\"@id\":\"https:\\\/\\\/www.pcb.ub.edu\\\/es\\\/3a-edicion-del-curso-de-formacion-de-profesorado-sobre-nanociencies-y-nanotecnologias\\\/#article\",\"isPartOf\":{\"@id\":\"https:\\\/\\\/www.pcb.ub.edu\\\/es\\\/3a-edicion-del-curso-de-formacion-de-profesorado-sobre-nanociencies-y-nanotecnologias\\\/\"},\"author\":{\"name\":\"adminpcb\",\"@id\":\"https:\\\/\\\/www.pcb.ub.edu\\\/es\\\/#\\\/schema\\\/person\\\/d13cab05cd0a75b17fddca8496481021\"},\"headline\":\"3\u00aa edici\u00f3n del Curso de Formaci\u00f3n de Profesorado sobre Nanociencies y Nanotecnolog\u00edas\",\"datePublished\":\"2011-11-23T23:00:00+00:00\",\"dateModified\":\"2020-11-16T15:16:53+00:00\",\"mainEntityOfPage\":{\"@id\":\"https:\\\/\\\/www.pcb.ub.edu\\\/es\\\/3a-edicion-del-curso-de-formacion-de-profesorado-sobre-nanociencies-y-nanotecnologias\\\/\"},\"wordCount\":438,\"image\":{\"@id\":\"https:\\\/\\\/www.pcb.ub.edu\\\/es\\\/3a-edicion-del-curso-de-formacion-de-profesorado-sobre-nanociencies-y-nanotecnologias\\\/#primaryimage\"},\"thumbnailUrl\":\"http:\\\/\\\/www.pcb.ub.edu\\\/\\\/wp-content\\\/uploads\\\/2020\\\/11\\\/1322478968411.jpg\",\"articleSection\":[\"Sin categorizar\"],\"inLanguage\":\"es\"},{\"@type\":\"WebPage\",\"@id\":\"https:\\\/\\\/www.pcb.ub.edu\\\/es\\\/3a-edicion-del-curso-de-formacion-de-profesorado-sobre-nanociencies-y-nanotecnologias\\\/\",\"url\":\"https:\\\/\\\/www.pcb.ub.edu\\\/es\\\/3a-edicion-del-curso-de-formacion-de-profesorado-sobre-nanociencies-y-nanotecnologias\\\/\",\"name\":\"3\u00aa edici\u00f3n del Curso de Formaci\u00f3n de Profesorado sobre Nanociencies y Nanotecnolog\u00edas - Parc Cient\u00edfic de Barcelona\",\"isPartOf\":{\"@id\":\"https:\\\/\\\/www.pcb.ub.edu\\\/es\\\/#website\"},\"primaryImageOfPage\":{\"@id\":\"https:\\\/\\\/www.pcb.ub.edu\\\/es\\\/3a-edicion-del-curso-de-formacion-de-profesorado-sobre-nanociencies-y-nanotecnologias\\\/#primaryimage\"},\"image\":{\"@id\":\"https:\\\/\\\/www.pcb.ub.edu\\\/es\\\/3a-edicion-del-curso-de-formacion-de-profesorado-sobre-nanociencies-y-nanotecnologias\\\/#primaryimage\"},\"thumbnailUrl\":\"http:\\\/\\\/www.pcb.ub.edu\\\/\\\/wp-content\\\/uploads\\\/2020\\\/11\\\/1322478968411.jpg\",\"datePublished\":\"2011-11-23T23:00:00+00:00\",\"dateModified\":\"2020-11-16T15:16:53+00:00\",\"author\":{\"@id\":\"https:\\\/\\\/www.pcb.ub.edu\\\/es\\\/#\\\/schema\\\/person\\\/d13cab05cd0a75b17fddca8496481021\"},\"breadcrumb\":{\"@id\":\"https:\\\/\\\/www.pcb.ub.edu\\\/es\\\/3a-edicion-del-curso-de-formacion-de-profesorado-sobre-nanociencies-y-nanotecnologias\\\/#breadcrumb\"},\"inLanguage\":\"es\",\"potentialAction\":[{\"@type\":\"ReadAction\",\"target\":[\"https:\\\/\\\/www.pcb.ub.edu\\\/es\\\/3a-edicion-del-curso-de-formacion-de-profesorado-sobre-nanociencies-y-nanotecnologias\\\/\"]}]},{\"@type\":\"ImageObject\",\"inLanguage\":\"es\",\"@id\":\"https:\\\/\\\/www.pcb.ub.edu\\\/es\\\/3a-edicion-del-curso-de-formacion-de-profesorado-sobre-nanociencies-y-nanotecnologias\\\/#primaryimage\",\"url\":\"http:\\\/\\\/www.pcb.ub.edu\\\/\\\/wp-content\\\/uploads\\\/2020\\\/11\\\/1322478968411.jpg\",\"contentUrl\":\"http:\\\/\\\/www.pcb.ub.edu\\\/\\\/wp-content\\\/uploads\\\/2020\\\/11\\\/1322478968411.jpg\"},{\"@type\":\"BreadcrumbList\",\"@id\":\"https:\\\/\\\/www.pcb.ub.edu\\\/es\\\/3a-edicion-del-curso-de-formacion-de-profesorado-sobre-nanociencies-y-nanotecnologias\\\/#breadcrumb\",\"itemListElement\":[{\"@type\":\"ListItem\",\"position\":1,\"name\":\"Home\",\"item\":\"https:\\\/\\\/www.pcb.ub.edu\\\/es\\\/\"},{\"@type\":\"ListItem\",\"position\":2,\"name\":\"3\u00aa edici\u00f3n del Curso de Formaci\u00f3n de Profesorado sobre Nanociencies y Nanotecnolog\u00edas\"}]},{\"@type\":\"WebSite\",\"@id\":\"https:\\\/\\\/www.pcb.ub.edu\\\/es\\\/#website\",\"url\":\"https:\\\/\\\/www.pcb.ub.edu\\\/es\\\/\",\"name\":\"Parc Cient\u00edfic de Barcelona\",\"description\":\"Universitat de Barcelona\",\"potentialAction\":[{\"@type\":\"SearchAction\",\"target\":{\"@type\":\"EntryPoint\",\"urlTemplate\":\"https:\\\/\\\/www.pcb.ub.edu\\\/es\\\/?s={search_term_string}\"},\"query-input\":{\"@type\":\"PropertyValueSpecification\",\"valueRequired\":true,\"valueName\":\"search_term_string\"}}],\"inLanguage\":\"es\"},{\"@type\":\"Person\",\"@id\":\"https:\\\/\\\/www.pcb.ub.edu\\\/es\\\/#\\\/schema\\\/person\\\/d13cab05cd0a75b17fddca8496481021\",\"name\":\"adminpcb\",\"image\":{\"@type\":\"ImageObject\",\"inLanguage\":\"es\",\"@id\":\"https:\\\/\\\/secure.gravatar.com\\\/avatar\\\/41ad0fab4bb3bf5348b0af9612159cfd93173a57bbca98fecb50fa6f3ab97d28?s=96&d=mm&r=g\",\"url\":\"https:\\\/\\\/secure.gravatar.com\\\/avatar\\\/41ad0fab4bb3bf5348b0af9612159cfd93173a57bbca98fecb50fa6f3ab97d28?s=96&d=mm&r=g\",\"contentUrl\":\"https:\\\/\\\/secure.gravatar.com\\\/avatar\\\/41ad0fab4bb3bf5348b0af9612159cfd93173a57bbca98fecb50fa6f3ab97d28?s=96&d=mm&r=g\",\"caption\":\"adminpcb\"},\"url\":\"https:\\\/\\\/www.pcb.ub.edu\\\/es\\\/author\\\/adminpcb\\\/\"}]}<\/script>\n<!-- \/ Yoast SEO plugin. -->","yoast_head_json":{"title":"3\u00aa edici\u00f3n del Curso de Formaci\u00f3n de Profesorado sobre Nanociencies y Nanotecnolog\u00edas - Parc Cient\u00edfic de Barcelona","robots":{"index":"index","follow":"follow","max-snippet":"max-snippet:-1","max-image-preview":"max-image-preview:large","max-video-preview":"max-video-preview:-1"},"canonical":"https:\/\/www.pcb.ub.edu\/es\/3a-edicion-del-curso-de-formacion-de-profesorado-sobre-nanociencies-y-nanotecnologias\/","og_locale":"es_ES","og_type":"article","og_title":"3\u00aa edici\u00f3n del Curso de Formaci\u00f3n de Profesorado sobre Nanociencies y Nanotecnolog\u00edas - Parc Cient\u00edfic de Barcelona","og_description":"El s\u00e1bado19 de noviembre tuvo lugar en el Parc Cient\u00edfic Barcelona (PCB) la tercera edici\u00f3n del \"Curso de Formaci\u00f3n de Profesorado sobre a Nanociencias y Nanotecnolog\u00edas\", organizada por la Direcci\u00f3n T\u00e9cnica de Difusi\u00f3n de la Ciencia del PCB conjuntamente con la Obra Social de CatalunyaCaixa. El objetivo de este programa \u2013que se enmarca dentro del proyecto europeo Nanoyou del PCB y del Programa Profesores y Ciencia de CatalunyaCaixa\u2013 es proporcionar al profesorado de secundaria recursos para trabajar las nanotecnolog\u00edas en el aula.","og_url":"https:\/\/www.pcb.ub.edu\/es\/3a-edicion-del-curso-de-formacion-de-profesorado-sobre-nanociencies-y-nanotecnologias\/","og_site_name":"Parc Cient\u00edfic de Barcelona","article_published_time":"2011-11-23T23:00:00+00:00","article_modified_time":"2020-11-16T15:16:53+00:00","og_image":[{"url":"http:\/\/www.pcb.ub.edu\/\/wp-content\/uploads\/2020\/11\/1322478968411.jpg","type":"","width":"","height":""}],"author":"adminpcb","twitter_card":"summary_large_image","twitter_misc":{"Escrito por":"adminpcb","Tiempo de lectura":"2 minutos"},"schema":{"@context":"https:\/\/schema.org","@graph":[{"@type":"Article","@id":"https:\/\/www.pcb.ub.edu\/es\/3a-edicion-del-curso-de-formacion-de-profesorado-sobre-nanociencies-y-nanotecnologias\/#article","isPartOf":{"@id":"https:\/\/www.pcb.ub.edu\/es\/3a-edicion-del-curso-de-formacion-de-profesorado-sobre-nanociencies-y-nanotecnologias\/"},"author":{"name":"adminpcb","@id":"https:\/\/www.pcb.ub.edu\/es\/#\/schema\/person\/d13cab05cd0a75b17fddca8496481021"},"headline":"3\u00aa edici\u00f3n del Curso de Formaci\u00f3n de Profesorado sobre Nanociencies y Nanotecnolog\u00edas","datePublished":"2011-11-23T23:00:00+00:00","dateModified":"2020-11-16T15:16:53+00:00","mainEntityOfPage":{"@id":"https:\/\/www.pcb.ub.edu\/es\/3a-edicion-del-curso-de-formacion-de-profesorado-sobre-nanociencies-y-nanotecnologias\/"},"wordCount":438,"image":{"@id":"https:\/\/www.pcb.ub.edu\/es\/3a-edicion-del-curso-de-formacion-de-profesorado-sobre-nanociencies-y-nanotecnologias\/#primaryimage"},"thumbnailUrl":"http:\/\/www.pcb.ub.edu\/\/wp-content\/uploads\/2020\/11\/1322478968411.jpg","articleSection":["Sin categorizar"],"inLanguage":"es"},{"@type":"WebPage","@id":"https:\/\/www.pcb.ub.edu\/es\/3a-edicion-del-curso-de-formacion-de-profesorado-sobre-nanociencies-y-nanotecnologias\/","url":"https:\/\/www.pcb.ub.edu\/es\/3a-edicion-del-curso-de-formacion-de-profesorado-sobre-nanociencies-y-nanotecnologias\/","name":"3\u00aa edici\u00f3n del Curso de Formaci\u00f3n de Profesorado sobre Nanociencies y Nanotecnolog\u00edas - Parc Cient\u00edfic de Barcelona","isPartOf":{"@id":"https:\/\/www.pcb.ub.edu\/es\/#website"},"primaryImageOfPage":{"@id":"https:\/\/www.pcb.ub.edu\/es\/3a-edicion-del-curso-de-formacion-de-profesorado-sobre-nanociencies-y-nanotecnologias\/#primaryimage"},"image":{"@id":"https:\/\/www.pcb.ub.edu\/es\/3a-edicion-del-curso-de-formacion-de-profesorado-sobre-nanociencies-y-nanotecnologias\/#primaryimage"},"thumbnailUrl":"http:\/\/www.pcb.ub.edu\/\/wp-content\/uploads\/2020\/11\/1322478968411.jpg","datePublished":"2011-11-23T23:00:00+00:00","dateModified":"2020-11-16T15:16:53+00:00","author":{"@id":"https:\/\/www.pcb.ub.edu\/es\/#\/schema\/person\/d13cab05cd0a75b17fddca8496481021"},"breadcrumb":{"@id":"https:\/\/www.pcb.ub.edu\/es\/3a-edicion-del-curso-de-formacion-de-profesorado-sobre-nanociencies-y-nanotecnologias\/#breadcrumb"},"inLanguage":"es","potentialAction":[{"@type":"ReadAction","target":["https:\/\/www.pcb.ub.edu\/es\/3a-edicion-del-curso-de-formacion-de-profesorado-sobre-nanociencies-y-nanotecnologias\/"]}]},{"@type":"ImageObject","inLanguage":"es","@id":"https:\/\/www.pcb.ub.edu\/es\/3a-edicion-del-curso-de-formacion-de-profesorado-sobre-nanociencies-y-nanotecnologias\/#primaryimage","url":"http:\/\/www.pcb.ub.edu\/\/wp-content\/uploads\/2020\/11\/1322478968411.jpg","contentUrl":"http:\/\/www.pcb.ub.edu\/\/wp-content\/uploads\/2020\/11\/1322478968411.jpg"},{"@type":"BreadcrumbList","@id":"https:\/\/www.pcb.ub.edu\/es\/3a-edicion-del-curso-de-formacion-de-profesorado-sobre-nanociencies-y-nanotecnologias\/#breadcrumb","itemListElement":[{"@type":"ListItem","position":1,"name":"Home","item":"https:\/\/www.pcb.ub.edu\/es\/"},{"@type":"ListItem","position":2,"name":"3\u00aa edici\u00f3n del Curso de Formaci\u00f3n de Profesorado sobre Nanociencies y Nanotecnolog\u00edas"}]},{"@type":"WebSite","@id":"https:\/\/www.pcb.ub.edu\/es\/#website","url":"https:\/\/www.pcb.ub.edu\/es\/","name":"Parc Cient\u00edfic de Barcelona","description":"Universitat de Barcelona","potentialAction":[{"@type":"SearchAction","target":{"@type":"EntryPoint","urlTemplate":"https:\/\/www.pcb.ub.edu\/es\/?s={search_term_string}"},"query-input":{"@type":"PropertyValueSpecification","valueRequired":true,"valueName":"search_term_string"}}],"inLanguage":"es"},{"@type":"Person","@id":"https:\/\/www.pcb.ub.edu\/es\/#\/schema\/person\/d13cab05cd0a75b17fddca8496481021","name":"adminpcb","image":{"@type":"ImageObject","inLanguage":"es","@id":"https:\/\/secure.gravatar.com\/avatar\/41ad0fab4bb3bf5348b0af9612159cfd93173a57bbca98fecb50fa6f3ab97d28?s=96&d=mm&r=g","url":"https:\/\/secure.gravatar.com\/avatar\/41ad0fab4bb3bf5348b0af9612159cfd93173a57bbca98fecb50fa6f3ab97d28?s=96&d=mm&r=g","contentUrl":"https:\/\/secure.gravatar.com\/avatar\/41ad0fab4bb3bf5348b0af9612159cfd93173a57bbca98fecb50fa6f3ab97d28?s=96&d=mm&r=g","caption":"adminpcb"},"url":"https:\/\/www.pcb.ub.edu\/es\/author\/adminpcb\/"}]}},"_links":{"self":[{"href":"https:\/\/www.pcb.ub.edu\/es\/wp-json\/wp\/v2\/posts\/37589","targetHints":{"allow":["GET"]}}],"collection":[{"href":"https:\/\/www.pcb.ub.edu\/es\/wp-json\/wp\/v2\/posts"}],"about":[{"href":"https:\/\/www.pcb.ub.edu\/es\/wp-json\/wp\/v2\/types\/post"}],"author":[{"embeddable":true,"href":"https:\/\/www.pcb.ub.edu\/es\/wp-json\/wp\/v2\/users\/1"}],"replies":[{"embeddable":true,"href":"https:\/\/www.pcb.ub.edu\/es\/wp-json\/wp\/v2\/comments?post=37589"}],"version-history":[{"count":1,"href":"https:\/\/www.pcb.ub.edu\/es\/wp-json\/wp\/v2\/posts\/37589\/revisions"}],"predecessor-version":[{"id":43801,"href":"https:\/\/www.pcb.ub.edu\/es\/wp-json\/wp\/v2\/posts\/37589\/revisions\/43801"}],"wp:attachment":[{"href":"https:\/\/www.pcb.ub.edu\/es\/wp-json\/wp\/v2\/media?parent=37589"}],"wp:term":[{"taxonomy":"category","embeddable":true,"href":"https:\/\/www.pcb.ub.edu\/es\/wp-json\/wp\/v2\/categories?post=37589"},{"taxonomy":"post_tag","embeddable":true,"href":"https:\/\/www.pcb.ub.edu\/es\/wp-json\/wp\/v2\/tags?post=37589"}],"curies":[{"name":"wp","href":"https:\/\/api.w.org\/{rel}","templated":true}]}}