{"id":37504,"date":"2011-07-14T00:00:00","date_gmt":"2011-07-13T23:00:00","guid":{"rendered":"http:\/\/www.pcb.ub.edu\/\/finalitza-el-darrer-cicle-de-road-shows-entre-empreses-biotecnologiques-i-farmaceutiquesa-traducir\/"},"modified":"2020-11-16T16:16:35","modified_gmt":"2020-11-16T15:16:35","slug":"finalitza-el-darrer-cicle-de-road-shows-entre-empreses-biotecnologiques-i-farmaceutiquesa-traducir","status":"publish","type":"post","link":"https:\/\/www.pcb.ub.edu\/es\/finalitza-el-darrer-cicle-de-road-shows-entre-empreses-biotecnologiques-i-farmaceutiquesa-traducir\/","title":{"rendered":"Finalitza el darrer cicle de Road Shows entre empreses biotecnol\u00f2giques i farmac\u00e8utiquesA TRADUCIR >>>"},"content":{"rendered":"<p>Aquest primer cicle ha girat en torn a la investigaci\u00f3 en nous f\u00e0rmacs d&#8217;origen biotecnol\u00f3gic enfocats al futur tractament de les malalties del sistema nervi\u00f3s central (Alzheimer, Parkinson i Esclerosis M\u00faltiple), c\u00e0ncer i processos inflamatoris i infecciosos, dermatologia i aparell respiratori. Les empreses participants en els Road Shows van valorar molt positivament aquesta iniciativa, ja que consideren que suposa un cam\u00ed mutuament benefici\u00f3s que haur\u00e0 de contribuir a la optimitzaci\u00f3 del proc\u00e9s d&#8217;investigaci\u00f3 i la seva posterior explotaci\u00f3 comercial internacional en cas de arribar a l&#8217;\u00e8xit t\u00e8cnic esperat.  En l&#8217;\u00faltima reuni\u00f3 van presentar els seus aven\u00e7os cl\u00ednics 8 empreses biotecnol\u00f2giques espanyoles de les quals 5 formen part de CataloniaBIO, algunes de molt recent creaci\u00f3: BCN Peptides, Sanifit, Immunonovative Developments, Archivel Pharma, Nanoimmunotech, Palau Pharma, Advancell i Ambiox Biotech. Per part de la ind\u00fastria farmac\u00e8utica han participat 14 companyies: Abbott, Bayer, Esteve, Faes Farma, Janssen, Lacer, Merck, MSD, Pfizer, Reig Jofr\u00e9, Rovi, Sanofi-Aventis, UCB Pharma y Laboratorios V  <\/p>\n","protected":false},"excerpt":{"rendered":"<p>Organitzat per Farmaindustria, a trav\u00e9s de la Plataforma Tecnol\u00f3gica Espa\u00f1ola Medicamentos Innovadores, i CataloniaBIO, a l&#8217;ampar de l&#8217;acord de col\u00b7laboraci\u00f3 entre ambdues associacions, el dimarts 12 de Juliol es va celebrar a Madrid el quart i \u00faltim Road Show previst en aquest primer cicle de cooperaci\u00f3 entre la ind\u00fastria farmac\u00e8utica i las empreses biotecnol\u00f2giques espanyoles que poden oferir desenvolupaments avan\u00e7ats en nous f\u00e0rmacs. Aquestes trobades s&#8217;han constituit en un referent per a la interacci\u00f3 positiva entre els dos sectors, servint de canal a trav\u00e9s del qual poder comunicar el grau d&#8217;aven\u00e7 de les noves ter\u00e0pies per a malalties que encara no disposen de tractaments adequats. <\/p>\n","protected":false},"author":1,"featured_media":0,"comment_status":"closed","ping_status":"open","sticky":false,"template":"","format":"standard","meta":{"_acf_changed":false,"inline_featured_image":false,"footnotes":""},"categories":[9],"tags":[],"class_list":["post-37504","post","type-post","status-publish","format-standard","category-sin-categorizar"],"acf":[],"yoast_head":"<!-- This site is optimized with the Yoast SEO plugin v27.3 - https:\/\/yoast.com\/product\/yoast-seo-wordpress\/ -->\n<title>Finalitza el darrer cicle de Road Shows entre empreses biotecnol\u00f2giques i farmac\u00e8utiquesA TRADUCIR &gt;&gt;&gt; - Parc Cient\u00edfic de Barcelona<\/title>\n<meta name=\"robots\" content=\"index, follow, max-snippet:-1, max-image-preview:large, max-video-preview:-1\" \/>\n<link rel=\"canonical\" href=\"https:\/\/www.pcb.ub.edu\/es\/finalitza-el-darrer-cicle-de-road-shows-entre-empreses-biotecnologiques-i-farmaceutiquesa-traducir\/\" \/>\n<meta property=\"og:locale\" content=\"es_ES\" \/>\n<meta property=\"og:type\" content=\"article\" \/>\n<meta property=\"og:title\" content=\"Finalitza el darrer cicle de Road Shows entre empreses biotecnol\u00f2giques i farmac\u00e8utiquesA TRADUCIR &gt;&gt;&gt; - Parc Cient\u00edfic de Barcelona\" \/>\n<meta property=\"og:description\" content=\"Organitzat per Farmaindustria, a trav\u00e9s de la Plataforma Tecnol\u00f3gica Espa\u00f1ola Medicamentos Innovadores, i CataloniaBIO, a l&#039;ampar de l&#039;acord de col\u00b7laboraci\u00f3 entre ambdues associacions, el dimarts 12 de Juliol es va celebrar a Madrid el quart i \u00faltim Road Show previst en aquest primer cicle de cooperaci\u00f3 entre la ind\u00fastria farmac\u00e8utica i las empreses biotecnol\u00f2giques espanyoles que poden oferir desenvolupaments avan\u00e7ats en nous f\u00e0rmacs. Aquestes trobades s&#039;han constituit en un referent per a la interacci\u00f3 positiva entre els dos sectors, servint de canal a trav\u00e9s del qual poder comunicar el grau d&#039;aven\u00e7 de les noves ter\u00e0pies per a malalties que encara no disposen de tractaments adequats.\" \/>\n<meta property=\"og:url\" content=\"https:\/\/www.pcb.ub.edu\/es\/finalitza-el-darrer-cicle-de-road-shows-entre-empreses-biotecnologiques-i-farmaceutiquesa-traducir\/\" \/>\n<meta property=\"og:site_name\" content=\"Parc Cient\u00edfic de Barcelona\" \/>\n<meta property=\"article:published_time\" content=\"2011-07-13T23:00:00+00:00\" \/>\n<meta property=\"article:modified_time\" content=\"2020-11-16T15:16:35+00:00\" \/>\n<meta name=\"author\" content=\"adminpcb\" \/>\n<meta name=\"twitter:card\" content=\"summary_large_image\" \/>\n<meta name=\"twitter:label1\" content=\"Escrito por\" \/>\n\t<meta name=\"twitter:data1\" content=\"adminpcb\" \/>\n\t<meta name=\"twitter:label2\" content=\"Tiempo de lectura\" \/>\n\t<meta name=\"twitter:data2\" content=\"1 minuto\" \/>\n<script type=\"application\/ld+json\" class=\"yoast-schema-graph\">{\"@context\":\"https:\\\/\\\/schema.org\",\"@graph\":[{\"@type\":\"Article\",\"@id\":\"https:\\\/\\\/www.pcb.ub.edu\\\/es\\\/finalitza-el-darrer-cicle-de-road-shows-entre-empreses-biotecnologiques-i-farmaceutiquesa-traducir\\\/#article\",\"isPartOf\":{\"@id\":\"https:\\\/\\\/www.pcb.ub.edu\\\/es\\\/finalitza-el-darrer-cicle-de-road-shows-entre-empreses-biotecnologiques-i-farmaceutiquesa-traducir\\\/\"},\"author\":{\"name\":\"adminpcb\",\"@id\":\"https:\\\/\\\/www.pcb.ub.edu\\\/es\\\/#\\\/schema\\\/person\\\/d13cab05cd0a75b17fddca8496481021\"},\"headline\":\"Finalitza el darrer cicle de Road Shows entre empreses biotecnol\u00f2giques i farmac\u00e8utiquesA TRADUCIR >>>\",\"datePublished\":\"2011-07-13T23:00:00+00:00\",\"dateModified\":\"2020-11-16T15:16:35+00:00\",\"mainEntityOfPage\":{\"@id\":\"https:\\\/\\\/www.pcb.ub.edu\\\/es\\\/finalitza-el-darrer-cicle-de-road-shows-entre-empreses-biotecnologiques-i-farmaceutiquesa-traducir\\\/\"},\"wordCount\":184,\"articleSection\":[\"Sin categorizar\"],\"inLanguage\":\"es\"},{\"@type\":\"WebPage\",\"@id\":\"https:\\\/\\\/www.pcb.ub.edu\\\/es\\\/finalitza-el-darrer-cicle-de-road-shows-entre-empreses-biotecnologiques-i-farmaceutiquesa-traducir\\\/\",\"url\":\"https:\\\/\\\/www.pcb.ub.edu\\\/es\\\/finalitza-el-darrer-cicle-de-road-shows-entre-empreses-biotecnologiques-i-farmaceutiquesa-traducir\\\/\",\"name\":\"Finalitza el darrer cicle de Road Shows entre empreses biotecnol\u00f2giques i farmac\u00e8utiquesA TRADUCIR >>> - Parc Cient\u00edfic de Barcelona\",\"isPartOf\":{\"@id\":\"https:\\\/\\\/www.pcb.ub.edu\\\/es\\\/#website\"},\"datePublished\":\"2011-07-13T23:00:00+00:00\",\"dateModified\":\"2020-11-16T15:16:35+00:00\",\"author\":{\"@id\":\"https:\\\/\\\/www.pcb.ub.edu\\\/es\\\/#\\\/schema\\\/person\\\/d13cab05cd0a75b17fddca8496481021\"},\"breadcrumb\":{\"@id\":\"https:\\\/\\\/www.pcb.ub.edu\\\/es\\\/finalitza-el-darrer-cicle-de-road-shows-entre-empreses-biotecnologiques-i-farmaceutiquesa-traducir\\\/#breadcrumb\"},\"inLanguage\":\"es\",\"potentialAction\":[{\"@type\":\"ReadAction\",\"target\":[\"https:\\\/\\\/www.pcb.ub.edu\\\/es\\\/finalitza-el-darrer-cicle-de-road-shows-entre-empreses-biotecnologiques-i-farmaceutiquesa-traducir\\\/\"]}]},{\"@type\":\"BreadcrumbList\",\"@id\":\"https:\\\/\\\/www.pcb.ub.edu\\\/es\\\/finalitza-el-darrer-cicle-de-road-shows-entre-empreses-biotecnologiques-i-farmaceutiquesa-traducir\\\/#breadcrumb\",\"itemListElement\":[{\"@type\":\"ListItem\",\"position\":1,\"name\":\"Home\",\"item\":\"https:\\\/\\\/www.pcb.ub.edu\\\/es\\\/\"},{\"@type\":\"ListItem\",\"position\":2,\"name\":\"Finalitza el darrer cicle de Road Shows entre empreses biotecnol\u00f2giques i farmac\u00e8utiquesA TRADUCIR >>>\"}]},{\"@type\":\"WebSite\",\"@id\":\"https:\\\/\\\/www.pcb.ub.edu\\\/es\\\/#website\",\"url\":\"https:\\\/\\\/www.pcb.ub.edu\\\/es\\\/\",\"name\":\"Parc Cient\u00edfic de Barcelona\",\"description\":\"Universitat de Barcelona\",\"potentialAction\":[{\"@type\":\"SearchAction\",\"target\":{\"@type\":\"EntryPoint\",\"urlTemplate\":\"https:\\\/\\\/www.pcb.ub.edu\\\/es\\\/?s={search_term_string}\"},\"query-input\":{\"@type\":\"PropertyValueSpecification\",\"valueRequired\":true,\"valueName\":\"search_term_string\"}}],\"inLanguage\":\"es\"},{\"@type\":\"Person\",\"@id\":\"https:\\\/\\\/www.pcb.ub.edu\\\/es\\\/#\\\/schema\\\/person\\\/d13cab05cd0a75b17fddca8496481021\",\"name\":\"adminpcb\",\"image\":{\"@type\":\"ImageObject\",\"inLanguage\":\"es\",\"@id\":\"https:\\\/\\\/secure.gravatar.com\\\/avatar\\\/41ad0fab4bb3bf5348b0af9612159cfd93173a57bbca98fecb50fa6f3ab97d28?s=96&d=mm&r=g\",\"url\":\"https:\\\/\\\/secure.gravatar.com\\\/avatar\\\/41ad0fab4bb3bf5348b0af9612159cfd93173a57bbca98fecb50fa6f3ab97d28?s=96&d=mm&r=g\",\"contentUrl\":\"https:\\\/\\\/secure.gravatar.com\\\/avatar\\\/41ad0fab4bb3bf5348b0af9612159cfd93173a57bbca98fecb50fa6f3ab97d28?s=96&d=mm&r=g\",\"caption\":\"adminpcb\"},\"url\":\"https:\\\/\\\/www.pcb.ub.edu\\\/es\\\/author\\\/adminpcb\\\/\"}]}<\/script>\n<!-- \/ Yoast SEO plugin. -->","yoast_head_json":{"title":"Finalitza el darrer cicle de Road Shows entre empreses biotecnol\u00f2giques i farmac\u00e8utiquesA TRADUCIR >>> - Parc Cient\u00edfic de Barcelona","robots":{"index":"index","follow":"follow","max-snippet":"max-snippet:-1","max-image-preview":"max-image-preview:large","max-video-preview":"max-video-preview:-1"},"canonical":"https:\/\/www.pcb.ub.edu\/es\/finalitza-el-darrer-cicle-de-road-shows-entre-empreses-biotecnologiques-i-farmaceutiquesa-traducir\/","og_locale":"es_ES","og_type":"article","og_title":"Finalitza el darrer cicle de Road Shows entre empreses biotecnol\u00f2giques i farmac\u00e8utiquesA TRADUCIR >>> - Parc Cient\u00edfic de Barcelona","og_description":"Organitzat per Farmaindustria, a trav\u00e9s de la Plataforma Tecnol\u00f3gica Espa\u00f1ola Medicamentos Innovadores, i CataloniaBIO, a l'ampar de l'acord de col\u00b7laboraci\u00f3 entre ambdues associacions, el dimarts 12 de Juliol es va celebrar a Madrid el quart i \u00faltim Road Show previst en aquest primer cicle de cooperaci\u00f3 entre la ind\u00fastria farmac\u00e8utica i las empreses biotecnol\u00f2giques espanyoles que poden oferir desenvolupaments avan\u00e7ats en nous f\u00e0rmacs. Aquestes trobades s'han constituit en un referent per a la interacci\u00f3 positiva entre els dos sectors, servint de canal a trav\u00e9s del qual poder comunicar el grau d'aven\u00e7 de les noves ter\u00e0pies per a malalties que encara no disposen de tractaments adequats.","og_url":"https:\/\/www.pcb.ub.edu\/es\/finalitza-el-darrer-cicle-de-road-shows-entre-empreses-biotecnologiques-i-farmaceutiquesa-traducir\/","og_site_name":"Parc Cient\u00edfic de Barcelona","article_published_time":"2011-07-13T23:00:00+00:00","article_modified_time":"2020-11-16T15:16:35+00:00","author":"adminpcb","twitter_card":"summary_large_image","twitter_misc":{"Escrito por":"adminpcb","Tiempo de lectura":"1 minuto"},"schema":{"@context":"https:\/\/schema.org","@graph":[{"@type":"Article","@id":"https:\/\/www.pcb.ub.edu\/es\/finalitza-el-darrer-cicle-de-road-shows-entre-empreses-biotecnologiques-i-farmaceutiquesa-traducir\/#article","isPartOf":{"@id":"https:\/\/www.pcb.ub.edu\/es\/finalitza-el-darrer-cicle-de-road-shows-entre-empreses-biotecnologiques-i-farmaceutiquesa-traducir\/"},"author":{"name":"adminpcb","@id":"https:\/\/www.pcb.ub.edu\/es\/#\/schema\/person\/d13cab05cd0a75b17fddca8496481021"},"headline":"Finalitza el darrer cicle de Road Shows entre empreses biotecnol\u00f2giques i farmac\u00e8utiquesA TRADUCIR >>>","datePublished":"2011-07-13T23:00:00+00:00","dateModified":"2020-11-16T15:16:35+00:00","mainEntityOfPage":{"@id":"https:\/\/www.pcb.ub.edu\/es\/finalitza-el-darrer-cicle-de-road-shows-entre-empreses-biotecnologiques-i-farmaceutiquesa-traducir\/"},"wordCount":184,"articleSection":["Sin categorizar"],"inLanguage":"es"},{"@type":"WebPage","@id":"https:\/\/www.pcb.ub.edu\/es\/finalitza-el-darrer-cicle-de-road-shows-entre-empreses-biotecnologiques-i-farmaceutiquesa-traducir\/","url":"https:\/\/www.pcb.ub.edu\/es\/finalitza-el-darrer-cicle-de-road-shows-entre-empreses-biotecnologiques-i-farmaceutiquesa-traducir\/","name":"Finalitza el darrer cicle de Road Shows entre empreses biotecnol\u00f2giques i farmac\u00e8utiquesA TRADUCIR >>> - Parc Cient\u00edfic de Barcelona","isPartOf":{"@id":"https:\/\/www.pcb.ub.edu\/es\/#website"},"datePublished":"2011-07-13T23:00:00+00:00","dateModified":"2020-11-16T15:16:35+00:00","author":{"@id":"https:\/\/www.pcb.ub.edu\/es\/#\/schema\/person\/d13cab05cd0a75b17fddca8496481021"},"breadcrumb":{"@id":"https:\/\/www.pcb.ub.edu\/es\/finalitza-el-darrer-cicle-de-road-shows-entre-empreses-biotecnologiques-i-farmaceutiquesa-traducir\/#breadcrumb"},"inLanguage":"es","potentialAction":[{"@type":"ReadAction","target":["https:\/\/www.pcb.ub.edu\/es\/finalitza-el-darrer-cicle-de-road-shows-entre-empreses-biotecnologiques-i-farmaceutiquesa-traducir\/"]}]},{"@type":"BreadcrumbList","@id":"https:\/\/www.pcb.ub.edu\/es\/finalitza-el-darrer-cicle-de-road-shows-entre-empreses-biotecnologiques-i-farmaceutiquesa-traducir\/#breadcrumb","itemListElement":[{"@type":"ListItem","position":1,"name":"Home","item":"https:\/\/www.pcb.ub.edu\/es\/"},{"@type":"ListItem","position":2,"name":"Finalitza el darrer cicle de Road Shows entre empreses biotecnol\u00f2giques i farmac\u00e8utiquesA TRADUCIR >>>"}]},{"@type":"WebSite","@id":"https:\/\/www.pcb.ub.edu\/es\/#website","url":"https:\/\/www.pcb.ub.edu\/es\/","name":"Parc Cient\u00edfic de Barcelona","description":"Universitat de Barcelona","potentialAction":[{"@type":"SearchAction","target":{"@type":"EntryPoint","urlTemplate":"https:\/\/www.pcb.ub.edu\/es\/?s={search_term_string}"},"query-input":{"@type":"PropertyValueSpecification","valueRequired":true,"valueName":"search_term_string"}}],"inLanguage":"es"},{"@type":"Person","@id":"https:\/\/www.pcb.ub.edu\/es\/#\/schema\/person\/d13cab05cd0a75b17fddca8496481021","name":"adminpcb","image":{"@type":"ImageObject","inLanguage":"es","@id":"https:\/\/secure.gravatar.com\/avatar\/41ad0fab4bb3bf5348b0af9612159cfd93173a57bbca98fecb50fa6f3ab97d28?s=96&d=mm&r=g","url":"https:\/\/secure.gravatar.com\/avatar\/41ad0fab4bb3bf5348b0af9612159cfd93173a57bbca98fecb50fa6f3ab97d28?s=96&d=mm&r=g","contentUrl":"https:\/\/secure.gravatar.com\/avatar\/41ad0fab4bb3bf5348b0af9612159cfd93173a57bbca98fecb50fa6f3ab97d28?s=96&d=mm&r=g","caption":"adminpcb"},"url":"https:\/\/www.pcb.ub.edu\/es\/author\/adminpcb\/"}]}},"_links":{"self":[{"href":"https:\/\/www.pcb.ub.edu\/es\/wp-json\/wp\/v2\/posts\/37504","targetHints":{"allow":["GET"]}}],"collection":[{"href":"https:\/\/www.pcb.ub.edu\/es\/wp-json\/wp\/v2\/posts"}],"about":[{"href":"https:\/\/www.pcb.ub.edu\/es\/wp-json\/wp\/v2\/types\/post"}],"author":[{"embeddable":true,"href":"https:\/\/www.pcb.ub.edu\/es\/wp-json\/wp\/v2\/users\/1"}],"replies":[{"embeddable":true,"href":"https:\/\/www.pcb.ub.edu\/es\/wp-json\/wp\/v2\/comments?post=37504"}],"version-history":[{"count":1,"href":"https:\/\/www.pcb.ub.edu\/es\/wp-json\/wp\/v2\/posts\/37504\/revisions"}],"predecessor-version":[{"id":43729,"href":"https:\/\/www.pcb.ub.edu\/es\/wp-json\/wp\/v2\/posts\/37504\/revisions\/43729"}],"wp:attachment":[{"href":"https:\/\/www.pcb.ub.edu\/es\/wp-json\/wp\/v2\/media?parent=37504"}],"wp:term":[{"taxonomy":"category","embeddable":true,"href":"https:\/\/www.pcb.ub.edu\/es\/wp-json\/wp\/v2\/categories?post=37504"},{"taxonomy":"post_tag","embeddable":true,"href":"https:\/\/www.pcb.ub.edu\/es\/wp-json\/wp\/v2\/tags?post=37504"}],"curies":[{"name":"wp","href":"https:\/\/api.w.org\/{rel}","templated":true}]}}