{"id":37498,"date":"2011-07-25T00:00:00","date_gmt":"2011-07-24T23:00:00","guid":{"rendered":"http:\/\/www.pcb.ub.edu\/\/el-parc-cientific-barcelona-presente-en-nanotexnology-2011\/"},"modified":"2020-11-16T16:16:34","modified_gmt":"2020-11-16T15:16:34","slug":"el-parc-cientific-barcelona-presente-en-nanotexnology-2011","status":"publish","type":"post","link":"https:\/\/www.pcb.ub.edu\/es\/el-parc-cientific-barcelona-presente-en-nanotexnology-2011\/","title":{"rendered":"El Parc Cient\u00edfic Barcelona, presente en Nanotexnology 2011"},"content":{"rendered":"<p>\u00bb<\/p>\n<div class=\"col-sm-6 detall-noticia-imatges\">\n<div class=\"row\">\n<div class=\"item active one-image\">\n\t\t\t\t\t\t<a class=\"icon-search\" href='http:\/\/www.pcb.ub.edu\/\/wp-content\/uploads\/2020\/11\/1311339608878.jpg'><\/a><br \/>\n\t\t\t\t\t\t<img src='http:\/\/www.pcb.ub.edu\/\/wp-content\/uploads\/2020\/11\/1311339608878.jpg' \/>\n\t\t\t\t\t<\/div><\/div><\/div>\n<p>\t\t\tBajo el t\u00edtulo \u00ab<a>Botton-up and Top-down fabrication strategies for developing scaffolds for tissue engineering and regenerative medicine<\/a>\u00ab, la intervenci\u00f3n de Alvaro Mata se centr\u00f3 en el an\u00e1lisis de las t\u00e9cnicas actuales para desarrollar nuevos biomateriales, armazones tisulares y dispositivos que puedan interaccionar espec\u00edficamente con la biolog\u00eda a nivel celular y subcelular para aplicaciones en el campo de la ingenier\u00eda de tejidos y la medicina regenerativa. <\/p>\n<p> Nanotexnology es uno de los principales eventos anuales para explorar las oportunidades en el \u00e1mbito de la nanotecnolog\u00eda y la electr\u00f3nica org\u00e1nica y promover la investigaci\u00f3n, la colaboraci\u00f3n industrial y la transferencia de tecnolog\u00eda mediante la creaci\u00f3n de redes y plataformas que favorezcan el contacto e intercambio de experiencias entre los participantes.  <\/p>\n<p> En esta edici\u00f3n, el certamen integr\u00f3 los siguientes eventos: la 4th International Symposium on Flexible Organic Electronics; la 8th International Conference on Nanosciences &amp; Nanotechnologies; la 5th International Summer School \u00abN&amp;N:Organic Electronics &amp; Nanomedicine\u00bb y la 1st Nanotexnology Expo.   <\/p>\n","protected":false},"excerpt":{"rendered":"<p>El Parc Cient\u00edfic Barcelona (PCB) estuvo presente en <a>Nanotexnology 2011<\/a>  \u2013que tuvo lugar del 11 al 15 de julio en Thessaloniki (Grecia)\u2013 a trav\u00e9s de la participaci\u00f3n como ponente de Alvaro Mata, responsable de la Plataforma de Nanotecnologia del PCB, en la charla plenaria de la 8th International Conference on Nanosciences and Nanotechnologies que se celebr\u00f3 en el marco de este evento. <\/p>\n","protected":false},"author":1,"featured_media":0,"comment_status":"closed","ping_status":"open","sticky":false,"template":"","format":"standard","meta":{"_acf_changed":false,"inline_featured_image":false,"footnotes":""},"categories":[9],"tags":[],"class_list":["post-37498","post","type-post","status-publish","format-standard","category-sin-categorizar"],"acf":[],"yoast_head":"<!-- This site is optimized with the Yoast SEO plugin v27.3 - https:\/\/yoast.com\/product\/yoast-seo-wordpress\/ -->\n<title>El Parc Cient\u00edfic Barcelona, presente en Nanotexnology 2011 - Parc Cient\u00edfic de Barcelona<\/title>\n<meta name=\"robots\" content=\"index, follow, max-snippet:-1, max-image-preview:large, max-video-preview:-1\" \/>\n<link rel=\"canonical\" href=\"https:\/\/www.pcb.ub.edu\/es\/el-parc-cientific-barcelona-presente-en-nanotexnology-2011\/\" \/>\n<meta property=\"og:locale\" content=\"es_ES\" \/>\n<meta property=\"og:type\" content=\"article\" \/>\n<meta property=\"og:title\" content=\"El Parc Cient\u00edfic Barcelona, presente en Nanotexnology 2011 - Parc Cient\u00edfic de Barcelona\" \/>\n<meta property=\"og:description\" content=\"El Parc Cient\u00edfic Barcelona (PCB) estuvo presente en Nanotexnology 2011 \u2013que tuvo lugar del 11 al 15 de julio en Thessaloniki (Grecia)\u2013 a trav\u00e9s de la participaci\u00f3n como ponente de Alvaro Mata, responsable de la Plataforma de Nanotecnologia del PCB, en la charla plenaria de la 8th International Conference on Nanosciences and Nanotechnologies que se celebr\u00f3 en el marco de este evento.\" \/>\n<meta property=\"og:url\" content=\"https:\/\/www.pcb.ub.edu\/es\/el-parc-cientific-barcelona-presente-en-nanotexnology-2011\/\" \/>\n<meta property=\"og:site_name\" content=\"Parc Cient\u00edfic de Barcelona\" \/>\n<meta property=\"article:published_time\" content=\"2011-07-24T23:00:00+00:00\" \/>\n<meta property=\"article:modified_time\" content=\"2020-11-16T15:16:34+00:00\" \/>\n<meta property=\"og:image\" content=\"http:\/\/www.pcb.ub.edu\/\/wp-content\/uploads\/2020\/11\/1311339608878.jpg\" \/>\n<meta name=\"author\" content=\"adminpcb\" \/>\n<meta name=\"twitter:card\" content=\"summary_large_image\" \/>\n<meta name=\"twitter:label1\" content=\"Escrito por\" \/>\n\t<meta name=\"twitter:data1\" content=\"adminpcb\" \/>\n\t<meta name=\"twitter:label2\" content=\"Tiempo de lectura\" \/>\n\t<meta name=\"twitter:data2\" content=\"1 minuto\" \/>\n<script type=\"application\/ld+json\" class=\"yoast-schema-graph\">{\"@context\":\"https:\\\/\\\/schema.org\",\"@graph\":[{\"@type\":\"Article\",\"@id\":\"https:\\\/\\\/www.pcb.ub.edu\\\/es\\\/el-parc-cientific-barcelona-presente-en-nanotexnology-2011\\\/#article\",\"isPartOf\":{\"@id\":\"https:\\\/\\\/www.pcb.ub.edu\\\/es\\\/el-parc-cientific-barcelona-presente-en-nanotexnology-2011\\\/\"},\"author\":{\"name\":\"adminpcb\",\"@id\":\"https:\\\/\\\/www.pcb.ub.edu\\\/es\\\/#\\\/schema\\\/person\\\/d13cab05cd0a75b17fddca8496481021\"},\"headline\":\"El Parc Cient\u00edfic Barcelona, presente en Nanotexnology 2011\",\"datePublished\":\"2011-07-24T23:00:00+00:00\",\"dateModified\":\"2020-11-16T15:16:34+00:00\",\"mainEntityOfPage\":{\"@id\":\"https:\\\/\\\/www.pcb.ub.edu\\\/es\\\/el-parc-cientific-barcelona-presente-en-nanotexnology-2011\\\/\"},\"wordCount\":182,\"image\":{\"@id\":\"https:\\\/\\\/www.pcb.ub.edu\\\/es\\\/el-parc-cientific-barcelona-presente-en-nanotexnology-2011\\\/#primaryimage\"},\"thumbnailUrl\":\"http:\\\/\\\/www.pcb.ub.edu\\\/\\\/wp-content\\\/uploads\\\/2020\\\/11\\\/1311339608878.jpg\",\"articleSection\":[\"Sin categorizar\"],\"inLanguage\":\"es\"},{\"@type\":\"WebPage\",\"@id\":\"https:\\\/\\\/www.pcb.ub.edu\\\/es\\\/el-parc-cientific-barcelona-presente-en-nanotexnology-2011\\\/\",\"url\":\"https:\\\/\\\/www.pcb.ub.edu\\\/es\\\/el-parc-cientific-barcelona-presente-en-nanotexnology-2011\\\/\",\"name\":\"El Parc Cient\u00edfic Barcelona, presente en Nanotexnology 2011 - Parc Cient\u00edfic de Barcelona\",\"isPartOf\":{\"@id\":\"https:\\\/\\\/www.pcb.ub.edu\\\/es\\\/#website\"},\"primaryImageOfPage\":{\"@id\":\"https:\\\/\\\/www.pcb.ub.edu\\\/es\\\/el-parc-cientific-barcelona-presente-en-nanotexnology-2011\\\/#primaryimage\"},\"image\":{\"@id\":\"https:\\\/\\\/www.pcb.ub.edu\\\/es\\\/el-parc-cientific-barcelona-presente-en-nanotexnology-2011\\\/#primaryimage\"},\"thumbnailUrl\":\"http:\\\/\\\/www.pcb.ub.edu\\\/\\\/wp-content\\\/uploads\\\/2020\\\/11\\\/1311339608878.jpg\",\"datePublished\":\"2011-07-24T23:00:00+00:00\",\"dateModified\":\"2020-11-16T15:16:34+00:00\",\"author\":{\"@id\":\"https:\\\/\\\/www.pcb.ub.edu\\\/es\\\/#\\\/schema\\\/person\\\/d13cab05cd0a75b17fddca8496481021\"},\"breadcrumb\":{\"@id\":\"https:\\\/\\\/www.pcb.ub.edu\\\/es\\\/el-parc-cientific-barcelona-presente-en-nanotexnology-2011\\\/#breadcrumb\"},\"inLanguage\":\"es\",\"potentialAction\":[{\"@type\":\"ReadAction\",\"target\":[\"https:\\\/\\\/www.pcb.ub.edu\\\/es\\\/el-parc-cientific-barcelona-presente-en-nanotexnology-2011\\\/\"]}]},{\"@type\":\"ImageObject\",\"inLanguage\":\"es\",\"@id\":\"https:\\\/\\\/www.pcb.ub.edu\\\/es\\\/el-parc-cientific-barcelona-presente-en-nanotexnology-2011\\\/#primaryimage\",\"url\":\"http:\\\/\\\/www.pcb.ub.edu\\\/\\\/wp-content\\\/uploads\\\/2020\\\/11\\\/1311339608878.jpg\",\"contentUrl\":\"http:\\\/\\\/www.pcb.ub.edu\\\/\\\/wp-content\\\/uploads\\\/2020\\\/11\\\/1311339608878.jpg\"},{\"@type\":\"BreadcrumbList\",\"@id\":\"https:\\\/\\\/www.pcb.ub.edu\\\/es\\\/el-parc-cientific-barcelona-presente-en-nanotexnology-2011\\\/#breadcrumb\",\"itemListElement\":[{\"@type\":\"ListItem\",\"position\":1,\"name\":\"Home\",\"item\":\"https:\\\/\\\/www.pcb.ub.edu\\\/es\\\/\"},{\"@type\":\"ListItem\",\"position\":2,\"name\":\"El Parc Cient\u00edfic Barcelona, presente en Nanotexnology 2011\"}]},{\"@type\":\"WebSite\",\"@id\":\"https:\\\/\\\/www.pcb.ub.edu\\\/es\\\/#website\",\"url\":\"https:\\\/\\\/www.pcb.ub.edu\\\/es\\\/\",\"name\":\"Parc Cient\u00edfic de Barcelona\",\"description\":\"Universitat de Barcelona\",\"potentialAction\":[{\"@type\":\"SearchAction\",\"target\":{\"@type\":\"EntryPoint\",\"urlTemplate\":\"https:\\\/\\\/www.pcb.ub.edu\\\/es\\\/?s={search_term_string}\"},\"query-input\":{\"@type\":\"PropertyValueSpecification\",\"valueRequired\":true,\"valueName\":\"search_term_string\"}}],\"inLanguage\":\"es\"},{\"@type\":\"Person\",\"@id\":\"https:\\\/\\\/www.pcb.ub.edu\\\/es\\\/#\\\/schema\\\/person\\\/d13cab05cd0a75b17fddca8496481021\",\"name\":\"adminpcb\",\"image\":{\"@type\":\"ImageObject\",\"inLanguage\":\"es\",\"@id\":\"https:\\\/\\\/secure.gravatar.com\\\/avatar\\\/41ad0fab4bb3bf5348b0af9612159cfd93173a57bbca98fecb50fa6f3ab97d28?s=96&d=mm&r=g\",\"url\":\"https:\\\/\\\/secure.gravatar.com\\\/avatar\\\/41ad0fab4bb3bf5348b0af9612159cfd93173a57bbca98fecb50fa6f3ab97d28?s=96&d=mm&r=g\",\"contentUrl\":\"https:\\\/\\\/secure.gravatar.com\\\/avatar\\\/41ad0fab4bb3bf5348b0af9612159cfd93173a57bbca98fecb50fa6f3ab97d28?s=96&d=mm&r=g\",\"caption\":\"adminpcb\"},\"url\":\"https:\\\/\\\/www.pcb.ub.edu\\\/es\\\/author\\\/adminpcb\\\/\"}]}<\/script>\n<!-- \/ Yoast SEO plugin. -->","yoast_head_json":{"title":"El Parc Cient\u00edfic Barcelona, presente en Nanotexnology 2011 - Parc Cient\u00edfic de Barcelona","robots":{"index":"index","follow":"follow","max-snippet":"max-snippet:-1","max-image-preview":"max-image-preview:large","max-video-preview":"max-video-preview:-1"},"canonical":"https:\/\/www.pcb.ub.edu\/es\/el-parc-cientific-barcelona-presente-en-nanotexnology-2011\/","og_locale":"es_ES","og_type":"article","og_title":"El Parc Cient\u00edfic Barcelona, presente en Nanotexnology 2011 - Parc Cient\u00edfic de Barcelona","og_description":"El Parc Cient\u00edfic Barcelona (PCB) estuvo presente en Nanotexnology 2011 \u2013que tuvo lugar del 11 al 15 de julio en Thessaloniki (Grecia)\u2013 a trav\u00e9s de la participaci\u00f3n como ponente de Alvaro Mata, responsable de la Plataforma de Nanotecnologia del PCB, en la charla plenaria de la 8th International Conference on Nanosciences and Nanotechnologies que se celebr\u00f3 en el marco de este evento.","og_url":"https:\/\/www.pcb.ub.edu\/es\/el-parc-cientific-barcelona-presente-en-nanotexnology-2011\/","og_site_name":"Parc Cient\u00edfic de Barcelona","article_published_time":"2011-07-24T23:00:00+00:00","article_modified_time":"2020-11-16T15:16:34+00:00","og_image":[{"url":"http:\/\/www.pcb.ub.edu\/\/wp-content\/uploads\/2020\/11\/1311339608878.jpg","type":"","width":"","height":""}],"author":"adminpcb","twitter_card":"summary_large_image","twitter_misc":{"Escrito por":"adminpcb","Tiempo de lectura":"1 minuto"},"schema":{"@context":"https:\/\/schema.org","@graph":[{"@type":"Article","@id":"https:\/\/www.pcb.ub.edu\/es\/el-parc-cientific-barcelona-presente-en-nanotexnology-2011\/#article","isPartOf":{"@id":"https:\/\/www.pcb.ub.edu\/es\/el-parc-cientific-barcelona-presente-en-nanotexnology-2011\/"},"author":{"name":"adminpcb","@id":"https:\/\/www.pcb.ub.edu\/es\/#\/schema\/person\/d13cab05cd0a75b17fddca8496481021"},"headline":"El Parc Cient\u00edfic Barcelona, presente en Nanotexnology 2011","datePublished":"2011-07-24T23:00:00+00:00","dateModified":"2020-11-16T15:16:34+00:00","mainEntityOfPage":{"@id":"https:\/\/www.pcb.ub.edu\/es\/el-parc-cientific-barcelona-presente-en-nanotexnology-2011\/"},"wordCount":182,"image":{"@id":"https:\/\/www.pcb.ub.edu\/es\/el-parc-cientific-barcelona-presente-en-nanotexnology-2011\/#primaryimage"},"thumbnailUrl":"http:\/\/www.pcb.ub.edu\/\/wp-content\/uploads\/2020\/11\/1311339608878.jpg","articleSection":["Sin categorizar"],"inLanguage":"es"},{"@type":"WebPage","@id":"https:\/\/www.pcb.ub.edu\/es\/el-parc-cientific-barcelona-presente-en-nanotexnology-2011\/","url":"https:\/\/www.pcb.ub.edu\/es\/el-parc-cientific-barcelona-presente-en-nanotexnology-2011\/","name":"El Parc Cient\u00edfic Barcelona, presente en Nanotexnology 2011 - Parc Cient\u00edfic de Barcelona","isPartOf":{"@id":"https:\/\/www.pcb.ub.edu\/es\/#website"},"primaryImageOfPage":{"@id":"https:\/\/www.pcb.ub.edu\/es\/el-parc-cientific-barcelona-presente-en-nanotexnology-2011\/#primaryimage"},"image":{"@id":"https:\/\/www.pcb.ub.edu\/es\/el-parc-cientific-barcelona-presente-en-nanotexnology-2011\/#primaryimage"},"thumbnailUrl":"http:\/\/www.pcb.ub.edu\/\/wp-content\/uploads\/2020\/11\/1311339608878.jpg","datePublished":"2011-07-24T23:00:00+00:00","dateModified":"2020-11-16T15:16:34+00:00","author":{"@id":"https:\/\/www.pcb.ub.edu\/es\/#\/schema\/person\/d13cab05cd0a75b17fddca8496481021"},"breadcrumb":{"@id":"https:\/\/www.pcb.ub.edu\/es\/el-parc-cientific-barcelona-presente-en-nanotexnology-2011\/#breadcrumb"},"inLanguage":"es","potentialAction":[{"@type":"ReadAction","target":["https:\/\/www.pcb.ub.edu\/es\/el-parc-cientific-barcelona-presente-en-nanotexnology-2011\/"]}]},{"@type":"ImageObject","inLanguage":"es","@id":"https:\/\/www.pcb.ub.edu\/es\/el-parc-cientific-barcelona-presente-en-nanotexnology-2011\/#primaryimage","url":"http:\/\/www.pcb.ub.edu\/\/wp-content\/uploads\/2020\/11\/1311339608878.jpg","contentUrl":"http:\/\/www.pcb.ub.edu\/\/wp-content\/uploads\/2020\/11\/1311339608878.jpg"},{"@type":"BreadcrumbList","@id":"https:\/\/www.pcb.ub.edu\/es\/el-parc-cientific-barcelona-presente-en-nanotexnology-2011\/#breadcrumb","itemListElement":[{"@type":"ListItem","position":1,"name":"Home","item":"https:\/\/www.pcb.ub.edu\/es\/"},{"@type":"ListItem","position":2,"name":"El Parc Cient\u00edfic Barcelona, presente en Nanotexnology 2011"}]},{"@type":"WebSite","@id":"https:\/\/www.pcb.ub.edu\/es\/#website","url":"https:\/\/www.pcb.ub.edu\/es\/","name":"Parc Cient\u00edfic de Barcelona","description":"Universitat de Barcelona","potentialAction":[{"@type":"SearchAction","target":{"@type":"EntryPoint","urlTemplate":"https:\/\/www.pcb.ub.edu\/es\/?s={search_term_string}"},"query-input":{"@type":"PropertyValueSpecification","valueRequired":true,"valueName":"search_term_string"}}],"inLanguage":"es"},{"@type":"Person","@id":"https:\/\/www.pcb.ub.edu\/es\/#\/schema\/person\/d13cab05cd0a75b17fddca8496481021","name":"adminpcb","image":{"@type":"ImageObject","inLanguage":"es","@id":"https:\/\/secure.gravatar.com\/avatar\/41ad0fab4bb3bf5348b0af9612159cfd93173a57bbca98fecb50fa6f3ab97d28?s=96&d=mm&r=g","url":"https:\/\/secure.gravatar.com\/avatar\/41ad0fab4bb3bf5348b0af9612159cfd93173a57bbca98fecb50fa6f3ab97d28?s=96&d=mm&r=g","contentUrl":"https:\/\/secure.gravatar.com\/avatar\/41ad0fab4bb3bf5348b0af9612159cfd93173a57bbca98fecb50fa6f3ab97d28?s=96&d=mm&r=g","caption":"adminpcb"},"url":"https:\/\/www.pcb.ub.edu\/es\/author\/adminpcb\/"}]}},"_links":{"self":[{"href":"https:\/\/www.pcb.ub.edu\/es\/wp-json\/wp\/v2\/posts\/37498","targetHints":{"allow":["GET"]}}],"collection":[{"href":"https:\/\/www.pcb.ub.edu\/es\/wp-json\/wp\/v2\/posts"}],"about":[{"href":"https:\/\/www.pcb.ub.edu\/es\/wp-json\/wp\/v2\/types\/post"}],"author":[{"embeddable":true,"href":"https:\/\/www.pcb.ub.edu\/es\/wp-json\/wp\/v2\/users\/1"}],"replies":[{"embeddable":true,"href":"https:\/\/www.pcb.ub.edu\/es\/wp-json\/wp\/v2\/comments?post=37498"}],"version-history":[{"count":1,"href":"https:\/\/www.pcb.ub.edu\/es\/wp-json\/wp\/v2\/posts\/37498\/revisions"}],"predecessor-version":[{"id":43723,"href":"https:\/\/www.pcb.ub.edu\/es\/wp-json\/wp\/v2\/posts\/37498\/revisions\/43723"}],"wp:attachment":[{"href":"https:\/\/www.pcb.ub.edu\/es\/wp-json\/wp\/v2\/media?parent=37498"}],"wp:term":[{"taxonomy":"category","embeddable":true,"href":"https:\/\/www.pcb.ub.edu\/es\/wp-json\/wp\/v2\/categories?post=37498"},{"taxonomy":"post_tag","embeddable":true,"href":"https:\/\/www.pcb.ub.edu\/es\/wp-json\/wp\/v2\/tags?post=37498"}],"curies":[{"name":"wp","href":"https:\/\/api.w.org\/{rel}","templated":true}]}}