{"id":37496,"date":"2011-07-16T00:00:00","date_gmt":"2011-07-15T23:00:00","guid":{"rendered":"http:\/\/www.pcb.ub.edu\/\/fernando-albericio-participa-en-la-conferencia-del-proyecto-pila-network\/"},"modified":"2020-11-16T16:16:33","modified_gmt":"2020-11-16T15:16:33","slug":"fernando-albericio-participa-en-la-conferencia-del-proyecto-pila-network","status":"publish","type":"post","link":"https:\/\/www.pcb.ub.edu\/es\/fernando-albericio-participa-en-la-conferencia-del-proyecto-pila-network\/","title":{"rendered":"Fernando Albericio participa en la Conferencia del Proyecto PILA-Network"},"content":{"rendered":"<p>\u00bb<\/p>\n<div class=\"col-sm-6 detall-noticia-imatges\">\n<div class=\"row\">\n<div class=\"item active one-image\">\n\t\t\t\t\t\t<a class=\"icon-search\" href='http:\/\/www.pcb.ub.edu\/portal\/imatges_not\/1311340768782.bmp'><\/a><br \/>\n\t\t\t\t\t\t<img src='http:\/\/www.pcb.ub.edu\/portal\/imatges_not\/1311340768782.bmp' \/>\n\t\t\t\t\t<\/div><\/div><\/div>\n<p>\t\t\tLa <a>Conferencia del Projecto PILA-Network<\/a> reuni\u00f3 expertos y profesionals interesados en el tema de innovaci\u00f3n en las universidades \u2013procedentes tanto del \u00e1mbito acad\u00e9mico y la investigaci\u00f3n cient\u00edfico-tecnol\u00f3gica, como del \u00e1rea gubernamental y empresarial\u2013 para debatir los desaf\u00edos pol\u00edticos y de gesti\u00f3n y compartir experiencias que difundan conocimiento sobre la implementaci\u00f3n de la propiedad intelectual como herramienta de innovaci\u00f3n y competitividad en las instituciones de educaci\u00f3n superior. Al f\u00f3rum tambi\u00e9n asistieron representantes de oficinas de registro de derechos de propiedad intelectual e industrial de 25 pa\u00edses de Latinoam\u00e9rica y Europa, as\u00ed como delegados de la Organizaci\u00f3n Mundial de la Propiedad Intelectual y de la Oficina Europea de Patentes.  <\/p>\n<p> La intervenci\u00f3n de Fernando Albericio, \u00ab<a>Infraestructuras para la emprendimiento: de la incubadora al parco cient\u00edfico-tecnol\u00f3gico<\/a>\u00ab, se llev\u00f3 a cabo en el marco de una sesi\u00f3n dedicada a \u00abLas Universidades, actores clave en la generaci\u00f3n del conocimiento\u00bb, moderada por Sen\u00e9n Barro, presidente de RedEmprendia. Entre las conclusiones derivadas de esta sesi\u00f3n, est\u00e1 la necesidad de aumentar los mecanismos y agentes implicados en la transferencia del conocimiento y desarrollo tecnol\u00f3gico de la universidad al tejido socioecon\u00f3mico, apoyando tambi\u00e9n la innovaci\u00f3n y la emprenedoria empresarial. <\/p>\n<p> El proyecto PILA-Network (co-financiado por el programa ALFA III de la Uni\u00f3n Europea, desde Noviembre 2008) pretende ser el embri\u00f3n de una futura red de propiedad intelectual latinoamericana m\u00e1s extensa que incorpore m\u00e1s universidades y paises de Latinoam\u00e9rica a la Red PILA. Una vez que finalice el periodo de co-financiaci\u00f3n ALFA III, esta red buscar\u00e1 conseguir nuevos retos y resultados que ser\u00e1n definidos y establecidos en lfuturos planes de acci\u00f3n.       <\/p>\n","protected":false},"excerpt":{"rendered":"<p>Los d\u00edas 7 y 8 de julio representantes de los 18 pa\u00edses de Latinoam\u00e9rica y de las 4 universidades europeas que forman la <a>Red PILA<\/a> (Red de Propiedad Intelectual e Industrial en Latinoam\u00e9rica) se reunieron en la ciudad de Panam\u00e1 \u2013en el marco del  <a>Proyecto PILA-Network<\/a>, \u2013 para encontrar respuestas pr\u00e1cticas en las oportunidades y retos que presenta la gesti\u00f3n de la propiedad intelectual a las universidades en el entorno de una econom\u00eda basada en el conocimiento. En representaci\u00f3n de la Universitat de Barcelona asisti\u00f3 Fernando Albericio, director general del Parc Cient\u00edfic Barcelona y presidente del Comit\u00e9 T\u00e9cnico de la RedEmprendia.  <\/p>\n","protected":false},"author":1,"featured_media":0,"comment_status":"closed","ping_status":"open","sticky":false,"template":"","format":"standard","meta":{"_acf_changed":false,"inline_featured_image":false,"footnotes":""},"categories":[9],"tags":[],"class_list":["post-37496","post","type-post","status-publish","format-standard","category-sin-categorizar"],"acf":[],"yoast_head":"<!-- This site is optimized with the Yoast SEO plugin v27.3 - https:\/\/yoast.com\/product\/yoast-seo-wordpress\/ -->\n<title>Fernando Albericio participa en la Conferencia del Proyecto PILA-Network - Parc Cient\u00edfic de Barcelona<\/title>\n<meta name=\"robots\" content=\"index, follow, max-snippet:-1, max-image-preview:large, max-video-preview:-1\" \/>\n<link rel=\"canonical\" href=\"https:\/\/www.pcb.ub.edu\/es\/fernando-albericio-participa-en-la-conferencia-del-proyecto-pila-network\/\" \/>\n<meta property=\"og:locale\" content=\"es_ES\" \/>\n<meta property=\"og:type\" content=\"article\" \/>\n<meta property=\"og:title\" content=\"Fernando Albericio participa en la Conferencia del Proyecto PILA-Network - Parc Cient\u00edfic de Barcelona\" \/>\n<meta property=\"og:description\" content=\"Los d\u00edas 7 y 8 de julio representantes de los 18 pa\u00edses de Latinoam\u00e9rica y de las 4 universidades europeas que forman la Red PILA (Red de Propiedad Intelectual e Industrial en Latinoam\u00e9rica) se reunieron en la ciudad de Panam\u00e1 \u2013en el marco del Proyecto PILA-Network, \u2013 para encontrar respuestas pr\u00e1cticas en las oportunidades y retos que presenta la gesti\u00f3n de la propiedad intelectual a las universidades en el entorno de una econom\u00eda basada en el conocimiento. En representaci\u00f3n de la Universitat de Barcelona asisti\u00f3 Fernando Albericio, director general del Parc Cient\u00edfic Barcelona y presidente del Comit\u00e9 T\u00e9cnico de la RedEmprendia.\" \/>\n<meta property=\"og:url\" content=\"https:\/\/www.pcb.ub.edu\/es\/fernando-albericio-participa-en-la-conferencia-del-proyecto-pila-network\/\" \/>\n<meta property=\"og:site_name\" content=\"Parc Cient\u00edfic de Barcelona\" \/>\n<meta property=\"article:published_time\" content=\"2011-07-15T23:00:00+00:00\" \/>\n<meta property=\"article:modified_time\" content=\"2020-11-16T15:16:33+00:00\" \/>\n<meta property=\"og:image\" content=\"http:\/\/www.pcb.ub.edu\/portal\/imatges_not\/1311340768782.bmp\" \/>\n<meta name=\"author\" content=\"adminpcb\" \/>\n<meta name=\"twitter:card\" content=\"summary_large_image\" \/>\n<meta name=\"twitter:label1\" content=\"Escrito por\" \/>\n\t<meta name=\"twitter:data1\" content=\"adminpcb\" \/>\n\t<meta name=\"twitter:label2\" content=\"Tiempo de lectura\" \/>\n\t<meta name=\"twitter:data2\" content=\"1 minuto\" \/>\n<script type=\"application\/ld+json\" class=\"yoast-schema-graph\">{\"@context\":\"https:\\\/\\\/schema.org\",\"@graph\":[{\"@type\":\"Article\",\"@id\":\"https:\\\/\\\/www.pcb.ub.edu\\\/es\\\/fernando-albericio-participa-en-la-conferencia-del-proyecto-pila-network\\\/#article\",\"isPartOf\":{\"@id\":\"https:\\\/\\\/www.pcb.ub.edu\\\/es\\\/fernando-albericio-participa-en-la-conferencia-del-proyecto-pila-network\\\/\"},\"author\":{\"name\":\"adminpcb\",\"@id\":\"https:\\\/\\\/www.pcb.ub.edu\\\/es\\\/#\\\/schema\\\/person\\\/d13cab05cd0a75b17fddca8496481021\"},\"headline\":\"Fernando Albericio participa en la Conferencia del Proyecto PILA-Network\",\"datePublished\":\"2011-07-15T23:00:00+00:00\",\"dateModified\":\"2020-11-16T15:16:33+00:00\",\"mainEntityOfPage\":{\"@id\":\"https:\\\/\\\/www.pcb.ub.edu\\\/es\\\/fernando-albericio-participa-en-la-conferencia-del-proyecto-pila-network\\\/\"},\"wordCount\":301,\"image\":{\"@id\":\"https:\\\/\\\/www.pcb.ub.edu\\\/es\\\/fernando-albericio-participa-en-la-conferencia-del-proyecto-pila-network\\\/#primaryimage\"},\"thumbnailUrl\":\"http:\\\/\\\/www.pcb.ub.edu\\\/portal\\\/imatges_not\\\/1311340768782.bmp\",\"articleSection\":[\"Sin categorizar\"],\"inLanguage\":\"es\"},{\"@type\":\"WebPage\",\"@id\":\"https:\\\/\\\/www.pcb.ub.edu\\\/es\\\/fernando-albericio-participa-en-la-conferencia-del-proyecto-pila-network\\\/\",\"url\":\"https:\\\/\\\/www.pcb.ub.edu\\\/es\\\/fernando-albericio-participa-en-la-conferencia-del-proyecto-pila-network\\\/\",\"name\":\"Fernando Albericio participa en la Conferencia del Proyecto PILA-Network - Parc Cient\u00edfic de Barcelona\",\"isPartOf\":{\"@id\":\"https:\\\/\\\/www.pcb.ub.edu\\\/es\\\/#website\"},\"primaryImageOfPage\":{\"@id\":\"https:\\\/\\\/www.pcb.ub.edu\\\/es\\\/fernando-albericio-participa-en-la-conferencia-del-proyecto-pila-network\\\/#primaryimage\"},\"image\":{\"@id\":\"https:\\\/\\\/www.pcb.ub.edu\\\/es\\\/fernando-albericio-participa-en-la-conferencia-del-proyecto-pila-network\\\/#primaryimage\"},\"thumbnailUrl\":\"http:\\\/\\\/www.pcb.ub.edu\\\/portal\\\/imatges_not\\\/1311340768782.bmp\",\"datePublished\":\"2011-07-15T23:00:00+00:00\",\"dateModified\":\"2020-11-16T15:16:33+00:00\",\"author\":{\"@id\":\"https:\\\/\\\/www.pcb.ub.edu\\\/es\\\/#\\\/schema\\\/person\\\/d13cab05cd0a75b17fddca8496481021\"},\"breadcrumb\":{\"@id\":\"https:\\\/\\\/www.pcb.ub.edu\\\/es\\\/fernando-albericio-participa-en-la-conferencia-del-proyecto-pila-network\\\/#breadcrumb\"},\"inLanguage\":\"es\",\"potentialAction\":[{\"@type\":\"ReadAction\",\"target\":[\"https:\\\/\\\/www.pcb.ub.edu\\\/es\\\/fernando-albericio-participa-en-la-conferencia-del-proyecto-pila-network\\\/\"]}]},{\"@type\":\"ImageObject\",\"inLanguage\":\"es\",\"@id\":\"https:\\\/\\\/www.pcb.ub.edu\\\/es\\\/fernando-albericio-participa-en-la-conferencia-del-proyecto-pila-network\\\/#primaryimage\",\"url\":\"http:\\\/\\\/www.pcb.ub.edu\\\/portal\\\/imatges_not\\\/1311340768782.bmp\",\"contentUrl\":\"http:\\\/\\\/www.pcb.ub.edu\\\/portal\\\/imatges_not\\\/1311340768782.bmp\"},{\"@type\":\"BreadcrumbList\",\"@id\":\"https:\\\/\\\/www.pcb.ub.edu\\\/es\\\/fernando-albericio-participa-en-la-conferencia-del-proyecto-pila-network\\\/#breadcrumb\",\"itemListElement\":[{\"@type\":\"ListItem\",\"position\":1,\"name\":\"Home\",\"item\":\"https:\\\/\\\/www.pcb.ub.edu\\\/es\\\/\"},{\"@type\":\"ListItem\",\"position\":2,\"name\":\"Fernando Albericio participa en la Conferencia del Proyecto PILA-Network\"}]},{\"@type\":\"WebSite\",\"@id\":\"https:\\\/\\\/www.pcb.ub.edu\\\/es\\\/#website\",\"url\":\"https:\\\/\\\/www.pcb.ub.edu\\\/es\\\/\",\"name\":\"Parc Cient\u00edfic de Barcelona\",\"description\":\"Universitat de Barcelona\",\"potentialAction\":[{\"@type\":\"SearchAction\",\"target\":{\"@type\":\"EntryPoint\",\"urlTemplate\":\"https:\\\/\\\/www.pcb.ub.edu\\\/es\\\/?s={search_term_string}\"},\"query-input\":{\"@type\":\"PropertyValueSpecification\",\"valueRequired\":true,\"valueName\":\"search_term_string\"}}],\"inLanguage\":\"es\"},{\"@type\":\"Person\",\"@id\":\"https:\\\/\\\/www.pcb.ub.edu\\\/es\\\/#\\\/schema\\\/person\\\/d13cab05cd0a75b17fddca8496481021\",\"name\":\"adminpcb\",\"image\":{\"@type\":\"ImageObject\",\"inLanguage\":\"es\",\"@id\":\"https:\\\/\\\/secure.gravatar.com\\\/avatar\\\/41ad0fab4bb3bf5348b0af9612159cfd93173a57bbca98fecb50fa6f3ab97d28?s=96&d=mm&r=g\",\"url\":\"https:\\\/\\\/secure.gravatar.com\\\/avatar\\\/41ad0fab4bb3bf5348b0af9612159cfd93173a57bbca98fecb50fa6f3ab97d28?s=96&d=mm&r=g\",\"contentUrl\":\"https:\\\/\\\/secure.gravatar.com\\\/avatar\\\/41ad0fab4bb3bf5348b0af9612159cfd93173a57bbca98fecb50fa6f3ab97d28?s=96&d=mm&r=g\",\"caption\":\"adminpcb\"},\"url\":\"https:\\\/\\\/www.pcb.ub.edu\\\/es\\\/author\\\/adminpcb\\\/\"}]}<\/script>\n<!-- \/ Yoast SEO plugin. -->","yoast_head_json":{"title":"Fernando Albericio participa en la Conferencia del Proyecto PILA-Network - Parc Cient\u00edfic de Barcelona","robots":{"index":"index","follow":"follow","max-snippet":"max-snippet:-1","max-image-preview":"max-image-preview:large","max-video-preview":"max-video-preview:-1"},"canonical":"https:\/\/www.pcb.ub.edu\/es\/fernando-albericio-participa-en-la-conferencia-del-proyecto-pila-network\/","og_locale":"es_ES","og_type":"article","og_title":"Fernando Albericio participa en la Conferencia del Proyecto PILA-Network - Parc Cient\u00edfic de Barcelona","og_description":"Los d\u00edas 7 y 8 de julio representantes de los 18 pa\u00edses de Latinoam\u00e9rica y de las 4 universidades europeas que forman la Red PILA (Red de Propiedad Intelectual e Industrial en Latinoam\u00e9rica) se reunieron en la ciudad de Panam\u00e1 \u2013en el marco del Proyecto PILA-Network, \u2013 para encontrar respuestas pr\u00e1cticas en las oportunidades y retos que presenta la gesti\u00f3n de la propiedad intelectual a las universidades en el entorno de una econom\u00eda basada en el conocimiento. En representaci\u00f3n de la Universitat de Barcelona asisti\u00f3 Fernando Albericio, director general del Parc Cient\u00edfic Barcelona y presidente del Comit\u00e9 T\u00e9cnico de la RedEmprendia.","og_url":"https:\/\/www.pcb.ub.edu\/es\/fernando-albericio-participa-en-la-conferencia-del-proyecto-pila-network\/","og_site_name":"Parc Cient\u00edfic de Barcelona","article_published_time":"2011-07-15T23:00:00+00:00","article_modified_time":"2020-11-16T15:16:33+00:00","og_image":[{"url":"http:\/\/www.pcb.ub.edu\/portal\/imatges_not\/1311340768782.bmp","type":"","width":"","height":""}],"author":"adminpcb","twitter_card":"summary_large_image","twitter_misc":{"Escrito por":"adminpcb","Tiempo de lectura":"1 minuto"},"schema":{"@context":"https:\/\/schema.org","@graph":[{"@type":"Article","@id":"https:\/\/www.pcb.ub.edu\/es\/fernando-albericio-participa-en-la-conferencia-del-proyecto-pila-network\/#article","isPartOf":{"@id":"https:\/\/www.pcb.ub.edu\/es\/fernando-albericio-participa-en-la-conferencia-del-proyecto-pila-network\/"},"author":{"name":"adminpcb","@id":"https:\/\/www.pcb.ub.edu\/es\/#\/schema\/person\/d13cab05cd0a75b17fddca8496481021"},"headline":"Fernando Albericio participa en la Conferencia del Proyecto PILA-Network","datePublished":"2011-07-15T23:00:00+00:00","dateModified":"2020-11-16T15:16:33+00:00","mainEntityOfPage":{"@id":"https:\/\/www.pcb.ub.edu\/es\/fernando-albericio-participa-en-la-conferencia-del-proyecto-pila-network\/"},"wordCount":301,"image":{"@id":"https:\/\/www.pcb.ub.edu\/es\/fernando-albericio-participa-en-la-conferencia-del-proyecto-pila-network\/#primaryimage"},"thumbnailUrl":"http:\/\/www.pcb.ub.edu\/portal\/imatges_not\/1311340768782.bmp","articleSection":["Sin categorizar"],"inLanguage":"es"},{"@type":"WebPage","@id":"https:\/\/www.pcb.ub.edu\/es\/fernando-albericio-participa-en-la-conferencia-del-proyecto-pila-network\/","url":"https:\/\/www.pcb.ub.edu\/es\/fernando-albericio-participa-en-la-conferencia-del-proyecto-pila-network\/","name":"Fernando Albericio participa en la Conferencia del Proyecto PILA-Network - Parc Cient\u00edfic de Barcelona","isPartOf":{"@id":"https:\/\/www.pcb.ub.edu\/es\/#website"},"primaryImageOfPage":{"@id":"https:\/\/www.pcb.ub.edu\/es\/fernando-albericio-participa-en-la-conferencia-del-proyecto-pila-network\/#primaryimage"},"image":{"@id":"https:\/\/www.pcb.ub.edu\/es\/fernando-albericio-participa-en-la-conferencia-del-proyecto-pila-network\/#primaryimage"},"thumbnailUrl":"http:\/\/www.pcb.ub.edu\/portal\/imatges_not\/1311340768782.bmp","datePublished":"2011-07-15T23:00:00+00:00","dateModified":"2020-11-16T15:16:33+00:00","author":{"@id":"https:\/\/www.pcb.ub.edu\/es\/#\/schema\/person\/d13cab05cd0a75b17fddca8496481021"},"breadcrumb":{"@id":"https:\/\/www.pcb.ub.edu\/es\/fernando-albericio-participa-en-la-conferencia-del-proyecto-pila-network\/#breadcrumb"},"inLanguage":"es","potentialAction":[{"@type":"ReadAction","target":["https:\/\/www.pcb.ub.edu\/es\/fernando-albericio-participa-en-la-conferencia-del-proyecto-pila-network\/"]}]},{"@type":"ImageObject","inLanguage":"es","@id":"https:\/\/www.pcb.ub.edu\/es\/fernando-albericio-participa-en-la-conferencia-del-proyecto-pila-network\/#primaryimage","url":"http:\/\/www.pcb.ub.edu\/portal\/imatges_not\/1311340768782.bmp","contentUrl":"http:\/\/www.pcb.ub.edu\/portal\/imatges_not\/1311340768782.bmp"},{"@type":"BreadcrumbList","@id":"https:\/\/www.pcb.ub.edu\/es\/fernando-albericio-participa-en-la-conferencia-del-proyecto-pila-network\/#breadcrumb","itemListElement":[{"@type":"ListItem","position":1,"name":"Home","item":"https:\/\/www.pcb.ub.edu\/es\/"},{"@type":"ListItem","position":2,"name":"Fernando Albericio participa en la Conferencia del Proyecto PILA-Network"}]},{"@type":"WebSite","@id":"https:\/\/www.pcb.ub.edu\/es\/#website","url":"https:\/\/www.pcb.ub.edu\/es\/","name":"Parc Cient\u00edfic de Barcelona","description":"Universitat de Barcelona","potentialAction":[{"@type":"SearchAction","target":{"@type":"EntryPoint","urlTemplate":"https:\/\/www.pcb.ub.edu\/es\/?s={search_term_string}"},"query-input":{"@type":"PropertyValueSpecification","valueRequired":true,"valueName":"search_term_string"}}],"inLanguage":"es"},{"@type":"Person","@id":"https:\/\/www.pcb.ub.edu\/es\/#\/schema\/person\/d13cab05cd0a75b17fddca8496481021","name":"adminpcb","image":{"@type":"ImageObject","inLanguage":"es","@id":"https:\/\/secure.gravatar.com\/avatar\/41ad0fab4bb3bf5348b0af9612159cfd93173a57bbca98fecb50fa6f3ab97d28?s=96&d=mm&r=g","url":"https:\/\/secure.gravatar.com\/avatar\/41ad0fab4bb3bf5348b0af9612159cfd93173a57bbca98fecb50fa6f3ab97d28?s=96&d=mm&r=g","contentUrl":"https:\/\/secure.gravatar.com\/avatar\/41ad0fab4bb3bf5348b0af9612159cfd93173a57bbca98fecb50fa6f3ab97d28?s=96&d=mm&r=g","caption":"adminpcb"},"url":"https:\/\/www.pcb.ub.edu\/es\/author\/adminpcb\/"}]}},"_links":{"self":[{"href":"https:\/\/www.pcb.ub.edu\/es\/wp-json\/wp\/v2\/posts\/37496","targetHints":{"allow":["GET"]}}],"collection":[{"href":"https:\/\/www.pcb.ub.edu\/es\/wp-json\/wp\/v2\/posts"}],"about":[{"href":"https:\/\/www.pcb.ub.edu\/es\/wp-json\/wp\/v2\/types\/post"}],"author":[{"embeddable":true,"href":"https:\/\/www.pcb.ub.edu\/es\/wp-json\/wp\/v2\/users\/1"}],"replies":[{"embeddable":true,"href":"https:\/\/www.pcb.ub.edu\/es\/wp-json\/wp\/v2\/comments?post=37496"}],"version-history":[{"count":1,"href":"https:\/\/www.pcb.ub.edu\/es\/wp-json\/wp\/v2\/posts\/37496\/revisions"}],"predecessor-version":[{"id":43721,"href":"https:\/\/www.pcb.ub.edu\/es\/wp-json\/wp\/v2\/posts\/37496\/revisions\/43721"}],"wp:attachment":[{"href":"https:\/\/www.pcb.ub.edu\/es\/wp-json\/wp\/v2\/media?parent=37496"}],"wp:term":[{"taxonomy":"category","embeddable":true,"href":"https:\/\/www.pcb.ub.edu\/es\/wp-json\/wp\/v2\/categories?post=37496"},{"taxonomy":"post_tag","embeddable":true,"href":"https:\/\/www.pcb.ub.edu\/es\/wp-json\/wp\/v2\/tags?post=37496"}],"curies":[{"name":"wp","href":"https:\/\/api.w.org\/{rel}","templated":true}]}}