{"id":37485,"date":"2011-07-13T00:00:00","date_gmt":"2011-07-12T23:00:00","guid":{"rendered":"http:\/\/www.pcb.ub.edu\/\/la-memoria-genetica-y-la-proliferacion-celular-contribuyen-a-la-formacion-de-organos\/"},"modified":"2020-11-16T16:16:30","modified_gmt":"2020-11-16T15:16:30","slug":"la-memoria-genetica-y-la-proliferacion-celular-contribuyen-a-la-formacion-de-organos","status":"publish","type":"post","link":"https:\/\/www.pcb.ub.edu\/es\/la-memoria-genetica-y-la-proliferacion-celular-contribuyen-a-la-formacion-de-organos\/","title":{"rendered":"La memoria gen\u00e9tica y la proliferaci\u00f3n celular contribuyen a la formaci\u00f3n de \u00f3rganos"},"content":{"rendered":"<p>\u00bb<\/p>\n<div class=\"col-sm-6 detall-noticia-imatges\">\n<div class=\"row\">\n<div class=\"item active one-image\">\n\t\t\t\t\t\t<a class=\"icon-search\" href='http:\/\/www.pcb.ub.edu\/portal\/imatges_not\/1310563808602.bmp'><\/a><br \/>\n\t\t\t\t\t\t<img src='http:\/\/www.pcb.ub.edu\/portal\/imatges_not\/1310563808602.bmp' \/>\n\t\t\t\t\t<\/div><\/div><\/div>\n<p>\t\t\tAlgunas prote\u00ednas necesarias para la regulaci\u00f3n g\u00e9nica, denominadas factores de transcripci\u00f3n, son finitas y dejan de actuar en determinadas regiones de los organismos para hacerlo en otras. En el caso del gen hedgehog (hh), necesario para la correcta formaci\u00f3n del ala de Drosophila, varios factores de transcripci\u00f3n provocan su activaci\u00f3n en la regi\u00f3n posterior del primordio del ala. El problema surge cuando estos factores de transcripci\u00f3n dejan de funcionar y las nuevas c\u00e9lulas resultantes del crecimiento tienen que mantener hh en esta regi\u00f3n m\u00e1s posterior.  <\/p>\n<p> Mediante t\u00e9cnicas gen\u00e9ticas y de biolog\u00eda molecular, los investigadores han descubierto una regi\u00f3n contenida en el gen de hh a la que se unen los factores de transcripci\u00f3n durante los primeros estadios del crecimiento del ala. Esta regi\u00f3n es la responsable de iniciar la activaci\u00f3n g\u00e9nica. Cuando estos factores de transcripci\u00f3n dejan de actuar, entra en acci\u00f3n otra regi\u00f3n contenida en el gen de hh a la que se unen otras prote\u00ednas que confieren memoria. Seg\u00fan los investigadores, es esta \u00faltima regi\u00f3n la responsable de expandir la activaci\u00f3n de hh hacia el resto de c\u00e9lulas enmarcadas en el eje posterior del primordio. \u00abLa coordinaci\u00f3n de estas dos regiones permite que hh act\u00fae en la toda la parte posterior del primordio del ala, un extenso territorio compuesto por 20,000 c\u00e9lulas\u00bb, explica Mil\u00e1n.  <\/p>\n<p> Los genomas de los seres vivos contienen un gran n\u00famero de estas regiones de iniciaci\u00f3n y mantenimiento. \u00abEstos datos sugieren que posiblemente no se trate de un mecanismo \u00fanico, sino que sea utilizado por otros genes en distintos contextos\u00bb, afirma Mil\u00e1n. \u00abIncluso, este mecanismo de regulaci\u00f3n g\u00e9nica podr\u00eda tener una estrecha relaci\u00f3n con enfermedades ligadas a divisi\u00f3n celular como el c\u00e1ncer\u00bb.   <\/p>\n","protected":false},"excerpt":{"rendered":"<p>Un equipo de cient\u00edficos liderados por Marco Mil\u00e1n, investigador ICREA del IRB Barcelona \u2013ubicado en el Parc Cient\u00edfic Barcelona\u2013, ha caracterizado un mecanismo de regulaci\u00f3n g\u00e9nica que provoca la activaci\u00f3n de genes a lo largo de extensos territorios celulares en crecimiento. Seg\u00fan los resultados del trabajo, primero hay un sistema de iniciaci\u00f3n que permite la activaci\u00f3n de unos genes en una peque\u00f1a regi\u00f3n en crecimiento. Posteriormente, un mantenimiento de esta activaci\u00f3n g\u00e9nica mediante procesos de memoria gen\u00e9tica permite extender la utilizaci\u00f3n de estos genes hacia el resto del territorio. El trabajo, que ha utilizado como modelo de crecimiento el primordio del ala de la mosca Drosophila melanogaster \u2013 el que generar\u00e1 el ala adulta -, se publica hoy en la versi\u00f3n online de la revista Development [<a>doi: 10.1242\/dev.065599<\/a>].  <\/p>\n","protected":false},"author":1,"featured_media":0,"comment_status":"closed","ping_status":"open","sticky":false,"template":"","format":"standard","meta":{"_acf_changed":false,"inline_featured_image":false,"footnotes":""},"categories":[9],"tags":[],"class_list":["post-37485","post","type-post","status-publish","format-standard","category-sin-categorizar"],"acf":[],"yoast_head":"<!-- This site is optimized with the Yoast SEO plugin v27.3 - https:\/\/yoast.com\/product\/yoast-seo-wordpress\/ -->\n<title>La memoria gen\u00e9tica y la proliferaci\u00f3n celular contribuyen a la formaci\u00f3n de \u00f3rganos - Parc Cient\u00edfic de Barcelona<\/title>\n<meta name=\"robots\" content=\"index, follow, max-snippet:-1, max-image-preview:large, max-video-preview:-1\" \/>\n<link rel=\"canonical\" href=\"https:\/\/www.pcb.ub.edu\/es\/la-memoria-genetica-y-la-proliferacion-celular-contribuyen-a-la-formacion-de-organos\/\" \/>\n<meta property=\"og:locale\" content=\"es_ES\" \/>\n<meta property=\"og:type\" content=\"article\" \/>\n<meta property=\"og:title\" content=\"La memoria gen\u00e9tica y la proliferaci\u00f3n celular contribuyen a la formaci\u00f3n de \u00f3rganos - Parc Cient\u00edfic de Barcelona\" \/>\n<meta property=\"og:description\" content=\"Un equipo de cient\u00edficos liderados por Marco Mil\u00e1n, investigador ICREA del IRB Barcelona \u2013ubicado en el Parc Cient\u00edfic Barcelona\u2013, ha caracterizado un mecanismo de regulaci\u00f3n g\u00e9nica que provoca la activaci\u00f3n de genes a lo largo de extensos territorios celulares en crecimiento. Seg\u00fan los resultados del trabajo, primero hay un sistema de iniciaci\u00f3n que permite la activaci\u00f3n de unos genes en una peque\u00f1a regi\u00f3n en crecimiento. Posteriormente, un mantenimiento de esta activaci\u00f3n g\u00e9nica mediante procesos de memoria gen\u00e9tica permite extender la utilizaci\u00f3n de estos genes hacia el resto del territorio. El trabajo, que ha utilizado como modelo de crecimiento el primordio del ala de la mosca Drosophila melanogaster \u2013 el que generar\u00e1 el ala adulta -, se publica hoy en la versi\u00f3n online de la revista Development [doi: 10.1242\/dev.065599].\" \/>\n<meta property=\"og:url\" content=\"https:\/\/www.pcb.ub.edu\/es\/la-memoria-genetica-y-la-proliferacion-celular-contribuyen-a-la-formacion-de-organos\/\" \/>\n<meta property=\"og:site_name\" content=\"Parc Cient\u00edfic de Barcelona\" \/>\n<meta property=\"article:published_time\" content=\"2011-07-12T23:00:00+00:00\" \/>\n<meta property=\"article:modified_time\" content=\"2020-11-16T15:16:30+00:00\" \/>\n<meta property=\"og:image\" content=\"http:\/\/www.pcb.ub.edu\/portal\/imatges_not\/1310563808602.bmp\" \/>\n<meta name=\"author\" content=\"adminpcb\" \/>\n<meta name=\"twitter:card\" content=\"summary_large_image\" \/>\n<meta name=\"twitter:label1\" content=\"Escrito por\" \/>\n\t<meta name=\"twitter:data1\" content=\"adminpcb\" \/>\n\t<meta name=\"twitter:label2\" content=\"Tiempo de lectura\" \/>\n\t<meta name=\"twitter:data2\" content=\"2 minutos\" \/>\n<script type=\"application\/ld+json\" class=\"yoast-schema-graph\">{\"@context\":\"https:\\\/\\\/schema.org\",\"@graph\":[{\"@type\":\"Article\",\"@id\":\"https:\\\/\\\/www.pcb.ub.edu\\\/es\\\/la-memoria-genetica-y-la-proliferacion-celular-contribuyen-a-la-formacion-de-organos\\\/#article\",\"isPartOf\":{\"@id\":\"https:\\\/\\\/www.pcb.ub.edu\\\/es\\\/la-memoria-genetica-y-la-proliferacion-celular-contribuyen-a-la-formacion-de-organos\\\/\"},\"author\":{\"name\":\"adminpcb\",\"@id\":\"https:\\\/\\\/www.pcb.ub.edu\\\/es\\\/#\\\/schema\\\/person\\\/d13cab05cd0a75b17fddca8496481021\"},\"headline\":\"La memoria gen\u00e9tica y la proliferaci\u00f3n celular contribuyen a la formaci\u00f3n de \u00f3rganos\",\"datePublished\":\"2011-07-12T23:00:00+00:00\",\"dateModified\":\"2020-11-16T15:16:30+00:00\",\"mainEntityOfPage\":{\"@id\":\"https:\\\/\\\/www.pcb.ub.edu\\\/es\\\/la-memoria-genetica-y-la-proliferacion-celular-contribuyen-a-la-formacion-de-organos\\\/\"},\"wordCount\":333,\"image\":{\"@id\":\"https:\\\/\\\/www.pcb.ub.edu\\\/es\\\/la-memoria-genetica-y-la-proliferacion-celular-contribuyen-a-la-formacion-de-organos\\\/#primaryimage\"},\"thumbnailUrl\":\"http:\\\/\\\/www.pcb.ub.edu\\\/portal\\\/imatges_not\\\/1310563808602.bmp\",\"articleSection\":[\"Sin categorizar\"],\"inLanguage\":\"es\"},{\"@type\":\"WebPage\",\"@id\":\"https:\\\/\\\/www.pcb.ub.edu\\\/es\\\/la-memoria-genetica-y-la-proliferacion-celular-contribuyen-a-la-formacion-de-organos\\\/\",\"url\":\"https:\\\/\\\/www.pcb.ub.edu\\\/es\\\/la-memoria-genetica-y-la-proliferacion-celular-contribuyen-a-la-formacion-de-organos\\\/\",\"name\":\"La memoria gen\u00e9tica y la proliferaci\u00f3n celular contribuyen a la formaci\u00f3n de \u00f3rganos - Parc Cient\u00edfic de Barcelona\",\"isPartOf\":{\"@id\":\"https:\\\/\\\/www.pcb.ub.edu\\\/es\\\/#website\"},\"primaryImageOfPage\":{\"@id\":\"https:\\\/\\\/www.pcb.ub.edu\\\/es\\\/la-memoria-genetica-y-la-proliferacion-celular-contribuyen-a-la-formacion-de-organos\\\/#primaryimage\"},\"image\":{\"@id\":\"https:\\\/\\\/www.pcb.ub.edu\\\/es\\\/la-memoria-genetica-y-la-proliferacion-celular-contribuyen-a-la-formacion-de-organos\\\/#primaryimage\"},\"thumbnailUrl\":\"http:\\\/\\\/www.pcb.ub.edu\\\/portal\\\/imatges_not\\\/1310563808602.bmp\",\"datePublished\":\"2011-07-12T23:00:00+00:00\",\"dateModified\":\"2020-11-16T15:16:30+00:00\",\"author\":{\"@id\":\"https:\\\/\\\/www.pcb.ub.edu\\\/es\\\/#\\\/schema\\\/person\\\/d13cab05cd0a75b17fddca8496481021\"},\"breadcrumb\":{\"@id\":\"https:\\\/\\\/www.pcb.ub.edu\\\/es\\\/la-memoria-genetica-y-la-proliferacion-celular-contribuyen-a-la-formacion-de-organos\\\/#breadcrumb\"},\"inLanguage\":\"es\",\"potentialAction\":[{\"@type\":\"ReadAction\",\"target\":[\"https:\\\/\\\/www.pcb.ub.edu\\\/es\\\/la-memoria-genetica-y-la-proliferacion-celular-contribuyen-a-la-formacion-de-organos\\\/\"]}]},{\"@type\":\"ImageObject\",\"inLanguage\":\"es\",\"@id\":\"https:\\\/\\\/www.pcb.ub.edu\\\/es\\\/la-memoria-genetica-y-la-proliferacion-celular-contribuyen-a-la-formacion-de-organos\\\/#primaryimage\",\"url\":\"http:\\\/\\\/www.pcb.ub.edu\\\/portal\\\/imatges_not\\\/1310563808602.bmp\",\"contentUrl\":\"http:\\\/\\\/www.pcb.ub.edu\\\/portal\\\/imatges_not\\\/1310563808602.bmp\"},{\"@type\":\"BreadcrumbList\",\"@id\":\"https:\\\/\\\/www.pcb.ub.edu\\\/es\\\/la-memoria-genetica-y-la-proliferacion-celular-contribuyen-a-la-formacion-de-organos\\\/#breadcrumb\",\"itemListElement\":[{\"@type\":\"ListItem\",\"position\":1,\"name\":\"Home\",\"item\":\"https:\\\/\\\/www.pcb.ub.edu\\\/es\\\/\"},{\"@type\":\"ListItem\",\"position\":2,\"name\":\"La memoria gen\u00e9tica y la proliferaci\u00f3n celular contribuyen a la formaci\u00f3n de \u00f3rganos\"}]},{\"@type\":\"WebSite\",\"@id\":\"https:\\\/\\\/www.pcb.ub.edu\\\/es\\\/#website\",\"url\":\"https:\\\/\\\/www.pcb.ub.edu\\\/es\\\/\",\"name\":\"Parc Cient\u00edfic de Barcelona\",\"description\":\"Universitat de Barcelona\",\"potentialAction\":[{\"@type\":\"SearchAction\",\"target\":{\"@type\":\"EntryPoint\",\"urlTemplate\":\"https:\\\/\\\/www.pcb.ub.edu\\\/es\\\/?s={search_term_string}\"},\"query-input\":{\"@type\":\"PropertyValueSpecification\",\"valueRequired\":true,\"valueName\":\"search_term_string\"}}],\"inLanguage\":\"es\"},{\"@type\":\"Person\",\"@id\":\"https:\\\/\\\/www.pcb.ub.edu\\\/es\\\/#\\\/schema\\\/person\\\/d13cab05cd0a75b17fddca8496481021\",\"name\":\"adminpcb\",\"image\":{\"@type\":\"ImageObject\",\"inLanguage\":\"es\",\"@id\":\"https:\\\/\\\/secure.gravatar.com\\\/avatar\\\/41ad0fab4bb3bf5348b0af9612159cfd93173a57bbca98fecb50fa6f3ab97d28?s=96&d=mm&r=g\",\"url\":\"https:\\\/\\\/secure.gravatar.com\\\/avatar\\\/41ad0fab4bb3bf5348b0af9612159cfd93173a57bbca98fecb50fa6f3ab97d28?s=96&d=mm&r=g\",\"contentUrl\":\"https:\\\/\\\/secure.gravatar.com\\\/avatar\\\/41ad0fab4bb3bf5348b0af9612159cfd93173a57bbca98fecb50fa6f3ab97d28?s=96&d=mm&r=g\",\"caption\":\"adminpcb\"},\"url\":\"https:\\\/\\\/www.pcb.ub.edu\\\/es\\\/author\\\/adminpcb\\\/\"}]}<\/script>\n<!-- \/ Yoast SEO plugin. -->","yoast_head_json":{"title":"La memoria gen\u00e9tica y la proliferaci\u00f3n celular contribuyen a la formaci\u00f3n de \u00f3rganos - Parc Cient\u00edfic de Barcelona","robots":{"index":"index","follow":"follow","max-snippet":"max-snippet:-1","max-image-preview":"max-image-preview:large","max-video-preview":"max-video-preview:-1"},"canonical":"https:\/\/www.pcb.ub.edu\/es\/la-memoria-genetica-y-la-proliferacion-celular-contribuyen-a-la-formacion-de-organos\/","og_locale":"es_ES","og_type":"article","og_title":"La memoria gen\u00e9tica y la proliferaci\u00f3n celular contribuyen a la formaci\u00f3n de \u00f3rganos - Parc Cient\u00edfic de Barcelona","og_description":"Un equipo de cient\u00edficos liderados por Marco Mil\u00e1n, investigador ICREA del IRB Barcelona \u2013ubicado en el Parc Cient\u00edfic Barcelona\u2013, ha caracterizado un mecanismo de regulaci\u00f3n g\u00e9nica que provoca la activaci\u00f3n de genes a lo largo de extensos territorios celulares en crecimiento. Seg\u00fan los resultados del trabajo, primero hay un sistema de iniciaci\u00f3n que permite la activaci\u00f3n de unos genes en una peque\u00f1a regi\u00f3n en crecimiento. Posteriormente, un mantenimiento de esta activaci\u00f3n g\u00e9nica mediante procesos de memoria gen\u00e9tica permite extender la utilizaci\u00f3n de estos genes hacia el resto del territorio. El trabajo, que ha utilizado como modelo de crecimiento el primordio del ala de la mosca Drosophila melanogaster \u2013 el que generar\u00e1 el ala adulta -, se publica hoy en la versi\u00f3n online de la revista Development [doi: 10.1242\/dev.065599].","og_url":"https:\/\/www.pcb.ub.edu\/es\/la-memoria-genetica-y-la-proliferacion-celular-contribuyen-a-la-formacion-de-organos\/","og_site_name":"Parc Cient\u00edfic de Barcelona","article_published_time":"2011-07-12T23:00:00+00:00","article_modified_time":"2020-11-16T15:16:30+00:00","og_image":[{"url":"http:\/\/www.pcb.ub.edu\/portal\/imatges_not\/1310563808602.bmp","type":"","width":"","height":""}],"author":"adminpcb","twitter_card":"summary_large_image","twitter_misc":{"Escrito por":"adminpcb","Tiempo de lectura":"2 minutos"},"schema":{"@context":"https:\/\/schema.org","@graph":[{"@type":"Article","@id":"https:\/\/www.pcb.ub.edu\/es\/la-memoria-genetica-y-la-proliferacion-celular-contribuyen-a-la-formacion-de-organos\/#article","isPartOf":{"@id":"https:\/\/www.pcb.ub.edu\/es\/la-memoria-genetica-y-la-proliferacion-celular-contribuyen-a-la-formacion-de-organos\/"},"author":{"name":"adminpcb","@id":"https:\/\/www.pcb.ub.edu\/es\/#\/schema\/person\/d13cab05cd0a75b17fddca8496481021"},"headline":"La memoria gen\u00e9tica y la proliferaci\u00f3n celular contribuyen a la formaci\u00f3n de \u00f3rganos","datePublished":"2011-07-12T23:00:00+00:00","dateModified":"2020-11-16T15:16:30+00:00","mainEntityOfPage":{"@id":"https:\/\/www.pcb.ub.edu\/es\/la-memoria-genetica-y-la-proliferacion-celular-contribuyen-a-la-formacion-de-organos\/"},"wordCount":333,"image":{"@id":"https:\/\/www.pcb.ub.edu\/es\/la-memoria-genetica-y-la-proliferacion-celular-contribuyen-a-la-formacion-de-organos\/#primaryimage"},"thumbnailUrl":"http:\/\/www.pcb.ub.edu\/portal\/imatges_not\/1310563808602.bmp","articleSection":["Sin categorizar"],"inLanguage":"es"},{"@type":"WebPage","@id":"https:\/\/www.pcb.ub.edu\/es\/la-memoria-genetica-y-la-proliferacion-celular-contribuyen-a-la-formacion-de-organos\/","url":"https:\/\/www.pcb.ub.edu\/es\/la-memoria-genetica-y-la-proliferacion-celular-contribuyen-a-la-formacion-de-organos\/","name":"La memoria gen\u00e9tica y la proliferaci\u00f3n celular contribuyen a la formaci\u00f3n de \u00f3rganos - Parc Cient\u00edfic de Barcelona","isPartOf":{"@id":"https:\/\/www.pcb.ub.edu\/es\/#website"},"primaryImageOfPage":{"@id":"https:\/\/www.pcb.ub.edu\/es\/la-memoria-genetica-y-la-proliferacion-celular-contribuyen-a-la-formacion-de-organos\/#primaryimage"},"image":{"@id":"https:\/\/www.pcb.ub.edu\/es\/la-memoria-genetica-y-la-proliferacion-celular-contribuyen-a-la-formacion-de-organos\/#primaryimage"},"thumbnailUrl":"http:\/\/www.pcb.ub.edu\/portal\/imatges_not\/1310563808602.bmp","datePublished":"2011-07-12T23:00:00+00:00","dateModified":"2020-11-16T15:16:30+00:00","author":{"@id":"https:\/\/www.pcb.ub.edu\/es\/#\/schema\/person\/d13cab05cd0a75b17fddca8496481021"},"breadcrumb":{"@id":"https:\/\/www.pcb.ub.edu\/es\/la-memoria-genetica-y-la-proliferacion-celular-contribuyen-a-la-formacion-de-organos\/#breadcrumb"},"inLanguage":"es","potentialAction":[{"@type":"ReadAction","target":["https:\/\/www.pcb.ub.edu\/es\/la-memoria-genetica-y-la-proliferacion-celular-contribuyen-a-la-formacion-de-organos\/"]}]},{"@type":"ImageObject","inLanguage":"es","@id":"https:\/\/www.pcb.ub.edu\/es\/la-memoria-genetica-y-la-proliferacion-celular-contribuyen-a-la-formacion-de-organos\/#primaryimage","url":"http:\/\/www.pcb.ub.edu\/portal\/imatges_not\/1310563808602.bmp","contentUrl":"http:\/\/www.pcb.ub.edu\/portal\/imatges_not\/1310563808602.bmp"},{"@type":"BreadcrumbList","@id":"https:\/\/www.pcb.ub.edu\/es\/la-memoria-genetica-y-la-proliferacion-celular-contribuyen-a-la-formacion-de-organos\/#breadcrumb","itemListElement":[{"@type":"ListItem","position":1,"name":"Home","item":"https:\/\/www.pcb.ub.edu\/es\/"},{"@type":"ListItem","position":2,"name":"La memoria gen\u00e9tica y la proliferaci\u00f3n celular contribuyen a la formaci\u00f3n de \u00f3rganos"}]},{"@type":"WebSite","@id":"https:\/\/www.pcb.ub.edu\/es\/#website","url":"https:\/\/www.pcb.ub.edu\/es\/","name":"Parc Cient\u00edfic de Barcelona","description":"Universitat de Barcelona","potentialAction":[{"@type":"SearchAction","target":{"@type":"EntryPoint","urlTemplate":"https:\/\/www.pcb.ub.edu\/es\/?s={search_term_string}"},"query-input":{"@type":"PropertyValueSpecification","valueRequired":true,"valueName":"search_term_string"}}],"inLanguage":"es"},{"@type":"Person","@id":"https:\/\/www.pcb.ub.edu\/es\/#\/schema\/person\/d13cab05cd0a75b17fddca8496481021","name":"adminpcb","image":{"@type":"ImageObject","inLanguage":"es","@id":"https:\/\/secure.gravatar.com\/avatar\/41ad0fab4bb3bf5348b0af9612159cfd93173a57bbca98fecb50fa6f3ab97d28?s=96&d=mm&r=g","url":"https:\/\/secure.gravatar.com\/avatar\/41ad0fab4bb3bf5348b0af9612159cfd93173a57bbca98fecb50fa6f3ab97d28?s=96&d=mm&r=g","contentUrl":"https:\/\/secure.gravatar.com\/avatar\/41ad0fab4bb3bf5348b0af9612159cfd93173a57bbca98fecb50fa6f3ab97d28?s=96&d=mm&r=g","caption":"adminpcb"},"url":"https:\/\/www.pcb.ub.edu\/es\/author\/adminpcb\/"}]}},"_links":{"self":[{"href":"https:\/\/www.pcb.ub.edu\/es\/wp-json\/wp\/v2\/posts\/37485","targetHints":{"allow":["GET"]}}],"collection":[{"href":"https:\/\/www.pcb.ub.edu\/es\/wp-json\/wp\/v2\/posts"}],"about":[{"href":"https:\/\/www.pcb.ub.edu\/es\/wp-json\/wp\/v2\/types\/post"}],"author":[{"embeddable":true,"href":"https:\/\/www.pcb.ub.edu\/es\/wp-json\/wp\/v2\/users\/1"}],"replies":[{"embeddable":true,"href":"https:\/\/www.pcb.ub.edu\/es\/wp-json\/wp\/v2\/comments?post=37485"}],"version-history":[{"count":1,"href":"https:\/\/www.pcb.ub.edu\/es\/wp-json\/wp\/v2\/posts\/37485\/revisions"}],"predecessor-version":[{"id":43710,"href":"https:\/\/www.pcb.ub.edu\/es\/wp-json\/wp\/v2\/posts\/37485\/revisions\/43710"}],"wp:attachment":[{"href":"https:\/\/www.pcb.ub.edu\/es\/wp-json\/wp\/v2\/media?parent=37485"}],"wp:term":[{"taxonomy":"category","embeddable":true,"href":"https:\/\/www.pcb.ub.edu\/es\/wp-json\/wp\/v2\/categories?post=37485"},{"taxonomy":"post_tag","embeddable":true,"href":"https:\/\/www.pcb.ub.edu\/es\/wp-json\/wp\/v2\/tags?post=37485"}],"curies":[{"name":"wp","href":"https:\/\/api.w.org\/{rel}","templated":true}]}}