{"id":37420,"date":"2004-04-26T00:00:00","date_gmt":"2004-04-25T23:00:00","guid":{"rendered":"http:\/\/www.pcb.ub.edu\/\/marco-milan-y-lluis-ribas-investigadores-candidatos-al-programa-europeo-euryi\/"},"modified":"2020-11-16T16:16:14","modified_gmt":"2020-11-16T15:16:14","slug":"marco-milan-y-lluis-ribas-investigadores-candidatos-al-programa-europeo-euryi","status":"publish","type":"post","link":"https:\/\/www.pcb.ub.edu\/es\/marco-milan-y-lluis-ribas-investigadores-candidatos-al-programa-europeo-euryi\/","title":{"rendered":"Marco Mil\u00e1n y Llu\u00eds Ribas, investigadores candidatos al Programa europeo EURYI"},"content":{"rendered":"<p>Convocado por organismos de investigaci\u00f3n de 14 pa\u00edses europeos, el EURYI consiste en una dotaci\u00f3n de entre 750.000-1.250.000 euros para cinco a\u00f1os y para un total    de 25 j\u00f3venes investigadores de cualquier nacionalidad para que puedan crear su propio equipo en Europa y en cualquiera \u00e1rea de conocimiento  <\/p>\n<p> Marco Mil\u00e1n es el responsable del Grupo de Biolog\u00eda del Desarrollo de Drosophila de l&#8217;IRBB-PCB, d\u00f3nde se incorpor\u00f3 como investigador ICREA-PCB en septiembre de 2003. Licenciado en Biolog\u00eda por la Universidad Complutense de Madrid y doctor en Bioqu\u00edmica y Biolog\u00eda Molecular por la <i>Universidad Aut\u00f3noma de Madrid<\/i>, Mil\u00e1n ha trabajado como investigador post-doctoral en el <i>Centro de Biolog\u00eda Molecular de Madrid<\/i> y en el <i>Laboratorio Europeo de Biolog\u00eda Molecular en Heidelberg<\/i>. Dentro del IRBB-PCB, Mil\u00e1n desarrolla su investigaci\u00f3n en torno a los mecanismos mediante los cuales las c\u00e9lulas de los organismos pluricelulares se organizan en diferentes tejidos y \u00f3rganos. El objetivo del laboratorio es identificar nuevos genes involucrados en el crecimiento del ala de <i>Drosophila<\/i> y en la generaci\u00f3n del margen de afinidad dorsal-ventral, utilizando t\u00e9cnicas de gen\u00e9tica y prote\u00f2mica.  <\/p>\n<p> Llu\u00eds Ribas de Pouplana, responsable del Grupo de Biolog\u00eda de la Traducci\u00f3n Gen\u00e9tica del IRBB-PCB, es licenciado en Biolog\u00eda por la <i>Universitat de Barcelona<\/i> y doctor en Bioqu\u00edmica por la <i>Edinburgh University<\/i>. Ha trabajado en el <i>Massachusetts Institute of Technology (MIT)<\/i> como investigador post-doctoral y en el <i>Scripps Research Institute de San Diego<\/i> como profesor de Biolog\u00eda molecular. El junio de 2003 volvi\u00f3 a Catalunya como investigador ICREA para incorporarse al IRBB-PCB. Entre otras distinciones fue becario La Caixa\/Fullbright y beneficiario del programa Marie Curie de reintegraci\u00f3n de la Uni\u00f3n Europea.  El investigador coordina adem\u00e1s una red de investigadores europeos con el objetivo de identificar nuevas terapias contra enfermedades infecciosas como la tuberculosis, la malaria, o la trypanosomiasis.  <\/p>\n<p> Actualmente, Ribas centra su investigaci\u00f3n en el estudio y el aprovechamiento biom\u00e9dico de los mecanismos del c\u00f3digo gen\u00e9tico. Por una parte, se pretende aclarar aspectos del origen de la vida a trav\u00e9s del an\u00e1lisis de este proceso    biol\u00f3gico universal. Por otra, esta investigaci\u00f3n b\u00e1sica se complementa con la b\u00fasqueda de nuevos m\u00e9todos por mejorar el proceso de selecci\u00f3n de antibi\u00f3ticos. <\/p>\n<p> El Programa EURYI es una actuaci\u00f3n de la organizaci\u00f3n que agrupa los principales organismos de investigaci\u00f3n de la Uni\u00f3n Europea, EUROHORCs, en colaboraci\u00f3n con la European Science Foundation (ESF). El objetivo es contribuir a la construcci\u00f3n del Espacio Europeo de Investigaci\u00f3n (ERA) mediante el desarrollo de la ciencia europea y la formaci\u00f3n de una nueva generaci\u00f3n de investigadores l\u00edderes. Los principales criterios de selecci\u00f3n del Programa EURYI son la calidad cient\u00edfica, la originalidad y el potencial para convertirse en l\u00edderes mundiales dentro los respectivos campos de investigaci\u00f3n. La selecci\u00f3n final de candidatos se    llevar\u00e1 a cabo en el \u00e1mbito europeo seg\u00fan los principios establecidos por los organismos participantes. <\/p>\n","protected":false},"excerpt":{"rendered":"<p>Los investigadores ICREA del Instituto de Investigaci\u00f3n Biom\u00e9dica    del Parc Cient\u00edfic de Barcelona (IRBB-PCB) Marco Mil\u00e1n y Llu\u00eds    Ribas est\u00e1n entre los <a class=\"email\" href=\"http:\/\/www.mcyt.es\/asp\/becas_y_ayudas\/PremiosEURYI.htm\" target=\"_blank\" rel=\"noopener noreferrer\">13    seleccionados como candidatos espa\u00f1oles<\/a> para el <a class=\"email\" href=\"http:\/\/www.eurohorcs.org\" target=\"_blank\" rel=\"noopener noreferrer\">Programa    Europeo de Contratos para J\u00f3venes Investigadores (EURYI)<\/a>. De los    13 candidatos 8 trabajan en Catalunya, de los cuales 2 est\u00e1n en la Universitat    de Barcelona (Guifr\u00e9 Vidal Bonafont y Jaume Gomis) y 2 en el Parc Cient\u00edfic    de Barcelona. <\/p>\n","protected":false},"author":1,"featured_media":0,"comment_status":"closed","ping_status":"open","sticky":false,"template":"","format":"standard","meta":{"_acf_changed":false,"inline_featured_image":false,"footnotes":""},"categories":[9],"tags":[],"class_list":["post-37420","post","type-post","status-publish","format-standard","category-sin-categorizar"],"acf":[],"yoast_head":"<!-- This site is optimized with the Yoast SEO plugin v27.3 - https:\/\/yoast.com\/product\/yoast-seo-wordpress\/ -->\n<title>Marco Mil\u00e1n y Llu\u00eds Ribas, investigadores candidatos al Programa europeo EURYI - Parc Cient\u00edfic de Barcelona<\/title>\n<meta name=\"robots\" content=\"index, follow, max-snippet:-1, max-image-preview:large, max-video-preview:-1\" \/>\n<link rel=\"canonical\" href=\"https:\/\/www.pcb.ub.edu\/es\/marco-milan-y-lluis-ribas-investigadores-candidatos-al-programa-europeo-euryi\/\" \/>\n<meta property=\"og:locale\" content=\"es_ES\" \/>\n<meta property=\"og:type\" content=\"article\" \/>\n<meta property=\"og:title\" content=\"Marco Mil\u00e1n y Llu\u00eds Ribas, investigadores candidatos al Programa europeo EURYI - Parc Cient\u00edfic de Barcelona\" \/>\n<meta property=\"og:description\" content=\"Los investigadores ICREA del Instituto de Investigaci\u00f3n Biom\u00e9dica  del Parc Cient\u00edfic de Barcelona (IRBB-PCB) Marco Mil\u00e1n y Llu\u00eds  Ribas est\u00e1n entre los 13  seleccionados como candidatos espa\u00f1oles para el Programa  Europeo de Contratos para J\u00f3venes Investigadores (EURYI). De los  13 candidatos 8 trabajan en Catalunya, de los cuales 2 est\u00e1n en la Universitat  de Barcelona (Guifr\u00e9 Vidal Bonafont y Jaume Gomis) y 2 en el Parc Cient\u00edfic  de Barcelona.\" \/>\n<meta property=\"og:url\" content=\"https:\/\/www.pcb.ub.edu\/es\/marco-milan-y-lluis-ribas-investigadores-candidatos-al-programa-europeo-euryi\/\" \/>\n<meta property=\"og:site_name\" content=\"Parc Cient\u00edfic de Barcelona\" \/>\n<meta property=\"article:published_time\" content=\"2004-04-25T23:00:00+00:00\" \/>\n<meta property=\"article:modified_time\" content=\"2020-11-16T15:16:14+00:00\" \/>\n<meta name=\"author\" content=\"adminpcb\" \/>\n<meta name=\"twitter:card\" content=\"summary_large_image\" \/>\n<meta name=\"twitter:label1\" content=\"Escrito por\" \/>\n\t<meta name=\"twitter:data1\" content=\"adminpcb\" \/>\n\t<meta name=\"twitter:label2\" content=\"Tiempo de lectura\" \/>\n\t<meta name=\"twitter:data2\" content=\"3 minutos\" \/>\n<script type=\"application\/ld+json\" class=\"yoast-schema-graph\">{\"@context\":\"https:\\\/\\\/schema.org\",\"@graph\":[{\"@type\":\"Article\",\"@id\":\"https:\\\/\\\/www.pcb.ub.edu\\\/es\\\/marco-milan-y-lluis-ribas-investigadores-candidatos-al-programa-europeo-euryi\\\/#article\",\"isPartOf\":{\"@id\":\"https:\\\/\\\/www.pcb.ub.edu\\\/es\\\/marco-milan-y-lluis-ribas-investigadores-candidatos-al-programa-europeo-euryi\\\/\"},\"author\":{\"name\":\"adminpcb\",\"@id\":\"https:\\\/\\\/www.pcb.ub.edu\\\/es\\\/#\\\/schema\\\/person\\\/d13cab05cd0a75b17fddca8496481021\"},\"headline\":\"Marco Mil\u00e1n y Llu\u00eds Ribas, investigadores candidatos al Programa europeo EURYI\",\"datePublished\":\"2004-04-25T23:00:00+00:00\",\"dateModified\":\"2020-11-16T15:16:14+00:00\",\"mainEntityOfPage\":{\"@id\":\"https:\\\/\\\/www.pcb.ub.edu\\\/es\\\/marco-milan-y-lluis-ribas-investigadores-candidatos-al-programa-europeo-euryi\\\/\"},\"wordCount\":535,\"articleSection\":[\"Sin categorizar\"],\"inLanguage\":\"es\"},{\"@type\":\"WebPage\",\"@id\":\"https:\\\/\\\/www.pcb.ub.edu\\\/es\\\/marco-milan-y-lluis-ribas-investigadores-candidatos-al-programa-europeo-euryi\\\/\",\"url\":\"https:\\\/\\\/www.pcb.ub.edu\\\/es\\\/marco-milan-y-lluis-ribas-investigadores-candidatos-al-programa-europeo-euryi\\\/\",\"name\":\"Marco Mil\u00e1n y Llu\u00eds Ribas, investigadores candidatos al Programa europeo EURYI - Parc Cient\u00edfic de Barcelona\",\"isPartOf\":{\"@id\":\"https:\\\/\\\/www.pcb.ub.edu\\\/es\\\/#website\"},\"datePublished\":\"2004-04-25T23:00:00+00:00\",\"dateModified\":\"2020-11-16T15:16:14+00:00\",\"author\":{\"@id\":\"https:\\\/\\\/www.pcb.ub.edu\\\/es\\\/#\\\/schema\\\/person\\\/d13cab05cd0a75b17fddca8496481021\"},\"breadcrumb\":{\"@id\":\"https:\\\/\\\/www.pcb.ub.edu\\\/es\\\/marco-milan-y-lluis-ribas-investigadores-candidatos-al-programa-europeo-euryi\\\/#breadcrumb\"},\"inLanguage\":\"es\",\"potentialAction\":[{\"@type\":\"ReadAction\",\"target\":[\"https:\\\/\\\/www.pcb.ub.edu\\\/es\\\/marco-milan-y-lluis-ribas-investigadores-candidatos-al-programa-europeo-euryi\\\/\"]}]},{\"@type\":\"BreadcrumbList\",\"@id\":\"https:\\\/\\\/www.pcb.ub.edu\\\/es\\\/marco-milan-y-lluis-ribas-investigadores-candidatos-al-programa-europeo-euryi\\\/#breadcrumb\",\"itemListElement\":[{\"@type\":\"ListItem\",\"position\":1,\"name\":\"Home\",\"item\":\"https:\\\/\\\/www.pcb.ub.edu\\\/es\\\/\"},{\"@type\":\"ListItem\",\"position\":2,\"name\":\"Marco Mil\u00e1n y Llu\u00eds Ribas, investigadores candidatos al Programa europeo EURYI\"}]},{\"@type\":\"WebSite\",\"@id\":\"https:\\\/\\\/www.pcb.ub.edu\\\/es\\\/#website\",\"url\":\"https:\\\/\\\/www.pcb.ub.edu\\\/es\\\/\",\"name\":\"Parc Cient\u00edfic de Barcelona\",\"description\":\"Universitat de Barcelona\",\"potentialAction\":[{\"@type\":\"SearchAction\",\"target\":{\"@type\":\"EntryPoint\",\"urlTemplate\":\"https:\\\/\\\/www.pcb.ub.edu\\\/es\\\/?s={search_term_string}\"},\"query-input\":{\"@type\":\"PropertyValueSpecification\",\"valueRequired\":true,\"valueName\":\"search_term_string\"}}],\"inLanguage\":\"es\"},{\"@type\":\"Person\",\"@id\":\"https:\\\/\\\/www.pcb.ub.edu\\\/es\\\/#\\\/schema\\\/person\\\/d13cab05cd0a75b17fddca8496481021\",\"name\":\"adminpcb\",\"image\":{\"@type\":\"ImageObject\",\"inLanguage\":\"es\",\"@id\":\"https:\\\/\\\/secure.gravatar.com\\\/avatar\\\/41ad0fab4bb3bf5348b0af9612159cfd93173a57bbca98fecb50fa6f3ab97d28?s=96&d=mm&r=g\",\"url\":\"https:\\\/\\\/secure.gravatar.com\\\/avatar\\\/41ad0fab4bb3bf5348b0af9612159cfd93173a57bbca98fecb50fa6f3ab97d28?s=96&d=mm&r=g\",\"contentUrl\":\"https:\\\/\\\/secure.gravatar.com\\\/avatar\\\/41ad0fab4bb3bf5348b0af9612159cfd93173a57bbca98fecb50fa6f3ab97d28?s=96&d=mm&r=g\",\"caption\":\"adminpcb\"},\"url\":\"https:\\\/\\\/www.pcb.ub.edu\\\/es\\\/author\\\/adminpcb\\\/\"}]}<\/script>\n<!-- \/ Yoast SEO plugin. -->","yoast_head_json":{"title":"Marco Mil\u00e1n y Llu\u00eds Ribas, investigadores candidatos al Programa europeo EURYI - Parc Cient\u00edfic de Barcelona","robots":{"index":"index","follow":"follow","max-snippet":"max-snippet:-1","max-image-preview":"max-image-preview:large","max-video-preview":"max-video-preview:-1"},"canonical":"https:\/\/www.pcb.ub.edu\/es\/marco-milan-y-lluis-ribas-investigadores-candidatos-al-programa-europeo-euryi\/","og_locale":"es_ES","og_type":"article","og_title":"Marco Mil\u00e1n y Llu\u00eds Ribas, investigadores candidatos al Programa europeo EURYI - Parc Cient\u00edfic de Barcelona","og_description":"Los investigadores ICREA del Instituto de Investigaci\u00f3n Biom\u00e9dica  del Parc Cient\u00edfic de Barcelona (IRBB-PCB) Marco Mil\u00e1n y Llu\u00eds  Ribas est\u00e1n entre los 13  seleccionados como candidatos espa\u00f1oles para el Programa  Europeo de Contratos para J\u00f3venes Investigadores (EURYI). De los  13 candidatos 8 trabajan en Catalunya, de los cuales 2 est\u00e1n en la Universitat  de Barcelona (Guifr\u00e9 Vidal Bonafont y Jaume Gomis) y 2 en el Parc Cient\u00edfic  de Barcelona.","og_url":"https:\/\/www.pcb.ub.edu\/es\/marco-milan-y-lluis-ribas-investigadores-candidatos-al-programa-europeo-euryi\/","og_site_name":"Parc Cient\u00edfic de Barcelona","article_published_time":"2004-04-25T23:00:00+00:00","article_modified_time":"2020-11-16T15:16:14+00:00","author":"adminpcb","twitter_card":"summary_large_image","twitter_misc":{"Escrito por":"adminpcb","Tiempo de lectura":"3 minutos"},"schema":{"@context":"https:\/\/schema.org","@graph":[{"@type":"Article","@id":"https:\/\/www.pcb.ub.edu\/es\/marco-milan-y-lluis-ribas-investigadores-candidatos-al-programa-europeo-euryi\/#article","isPartOf":{"@id":"https:\/\/www.pcb.ub.edu\/es\/marco-milan-y-lluis-ribas-investigadores-candidatos-al-programa-europeo-euryi\/"},"author":{"name":"adminpcb","@id":"https:\/\/www.pcb.ub.edu\/es\/#\/schema\/person\/d13cab05cd0a75b17fddca8496481021"},"headline":"Marco Mil\u00e1n y Llu\u00eds Ribas, investigadores candidatos al Programa europeo EURYI","datePublished":"2004-04-25T23:00:00+00:00","dateModified":"2020-11-16T15:16:14+00:00","mainEntityOfPage":{"@id":"https:\/\/www.pcb.ub.edu\/es\/marco-milan-y-lluis-ribas-investigadores-candidatos-al-programa-europeo-euryi\/"},"wordCount":535,"articleSection":["Sin categorizar"],"inLanguage":"es"},{"@type":"WebPage","@id":"https:\/\/www.pcb.ub.edu\/es\/marco-milan-y-lluis-ribas-investigadores-candidatos-al-programa-europeo-euryi\/","url":"https:\/\/www.pcb.ub.edu\/es\/marco-milan-y-lluis-ribas-investigadores-candidatos-al-programa-europeo-euryi\/","name":"Marco Mil\u00e1n y Llu\u00eds Ribas, investigadores candidatos al Programa europeo EURYI - Parc Cient\u00edfic de Barcelona","isPartOf":{"@id":"https:\/\/www.pcb.ub.edu\/es\/#website"},"datePublished":"2004-04-25T23:00:00+00:00","dateModified":"2020-11-16T15:16:14+00:00","author":{"@id":"https:\/\/www.pcb.ub.edu\/es\/#\/schema\/person\/d13cab05cd0a75b17fddca8496481021"},"breadcrumb":{"@id":"https:\/\/www.pcb.ub.edu\/es\/marco-milan-y-lluis-ribas-investigadores-candidatos-al-programa-europeo-euryi\/#breadcrumb"},"inLanguage":"es","potentialAction":[{"@type":"ReadAction","target":["https:\/\/www.pcb.ub.edu\/es\/marco-milan-y-lluis-ribas-investigadores-candidatos-al-programa-europeo-euryi\/"]}]},{"@type":"BreadcrumbList","@id":"https:\/\/www.pcb.ub.edu\/es\/marco-milan-y-lluis-ribas-investigadores-candidatos-al-programa-europeo-euryi\/#breadcrumb","itemListElement":[{"@type":"ListItem","position":1,"name":"Home","item":"https:\/\/www.pcb.ub.edu\/es\/"},{"@type":"ListItem","position":2,"name":"Marco Mil\u00e1n y Llu\u00eds Ribas, investigadores candidatos al Programa europeo EURYI"}]},{"@type":"WebSite","@id":"https:\/\/www.pcb.ub.edu\/es\/#website","url":"https:\/\/www.pcb.ub.edu\/es\/","name":"Parc Cient\u00edfic de Barcelona","description":"Universitat de Barcelona","potentialAction":[{"@type":"SearchAction","target":{"@type":"EntryPoint","urlTemplate":"https:\/\/www.pcb.ub.edu\/es\/?s={search_term_string}"},"query-input":{"@type":"PropertyValueSpecification","valueRequired":true,"valueName":"search_term_string"}}],"inLanguage":"es"},{"@type":"Person","@id":"https:\/\/www.pcb.ub.edu\/es\/#\/schema\/person\/d13cab05cd0a75b17fddca8496481021","name":"adminpcb","image":{"@type":"ImageObject","inLanguage":"es","@id":"https:\/\/secure.gravatar.com\/avatar\/41ad0fab4bb3bf5348b0af9612159cfd93173a57bbca98fecb50fa6f3ab97d28?s=96&d=mm&r=g","url":"https:\/\/secure.gravatar.com\/avatar\/41ad0fab4bb3bf5348b0af9612159cfd93173a57bbca98fecb50fa6f3ab97d28?s=96&d=mm&r=g","contentUrl":"https:\/\/secure.gravatar.com\/avatar\/41ad0fab4bb3bf5348b0af9612159cfd93173a57bbca98fecb50fa6f3ab97d28?s=96&d=mm&r=g","caption":"adminpcb"},"url":"https:\/\/www.pcb.ub.edu\/es\/author\/adminpcb\/"}]}},"_links":{"self":[{"href":"https:\/\/www.pcb.ub.edu\/es\/wp-json\/wp\/v2\/posts\/37420","targetHints":{"allow":["GET"]}}],"collection":[{"href":"https:\/\/www.pcb.ub.edu\/es\/wp-json\/wp\/v2\/posts"}],"about":[{"href":"https:\/\/www.pcb.ub.edu\/es\/wp-json\/wp\/v2\/types\/post"}],"author":[{"embeddable":true,"href":"https:\/\/www.pcb.ub.edu\/es\/wp-json\/wp\/v2\/users\/1"}],"replies":[{"embeddable":true,"href":"https:\/\/www.pcb.ub.edu\/es\/wp-json\/wp\/v2\/comments?post=37420"}],"version-history":[{"count":1,"href":"https:\/\/www.pcb.ub.edu\/es\/wp-json\/wp\/v2\/posts\/37420\/revisions"}],"predecessor-version":[{"id":43647,"href":"https:\/\/www.pcb.ub.edu\/es\/wp-json\/wp\/v2\/posts\/37420\/revisions\/43647"}],"wp:attachment":[{"href":"https:\/\/www.pcb.ub.edu\/es\/wp-json\/wp\/v2\/media?parent=37420"}],"wp:term":[{"taxonomy":"category","embeddable":true,"href":"https:\/\/www.pcb.ub.edu\/es\/wp-json\/wp\/v2\/categories?post=37420"},{"taxonomy":"post_tag","embeddable":true,"href":"https:\/\/www.pcb.ub.edu\/es\/wp-json\/wp\/v2\/tags?post=37420"}],"curies":[{"name":"wp","href":"https:\/\/api.w.org\/{rel}","templated":true}]}}