{"id":37386,"date":"2004-04-16T00:00:00","date_gmt":"2004-04-15T23:00:00","guid":{"rendered":"http:\/\/www.pcb.ub.edu\/\/jornadas-pcb-les-un-punto-de-encuentro-para-la-transferencia-de-tecnologia\/"},"modified":"2020-11-16T16:16:05","modified_gmt":"2020-11-16T15:16:05","slug":"jornadas-pcb-les-un-punto-de-encuentro-para-la-transferencia-de-tecnologia","status":"publish","type":"post","link":"https:\/\/www.pcb.ub.edu\/es\/jornadas-pcb-les-un-punto-de-encuentro-para-la-transferencia-de-tecnologia\/","title":{"rendered":"Jornadas PCB-LES, un punto de encuentro para la transferencia de tecnolog\u00eda"},"content":{"rendered":"<p>\u00bb<\/p>\n<div class=\"col-sm-6 detall-noticia-imatges\">\n<div class=\"row\">\n<div class=\"item active one-image\">\n\t\t\t\t\t\t<a class=\"icon-search\" href='http:\/\/www.pcb.ub.edu\/\/wp-content\/uploads\/2020\/11\/1082107574039.jpg'><\/a><br \/>\n\t\t\t\t\t\t<img src='http:\/\/www.pcb.ub.edu\/\/wp-content\/uploads\/2020\/11\/1082107574039.jpg' \/>\n\t\t\t\t\t<\/div><\/div><\/div>\n<p>\t\t\tEn la inauguraci\u00f3n, han participado el director general del PCB M\u00e0rius Rubiralta, el director del <a href=\"http:\/\/www.ub.es\/recerca\/fbg.htm\" target=\"_blank\" class=\"email\" rel=\"noopener noreferrer\">Centro de Innovaci\u00f3n<\/a> de la Fundaci\u00f3 Bosch i Gimpera Anicet Blanch y la vicepresidenta de la asociaci\u00f3n <a href=\"http:\/\/www.les-europe.org\/spain-portugal\/\" target=\"_blank\" class=\"email\" rel=\"noopener noreferrer\">LES Espa\u00f1a-Portugal<\/a> M. Dolores Conde. A continuaci\u00f3n representantes del PCB, del Centro de Innovaci\u00f3n y de empresas ubicadas en el Parque expondr\u00e1n su experiencia dentro del campo de la creaci\u00f3n de empresas de base tecnol\u00f3gica y el funcionamiento de empresas ya consolidadas.<\/p>\n<p>   <a href=\"http:\/\/www.pcb.ub.es\/homePCB\/docs\/pdf\/activitats\/jornadapcb_les.pdf\" target=\"_blank\" class=\"email\" rel=\"noopener noreferrer\">Ver programa.<\/a> <\/p>\n","protected":false},"excerpt":{"rendered":"<p>Hoy jueves 16 de abril se celebra en el Aula F\u00e8lix Serratosa la Jornada PCB-LES con el objetivo de proporcionar un punto de encuentro para dar a conocer diferentes proyectos en el campo de la transferencia de tecnolog\u00eda y conocimiento. Organizada por el Parc Cient\u00edfic de Barcelona y la asociaci\u00f3n LES Espa\u00f1a-Portugal, la jornada est\u00e1 dirigida a diferentes agentes que participan en esta actividad.<\/p>\n","protected":false},"author":1,"featured_media":0,"comment_status":"closed","ping_status":"open","sticky":false,"template":"","format":"standard","meta":{"_acf_changed":false,"inline_featured_image":false,"footnotes":""},"categories":[9],"tags":[],"class_list":["post-37386","post","type-post","status-publish","format-standard","category-sin-categorizar"],"acf":[],"yoast_head":"<!-- This site is optimized with the Yoast SEO plugin v27.3 - https:\/\/yoast.com\/product\/yoast-seo-wordpress\/ -->\n<title>Jornadas PCB-LES, un punto de encuentro para la transferencia de tecnolog\u00eda - Parc Cient\u00edfic de Barcelona<\/title>\n<meta name=\"robots\" content=\"index, follow, max-snippet:-1, max-image-preview:large, max-video-preview:-1\" \/>\n<link rel=\"canonical\" href=\"https:\/\/www.pcb.ub.edu\/es\/jornadas-pcb-les-un-punto-de-encuentro-para-la-transferencia-de-tecnologia\/\" \/>\n<meta property=\"og:locale\" content=\"es_ES\" \/>\n<meta property=\"og:type\" content=\"article\" \/>\n<meta property=\"og:title\" content=\"Jornadas PCB-LES, un punto de encuentro para la transferencia de tecnolog\u00eda - Parc Cient\u00edfic de Barcelona\" \/>\n<meta property=\"og:description\" content=\"Hoy jueves 16 de abril se celebra en el Aula F\u00e8lix Serratosa la Jornada PCB-LES con el objetivo de proporcionar un punto de encuentro para dar a conocer diferentes proyectos en el campo de la transferencia de tecnolog\u00eda y conocimiento. Organizada por el Parc Cient\u00edfic de Barcelona y la asociaci\u00f3n LES Espa\u00f1a-Portugal, la jornada est\u00e1 dirigida a diferentes agentes que participan en esta actividad.\" \/>\n<meta property=\"og:url\" content=\"https:\/\/www.pcb.ub.edu\/es\/jornadas-pcb-les-un-punto-de-encuentro-para-la-transferencia-de-tecnologia\/\" \/>\n<meta property=\"og:site_name\" content=\"Parc Cient\u00edfic de Barcelona\" \/>\n<meta property=\"article:published_time\" content=\"2004-04-15T23:00:00+00:00\" \/>\n<meta property=\"article:modified_time\" content=\"2020-11-16T15:16:05+00:00\" \/>\n<meta property=\"og:image\" content=\"http:\/\/www.pcb.ub.edu\/\/wp-content\/uploads\/2020\/11\/1082107574039.jpg\" \/>\n<meta name=\"author\" content=\"adminpcb\" \/>\n<meta name=\"twitter:card\" content=\"summary_large_image\" \/>\n<meta name=\"twitter:label1\" content=\"Escrito por\" \/>\n\t<meta name=\"twitter:data1\" content=\"adminpcb\" \/>\n<script type=\"application\/ld+json\" class=\"yoast-schema-graph\">{\"@context\":\"https:\\\/\\\/schema.org\",\"@graph\":[{\"@type\":\"Article\",\"@id\":\"https:\\\/\\\/www.pcb.ub.edu\\\/es\\\/jornadas-pcb-les-un-punto-de-encuentro-para-la-transferencia-de-tecnologia\\\/#article\",\"isPartOf\":{\"@id\":\"https:\\\/\\\/www.pcb.ub.edu\\\/es\\\/jornadas-pcb-les-un-punto-de-encuentro-para-la-transferencia-de-tecnologia\\\/\"},\"author\":{\"name\":\"adminpcb\",\"@id\":\"https:\\\/\\\/www.pcb.ub.edu\\\/es\\\/#\\\/schema\\\/person\\\/d13cab05cd0a75b17fddca8496481021\"},\"headline\":\"Jornadas PCB-LES, un punto de encuentro para la transferencia de tecnolog\u00eda\",\"datePublished\":\"2004-04-15T23:00:00+00:00\",\"dateModified\":\"2020-11-16T15:16:05+00:00\",\"mainEntityOfPage\":{\"@id\":\"https:\\\/\\\/www.pcb.ub.edu\\\/es\\\/jornadas-pcb-les-un-punto-de-encuentro-para-la-transferencia-de-tecnologia\\\/\"},\"wordCount\":98,\"image\":{\"@id\":\"https:\\\/\\\/www.pcb.ub.edu\\\/es\\\/jornadas-pcb-les-un-punto-de-encuentro-para-la-transferencia-de-tecnologia\\\/#primaryimage\"},\"thumbnailUrl\":\"http:\\\/\\\/www.pcb.ub.edu\\\/\\\/wp-content\\\/uploads\\\/2020\\\/11\\\/1082107574039.jpg\",\"articleSection\":[\"Sin categorizar\"],\"inLanguage\":\"es\"},{\"@type\":\"WebPage\",\"@id\":\"https:\\\/\\\/www.pcb.ub.edu\\\/es\\\/jornadas-pcb-les-un-punto-de-encuentro-para-la-transferencia-de-tecnologia\\\/\",\"url\":\"https:\\\/\\\/www.pcb.ub.edu\\\/es\\\/jornadas-pcb-les-un-punto-de-encuentro-para-la-transferencia-de-tecnologia\\\/\",\"name\":\"Jornadas PCB-LES, un punto de encuentro para la transferencia de tecnolog\u00eda - Parc Cient\u00edfic de Barcelona\",\"isPartOf\":{\"@id\":\"https:\\\/\\\/www.pcb.ub.edu\\\/es\\\/#website\"},\"primaryImageOfPage\":{\"@id\":\"https:\\\/\\\/www.pcb.ub.edu\\\/es\\\/jornadas-pcb-les-un-punto-de-encuentro-para-la-transferencia-de-tecnologia\\\/#primaryimage\"},\"image\":{\"@id\":\"https:\\\/\\\/www.pcb.ub.edu\\\/es\\\/jornadas-pcb-les-un-punto-de-encuentro-para-la-transferencia-de-tecnologia\\\/#primaryimage\"},\"thumbnailUrl\":\"http:\\\/\\\/www.pcb.ub.edu\\\/\\\/wp-content\\\/uploads\\\/2020\\\/11\\\/1082107574039.jpg\",\"datePublished\":\"2004-04-15T23:00:00+00:00\",\"dateModified\":\"2020-11-16T15:16:05+00:00\",\"author\":{\"@id\":\"https:\\\/\\\/www.pcb.ub.edu\\\/es\\\/#\\\/schema\\\/person\\\/d13cab05cd0a75b17fddca8496481021\"},\"breadcrumb\":{\"@id\":\"https:\\\/\\\/www.pcb.ub.edu\\\/es\\\/jornadas-pcb-les-un-punto-de-encuentro-para-la-transferencia-de-tecnologia\\\/#breadcrumb\"},\"inLanguage\":\"es\",\"potentialAction\":[{\"@type\":\"ReadAction\",\"target\":[\"https:\\\/\\\/www.pcb.ub.edu\\\/es\\\/jornadas-pcb-les-un-punto-de-encuentro-para-la-transferencia-de-tecnologia\\\/\"]}]},{\"@type\":\"ImageObject\",\"inLanguage\":\"es\",\"@id\":\"https:\\\/\\\/www.pcb.ub.edu\\\/es\\\/jornadas-pcb-les-un-punto-de-encuentro-para-la-transferencia-de-tecnologia\\\/#primaryimage\",\"url\":\"http:\\\/\\\/www.pcb.ub.edu\\\/\\\/wp-content\\\/uploads\\\/2020\\\/11\\\/1082107574039.jpg\",\"contentUrl\":\"http:\\\/\\\/www.pcb.ub.edu\\\/\\\/wp-content\\\/uploads\\\/2020\\\/11\\\/1082107574039.jpg\"},{\"@type\":\"BreadcrumbList\",\"@id\":\"https:\\\/\\\/www.pcb.ub.edu\\\/es\\\/jornadas-pcb-les-un-punto-de-encuentro-para-la-transferencia-de-tecnologia\\\/#breadcrumb\",\"itemListElement\":[{\"@type\":\"ListItem\",\"position\":1,\"name\":\"Home\",\"item\":\"https:\\\/\\\/www.pcb.ub.edu\\\/es\\\/\"},{\"@type\":\"ListItem\",\"position\":2,\"name\":\"Jornadas PCB-LES, un punto de encuentro para la transferencia de tecnolog\u00eda\"}]},{\"@type\":\"WebSite\",\"@id\":\"https:\\\/\\\/www.pcb.ub.edu\\\/es\\\/#website\",\"url\":\"https:\\\/\\\/www.pcb.ub.edu\\\/es\\\/\",\"name\":\"Parc Cient\u00edfic de Barcelona\",\"description\":\"Universitat de Barcelona\",\"potentialAction\":[{\"@type\":\"SearchAction\",\"target\":{\"@type\":\"EntryPoint\",\"urlTemplate\":\"https:\\\/\\\/www.pcb.ub.edu\\\/es\\\/?s={search_term_string}\"},\"query-input\":{\"@type\":\"PropertyValueSpecification\",\"valueRequired\":true,\"valueName\":\"search_term_string\"}}],\"inLanguage\":\"es\"},{\"@type\":\"Person\",\"@id\":\"https:\\\/\\\/www.pcb.ub.edu\\\/es\\\/#\\\/schema\\\/person\\\/d13cab05cd0a75b17fddca8496481021\",\"name\":\"adminpcb\",\"image\":{\"@type\":\"ImageObject\",\"inLanguage\":\"es\",\"@id\":\"https:\\\/\\\/secure.gravatar.com\\\/avatar\\\/41ad0fab4bb3bf5348b0af9612159cfd93173a57bbca98fecb50fa6f3ab97d28?s=96&d=mm&r=g\",\"url\":\"https:\\\/\\\/secure.gravatar.com\\\/avatar\\\/41ad0fab4bb3bf5348b0af9612159cfd93173a57bbca98fecb50fa6f3ab97d28?s=96&d=mm&r=g\",\"contentUrl\":\"https:\\\/\\\/secure.gravatar.com\\\/avatar\\\/41ad0fab4bb3bf5348b0af9612159cfd93173a57bbca98fecb50fa6f3ab97d28?s=96&d=mm&r=g\",\"caption\":\"adminpcb\"},\"url\":\"https:\\\/\\\/www.pcb.ub.edu\\\/es\\\/author\\\/adminpcb\\\/\"}]}<\/script>\n<!-- \/ Yoast SEO plugin. -->","yoast_head_json":{"title":"Jornadas PCB-LES, un punto de encuentro para la transferencia de tecnolog\u00eda - Parc Cient\u00edfic de Barcelona","robots":{"index":"index","follow":"follow","max-snippet":"max-snippet:-1","max-image-preview":"max-image-preview:large","max-video-preview":"max-video-preview:-1"},"canonical":"https:\/\/www.pcb.ub.edu\/es\/jornadas-pcb-les-un-punto-de-encuentro-para-la-transferencia-de-tecnologia\/","og_locale":"es_ES","og_type":"article","og_title":"Jornadas PCB-LES, un punto de encuentro para la transferencia de tecnolog\u00eda - Parc Cient\u00edfic de Barcelona","og_description":"Hoy jueves 16 de abril se celebra en el Aula F\u00e8lix Serratosa la Jornada PCB-LES con el objetivo de proporcionar un punto de encuentro para dar a conocer diferentes proyectos en el campo de la transferencia de tecnolog\u00eda y conocimiento. Organizada por el Parc Cient\u00edfic de Barcelona y la asociaci\u00f3n LES Espa\u00f1a-Portugal, la jornada est\u00e1 dirigida a diferentes agentes que participan en esta actividad.","og_url":"https:\/\/www.pcb.ub.edu\/es\/jornadas-pcb-les-un-punto-de-encuentro-para-la-transferencia-de-tecnologia\/","og_site_name":"Parc Cient\u00edfic de Barcelona","article_published_time":"2004-04-15T23:00:00+00:00","article_modified_time":"2020-11-16T15:16:05+00:00","og_image":[{"url":"http:\/\/www.pcb.ub.edu\/\/wp-content\/uploads\/2020\/11\/1082107574039.jpg","type":"","width":"","height":""}],"author":"adminpcb","twitter_card":"summary_large_image","twitter_misc":{"Escrito por":"adminpcb"},"schema":{"@context":"https:\/\/schema.org","@graph":[{"@type":"Article","@id":"https:\/\/www.pcb.ub.edu\/es\/jornadas-pcb-les-un-punto-de-encuentro-para-la-transferencia-de-tecnologia\/#article","isPartOf":{"@id":"https:\/\/www.pcb.ub.edu\/es\/jornadas-pcb-les-un-punto-de-encuentro-para-la-transferencia-de-tecnologia\/"},"author":{"name":"adminpcb","@id":"https:\/\/www.pcb.ub.edu\/es\/#\/schema\/person\/d13cab05cd0a75b17fddca8496481021"},"headline":"Jornadas PCB-LES, un punto de encuentro para la transferencia de tecnolog\u00eda","datePublished":"2004-04-15T23:00:00+00:00","dateModified":"2020-11-16T15:16:05+00:00","mainEntityOfPage":{"@id":"https:\/\/www.pcb.ub.edu\/es\/jornadas-pcb-les-un-punto-de-encuentro-para-la-transferencia-de-tecnologia\/"},"wordCount":98,"image":{"@id":"https:\/\/www.pcb.ub.edu\/es\/jornadas-pcb-les-un-punto-de-encuentro-para-la-transferencia-de-tecnologia\/#primaryimage"},"thumbnailUrl":"http:\/\/www.pcb.ub.edu\/\/wp-content\/uploads\/2020\/11\/1082107574039.jpg","articleSection":["Sin categorizar"],"inLanguage":"es"},{"@type":"WebPage","@id":"https:\/\/www.pcb.ub.edu\/es\/jornadas-pcb-les-un-punto-de-encuentro-para-la-transferencia-de-tecnologia\/","url":"https:\/\/www.pcb.ub.edu\/es\/jornadas-pcb-les-un-punto-de-encuentro-para-la-transferencia-de-tecnologia\/","name":"Jornadas PCB-LES, un punto de encuentro para la transferencia de tecnolog\u00eda - Parc Cient\u00edfic de Barcelona","isPartOf":{"@id":"https:\/\/www.pcb.ub.edu\/es\/#website"},"primaryImageOfPage":{"@id":"https:\/\/www.pcb.ub.edu\/es\/jornadas-pcb-les-un-punto-de-encuentro-para-la-transferencia-de-tecnologia\/#primaryimage"},"image":{"@id":"https:\/\/www.pcb.ub.edu\/es\/jornadas-pcb-les-un-punto-de-encuentro-para-la-transferencia-de-tecnologia\/#primaryimage"},"thumbnailUrl":"http:\/\/www.pcb.ub.edu\/\/wp-content\/uploads\/2020\/11\/1082107574039.jpg","datePublished":"2004-04-15T23:00:00+00:00","dateModified":"2020-11-16T15:16:05+00:00","author":{"@id":"https:\/\/www.pcb.ub.edu\/es\/#\/schema\/person\/d13cab05cd0a75b17fddca8496481021"},"breadcrumb":{"@id":"https:\/\/www.pcb.ub.edu\/es\/jornadas-pcb-les-un-punto-de-encuentro-para-la-transferencia-de-tecnologia\/#breadcrumb"},"inLanguage":"es","potentialAction":[{"@type":"ReadAction","target":["https:\/\/www.pcb.ub.edu\/es\/jornadas-pcb-les-un-punto-de-encuentro-para-la-transferencia-de-tecnologia\/"]}]},{"@type":"ImageObject","inLanguage":"es","@id":"https:\/\/www.pcb.ub.edu\/es\/jornadas-pcb-les-un-punto-de-encuentro-para-la-transferencia-de-tecnologia\/#primaryimage","url":"http:\/\/www.pcb.ub.edu\/\/wp-content\/uploads\/2020\/11\/1082107574039.jpg","contentUrl":"http:\/\/www.pcb.ub.edu\/\/wp-content\/uploads\/2020\/11\/1082107574039.jpg"},{"@type":"BreadcrumbList","@id":"https:\/\/www.pcb.ub.edu\/es\/jornadas-pcb-les-un-punto-de-encuentro-para-la-transferencia-de-tecnologia\/#breadcrumb","itemListElement":[{"@type":"ListItem","position":1,"name":"Home","item":"https:\/\/www.pcb.ub.edu\/es\/"},{"@type":"ListItem","position":2,"name":"Jornadas PCB-LES, un punto de encuentro para la transferencia de tecnolog\u00eda"}]},{"@type":"WebSite","@id":"https:\/\/www.pcb.ub.edu\/es\/#website","url":"https:\/\/www.pcb.ub.edu\/es\/","name":"Parc Cient\u00edfic de Barcelona","description":"Universitat de Barcelona","potentialAction":[{"@type":"SearchAction","target":{"@type":"EntryPoint","urlTemplate":"https:\/\/www.pcb.ub.edu\/es\/?s={search_term_string}"},"query-input":{"@type":"PropertyValueSpecification","valueRequired":true,"valueName":"search_term_string"}}],"inLanguage":"es"},{"@type":"Person","@id":"https:\/\/www.pcb.ub.edu\/es\/#\/schema\/person\/d13cab05cd0a75b17fddca8496481021","name":"adminpcb","image":{"@type":"ImageObject","inLanguage":"es","@id":"https:\/\/secure.gravatar.com\/avatar\/41ad0fab4bb3bf5348b0af9612159cfd93173a57bbca98fecb50fa6f3ab97d28?s=96&d=mm&r=g","url":"https:\/\/secure.gravatar.com\/avatar\/41ad0fab4bb3bf5348b0af9612159cfd93173a57bbca98fecb50fa6f3ab97d28?s=96&d=mm&r=g","contentUrl":"https:\/\/secure.gravatar.com\/avatar\/41ad0fab4bb3bf5348b0af9612159cfd93173a57bbca98fecb50fa6f3ab97d28?s=96&d=mm&r=g","caption":"adminpcb"},"url":"https:\/\/www.pcb.ub.edu\/es\/author\/adminpcb\/"}]}},"_links":{"self":[{"href":"https:\/\/www.pcb.ub.edu\/es\/wp-json\/wp\/v2\/posts\/37386","targetHints":{"allow":["GET"]}}],"collection":[{"href":"https:\/\/www.pcb.ub.edu\/es\/wp-json\/wp\/v2\/posts"}],"about":[{"href":"https:\/\/www.pcb.ub.edu\/es\/wp-json\/wp\/v2\/types\/post"}],"author":[{"embeddable":true,"href":"https:\/\/www.pcb.ub.edu\/es\/wp-json\/wp\/v2\/users\/1"}],"replies":[{"embeddable":true,"href":"https:\/\/www.pcb.ub.edu\/es\/wp-json\/wp\/v2\/comments?post=37386"}],"version-history":[{"count":1,"href":"https:\/\/www.pcb.ub.edu\/es\/wp-json\/wp\/v2\/posts\/37386\/revisions"}],"predecessor-version":[{"id":43615,"href":"https:\/\/www.pcb.ub.edu\/es\/wp-json\/wp\/v2\/posts\/37386\/revisions\/43615"}],"wp:attachment":[{"href":"https:\/\/www.pcb.ub.edu\/es\/wp-json\/wp\/v2\/media?parent=37386"}],"wp:term":[{"taxonomy":"category","embeddable":true,"href":"https:\/\/www.pcb.ub.edu\/es\/wp-json\/wp\/v2\/categories?post=37386"},{"taxonomy":"post_tag","embeddable":true,"href":"https:\/\/www.pcb.ub.edu\/es\/wp-json\/wp\/v2\/tags?post=37386"}],"curies":[{"name":"wp","href":"https:\/\/api.w.org\/{rel}","templated":true}]}}