{"id":37378,"date":"2011-03-28T00:00:00","date_gmt":"2011-03-27T23:00:00","guid":{"rendered":"http:\/\/www.pcb.ub.edu\/\/conoce-emprenededores-y-aprende-de-su-experiencia-profesional\/"},"modified":"2020-11-16T16:16:04","modified_gmt":"2020-11-16T15:16:04","slug":"conoce-emprenededores-y-aprende-de-su-experiencia-profesional","status":"publish","type":"post","link":"https:\/\/www.pcb.ub.edu\/es\/conoce-emprenededores-y-aprende-de-su-experiencia-profesional\/","title":{"rendered":"Conoce emprenededores y aprende de su experiencia profesional"},"content":{"rendered":"<p>\u00bb<\/p>\n<div class=\"col-sm-6 detall-noticia-imatges\">\n<div class=\"row\">\n<div class=\"item active one-image\">\n\t\t\t\t\t\t<a class=\"icon-search\" href='http:\/\/www.pcb.ub.edu\/\/wp-content\/uploads\/2020\/11\/1301308915778.jpg'><\/a><br \/>\n\t\t\t\t\t\t<img src='http:\/\/www.pcb.ub.edu\/\/wp-content\/uploads\/2020\/11\/1301308915778.jpg' \/>\n\t\t\t\t\t<\/div><\/div><\/div>\n<p>\t\t\tCREA!OPORTUNITATS quiere promover el esp\u00edritu emprendedor dentro de la comunidad universitaria y dar a conocer nuevas salidas profesionales como la creaci\u00f3n de empresas, siendo su objetivo compartir la experiencia de los emprendedores de hoy con los emprendedores de ma\u00f1ana y que este intercambio sea fuente de motivaci\u00f3n para nuevas iniciativas.  <\/p>\n<p> CREA!OPORTUNITATS contar\u00e1 con emprendedores que han creado su empresa: Lola \u00c1ngeles, de Fragment Serveis Culturals; Sheila Mas, de Dialoga; Jordi Ravent\u00f3s, de Adesiara Editorial; i Llu\u00eds Vila, de Estrats. Moderados por Delfi-I Nieto, consultora en Transferencia de Humanidades y Ciencias Sociales de la FBG, los ponentes aportar\u00e1n sus experiencias, hablar\u00e1n de aspectos claves a la hora de crear una empresa, tales como la propiedad industrial, la financiaci\u00f3n, los recursos humanos, etc. A continuaci\u00f3n, Richard Buckley, director de la University of Leicester Archaeological Services (ULAS), dar\u00e1 el Keynote Speech sobre la profesionalizaci\u00f3n como empresa de los servicios ofertados por un departmaneto universitario. La \u00faltima intervenci\u00f3n ir\u00e1 a cargo de Esther Riambau, consultora del \u00c1rea de Creaci\u00f3n de Empresas de la FBG, explicando qu\u00e9 herramientas tecnol\u00f3gicas existen al alcance del emprendedor\/a. La jornada finalizar\u00e1 con un Refrigerio  Networking, con el objeto de fomentar las conversaciones entre los ponentes y los asistentes.   <\/p>\n","protected":false},"excerpt":{"rendered":"<p>La Fundaci\u00f3 Bosch i Gimpera (FBG), con sede en el  Parc Cient\u00edfic Barcelona, organiza \u2013en el marco de la Xarxa d&#8217;Emprenedoria Universit\u00e0ria y con el apoyo de la C\u00e0tedra d&#8217;Emprenedoria y la colaboraci\u00f3n de Alumni UB\u2013 su primera edici\u00f3n de la jornada Crea!Oportunitats a trav\u00e9s de la cual la FBG quiere informar y a la vez promover la creaci\u00f3n de empresas entre los grupos de investigaci\u00f3n, investigadores y profesores de los \u00e1mbitos de las humanidades y ciencias sociales. La jornada tendr\u00e1 lugar el pr\u00f3ximo 30 de marzo en la Facultat de Historia y Geografia de la Universitat de Barcelona (UB). <\/p>\n","protected":false},"author":1,"featured_media":0,"comment_status":"closed","ping_status":"open","sticky":false,"template":"","format":"standard","meta":{"_acf_changed":false,"inline_featured_image":false,"footnotes":""},"categories":[9],"tags":[],"class_list":["post-37378","post","type-post","status-publish","format-standard","category-sin-categorizar"],"acf":[],"yoast_head":"<!-- This site is optimized with the Yoast SEO plugin v27.3 - https:\/\/yoast.com\/product\/yoast-seo-wordpress\/ -->\n<title>Conoce emprenededores y aprende de su experiencia profesional - Parc Cient\u00edfic de Barcelona<\/title>\n<meta name=\"robots\" content=\"index, follow, max-snippet:-1, max-image-preview:large, max-video-preview:-1\" \/>\n<link rel=\"canonical\" href=\"https:\/\/www.pcb.ub.edu\/es\/conoce-emprenededores-y-aprende-de-su-experiencia-profesional\/\" \/>\n<meta property=\"og:locale\" content=\"es_ES\" \/>\n<meta property=\"og:type\" content=\"article\" \/>\n<meta property=\"og:title\" content=\"Conoce emprenededores y aprende de su experiencia profesional - Parc Cient\u00edfic de Barcelona\" \/>\n<meta property=\"og:description\" content=\"La Fundaci\u00f3 Bosch i Gimpera (FBG), con sede en el Parc Cient\u00edfic Barcelona, organiza \u2013en el marco de la Xarxa d&#039;Emprenedoria Universit\u00e0ria y con el apoyo de la C\u00e0tedra d&#039;Emprenedoria y la colaboraci\u00f3n de Alumni UB\u2013 su primera edici\u00f3n de la jornada Crea!Oportunitats a trav\u00e9s de la cual la FBG quiere informar y a la vez promover la creaci\u00f3n de empresas entre los grupos de investigaci\u00f3n, investigadores y profesores de los \u00e1mbitos de las humanidades y ciencias sociales. La jornada tendr\u00e1 lugar el pr\u00f3ximo 30 de marzo en la Facultat de Historia y Geografia de la Universitat de Barcelona (UB).\" \/>\n<meta property=\"og:url\" content=\"https:\/\/www.pcb.ub.edu\/es\/conoce-emprenededores-y-aprende-de-su-experiencia-profesional\/\" \/>\n<meta property=\"og:site_name\" content=\"Parc Cient\u00edfic de Barcelona\" \/>\n<meta property=\"article:published_time\" content=\"2011-03-27T23:00:00+00:00\" \/>\n<meta property=\"article:modified_time\" content=\"2020-11-16T15:16:04+00:00\" \/>\n<meta property=\"og:image\" content=\"http:\/\/www.pcb.ub.edu\/\/wp-content\/uploads\/2020\/11\/1301308915778.jpg\" \/>\n<meta name=\"author\" content=\"adminpcb\" \/>\n<meta name=\"twitter:card\" content=\"summary_large_image\" \/>\n<meta name=\"twitter:label1\" content=\"Escrito por\" \/>\n\t<meta name=\"twitter:data1\" content=\"adminpcb\" \/>\n\t<meta name=\"twitter:label2\" content=\"Tiempo de lectura\" \/>\n\t<meta name=\"twitter:data2\" content=\"1 minuto\" \/>\n<script type=\"application\/ld+json\" class=\"yoast-schema-graph\">{\"@context\":\"https:\\\/\\\/schema.org\",\"@graph\":[{\"@type\":\"Article\",\"@id\":\"https:\\\/\\\/www.pcb.ub.edu\\\/es\\\/conoce-emprenededores-y-aprende-de-su-experiencia-profesional\\\/#article\",\"isPartOf\":{\"@id\":\"https:\\\/\\\/www.pcb.ub.edu\\\/es\\\/conoce-emprenededores-y-aprende-de-su-experiencia-profesional\\\/\"},\"author\":{\"name\":\"adminpcb\",\"@id\":\"https:\\\/\\\/www.pcb.ub.edu\\\/es\\\/#\\\/schema\\\/person\\\/d13cab05cd0a75b17fddca8496481021\"},\"headline\":\"Conoce emprenededores y aprende de su experiencia profesional\",\"datePublished\":\"2011-03-27T23:00:00+00:00\",\"dateModified\":\"2020-11-16T15:16:04+00:00\",\"mainEntityOfPage\":{\"@id\":\"https:\\\/\\\/www.pcb.ub.edu\\\/es\\\/conoce-emprenededores-y-aprende-de-su-experiencia-profesional\\\/\"},\"wordCount\":224,\"image\":{\"@id\":\"https:\\\/\\\/www.pcb.ub.edu\\\/es\\\/conoce-emprenededores-y-aprende-de-su-experiencia-profesional\\\/#primaryimage\"},\"thumbnailUrl\":\"http:\\\/\\\/www.pcb.ub.edu\\\/\\\/wp-content\\\/uploads\\\/2020\\\/11\\\/1301308915778.jpg\",\"articleSection\":[\"Sin categorizar\"],\"inLanguage\":\"es\"},{\"@type\":\"WebPage\",\"@id\":\"https:\\\/\\\/www.pcb.ub.edu\\\/es\\\/conoce-emprenededores-y-aprende-de-su-experiencia-profesional\\\/\",\"url\":\"https:\\\/\\\/www.pcb.ub.edu\\\/es\\\/conoce-emprenededores-y-aprende-de-su-experiencia-profesional\\\/\",\"name\":\"Conoce emprenededores y aprende de su experiencia profesional - Parc Cient\u00edfic de Barcelona\",\"isPartOf\":{\"@id\":\"https:\\\/\\\/www.pcb.ub.edu\\\/es\\\/#website\"},\"primaryImageOfPage\":{\"@id\":\"https:\\\/\\\/www.pcb.ub.edu\\\/es\\\/conoce-emprenededores-y-aprende-de-su-experiencia-profesional\\\/#primaryimage\"},\"image\":{\"@id\":\"https:\\\/\\\/www.pcb.ub.edu\\\/es\\\/conoce-emprenededores-y-aprende-de-su-experiencia-profesional\\\/#primaryimage\"},\"thumbnailUrl\":\"http:\\\/\\\/www.pcb.ub.edu\\\/\\\/wp-content\\\/uploads\\\/2020\\\/11\\\/1301308915778.jpg\",\"datePublished\":\"2011-03-27T23:00:00+00:00\",\"dateModified\":\"2020-11-16T15:16:04+00:00\",\"author\":{\"@id\":\"https:\\\/\\\/www.pcb.ub.edu\\\/es\\\/#\\\/schema\\\/person\\\/d13cab05cd0a75b17fddca8496481021\"},\"breadcrumb\":{\"@id\":\"https:\\\/\\\/www.pcb.ub.edu\\\/es\\\/conoce-emprenededores-y-aprende-de-su-experiencia-profesional\\\/#breadcrumb\"},\"inLanguage\":\"es\",\"potentialAction\":[{\"@type\":\"ReadAction\",\"target\":[\"https:\\\/\\\/www.pcb.ub.edu\\\/es\\\/conoce-emprenededores-y-aprende-de-su-experiencia-profesional\\\/\"]}]},{\"@type\":\"ImageObject\",\"inLanguage\":\"es\",\"@id\":\"https:\\\/\\\/www.pcb.ub.edu\\\/es\\\/conoce-emprenededores-y-aprende-de-su-experiencia-profesional\\\/#primaryimage\",\"url\":\"http:\\\/\\\/www.pcb.ub.edu\\\/\\\/wp-content\\\/uploads\\\/2020\\\/11\\\/1301308915778.jpg\",\"contentUrl\":\"http:\\\/\\\/www.pcb.ub.edu\\\/\\\/wp-content\\\/uploads\\\/2020\\\/11\\\/1301308915778.jpg\"},{\"@type\":\"BreadcrumbList\",\"@id\":\"https:\\\/\\\/www.pcb.ub.edu\\\/es\\\/conoce-emprenededores-y-aprende-de-su-experiencia-profesional\\\/#breadcrumb\",\"itemListElement\":[{\"@type\":\"ListItem\",\"position\":1,\"name\":\"Home\",\"item\":\"https:\\\/\\\/www.pcb.ub.edu\\\/es\\\/\"},{\"@type\":\"ListItem\",\"position\":2,\"name\":\"Conoce emprenededores y aprende de su experiencia profesional\"}]},{\"@type\":\"WebSite\",\"@id\":\"https:\\\/\\\/www.pcb.ub.edu\\\/es\\\/#website\",\"url\":\"https:\\\/\\\/www.pcb.ub.edu\\\/es\\\/\",\"name\":\"Parc Cient\u00edfic de Barcelona\",\"description\":\"Universitat de Barcelona\",\"potentialAction\":[{\"@type\":\"SearchAction\",\"target\":{\"@type\":\"EntryPoint\",\"urlTemplate\":\"https:\\\/\\\/www.pcb.ub.edu\\\/es\\\/?s={search_term_string}\"},\"query-input\":{\"@type\":\"PropertyValueSpecification\",\"valueRequired\":true,\"valueName\":\"search_term_string\"}}],\"inLanguage\":\"es\"},{\"@type\":\"Person\",\"@id\":\"https:\\\/\\\/www.pcb.ub.edu\\\/es\\\/#\\\/schema\\\/person\\\/d13cab05cd0a75b17fddca8496481021\",\"name\":\"adminpcb\",\"image\":{\"@type\":\"ImageObject\",\"inLanguage\":\"es\",\"@id\":\"https:\\\/\\\/secure.gravatar.com\\\/avatar\\\/41ad0fab4bb3bf5348b0af9612159cfd93173a57bbca98fecb50fa6f3ab97d28?s=96&d=mm&r=g\",\"url\":\"https:\\\/\\\/secure.gravatar.com\\\/avatar\\\/41ad0fab4bb3bf5348b0af9612159cfd93173a57bbca98fecb50fa6f3ab97d28?s=96&d=mm&r=g\",\"contentUrl\":\"https:\\\/\\\/secure.gravatar.com\\\/avatar\\\/41ad0fab4bb3bf5348b0af9612159cfd93173a57bbca98fecb50fa6f3ab97d28?s=96&d=mm&r=g\",\"caption\":\"adminpcb\"},\"url\":\"https:\\\/\\\/www.pcb.ub.edu\\\/es\\\/author\\\/adminpcb\\\/\"}]}<\/script>\n<!-- \/ Yoast SEO plugin. -->","yoast_head_json":{"title":"Conoce emprenededores y aprende de su experiencia profesional - Parc Cient\u00edfic de Barcelona","robots":{"index":"index","follow":"follow","max-snippet":"max-snippet:-1","max-image-preview":"max-image-preview:large","max-video-preview":"max-video-preview:-1"},"canonical":"https:\/\/www.pcb.ub.edu\/es\/conoce-emprenededores-y-aprende-de-su-experiencia-profesional\/","og_locale":"es_ES","og_type":"article","og_title":"Conoce emprenededores y aprende de su experiencia profesional - Parc Cient\u00edfic de Barcelona","og_description":"La Fundaci\u00f3 Bosch i Gimpera (FBG), con sede en el Parc Cient\u00edfic Barcelona, organiza \u2013en el marco de la Xarxa d'Emprenedoria Universit\u00e0ria y con el apoyo de la C\u00e0tedra d'Emprenedoria y la colaboraci\u00f3n de Alumni UB\u2013 su primera edici\u00f3n de la jornada Crea!Oportunitats a trav\u00e9s de la cual la FBG quiere informar y a la vez promover la creaci\u00f3n de empresas entre los grupos de investigaci\u00f3n, investigadores y profesores de los \u00e1mbitos de las humanidades y ciencias sociales. La jornada tendr\u00e1 lugar el pr\u00f3ximo 30 de marzo en la Facultat de Historia y Geografia de la Universitat de Barcelona (UB).","og_url":"https:\/\/www.pcb.ub.edu\/es\/conoce-emprenededores-y-aprende-de-su-experiencia-profesional\/","og_site_name":"Parc Cient\u00edfic de Barcelona","article_published_time":"2011-03-27T23:00:00+00:00","article_modified_time":"2020-11-16T15:16:04+00:00","og_image":[{"url":"http:\/\/www.pcb.ub.edu\/\/wp-content\/uploads\/2020\/11\/1301308915778.jpg","type":"","width":"","height":""}],"author":"adminpcb","twitter_card":"summary_large_image","twitter_misc":{"Escrito por":"adminpcb","Tiempo de lectura":"1 minuto"},"schema":{"@context":"https:\/\/schema.org","@graph":[{"@type":"Article","@id":"https:\/\/www.pcb.ub.edu\/es\/conoce-emprenededores-y-aprende-de-su-experiencia-profesional\/#article","isPartOf":{"@id":"https:\/\/www.pcb.ub.edu\/es\/conoce-emprenededores-y-aprende-de-su-experiencia-profesional\/"},"author":{"name":"adminpcb","@id":"https:\/\/www.pcb.ub.edu\/es\/#\/schema\/person\/d13cab05cd0a75b17fddca8496481021"},"headline":"Conoce emprenededores y aprende de su experiencia profesional","datePublished":"2011-03-27T23:00:00+00:00","dateModified":"2020-11-16T15:16:04+00:00","mainEntityOfPage":{"@id":"https:\/\/www.pcb.ub.edu\/es\/conoce-emprenededores-y-aprende-de-su-experiencia-profesional\/"},"wordCount":224,"image":{"@id":"https:\/\/www.pcb.ub.edu\/es\/conoce-emprenededores-y-aprende-de-su-experiencia-profesional\/#primaryimage"},"thumbnailUrl":"http:\/\/www.pcb.ub.edu\/\/wp-content\/uploads\/2020\/11\/1301308915778.jpg","articleSection":["Sin categorizar"],"inLanguage":"es"},{"@type":"WebPage","@id":"https:\/\/www.pcb.ub.edu\/es\/conoce-emprenededores-y-aprende-de-su-experiencia-profesional\/","url":"https:\/\/www.pcb.ub.edu\/es\/conoce-emprenededores-y-aprende-de-su-experiencia-profesional\/","name":"Conoce emprenededores y aprende de su experiencia profesional - Parc Cient\u00edfic de Barcelona","isPartOf":{"@id":"https:\/\/www.pcb.ub.edu\/es\/#website"},"primaryImageOfPage":{"@id":"https:\/\/www.pcb.ub.edu\/es\/conoce-emprenededores-y-aprende-de-su-experiencia-profesional\/#primaryimage"},"image":{"@id":"https:\/\/www.pcb.ub.edu\/es\/conoce-emprenededores-y-aprende-de-su-experiencia-profesional\/#primaryimage"},"thumbnailUrl":"http:\/\/www.pcb.ub.edu\/\/wp-content\/uploads\/2020\/11\/1301308915778.jpg","datePublished":"2011-03-27T23:00:00+00:00","dateModified":"2020-11-16T15:16:04+00:00","author":{"@id":"https:\/\/www.pcb.ub.edu\/es\/#\/schema\/person\/d13cab05cd0a75b17fddca8496481021"},"breadcrumb":{"@id":"https:\/\/www.pcb.ub.edu\/es\/conoce-emprenededores-y-aprende-de-su-experiencia-profesional\/#breadcrumb"},"inLanguage":"es","potentialAction":[{"@type":"ReadAction","target":["https:\/\/www.pcb.ub.edu\/es\/conoce-emprenededores-y-aprende-de-su-experiencia-profesional\/"]}]},{"@type":"ImageObject","inLanguage":"es","@id":"https:\/\/www.pcb.ub.edu\/es\/conoce-emprenededores-y-aprende-de-su-experiencia-profesional\/#primaryimage","url":"http:\/\/www.pcb.ub.edu\/\/wp-content\/uploads\/2020\/11\/1301308915778.jpg","contentUrl":"http:\/\/www.pcb.ub.edu\/\/wp-content\/uploads\/2020\/11\/1301308915778.jpg"},{"@type":"BreadcrumbList","@id":"https:\/\/www.pcb.ub.edu\/es\/conoce-emprenededores-y-aprende-de-su-experiencia-profesional\/#breadcrumb","itemListElement":[{"@type":"ListItem","position":1,"name":"Home","item":"https:\/\/www.pcb.ub.edu\/es\/"},{"@type":"ListItem","position":2,"name":"Conoce emprenededores y aprende de su experiencia profesional"}]},{"@type":"WebSite","@id":"https:\/\/www.pcb.ub.edu\/es\/#website","url":"https:\/\/www.pcb.ub.edu\/es\/","name":"Parc Cient\u00edfic de Barcelona","description":"Universitat de Barcelona","potentialAction":[{"@type":"SearchAction","target":{"@type":"EntryPoint","urlTemplate":"https:\/\/www.pcb.ub.edu\/es\/?s={search_term_string}"},"query-input":{"@type":"PropertyValueSpecification","valueRequired":true,"valueName":"search_term_string"}}],"inLanguage":"es"},{"@type":"Person","@id":"https:\/\/www.pcb.ub.edu\/es\/#\/schema\/person\/d13cab05cd0a75b17fddca8496481021","name":"adminpcb","image":{"@type":"ImageObject","inLanguage":"es","@id":"https:\/\/secure.gravatar.com\/avatar\/41ad0fab4bb3bf5348b0af9612159cfd93173a57bbca98fecb50fa6f3ab97d28?s=96&d=mm&r=g","url":"https:\/\/secure.gravatar.com\/avatar\/41ad0fab4bb3bf5348b0af9612159cfd93173a57bbca98fecb50fa6f3ab97d28?s=96&d=mm&r=g","contentUrl":"https:\/\/secure.gravatar.com\/avatar\/41ad0fab4bb3bf5348b0af9612159cfd93173a57bbca98fecb50fa6f3ab97d28?s=96&d=mm&r=g","caption":"adminpcb"},"url":"https:\/\/www.pcb.ub.edu\/es\/author\/adminpcb\/"}]}},"_links":{"self":[{"href":"https:\/\/www.pcb.ub.edu\/es\/wp-json\/wp\/v2\/posts\/37378","targetHints":{"allow":["GET"]}}],"collection":[{"href":"https:\/\/www.pcb.ub.edu\/es\/wp-json\/wp\/v2\/posts"}],"about":[{"href":"https:\/\/www.pcb.ub.edu\/es\/wp-json\/wp\/v2\/types\/post"}],"author":[{"embeddable":true,"href":"https:\/\/www.pcb.ub.edu\/es\/wp-json\/wp\/v2\/users\/1"}],"replies":[{"embeddable":true,"href":"https:\/\/www.pcb.ub.edu\/es\/wp-json\/wp\/v2\/comments?post=37378"}],"version-history":[{"count":1,"href":"https:\/\/www.pcb.ub.edu\/es\/wp-json\/wp\/v2\/posts\/37378\/revisions"}],"predecessor-version":[{"id":43607,"href":"https:\/\/www.pcb.ub.edu\/es\/wp-json\/wp\/v2\/posts\/37378\/revisions\/43607"}],"wp:attachment":[{"href":"https:\/\/www.pcb.ub.edu\/es\/wp-json\/wp\/v2\/media?parent=37378"}],"wp:term":[{"taxonomy":"category","embeddable":true,"href":"https:\/\/www.pcb.ub.edu\/es\/wp-json\/wp\/v2\/categories?post=37378"},{"taxonomy":"post_tag","embeddable":true,"href":"https:\/\/www.pcb.ub.edu\/es\/wp-json\/wp\/v2\/tags?post=37378"}],"curies":[{"name":"wp","href":"https:\/\/api.w.org\/{rel}","templated":true}]}}