{"id":37267,"date":"2010-11-30T00:00:00","date_gmt":"2010-11-29T23:00:00","guid":{"rendered":"http:\/\/www.pcb.ub.edu\/\/el-parc-cientific-barcelona-acoge-el-foro-ciber-bbn-empresa-en-liberacion-de-farmacos\/"},"modified":"2020-11-16T16:15:44","modified_gmt":"2020-11-16T15:15:44","slug":"el-parc-cientific-barcelona-acoge-el-foro-ciber-bbn-empresa-en-liberacion-de-farmacos","status":"publish","type":"post","link":"https:\/\/www.pcb.ub.edu\/es\/el-parc-cientific-barcelona-acoge-el-foro-ciber-bbn-empresa-en-liberacion-de-farmacos\/","title":{"rendered":"El Parc Cient\u00edfic Barcelona acoge el Foro CIBER-BBN-Empresa en Liberaci\u00f3n de F\u00e1rmacos"},"content":{"rendered":"<p>El CIBER BBN est\u00e1 formado por 50 grupos de investigaci\u00f3n seleccionados por su excelencia cient\u00edfica, y es uno de los nueve consorcios CIBER existentes en Espa\u00f1a. Entre sus principales l\u00edneas de investigaci\u00f3n dentro del \u00e1rea de nanomedicina se incluye la investigaci\u00f3n en nuevos nanomateriales para la elaboraci\u00f3n de f\u00e1rmacos que puedan dirigirse hacia determinados \u00f3rganos del cuerpo.  <\/p>\n<p> <a href=\"http:\/\/www.pcb.ub.es\/homePCB\/live\/ct\/o193.asp?nid=4430\" class=\"email\">Para m\u00e1s informaci\u00f3n<\/a> <\/p>\n","protected":false},"excerpt":{"rendered":"<p>Los pr\u00f3ximos d\u00edas 1 y 2 de diciembre se realiza en el Parc Cient\u00edfic Barcelona (PCB) el Foro CIBER-BBN&#8211;Empresa en Liberaci\u00f3n de F\u00e1rmacos, que tiene como objetivo fomentar la colaboraci\u00f3n entre los miembros de este consorcio de investigaci\u00f3n \u2013 Centro de Investigaci\u00f3n Biom\u00e9dica en Red de Biomateriales, Bioingenier\u00eda y Nanomedicina (CIBEB-BBN) \u2013 y la industria. En el acto de apertura del Foro, que tendr\u00e1 lugar en el Auditorio Antoni Caparr\u00f3s del PCB,  participaran Josep Samitier, director adjunto del CIBER-BBN; Jordi Quintana, director T\u00e8cnico de Desarrollo de Negocio Cient\u00edfico del PCB y responsable de la Plataforma de <i>Drug Discovery del PCB<\/i>, y Ram\u00f3n Mangues, investigador del Instituto de Investigaci\u00f3n del Hospital de la Santa Creu y Sant Pau de Barcelona, Grupo de Oncog\u00e9nesis y Antitumorales.<\/p>\n","protected":false},"author":1,"featured_media":0,"comment_status":"closed","ping_status":"open","sticky":false,"template":"","format":"standard","meta":{"_acf_changed":false,"inline_featured_image":false,"footnotes":""},"categories":[9],"tags":[],"class_list":["post-37267","post","type-post","status-publish","format-standard","category-sin-categorizar"],"acf":[],"yoast_head":"<!-- This site is optimized with the Yoast SEO plugin v27.3 - https:\/\/yoast.com\/product\/yoast-seo-wordpress\/ -->\n<title>El Parc Cient\u00edfic Barcelona acoge el Foro CIBER-BBN-Empresa en Liberaci\u00f3n de F\u00e1rmacos - Parc Cient\u00edfic de Barcelona<\/title>\n<meta name=\"robots\" content=\"index, follow, max-snippet:-1, max-image-preview:large, max-video-preview:-1\" \/>\n<link rel=\"canonical\" href=\"https:\/\/www.pcb.ub.edu\/es\/el-parc-cientific-barcelona-acoge-el-foro-ciber-bbn-empresa-en-liberacion-de-farmacos\/\" \/>\n<meta property=\"og:locale\" content=\"es_ES\" \/>\n<meta property=\"og:type\" content=\"article\" \/>\n<meta property=\"og:title\" content=\"El Parc Cient\u00edfic Barcelona acoge el Foro CIBER-BBN-Empresa en Liberaci\u00f3n de F\u00e1rmacos - Parc Cient\u00edfic de Barcelona\" \/>\n<meta property=\"og:description\" content=\"Los pr\u00f3ximos d\u00edas 1 y 2 de diciembre se realiza en el Parc Cient\u00edfic Barcelona (PCB) el Foro CIBER-BBN--Empresa en Liberaci\u00f3n de F\u00e1rmacos, que tiene como objetivo fomentar la colaboraci\u00f3n entre los miembros de este consorcio de investigaci\u00f3n \u2013 Centro de Investigaci\u00f3n Biom\u00e9dica en Red de Biomateriales, Bioingenier\u00eda y Nanomedicina (CIBEB-BBN) \u2013 y la industria. En el acto de apertura del Foro, que tendr\u00e1 lugar en el Auditorio Antoni Caparr\u00f3s del PCB, participaran Josep Samitier, director adjunto del CIBER-BBN; Jordi Quintana, director T\u00e8cnico de Desarrollo de Negocio Cient\u00edfico del PCB y responsable de la Plataforma de Drug Discovery del PCB, y Ram\u00f3n Mangues, investigador del Instituto de Investigaci\u00f3n del Hospital de la Santa Creu y Sant Pau de Barcelona, Grupo de Oncog\u00e9nesis y Antitumorales.\" \/>\n<meta property=\"og:url\" content=\"https:\/\/www.pcb.ub.edu\/es\/el-parc-cientific-barcelona-acoge-el-foro-ciber-bbn-empresa-en-liberacion-de-farmacos\/\" \/>\n<meta property=\"og:site_name\" content=\"Parc Cient\u00edfic de Barcelona\" \/>\n<meta property=\"article:published_time\" content=\"2010-11-29T23:00:00+00:00\" \/>\n<meta property=\"article:modified_time\" content=\"2020-11-16T15:15:44+00:00\" \/>\n<meta name=\"author\" content=\"adminpcb\" \/>\n<meta name=\"twitter:card\" content=\"summary_large_image\" \/>\n<meta name=\"twitter:label1\" content=\"Escrito por\" \/>\n\t<meta name=\"twitter:data1\" content=\"adminpcb\" \/>\n<script type=\"application\/ld+json\" class=\"yoast-schema-graph\">{\"@context\":\"https:\\\/\\\/schema.org\",\"@graph\":[{\"@type\":\"Article\",\"@id\":\"https:\\\/\\\/www.pcb.ub.edu\\\/es\\\/el-parc-cientific-barcelona-acoge-el-foro-ciber-bbn-empresa-en-liberacion-de-farmacos\\\/#article\",\"isPartOf\":{\"@id\":\"https:\\\/\\\/www.pcb.ub.edu\\\/es\\\/el-parc-cientific-barcelona-acoge-el-foro-ciber-bbn-empresa-en-liberacion-de-farmacos\\\/\"},\"author\":{\"name\":\"adminpcb\",\"@id\":\"https:\\\/\\\/www.pcb.ub.edu\\\/es\\\/#\\\/schema\\\/person\\\/d13cab05cd0a75b17fddca8496481021\"},\"headline\":\"El Parc Cient\u00edfic Barcelona acoge el Foro CIBER-BBN-Empresa en Liberaci\u00f3n de F\u00e1rmacos\",\"datePublished\":\"2010-11-29T23:00:00+00:00\",\"dateModified\":\"2020-11-16T15:15:44+00:00\",\"mainEntityOfPage\":{\"@id\":\"https:\\\/\\\/www.pcb.ub.edu\\\/es\\\/el-parc-cientific-barcelona-acoge-el-foro-ciber-bbn-empresa-en-liberacion-de-farmacos\\\/\"},\"wordCount\":84,\"articleSection\":[\"Sin categorizar\"],\"inLanguage\":\"es\"},{\"@type\":\"WebPage\",\"@id\":\"https:\\\/\\\/www.pcb.ub.edu\\\/es\\\/el-parc-cientific-barcelona-acoge-el-foro-ciber-bbn-empresa-en-liberacion-de-farmacos\\\/\",\"url\":\"https:\\\/\\\/www.pcb.ub.edu\\\/es\\\/el-parc-cientific-barcelona-acoge-el-foro-ciber-bbn-empresa-en-liberacion-de-farmacos\\\/\",\"name\":\"El Parc Cient\u00edfic Barcelona acoge el Foro CIBER-BBN-Empresa en Liberaci\u00f3n de F\u00e1rmacos - Parc Cient\u00edfic de Barcelona\",\"isPartOf\":{\"@id\":\"https:\\\/\\\/www.pcb.ub.edu\\\/es\\\/#website\"},\"datePublished\":\"2010-11-29T23:00:00+00:00\",\"dateModified\":\"2020-11-16T15:15:44+00:00\",\"author\":{\"@id\":\"https:\\\/\\\/www.pcb.ub.edu\\\/es\\\/#\\\/schema\\\/person\\\/d13cab05cd0a75b17fddca8496481021\"},\"breadcrumb\":{\"@id\":\"https:\\\/\\\/www.pcb.ub.edu\\\/es\\\/el-parc-cientific-barcelona-acoge-el-foro-ciber-bbn-empresa-en-liberacion-de-farmacos\\\/#breadcrumb\"},\"inLanguage\":\"es\",\"potentialAction\":[{\"@type\":\"ReadAction\",\"target\":[\"https:\\\/\\\/www.pcb.ub.edu\\\/es\\\/el-parc-cientific-barcelona-acoge-el-foro-ciber-bbn-empresa-en-liberacion-de-farmacos\\\/\"]}]},{\"@type\":\"BreadcrumbList\",\"@id\":\"https:\\\/\\\/www.pcb.ub.edu\\\/es\\\/el-parc-cientific-barcelona-acoge-el-foro-ciber-bbn-empresa-en-liberacion-de-farmacos\\\/#breadcrumb\",\"itemListElement\":[{\"@type\":\"ListItem\",\"position\":1,\"name\":\"Home\",\"item\":\"https:\\\/\\\/www.pcb.ub.edu\\\/es\\\/\"},{\"@type\":\"ListItem\",\"position\":2,\"name\":\"El Parc Cient\u00edfic Barcelona acoge el Foro CIBER-BBN-Empresa en Liberaci\u00f3n de F\u00e1rmacos\"}]},{\"@type\":\"WebSite\",\"@id\":\"https:\\\/\\\/www.pcb.ub.edu\\\/es\\\/#website\",\"url\":\"https:\\\/\\\/www.pcb.ub.edu\\\/es\\\/\",\"name\":\"Parc Cient\u00edfic de Barcelona\",\"description\":\"Universitat de Barcelona\",\"potentialAction\":[{\"@type\":\"SearchAction\",\"target\":{\"@type\":\"EntryPoint\",\"urlTemplate\":\"https:\\\/\\\/www.pcb.ub.edu\\\/es\\\/?s={search_term_string}\"},\"query-input\":{\"@type\":\"PropertyValueSpecification\",\"valueRequired\":true,\"valueName\":\"search_term_string\"}}],\"inLanguage\":\"es\"},{\"@type\":\"Person\",\"@id\":\"https:\\\/\\\/www.pcb.ub.edu\\\/es\\\/#\\\/schema\\\/person\\\/d13cab05cd0a75b17fddca8496481021\",\"name\":\"adminpcb\",\"image\":{\"@type\":\"ImageObject\",\"inLanguage\":\"es\",\"@id\":\"https:\\\/\\\/secure.gravatar.com\\\/avatar\\\/41ad0fab4bb3bf5348b0af9612159cfd93173a57bbca98fecb50fa6f3ab97d28?s=96&d=mm&r=g\",\"url\":\"https:\\\/\\\/secure.gravatar.com\\\/avatar\\\/41ad0fab4bb3bf5348b0af9612159cfd93173a57bbca98fecb50fa6f3ab97d28?s=96&d=mm&r=g\",\"contentUrl\":\"https:\\\/\\\/secure.gravatar.com\\\/avatar\\\/41ad0fab4bb3bf5348b0af9612159cfd93173a57bbca98fecb50fa6f3ab97d28?s=96&d=mm&r=g\",\"caption\":\"adminpcb\"},\"url\":\"https:\\\/\\\/www.pcb.ub.edu\\\/es\\\/author\\\/adminpcb\\\/\"}]}<\/script>\n<!-- \/ Yoast SEO plugin. -->","yoast_head_json":{"title":"El Parc Cient\u00edfic Barcelona acoge el Foro CIBER-BBN-Empresa en Liberaci\u00f3n de F\u00e1rmacos - Parc Cient\u00edfic de Barcelona","robots":{"index":"index","follow":"follow","max-snippet":"max-snippet:-1","max-image-preview":"max-image-preview:large","max-video-preview":"max-video-preview:-1"},"canonical":"https:\/\/www.pcb.ub.edu\/es\/el-parc-cientific-barcelona-acoge-el-foro-ciber-bbn-empresa-en-liberacion-de-farmacos\/","og_locale":"es_ES","og_type":"article","og_title":"El Parc Cient\u00edfic Barcelona acoge el Foro CIBER-BBN-Empresa en Liberaci\u00f3n de F\u00e1rmacos - Parc Cient\u00edfic de Barcelona","og_description":"Los pr\u00f3ximos d\u00edas 1 y 2 de diciembre se realiza en el Parc Cient\u00edfic Barcelona (PCB) el Foro CIBER-BBN--Empresa en Liberaci\u00f3n de F\u00e1rmacos, que tiene como objetivo fomentar la colaboraci\u00f3n entre los miembros de este consorcio de investigaci\u00f3n \u2013 Centro de Investigaci\u00f3n Biom\u00e9dica en Red de Biomateriales, Bioingenier\u00eda y Nanomedicina (CIBEB-BBN) \u2013 y la industria. En el acto de apertura del Foro, que tendr\u00e1 lugar en el Auditorio Antoni Caparr\u00f3s del PCB, participaran Josep Samitier, director adjunto del CIBER-BBN; Jordi Quintana, director T\u00e8cnico de Desarrollo de Negocio Cient\u00edfico del PCB y responsable de la Plataforma de Drug Discovery del PCB, y Ram\u00f3n Mangues, investigador del Instituto de Investigaci\u00f3n del Hospital de la Santa Creu y Sant Pau de Barcelona, Grupo de Oncog\u00e9nesis y Antitumorales.","og_url":"https:\/\/www.pcb.ub.edu\/es\/el-parc-cientific-barcelona-acoge-el-foro-ciber-bbn-empresa-en-liberacion-de-farmacos\/","og_site_name":"Parc Cient\u00edfic de Barcelona","article_published_time":"2010-11-29T23:00:00+00:00","article_modified_time":"2020-11-16T15:15:44+00:00","author":"adminpcb","twitter_card":"summary_large_image","twitter_misc":{"Escrito por":"adminpcb"},"schema":{"@context":"https:\/\/schema.org","@graph":[{"@type":"Article","@id":"https:\/\/www.pcb.ub.edu\/es\/el-parc-cientific-barcelona-acoge-el-foro-ciber-bbn-empresa-en-liberacion-de-farmacos\/#article","isPartOf":{"@id":"https:\/\/www.pcb.ub.edu\/es\/el-parc-cientific-barcelona-acoge-el-foro-ciber-bbn-empresa-en-liberacion-de-farmacos\/"},"author":{"name":"adminpcb","@id":"https:\/\/www.pcb.ub.edu\/es\/#\/schema\/person\/d13cab05cd0a75b17fddca8496481021"},"headline":"El Parc Cient\u00edfic Barcelona acoge el Foro CIBER-BBN-Empresa en Liberaci\u00f3n de F\u00e1rmacos","datePublished":"2010-11-29T23:00:00+00:00","dateModified":"2020-11-16T15:15:44+00:00","mainEntityOfPage":{"@id":"https:\/\/www.pcb.ub.edu\/es\/el-parc-cientific-barcelona-acoge-el-foro-ciber-bbn-empresa-en-liberacion-de-farmacos\/"},"wordCount":84,"articleSection":["Sin categorizar"],"inLanguage":"es"},{"@type":"WebPage","@id":"https:\/\/www.pcb.ub.edu\/es\/el-parc-cientific-barcelona-acoge-el-foro-ciber-bbn-empresa-en-liberacion-de-farmacos\/","url":"https:\/\/www.pcb.ub.edu\/es\/el-parc-cientific-barcelona-acoge-el-foro-ciber-bbn-empresa-en-liberacion-de-farmacos\/","name":"El Parc Cient\u00edfic Barcelona acoge el Foro CIBER-BBN-Empresa en Liberaci\u00f3n de F\u00e1rmacos - Parc Cient\u00edfic de Barcelona","isPartOf":{"@id":"https:\/\/www.pcb.ub.edu\/es\/#website"},"datePublished":"2010-11-29T23:00:00+00:00","dateModified":"2020-11-16T15:15:44+00:00","author":{"@id":"https:\/\/www.pcb.ub.edu\/es\/#\/schema\/person\/d13cab05cd0a75b17fddca8496481021"},"breadcrumb":{"@id":"https:\/\/www.pcb.ub.edu\/es\/el-parc-cientific-barcelona-acoge-el-foro-ciber-bbn-empresa-en-liberacion-de-farmacos\/#breadcrumb"},"inLanguage":"es","potentialAction":[{"@type":"ReadAction","target":["https:\/\/www.pcb.ub.edu\/es\/el-parc-cientific-barcelona-acoge-el-foro-ciber-bbn-empresa-en-liberacion-de-farmacos\/"]}]},{"@type":"BreadcrumbList","@id":"https:\/\/www.pcb.ub.edu\/es\/el-parc-cientific-barcelona-acoge-el-foro-ciber-bbn-empresa-en-liberacion-de-farmacos\/#breadcrumb","itemListElement":[{"@type":"ListItem","position":1,"name":"Home","item":"https:\/\/www.pcb.ub.edu\/es\/"},{"@type":"ListItem","position":2,"name":"El Parc Cient\u00edfic Barcelona acoge el Foro CIBER-BBN-Empresa en Liberaci\u00f3n de F\u00e1rmacos"}]},{"@type":"WebSite","@id":"https:\/\/www.pcb.ub.edu\/es\/#website","url":"https:\/\/www.pcb.ub.edu\/es\/","name":"Parc Cient\u00edfic de Barcelona","description":"Universitat de Barcelona","potentialAction":[{"@type":"SearchAction","target":{"@type":"EntryPoint","urlTemplate":"https:\/\/www.pcb.ub.edu\/es\/?s={search_term_string}"},"query-input":{"@type":"PropertyValueSpecification","valueRequired":true,"valueName":"search_term_string"}}],"inLanguage":"es"},{"@type":"Person","@id":"https:\/\/www.pcb.ub.edu\/es\/#\/schema\/person\/d13cab05cd0a75b17fddca8496481021","name":"adminpcb","image":{"@type":"ImageObject","inLanguage":"es","@id":"https:\/\/secure.gravatar.com\/avatar\/41ad0fab4bb3bf5348b0af9612159cfd93173a57bbca98fecb50fa6f3ab97d28?s=96&d=mm&r=g","url":"https:\/\/secure.gravatar.com\/avatar\/41ad0fab4bb3bf5348b0af9612159cfd93173a57bbca98fecb50fa6f3ab97d28?s=96&d=mm&r=g","contentUrl":"https:\/\/secure.gravatar.com\/avatar\/41ad0fab4bb3bf5348b0af9612159cfd93173a57bbca98fecb50fa6f3ab97d28?s=96&d=mm&r=g","caption":"adminpcb"},"url":"https:\/\/www.pcb.ub.edu\/es\/author\/adminpcb\/"}]}},"_links":{"self":[{"href":"https:\/\/www.pcb.ub.edu\/es\/wp-json\/wp\/v2\/posts\/37267","targetHints":{"allow":["GET"]}}],"collection":[{"href":"https:\/\/www.pcb.ub.edu\/es\/wp-json\/wp\/v2\/posts"}],"about":[{"href":"https:\/\/www.pcb.ub.edu\/es\/wp-json\/wp\/v2\/types\/post"}],"author":[{"embeddable":true,"href":"https:\/\/www.pcb.ub.edu\/es\/wp-json\/wp\/v2\/users\/1"}],"replies":[{"embeddable":true,"href":"https:\/\/www.pcb.ub.edu\/es\/wp-json\/wp\/v2\/comments?post=37267"}],"version-history":[{"count":1,"href":"https:\/\/www.pcb.ub.edu\/es\/wp-json\/wp\/v2\/posts\/37267\/revisions"}],"predecessor-version":[{"id":43504,"href":"https:\/\/www.pcb.ub.edu\/es\/wp-json\/wp\/v2\/posts\/37267\/revisions\/43504"}],"wp:attachment":[{"href":"https:\/\/www.pcb.ub.edu\/es\/wp-json\/wp\/v2\/media?parent=37267"}],"wp:term":[{"taxonomy":"category","embeddable":true,"href":"https:\/\/www.pcb.ub.edu\/es\/wp-json\/wp\/v2\/categories?post=37267"},{"taxonomy":"post_tag","embeddable":true,"href":"https:\/\/www.pcb.ub.edu\/es\/wp-json\/wp\/v2\/tags?post=37267"}],"curies":[{"name":"wp","href":"https:\/\/api.w.org\/{rel}","templated":true}]}}