{"id":37258,"date":"2010-11-23T00:00:00","date_gmt":"2010-11-22T23:00:00","guid":{"rendered":"http:\/\/www.pcb.ub.edu\/\/la-fundacio-bosch-i-gimpera-participa-en-el-foro-de-la-bioregio-2011\/"},"modified":"2020-11-16T16:15:40","modified_gmt":"2020-11-16T15:15:40","slug":"la-fundacio-bosch-i-gimpera-participa-en-el-foro-de-la-bioregio-2011","status":"publish","type":"post","link":"https:\/\/www.pcb.ub.edu\/es\/la-fundacio-bosch-i-gimpera-participa-en-el-foro-de-la-bioregio-2011\/","title":{"rendered":"La Fundaci\u00f3 Bosch i Gimpera participa en el Foro de la BioRegi\u00f3 2011"},"content":{"rendered":"<p>El Foro Biocat volver\u00e1 a reunir m\u00e1s de 600 representantes del sector empresarial y financiero, as\u00ed como investigadores, gestores de centros e instituciones de investigaci\u00f3n de universidades y hospitales del sector de la biotecnolog\u00eda, la biomedicina y las tecnolog\u00edas m\u00e9dicas de Catalu\u00f1a con el objetivo de fomentar la colaboraci\u00f3n conjunta en la innovaci\u00f3n. La jornada contar\u00e1 con la presencia de los m\u00e1ximos representantes de la Generalitat de Catalu\u00f1a, el Ayuntamiento, la Cambra de Comer\u00e7 de Barcelona y el Patronato de Biocat.  <\/p>\n<p> <a href=\"http:\/\/www.fbg.ub.es\/index.php?option=com_content&amp;task=view&amp;id=332&amp;Itemid=1&amp;lang=spanish\" class=\"email\">Para m\u00e1s informaci\u00f3n<\/a><\/p>\n","protected":false},"excerpt":{"rendered":"<p>La Fundaci\u00f3 Bosch i Gimpera (FBG) \u2013que tiene su sede en el Parc Cient\u00edfic Barcelona\u2013 asistir\u00e1 como expositor en la tercera edici\u00f3n del Foro Biocat, jornada organizada por Biocat con la colaboraci\u00f3n de la C\u00e1mara de Comercio de Barcelona. El acto tendr\u00e1 lugar el pr\u00f3ximo d\u00eda 2 de diciembre en la Casa Llotja de Mar de Barcelona.<\/p>\n","protected":false},"author":1,"featured_media":0,"comment_status":"closed","ping_status":"open","sticky":false,"template":"","format":"standard","meta":{"_acf_changed":false,"inline_featured_image":false,"footnotes":""},"categories":[9],"tags":[],"class_list":["post-37258","post","type-post","status-publish","format-standard","category-sin-categorizar"],"acf":[],"yoast_head":"<!-- This site is optimized with the Yoast SEO plugin v27.3 - https:\/\/yoast.com\/product\/yoast-seo-wordpress\/ -->\n<title>La Fundaci\u00f3 Bosch i Gimpera participa en el Foro de la BioRegi\u00f3 2011 - Parc Cient\u00edfic de Barcelona<\/title>\n<meta name=\"robots\" content=\"index, follow, max-snippet:-1, max-image-preview:large, max-video-preview:-1\" \/>\n<link rel=\"canonical\" href=\"https:\/\/www.pcb.ub.edu\/es\/la-fundacio-bosch-i-gimpera-participa-en-el-foro-de-la-bioregio-2011\/\" \/>\n<meta property=\"og:locale\" content=\"es_ES\" \/>\n<meta property=\"og:type\" content=\"article\" \/>\n<meta property=\"og:title\" content=\"La Fundaci\u00f3 Bosch i Gimpera participa en el Foro de la BioRegi\u00f3 2011 - Parc Cient\u00edfic de Barcelona\" \/>\n<meta property=\"og:description\" content=\"La Fundaci\u00f3 Bosch i Gimpera (FBG) \u2013que tiene su sede en el Parc Cient\u00edfic Barcelona\u2013 asistir\u00e1 como expositor en la tercera edici\u00f3n del Foro Biocat, jornada organizada por Biocat con la colaboraci\u00f3n de la C\u00e1mara de Comercio de Barcelona. El acto tendr\u00e1 lugar el pr\u00f3ximo d\u00eda 2 de diciembre en la Casa Llotja de Mar de Barcelona.\" \/>\n<meta property=\"og:url\" content=\"https:\/\/www.pcb.ub.edu\/es\/la-fundacio-bosch-i-gimpera-participa-en-el-foro-de-la-bioregio-2011\/\" \/>\n<meta property=\"og:site_name\" content=\"Parc Cient\u00edfic de Barcelona\" \/>\n<meta property=\"article:published_time\" content=\"2010-11-22T23:00:00+00:00\" \/>\n<meta property=\"article:modified_time\" content=\"2020-11-16T15:15:40+00:00\" \/>\n<meta name=\"author\" content=\"adminpcb\" \/>\n<meta name=\"twitter:card\" content=\"summary_large_image\" \/>\n<meta name=\"twitter:label1\" content=\"Escrito por\" \/>\n\t<meta name=\"twitter:data1\" content=\"adminpcb\" \/>\n<script type=\"application\/ld+json\" class=\"yoast-schema-graph\">{\"@context\":\"https:\\\/\\\/schema.org\",\"@graph\":[{\"@type\":\"Article\",\"@id\":\"https:\\\/\\\/www.pcb.ub.edu\\\/es\\\/la-fundacio-bosch-i-gimpera-participa-en-el-foro-de-la-bioregio-2011\\\/#article\",\"isPartOf\":{\"@id\":\"https:\\\/\\\/www.pcb.ub.edu\\\/es\\\/la-fundacio-bosch-i-gimpera-participa-en-el-foro-de-la-bioregio-2011\\\/\"},\"author\":{\"name\":\"adminpcb\",\"@id\":\"https:\\\/\\\/www.pcb.ub.edu\\\/es\\\/#\\\/schema\\\/person\\\/d13cab05cd0a75b17fddca8496481021\"},\"headline\":\"La Fundaci\u00f3 Bosch i Gimpera participa en el Foro de la BioRegi\u00f3 2011\",\"datePublished\":\"2010-11-22T23:00:00+00:00\",\"dateModified\":\"2020-11-16T15:15:40+00:00\",\"mainEntityOfPage\":{\"@id\":\"https:\\\/\\\/www.pcb.ub.edu\\\/es\\\/la-fundacio-bosch-i-gimpera-participa-en-el-foro-de-la-bioregio-2011\\\/\"},\"wordCount\":107,\"articleSection\":[\"Sin categorizar\"],\"inLanguage\":\"es\"},{\"@type\":\"WebPage\",\"@id\":\"https:\\\/\\\/www.pcb.ub.edu\\\/es\\\/la-fundacio-bosch-i-gimpera-participa-en-el-foro-de-la-bioregio-2011\\\/\",\"url\":\"https:\\\/\\\/www.pcb.ub.edu\\\/es\\\/la-fundacio-bosch-i-gimpera-participa-en-el-foro-de-la-bioregio-2011\\\/\",\"name\":\"La Fundaci\u00f3 Bosch i Gimpera participa en el Foro de la BioRegi\u00f3 2011 - Parc Cient\u00edfic de Barcelona\",\"isPartOf\":{\"@id\":\"https:\\\/\\\/www.pcb.ub.edu\\\/es\\\/#website\"},\"datePublished\":\"2010-11-22T23:00:00+00:00\",\"dateModified\":\"2020-11-16T15:15:40+00:00\",\"author\":{\"@id\":\"https:\\\/\\\/www.pcb.ub.edu\\\/es\\\/#\\\/schema\\\/person\\\/d13cab05cd0a75b17fddca8496481021\"},\"breadcrumb\":{\"@id\":\"https:\\\/\\\/www.pcb.ub.edu\\\/es\\\/la-fundacio-bosch-i-gimpera-participa-en-el-foro-de-la-bioregio-2011\\\/#breadcrumb\"},\"inLanguage\":\"es\",\"potentialAction\":[{\"@type\":\"ReadAction\",\"target\":[\"https:\\\/\\\/www.pcb.ub.edu\\\/es\\\/la-fundacio-bosch-i-gimpera-participa-en-el-foro-de-la-bioregio-2011\\\/\"]}]},{\"@type\":\"BreadcrumbList\",\"@id\":\"https:\\\/\\\/www.pcb.ub.edu\\\/es\\\/la-fundacio-bosch-i-gimpera-participa-en-el-foro-de-la-bioregio-2011\\\/#breadcrumb\",\"itemListElement\":[{\"@type\":\"ListItem\",\"position\":1,\"name\":\"Home\",\"item\":\"https:\\\/\\\/www.pcb.ub.edu\\\/es\\\/\"},{\"@type\":\"ListItem\",\"position\":2,\"name\":\"La Fundaci\u00f3 Bosch i Gimpera participa en el Foro de la BioRegi\u00f3 2011\"}]},{\"@type\":\"WebSite\",\"@id\":\"https:\\\/\\\/www.pcb.ub.edu\\\/es\\\/#website\",\"url\":\"https:\\\/\\\/www.pcb.ub.edu\\\/es\\\/\",\"name\":\"Parc Cient\u00edfic de Barcelona\",\"description\":\"Universitat de Barcelona\",\"potentialAction\":[{\"@type\":\"SearchAction\",\"target\":{\"@type\":\"EntryPoint\",\"urlTemplate\":\"https:\\\/\\\/www.pcb.ub.edu\\\/es\\\/?s={search_term_string}\"},\"query-input\":{\"@type\":\"PropertyValueSpecification\",\"valueRequired\":true,\"valueName\":\"search_term_string\"}}],\"inLanguage\":\"es\"},{\"@type\":\"Person\",\"@id\":\"https:\\\/\\\/www.pcb.ub.edu\\\/es\\\/#\\\/schema\\\/person\\\/d13cab05cd0a75b17fddca8496481021\",\"name\":\"adminpcb\",\"image\":{\"@type\":\"ImageObject\",\"inLanguage\":\"es\",\"@id\":\"https:\\\/\\\/secure.gravatar.com\\\/avatar\\\/41ad0fab4bb3bf5348b0af9612159cfd93173a57bbca98fecb50fa6f3ab97d28?s=96&d=mm&r=g\",\"url\":\"https:\\\/\\\/secure.gravatar.com\\\/avatar\\\/41ad0fab4bb3bf5348b0af9612159cfd93173a57bbca98fecb50fa6f3ab97d28?s=96&d=mm&r=g\",\"contentUrl\":\"https:\\\/\\\/secure.gravatar.com\\\/avatar\\\/41ad0fab4bb3bf5348b0af9612159cfd93173a57bbca98fecb50fa6f3ab97d28?s=96&d=mm&r=g\",\"caption\":\"adminpcb\"},\"url\":\"https:\\\/\\\/www.pcb.ub.edu\\\/es\\\/author\\\/adminpcb\\\/\"}]}<\/script>\n<!-- \/ Yoast SEO plugin. -->","yoast_head_json":{"title":"La Fundaci\u00f3 Bosch i Gimpera participa en el Foro de la BioRegi\u00f3 2011 - Parc Cient\u00edfic de Barcelona","robots":{"index":"index","follow":"follow","max-snippet":"max-snippet:-1","max-image-preview":"max-image-preview:large","max-video-preview":"max-video-preview:-1"},"canonical":"https:\/\/www.pcb.ub.edu\/es\/la-fundacio-bosch-i-gimpera-participa-en-el-foro-de-la-bioregio-2011\/","og_locale":"es_ES","og_type":"article","og_title":"La Fundaci\u00f3 Bosch i Gimpera participa en el Foro de la BioRegi\u00f3 2011 - Parc Cient\u00edfic de Barcelona","og_description":"La Fundaci\u00f3 Bosch i Gimpera (FBG) \u2013que tiene su sede en el Parc Cient\u00edfic Barcelona\u2013 asistir\u00e1 como expositor en la tercera edici\u00f3n del Foro Biocat, jornada organizada por Biocat con la colaboraci\u00f3n de la C\u00e1mara de Comercio de Barcelona. El acto tendr\u00e1 lugar el pr\u00f3ximo d\u00eda 2 de diciembre en la Casa Llotja de Mar de Barcelona.","og_url":"https:\/\/www.pcb.ub.edu\/es\/la-fundacio-bosch-i-gimpera-participa-en-el-foro-de-la-bioregio-2011\/","og_site_name":"Parc Cient\u00edfic de Barcelona","article_published_time":"2010-11-22T23:00:00+00:00","article_modified_time":"2020-11-16T15:15:40+00:00","author":"adminpcb","twitter_card":"summary_large_image","twitter_misc":{"Escrito por":"adminpcb"},"schema":{"@context":"https:\/\/schema.org","@graph":[{"@type":"Article","@id":"https:\/\/www.pcb.ub.edu\/es\/la-fundacio-bosch-i-gimpera-participa-en-el-foro-de-la-bioregio-2011\/#article","isPartOf":{"@id":"https:\/\/www.pcb.ub.edu\/es\/la-fundacio-bosch-i-gimpera-participa-en-el-foro-de-la-bioregio-2011\/"},"author":{"name":"adminpcb","@id":"https:\/\/www.pcb.ub.edu\/es\/#\/schema\/person\/d13cab05cd0a75b17fddca8496481021"},"headline":"La Fundaci\u00f3 Bosch i Gimpera participa en el Foro de la BioRegi\u00f3 2011","datePublished":"2010-11-22T23:00:00+00:00","dateModified":"2020-11-16T15:15:40+00:00","mainEntityOfPage":{"@id":"https:\/\/www.pcb.ub.edu\/es\/la-fundacio-bosch-i-gimpera-participa-en-el-foro-de-la-bioregio-2011\/"},"wordCount":107,"articleSection":["Sin categorizar"],"inLanguage":"es"},{"@type":"WebPage","@id":"https:\/\/www.pcb.ub.edu\/es\/la-fundacio-bosch-i-gimpera-participa-en-el-foro-de-la-bioregio-2011\/","url":"https:\/\/www.pcb.ub.edu\/es\/la-fundacio-bosch-i-gimpera-participa-en-el-foro-de-la-bioregio-2011\/","name":"La Fundaci\u00f3 Bosch i Gimpera participa en el Foro de la BioRegi\u00f3 2011 - Parc Cient\u00edfic de Barcelona","isPartOf":{"@id":"https:\/\/www.pcb.ub.edu\/es\/#website"},"datePublished":"2010-11-22T23:00:00+00:00","dateModified":"2020-11-16T15:15:40+00:00","author":{"@id":"https:\/\/www.pcb.ub.edu\/es\/#\/schema\/person\/d13cab05cd0a75b17fddca8496481021"},"breadcrumb":{"@id":"https:\/\/www.pcb.ub.edu\/es\/la-fundacio-bosch-i-gimpera-participa-en-el-foro-de-la-bioregio-2011\/#breadcrumb"},"inLanguage":"es","potentialAction":[{"@type":"ReadAction","target":["https:\/\/www.pcb.ub.edu\/es\/la-fundacio-bosch-i-gimpera-participa-en-el-foro-de-la-bioregio-2011\/"]}]},{"@type":"BreadcrumbList","@id":"https:\/\/www.pcb.ub.edu\/es\/la-fundacio-bosch-i-gimpera-participa-en-el-foro-de-la-bioregio-2011\/#breadcrumb","itemListElement":[{"@type":"ListItem","position":1,"name":"Home","item":"https:\/\/www.pcb.ub.edu\/es\/"},{"@type":"ListItem","position":2,"name":"La Fundaci\u00f3 Bosch i Gimpera participa en el Foro de la BioRegi\u00f3 2011"}]},{"@type":"WebSite","@id":"https:\/\/www.pcb.ub.edu\/es\/#website","url":"https:\/\/www.pcb.ub.edu\/es\/","name":"Parc Cient\u00edfic de Barcelona","description":"Universitat de Barcelona","potentialAction":[{"@type":"SearchAction","target":{"@type":"EntryPoint","urlTemplate":"https:\/\/www.pcb.ub.edu\/es\/?s={search_term_string}"},"query-input":{"@type":"PropertyValueSpecification","valueRequired":true,"valueName":"search_term_string"}}],"inLanguage":"es"},{"@type":"Person","@id":"https:\/\/www.pcb.ub.edu\/es\/#\/schema\/person\/d13cab05cd0a75b17fddca8496481021","name":"adminpcb","image":{"@type":"ImageObject","inLanguage":"es","@id":"https:\/\/secure.gravatar.com\/avatar\/41ad0fab4bb3bf5348b0af9612159cfd93173a57bbca98fecb50fa6f3ab97d28?s=96&d=mm&r=g","url":"https:\/\/secure.gravatar.com\/avatar\/41ad0fab4bb3bf5348b0af9612159cfd93173a57bbca98fecb50fa6f3ab97d28?s=96&d=mm&r=g","contentUrl":"https:\/\/secure.gravatar.com\/avatar\/41ad0fab4bb3bf5348b0af9612159cfd93173a57bbca98fecb50fa6f3ab97d28?s=96&d=mm&r=g","caption":"adminpcb"},"url":"https:\/\/www.pcb.ub.edu\/es\/author\/adminpcb\/"}]}},"_links":{"self":[{"href":"https:\/\/www.pcb.ub.edu\/es\/wp-json\/wp\/v2\/posts\/37258","targetHints":{"allow":["GET"]}}],"collection":[{"href":"https:\/\/www.pcb.ub.edu\/es\/wp-json\/wp\/v2\/posts"}],"about":[{"href":"https:\/\/www.pcb.ub.edu\/es\/wp-json\/wp\/v2\/types\/post"}],"author":[{"embeddable":true,"href":"https:\/\/www.pcb.ub.edu\/es\/wp-json\/wp\/v2\/users\/1"}],"replies":[{"embeddable":true,"href":"https:\/\/www.pcb.ub.edu\/es\/wp-json\/wp\/v2\/comments?post=37258"}],"version-history":[{"count":1,"href":"https:\/\/www.pcb.ub.edu\/es\/wp-json\/wp\/v2\/posts\/37258\/revisions"}],"predecessor-version":[{"id":43495,"href":"https:\/\/www.pcb.ub.edu\/es\/wp-json\/wp\/v2\/posts\/37258\/revisions\/43495"}],"wp:attachment":[{"href":"https:\/\/www.pcb.ub.edu\/es\/wp-json\/wp\/v2\/media?parent=37258"}],"wp:term":[{"taxonomy":"category","embeddable":true,"href":"https:\/\/www.pcb.ub.edu\/es\/wp-json\/wp\/v2\/categories?post=37258"},{"taxonomy":"post_tag","embeddable":true,"href":"https:\/\/www.pcb.ub.edu\/es\/wp-json\/wp\/v2\/tags?post=37258"}],"curies":[{"name":"wp","href":"https:\/\/api.w.org\/{rel}","templated":true}]}}