{"id":37185,"date":"2004-01-21T00:00:00","date_gmt":"2004-01-20T23:00:00","guid":{"rendered":"http:\/\/www.pcb.ub.edu\/\/el-observatorio-de-bioetica-y-derecho-hace-publica-una-declaracion-sobre-la-eutanasia\/"},"modified":"2020-11-16T16:15:24","modified_gmt":"2020-11-16T15:15:24","slug":"el-observatorio-de-bioetica-y-derecho-hace-publica-una-declaracion-sobre-la-eutanasia","status":"publish","type":"post","link":"https:\/\/www.pcb.ub.edu\/es\/el-observatorio-de-bioetica-y-derecho-hace-publica-una-declaracion-sobre-la-eutanasia\/","title":{"rendered":"El Observatorio de Bio\u00e9tica y Derecho hace p\u00fablica una Declaraci\u00f3n sobre la Eutanasia"},"content":{"rendered":"<p>Estos                                        son algunos de los temas que trata el <a class=\"email\" href=\"..\/..\/docs\/pdf\/obid_eutanasia.pdf\">\u00faltimo                                        documento<\/a>                                        elaborado por el Grupo de Opini\u00f3n                                        del <a href=\"p693.asp\" class=\"email\">Observatorio de Bio\u00e9tica y Derecho                                        de la UB<\/a>, con sede al Parc Cient\u00edfic                                        de Barcelona, que responde a la voluntad                                        de intervenir en el debate existente entorno                                        a la eutanasia, un debate que se mantiene                                        a lo largo de los a\u00f1os y que resulta                                        de actualidad renovada con cada nuevo caso                                        divulgado por los medios de comunicaci\u00f3n.                                        <\/p>\n<p> <a href=\"obid.asp\" class=\"email\">Ver noticia completa<\/a><\/p>\n","protected":false},"excerpt":{"rendered":"<p>\u00bfQu\u00e9 argumentos existen para defender la eutanasia? Bajo qu\u00e9 circunstancias? Qu\u00e9 grado de aceptaci\u00f3n tiene entre los ciudadanos? C\u00f3mo se define exactamente? Qui\u00e9n se involucra? La ley que la regule, deber\u00eda tener cautelas? Cu\u00e1les? Se debe respetar la objeci\u00f3n de conciencia por parte del personal sanitario? <\/p>\n","protected":false},"author":1,"featured_media":0,"comment_status":"closed","ping_status":"open","sticky":false,"template":"","format":"standard","meta":{"_acf_changed":false,"inline_featured_image":false,"footnotes":""},"categories":[9],"tags":[],"class_list":["post-37185","post","type-post","status-publish","format-standard","category-sin-categorizar"],"acf":[],"yoast_head":"<!-- This site is optimized with the Yoast SEO plugin v27.3 - https:\/\/yoast.com\/product\/yoast-seo-wordpress\/ -->\n<title>El Observatorio de Bio\u00e9tica y Derecho hace p\u00fablica una Declaraci\u00f3n sobre la Eutanasia - Parc Cient\u00edfic de Barcelona<\/title>\n<meta name=\"robots\" content=\"index, follow, max-snippet:-1, max-image-preview:large, max-video-preview:-1\" \/>\n<link rel=\"canonical\" href=\"https:\/\/www.pcb.ub.edu\/es\/el-observatorio-de-bioetica-y-derecho-hace-publica-una-declaracion-sobre-la-eutanasia\/\" \/>\n<meta property=\"og:locale\" content=\"es_ES\" \/>\n<meta property=\"og:type\" content=\"article\" \/>\n<meta property=\"og:title\" content=\"El Observatorio de Bio\u00e9tica y Derecho hace p\u00fablica una Declaraci\u00f3n sobre la Eutanasia - Parc Cient\u00edfic de Barcelona\" \/>\n<meta property=\"og:description\" content=\"\u00bfQu\u00e9 argumentos existen para defender la eutanasia? Bajo qu\u00e9 circunstancias? Qu\u00e9 grado de aceptaci\u00f3n tiene entre los ciudadanos? C\u00f3mo se define exactamente? Qui\u00e9n se involucra? La ley que la regule, deber\u00eda tener cautelas? Cu\u00e1les? Se debe respetar la objeci\u00f3n de conciencia por parte del personal sanitario?\" \/>\n<meta property=\"og:url\" content=\"https:\/\/www.pcb.ub.edu\/es\/el-observatorio-de-bioetica-y-derecho-hace-publica-una-declaracion-sobre-la-eutanasia\/\" \/>\n<meta property=\"og:site_name\" content=\"Parc Cient\u00edfic de Barcelona\" \/>\n<meta property=\"article:published_time\" content=\"2004-01-20T23:00:00+00:00\" \/>\n<meta property=\"article:modified_time\" content=\"2020-11-16T15:15:24+00:00\" \/>\n<meta name=\"author\" content=\"adminpcb\" \/>\n<meta name=\"twitter:card\" content=\"summary_large_image\" \/>\n<meta name=\"twitter:label1\" content=\"Escrito por\" \/>\n\t<meta name=\"twitter:data1\" content=\"adminpcb\" \/>\n<script type=\"application\/ld+json\" class=\"yoast-schema-graph\">{\"@context\":\"https:\\\/\\\/schema.org\",\"@graph\":[{\"@type\":\"Article\",\"@id\":\"https:\\\/\\\/www.pcb.ub.edu\\\/es\\\/el-observatorio-de-bioetica-y-derecho-hace-publica-una-declaracion-sobre-la-eutanasia\\\/#article\",\"isPartOf\":{\"@id\":\"https:\\\/\\\/www.pcb.ub.edu\\\/es\\\/el-observatorio-de-bioetica-y-derecho-hace-publica-una-declaracion-sobre-la-eutanasia\\\/\"},\"author\":{\"name\":\"adminpcb\",\"@id\":\"https:\\\/\\\/www.pcb.ub.edu\\\/es\\\/#\\\/schema\\\/person\\\/d13cab05cd0a75b17fddca8496481021\"},\"headline\":\"El Observatorio de Bio\u00e9tica y Derecho hace p\u00fablica una Declaraci\u00f3n sobre la Eutanasia\",\"datePublished\":\"2004-01-20T23:00:00+00:00\",\"dateModified\":\"2020-11-16T15:15:24+00:00\",\"mainEntityOfPage\":{\"@id\":\"https:\\\/\\\/www.pcb.ub.edu\\\/es\\\/el-observatorio-de-bioetica-y-derecho-hace-publica-una-declaracion-sobre-la-eutanasia\\\/\"},\"wordCount\":99,\"articleSection\":[\"Sin categorizar\"],\"inLanguage\":\"es\"},{\"@type\":\"WebPage\",\"@id\":\"https:\\\/\\\/www.pcb.ub.edu\\\/es\\\/el-observatorio-de-bioetica-y-derecho-hace-publica-una-declaracion-sobre-la-eutanasia\\\/\",\"url\":\"https:\\\/\\\/www.pcb.ub.edu\\\/es\\\/el-observatorio-de-bioetica-y-derecho-hace-publica-una-declaracion-sobre-la-eutanasia\\\/\",\"name\":\"El Observatorio de Bio\u00e9tica y Derecho hace p\u00fablica una Declaraci\u00f3n sobre la Eutanasia - Parc Cient\u00edfic de Barcelona\",\"isPartOf\":{\"@id\":\"https:\\\/\\\/www.pcb.ub.edu\\\/es\\\/#website\"},\"datePublished\":\"2004-01-20T23:00:00+00:00\",\"dateModified\":\"2020-11-16T15:15:24+00:00\",\"author\":{\"@id\":\"https:\\\/\\\/www.pcb.ub.edu\\\/es\\\/#\\\/schema\\\/person\\\/d13cab05cd0a75b17fddca8496481021\"},\"breadcrumb\":{\"@id\":\"https:\\\/\\\/www.pcb.ub.edu\\\/es\\\/el-observatorio-de-bioetica-y-derecho-hace-publica-una-declaracion-sobre-la-eutanasia\\\/#breadcrumb\"},\"inLanguage\":\"es\",\"potentialAction\":[{\"@type\":\"ReadAction\",\"target\":[\"https:\\\/\\\/www.pcb.ub.edu\\\/es\\\/el-observatorio-de-bioetica-y-derecho-hace-publica-una-declaracion-sobre-la-eutanasia\\\/\"]}]},{\"@type\":\"BreadcrumbList\",\"@id\":\"https:\\\/\\\/www.pcb.ub.edu\\\/es\\\/el-observatorio-de-bioetica-y-derecho-hace-publica-una-declaracion-sobre-la-eutanasia\\\/#breadcrumb\",\"itemListElement\":[{\"@type\":\"ListItem\",\"position\":1,\"name\":\"Home\",\"item\":\"https:\\\/\\\/www.pcb.ub.edu\\\/es\\\/\"},{\"@type\":\"ListItem\",\"position\":2,\"name\":\"El Observatorio de Bio\u00e9tica y Derecho hace p\u00fablica una Declaraci\u00f3n sobre la Eutanasia\"}]},{\"@type\":\"WebSite\",\"@id\":\"https:\\\/\\\/www.pcb.ub.edu\\\/es\\\/#website\",\"url\":\"https:\\\/\\\/www.pcb.ub.edu\\\/es\\\/\",\"name\":\"Parc Cient\u00edfic de Barcelona\",\"description\":\"Universitat de Barcelona\",\"potentialAction\":[{\"@type\":\"SearchAction\",\"target\":{\"@type\":\"EntryPoint\",\"urlTemplate\":\"https:\\\/\\\/www.pcb.ub.edu\\\/es\\\/?s={search_term_string}\"},\"query-input\":{\"@type\":\"PropertyValueSpecification\",\"valueRequired\":true,\"valueName\":\"search_term_string\"}}],\"inLanguage\":\"es\"},{\"@type\":\"Person\",\"@id\":\"https:\\\/\\\/www.pcb.ub.edu\\\/es\\\/#\\\/schema\\\/person\\\/d13cab05cd0a75b17fddca8496481021\",\"name\":\"adminpcb\",\"image\":{\"@type\":\"ImageObject\",\"inLanguage\":\"es\",\"@id\":\"https:\\\/\\\/secure.gravatar.com\\\/avatar\\\/41ad0fab4bb3bf5348b0af9612159cfd93173a57bbca98fecb50fa6f3ab97d28?s=96&d=mm&r=g\",\"url\":\"https:\\\/\\\/secure.gravatar.com\\\/avatar\\\/41ad0fab4bb3bf5348b0af9612159cfd93173a57bbca98fecb50fa6f3ab97d28?s=96&d=mm&r=g\",\"contentUrl\":\"https:\\\/\\\/secure.gravatar.com\\\/avatar\\\/41ad0fab4bb3bf5348b0af9612159cfd93173a57bbca98fecb50fa6f3ab97d28?s=96&d=mm&r=g\",\"caption\":\"adminpcb\"},\"url\":\"https:\\\/\\\/www.pcb.ub.edu\\\/es\\\/author\\\/adminpcb\\\/\"}]}<\/script>\n<!-- \/ Yoast SEO plugin. -->","yoast_head_json":{"title":"El Observatorio de Bio\u00e9tica y Derecho hace p\u00fablica una Declaraci\u00f3n sobre la Eutanasia - Parc Cient\u00edfic de Barcelona","robots":{"index":"index","follow":"follow","max-snippet":"max-snippet:-1","max-image-preview":"max-image-preview:large","max-video-preview":"max-video-preview:-1"},"canonical":"https:\/\/www.pcb.ub.edu\/es\/el-observatorio-de-bioetica-y-derecho-hace-publica-una-declaracion-sobre-la-eutanasia\/","og_locale":"es_ES","og_type":"article","og_title":"El Observatorio de Bio\u00e9tica y Derecho hace p\u00fablica una Declaraci\u00f3n sobre la Eutanasia - Parc Cient\u00edfic de Barcelona","og_description":"\u00bfQu\u00e9 argumentos existen para defender la eutanasia? Bajo qu\u00e9 circunstancias? Qu\u00e9 grado de aceptaci\u00f3n tiene entre los ciudadanos? C\u00f3mo se define exactamente? Qui\u00e9n se involucra? La ley que la regule, deber\u00eda tener cautelas? Cu\u00e1les? Se debe respetar la objeci\u00f3n de conciencia por parte del personal sanitario?","og_url":"https:\/\/www.pcb.ub.edu\/es\/el-observatorio-de-bioetica-y-derecho-hace-publica-una-declaracion-sobre-la-eutanasia\/","og_site_name":"Parc Cient\u00edfic de Barcelona","article_published_time":"2004-01-20T23:00:00+00:00","article_modified_time":"2020-11-16T15:15:24+00:00","author":"adminpcb","twitter_card":"summary_large_image","twitter_misc":{"Escrito por":"adminpcb"},"schema":{"@context":"https:\/\/schema.org","@graph":[{"@type":"Article","@id":"https:\/\/www.pcb.ub.edu\/es\/el-observatorio-de-bioetica-y-derecho-hace-publica-una-declaracion-sobre-la-eutanasia\/#article","isPartOf":{"@id":"https:\/\/www.pcb.ub.edu\/es\/el-observatorio-de-bioetica-y-derecho-hace-publica-una-declaracion-sobre-la-eutanasia\/"},"author":{"name":"adminpcb","@id":"https:\/\/www.pcb.ub.edu\/es\/#\/schema\/person\/d13cab05cd0a75b17fddca8496481021"},"headline":"El Observatorio de Bio\u00e9tica y Derecho hace p\u00fablica una Declaraci\u00f3n sobre la Eutanasia","datePublished":"2004-01-20T23:00:00+00:00","dateModified":"2020-11-16T15:15:24+00:00","mainEntityOfPage":{"@id":"https:\/\/www.pcb.ub.edu\/es\/el-observatorio-de-bioetica-y-derecho-hace-publica-una-declaracion-sobre-la-eutanasia\/"},"wordCount":99,"articleSection":["Sin categorizar"],"inLanguage":"es"},{"@type":"WebPage","@id":"https:\/\/www.pcb.ub.edu\/es\/el-observatorio-de-bioetica-y-derecho-hace-publica-una-declaracion-sobre-la-eutanasia\/","url":"https:\/\/www.pcb.ub.edu\/es\/el-observatorio-de-bioetica-y-derecho-hace-publica-una-declaracion-sobre-la-eutanasia\/","name":"El Observatorio de Bio\u00e9tica y Derecho hace p\u00fablica una Declaraci\u00f3n sobre la Eutanasia - Parc Cient\u00edfic de Barcelona","isPartOf":{"@id":"https:\/\/www.pcb.ub.edu\/es\/#website"},"datePublished":"2004-01-20T23:00:00+00:00","dateModified":"2020-11-16T15:15:24+00:00","author":{"@id":"https:\/\/www.pcb.ub.edu\/es\/#\/schema\/person\/d13cab05cd0a75b17fddca8496481021"},"breadcrumb":{"@id":"https:\/\/www.pcb.ub.edu\/es\/el-observatorio-de-bioetica-y-derecho-hace-publica-una-declaracion-sobre-la-eutanasia\/#breadcrumb"},"inLanguage":"es","potentialAction":[{"@type":"ReadAction","target":["https:\/\/www.pcb.ub.edu\/es\/el-observatorio-de-bioetica-y-derecho-hace-publica-una-declaracion-sobre-la-eutanasia\/"]}]},{"@type":"BreadcrumbList","@id":"https:\/\/www.pcb.ub.edu\/es\/el-observatorio-de-bioetica-y-derecho-hace-publica-una-declaracion-sobre-la-eutanasia\/#breadcrumb","itemListElement":[{"@type":"ListItem","position":1,"name":"Home","item":"https:\/\/www.pcb.ub.edu\/es\/"},{"@type":"ListItem","position":2,"name":"El Observatorio de Bio\u00e9tica y Derecho hace p\u00fablica una Declaraci\u00f3n sobre la Eutanasia"}]},{"@type":"WebSite","@id":"https:\/\/www.pcb.ub.edu\/es\/#website","url":"https:\/\/www.pcb.ub.edu\/es\/","name":"Parc Cient\u00edfic de Barcelona","description":"Universitat de Barcelona","potentialAction":[{"@type":"SearchAction","target":{"@type":"EntryPoint","urlTemplate":"https:\/\/www.pcb.ub.edu\/es\/?s={search_term_string}"},"query-input":{"@type":"PropertyValueSpecification","valueRequired":true,"valueName":"search_term_string"}}],"inLanguage":"es"},{"@type":"Person","@id":"https:\/\/www.pcb.ub.edu\/es\/#\/schema\/person\/d13cab05cd0a75b17fddca8496481021","name":"adminpcb","image":{"@type":"ImageObject","inLanguage":"es","@id":"https:\/\/secure.gravatar.com\/avatar\/41ad0fab4bb3bf5348b0af9612159cfd93173a57bbca98fecb50fa6f3ab97d28?s=96&d=mm&r=g","url":"https:\/\/secure.gravatar.com\/avatar\/41ad0fab4bb3bf5348b0af9612159cfd93173a57bbca98fecb50fa6f3ab97d28?s=96&d=mm&r=g","contentUrl":"https:\/\/secure.gravatar.com\/avatar\/41ad0fab4bb3bf5348b0af9612159cfd93173a57bbca98fecb50fa6f3ab97d28?s=96&d=mm&r=g","caption":"adminpcb"},"url":"https:\/\/www.pcb.ub.edu\/es\/author\/adminpcb\/"}]}},"_links":{"self":[{"href":"https:\/\/www.pcb.ub.edu\/es\/wp-json\/wp\/v2\/posts\/37185","targetHints":{"allow":["GET"]}}],"collection":[{"href":"https:\/\/www.pcb.ub.edu\/es\/wp-json\/wp\/v2\/posts"}],"about":[{"href":"https:\/\/www.pcb.ub.edu\/es\/wp-json\/wp\/v2\/types\/post"}],"author":[{"embeddable":true,"href":"https:\/\/www.pcb.ub.edu\/es\/wp-json\/wp\/v2\/users\/1"}],"replies":[{"embeddable":true,"href":"https:\/\/www.pcb.ub.edu\/es\/wp-json\/wp\/v2\/comments?post=37185"}],"version-history":[{"count":1,"href":"https:\/\/www.pcb.ub.edu\/es\/wp-json\/wp\/v2\/posts\/37185\/revisions"}],"predecessor-version":[{"id":43424,"href":"https:\/\/www.pcb.ub.edu\/es\/wp-json\/wp\/v2\/posts\/37185\/revisions\/43424"}],"wp:attachment":[{"href":"https:\/\/www.pcb.ub.edu\/es\/wp-json\/wp\/v2\/media?parent=37185"}],"wp:term":[{"taxonomy":"category","embeddable":true,"href":"https:\/\/www.pcb.ub.edu\/es\/wp-json\/wp\/v2\/categories?post=37185"},{"taxonomy":"post_tag","embeddable":true,"href":"https:\/\/www.pcb.ub.edu\/es\/wp-json\/wp\/v2\/tags?post=37185"}],"curies":[{"name":"wp","href":"https:\/\/api.w.org\/{rel}","templated":true}]}}