{"id":36933,"date":"2009-10-21T00:00:00","date_gmt":"2009-10-20T23:00:00","guid":{"rendered":"http:\/\/www.pcb.ub.edu\/\/el-pcb-abre-la-tercera-convocatoria-de-becas-de-formacion-en-la-investigacion\/"},"modified":"2020-11-16T16:14:29","modified_gmt":"2020-11-16T15:14:29","slug":"el-pcb-abre-la-tercera-convocatoria-de-becas-de-formacion-en-la-investigacion","status":"publish","type":"post","link":"https:\/\/www.pcb.ub.edu\/es\/el-pcb-abre-la-tercera-convocatoria-de-becas-de-formacion-en-la-investigacion\/","title":{"rendered":"El PCB abre la tercera convocatoria de becas de formaci\u00f3n en la investigaci\u00f3n"},"content":{"rendered":"<p>La convocatoria, que se puede consultar a trav\u00e9s de la web del PCB, est\u00e1 dirigida a estudiantes de tercer ciclo que est\u00e9n en posesi\u00f3n del t\u00edtulo de licenciado en medicina, ciencias o ingenier\u00eda, y que hayan obtenido el t\u00edtulo con posterioridad en enero de 2007 aunque se contemplan algunas excepciones.  <\/p>\n<p> Las personas que quieran solicitar esta beca tendr\u00e1n que presentar el impreso normalizado a la Unidad de Gesti\u00f3n de Proyectos de Investigaci\u00f3n del Parc (Edificio Cl\u00faster) antes del d\u00eda 20 de noviembre de 2009, que es la fecha en que finaliza el plazo de presentaci\u00f3n. Los impresos se podr\u00e1n obtener a la mencionada Unidad o bien a trav\u00e9s de la <a href=\"http:\/\/www.pcb.ub.cat\/homePCB\/live\/es\/p1711.asp\" class=\"email\">web del Parc Cient\u00edfic Barcelona<\/a>. <\/p>\n<p> M\u00e1s informaci\u00f3: <a class=\"email\" href=\"mailto:direcciocientifica@pcb.ub.cat\">direcciocientifica@pcb.ub.cat<\/a> <\/p>\n","protected":false},"excerpt":{"rendered":"<p>La Direcci\u00f3n del Parc Cient\u00edfic Barcelona (PCB) convoca la tercera edici\u00f3n de su programa de becas predoctorales, que tiene como objetivo promover la formaci\u00f3n de investigadores. Esta beca, que tiene una duraci\u00f3n de dos a\u00f1os, podr\u00e1 prolongarse con dos a\u00f1os m\u00e1s de contrato laboral con el PCB, lo cual supone una ventaja de cara a la inserci\u00f3n posterior de los nuevos doctorandos en el mundo laboral. <\/p>\n","protected":false},"author":1,"featured_media":0,"comment_status":"closed","ping_status":"open","sticky":false,"template":"","format":"standard","meta":{"_acf_changed":false,"inline_featured_image":false,"footnotes":""},"categories":[9],"tags":[],"class_list":["post-36933","post","type-post","status-publish","format-standard","category-sin-categorizar"],"acf":[],"yoast_head":"<!-- This site is optimized with the Yoast SEO plugin v27.3 - https:\/\/yoast.com\/product\/yoast-seo-wordpress\/ -->\n<title>El PCB abre la tercera convocatoria de becas de formaci\u00f3n en la investigaci\u00f3n - Parc Cient\u00edfic de Barcelona<\/title>\n<meta name=\"robots\" content=\"index, follow, max-snippet:-1, max-image-preview:large, max-video-preview:-1\" \/>\n<link rel=\"canonical\" href=\"https:\/\/www.pcb.ub.edu\/es\/el-pcb-abre-la-tercera-convocatoria-de-becas-de-formacion-en-la-investigacion\/\" \/>\n<meta property=\"og:locale\" content=\"es_ES\" \/>\n<meta property=\"og:type\" content=\"article\" \/>\n<meta property=\"og:title\" content=\"El PCB abre la tercera convocatoria de becas de formaci\u00f3n en la investigaci\u00f3n - Parc Cient\u00edfic de Barcelona\" \/>\n<meta property=\"og:description\" content=\"La Direcci\u00f3n del Parc Cient\u00edfic Barcelona (PCB) convoca la tercera edici\u00f3n de su programa de becas predoctorales, que tiene como objetivo promover la formaci\u00f3n de investigadores. Esta beca, que tiene una duraci\u00f3n de dos a\u00f1os, podr\u00e1 prolongarse con dos a\u00f1os m\u00e1s de contrato laboral con el PCB, lo cual supone una ventaja de cara a la inserci\u00f3n posterior de los nuevos doctorandos en el mundo laboral.\" \/>\n<meta property=\"og:url\" content=\"https:\/\/www.pcb.ub.edu\/es\/el-pcb-abre-la-tercera-convocatoria-de-becas-de-formacion-en-la-investigacion\/\" \/>\n<meta property=\"og:site_name\" content=\"Parc Cient\u00edfic de Barcelona\" \/>\n<meta property=\"article:published_time\" content=\"2009-10-20T23:00:00+00:00\" \/>\n<meta property=\"article:modified_time\" content=\"2020-11-16T15:14:29+00:00\" \/>\n<meta name=\"author\" content=\"adminpcb\" \/>\n<meta name=\"twitter:card\" content=\"summary_large_image\" \/>\n<meta name=\"twitter:label1\" content=\"Escrito por\" \/>\n\t<meta name=\"twitter:data1\" content=\"adminpcb\" \/>\n\t<meta name=\"twitter:label2\" content=\"Tiempo de lectura\" \/>\n\t<meta name=\"twitter:data2\" content=\"1 minuto\" \/>\n<script type=\"application\/ld+json\" class=\"yoast-schema-graph\">{\"@context\":\"https:\\\/\\\/schema.org\",\"@graph\":[{\"@type\":\"Article\",\"@id\":\"https:\\\/\\\/www.pcb.ub.edu\\\/es\\\/el-pcb-abre-la-tercera-convocatoria-de-becas-de-formacion-en-la-investigacion\\\/#article\",\"isPartOf\":{\"@id\":\"https:\\\/\\\/www.pcb.ub.edu\\\/es\\\/el-pcb-abre-la-tercera-convocatoria-de-becas-de-formacion-en-la-investigacion\\\/\"},\"author\":{\"name\":\"adminpcb\",\"@id\":\"https:\\\/\\\/www.pcb.ub.edu\\\/es\\\/#\\\/schema\\\/person\\\/d13cab05cd0a75b17fddca8496481021\"},\"headline\":\"El PCB abre la tercera convocatoria de becas de formaci\u00f3n en la investigaci\u00f3n\",\"datePublished\":\"2009-10-20T23:00:00+00:00\",\"dateModified\":\"2020-11-16T15:14:29+00:00\",\"mainEntityOfPage\":{\"@id\":\"https:\\\/\\\/www.pcb.ub.edu\\\/es\\\/el-pcb-abre-la-tercera-convocatoria-de-becas-de-formacion-en-la-investigacion\\\/\"},\"wordCount\":149,\"articleSection\":[\"Sin categorizar\"],\"inLanguage\":\"es\"},{\"@type\":\"WebPage\",\"@id\":\"https:\\\/\\\/www.pcb.ub.edu\\\/es\\\/el-pcb-abre-la-tercera-convocatoria-de-becas-de-formacion-en-la-investigacion\\\/\",\"url\":\"https:\\\/\\\/www.pcb.ub.edu\\\/es\\\/el-pcb-abre-la-tercera-convocatoria-de-becas-de-formacion-en-la-investigacion\\\/\",\"name\":\"El PCB abre la tercera convocatoria de becas de formaci\u00f3n en la investigaci\u00f3n - Parc Cient\u00edfic de Barcelona\",\"isPartOf\":{\"@id\":\"https:\\\/\\\/www.pcb.ub.edu\\\/es\\\/#website\"},\"datePublished\":\"2009-10-20T23:00:00+00:00\",\"dateModified\":\"2020-11-16T15:14:29+00:00\",\"author\":{\"@id\":\"https:\\\/\\\/www.pcb.ub.edu\\\/es\\\/#\\\/schema\\\/person\\\/d13cab05cd0a75b17fddca8496481021\"},\"breadcrumb\":{\"@id\":\"https:\\\/\\\/www.pcb.ub.edu\\\/es\\\/el-pcb-abre-la-tercera-convocatoria-de-becas-de-formacion-en-la-investigacion\\\/#breadcrumb\"},\"inLanguage\":\"es\",\"potentialAction\":[{\"@type\":\"ReadAction\",\"target\":[\"https:\\\/\\\/www.pcb.ub.edu\\\/es\\\/el-pcb-abre-la-tercera-convocatoria-de-becas-de-formacion-en-la-investigacion\\\/\"]}]},{\"@type\":\"BreadcrumbList\",\"@id\":\"https:\\\/\\\/www.pcb.ub.edu\\\/es\\\/el-pcb-abre-la-tercera-convocatoria-de-becas-de-formacion-en-la-investigacion\\\/#breadcrumb\",\"itemListElement\":[{\"@type\":\"ListItem\",\"position\":1,\"name\":\"Home\",\"item\":\"https:\\\/\\\/www.pcb.ub.edu\\\/es\\\/\"},{\"@type\":\"ListItem\",\"position\":2,\"name\":\"El PCB abre la tercera convocatoria de becas de formaci\u00f3n en la investigaci\u00f3n\"}]},{\"@type\":\"WebSite\",\"@id\":\"https:\\\/\\\/www.pcb.ub.edu\\\/es\\\/#website\",\"url\":\"https:\\\/\\\/www.pcb.ub.edu\\\/es\\\/\",\"name\":\"Parc Cient\u00edfic de Barcelona\",\"description\":\"Universitat de Barcelona\",\"potentialAction\":[{\"@type\":\"SearchAction\",\"target\":{\"@type\":\"EntryPoint\",\"urlTemplate\":\"https:\\\/\\\/www.pcb.ub.edu\\\/es\\\/?s={search_term_string}\"},\"query-input\":{\"@type\":\"PropertyValueSpecification\",\"valueRequired\":true,\"valueName\":\"search_term_string\"}}],\"inLanguage\":\"es\"},{\"@type\":\"Person\",\"@id\":\"https:\\\/\\\/www.pcb.ub.edu\\\/es\\\/#\\\/schema\\\/person\\\/d13cab05cd0a75b17fddca8496481021\",\"name\":\"adminpcb\",\"image\":{\"@type\":\"ImageObject\",\"inLanguage\":\"es\",\"@id\":\"https:\\\/\\\/secure.gravatar.com\\\/avatar\\\/41ad0fab4bb3bf5348b0af9612159cfd93173a57bbca98fecb50fa6f3ab97d28?s=96&d=mm&r=g\",\"url\":\"https:\\\/\\\/secure.gravatar.com\\\/avatar\\\/41ad0fab4bb3bf5348b0af9612159cfd93173a57bbca98fecb50fa6f3ab97d28?s=96&d=mm&r=g\",\"contentUrl\":\"https:\\\/\\\/secure.gravatar.com\\\/avatar\\\/41ad0fab4bb3bf5348b0af9612159cfd93173a57bbca98fecb50fa6f3ab97d28?s=96&d=mm&r=g\",\"caption\":\"adminpcb\"},\"url\":\"https:\\\/\\\/www.pcb.ub.edu\\\/es\\\/author\\\/adminpcb\\\/\"}]}<\/script>\n<!-- \/ Yoast SEO plugin. -->","yoast_head_json":{"title":"El PCB abre la tercera convocatoria de becas de formaci\u00f3n en la investigaci\u00f3n - Parc Cient\u00edfic de Barcelona","robots":{"index":"index","follow":"follow","max-snippet":"max-snippet:-1","max-image-preview":"max-image-preview:large","max-video-preview":"max-video-preview:-1"},"canonical":"https:\/\/www.pcb.ub.edu\/es\/el-pcb-abre-la-tercera-convocatoria-de-becas-de-formacion-en-la-investigacion\/","og_locale":"es_ES","og_type":"article","og_title":"El PCB abre la tercera convocatoria de becas de formaci\u00f3n en la investigaci\u00f3n - Parc Cient\u00edfic de Barcelona","og_description":"La Direcci\u00f3n del Parc Cient\u00edfic Barcelona (PCB) convoca la tercera edici\u00f3n de su programa de becas predoctorales, que tiene como objetivo promover la formaci\u00f3n de investigadores. Esta beca, que tiene una duraci\u00f3n de dos a\u00f1os, podr\u00e1 prolongarse con dos a\u00f1os m\u00e1s de contrato laboral con el PCB, lo cual supone una ventaja de cara a la inserci\u00f3n posterior de los nuevos doctorandos en el mundo laboral.","og_url":"https:\/\/www.pcb.ub.edu\/es\/el-pcb-abre-la-tercera-convocatoria-de-becas-de-formacion-en-la-investigacion\/","og_site_name":"Parc Cient\u00edfic de Barcelona","article_published_time":"2009-10-20T23:00:00+00:00","article_modified_time":"2020-11-16T15:14:29+00:00","author":"adminpcb","twitter_card":"summary_large_image","twitter_misc":{"Escrito por":"adminpcb","Tiempo de lectura":"1 minuto"},"schema":{"@context":"https:\/\/schema.org","@graph":[{"@type":"Article","@id":"https:\/\/www.pcb.ub.edu\/es\/el-pcb-abre-la-tercera-convocatoria-de-becas-de-formacion-en-la-investigacion\/#article","isPartOf":{"@id":"https:\/\/www.pcb.ub.edu\/es\/el-pcb-abre-la-tercera-convocatoria-de-becas-de-formacion-en-la-investigacion\/"},"author":{"name":"adminpcb","@id":"https:\/\/www.pcb.ub.edu\/es\/#\/schema\/person\/d13cab05cd0a75b17fddca8496481021"},"headline":"El PCB abre la tercera convocatoria de becas de formaci\u00f3n en la investigaci\u00f3n","datePublished":"2009-10-20T23:00:00+00:00","dateModified":"2020-11-16T15:14:29+00:00","mainEntityOfPage":{"@id":"https:\/\/www.pcb.ub.edu\/es\/el-pcb-abre-la-tercera-convocatoria-de-becas-de-formacion-en-la-investigacion\/"},"wordCount":149,"articleSection":["Sin categorizar"],"inLanguage":"es"},{"@type":"WebPage","@id":"https:\/\/www.pcb.ub.edu\/es\/el-pcb-abre-la-tercera-convocatoria-de-becas-de-formacion-en-la-investigacion\/","url":"https:\/\/www.pcb.ub.edu\/es\/el-pcb-abre-la-tercera-convocatoria-de-becas-de-formacion-en-la-investigacion\/","name":"El PCB abre la tercera convocatoria de becas de formaci\u00f3n en la investigaci\u00f3n - Parc Cient\u00edfic de Barcelona","isPartOf":{"@id":"https:\/\/www.pcb.ub.edu\/es\/#website"},"datePublished":"2009-10-20T23:00:00+00:00","dateModified":"2020-11-16T15:14:29+00:00","author":{"@id":"https:\/\/www.pcb.ub.edu\/es\/#\/schema\/person\/d13cab05cd0a75b17fddca8496481021"},"breadcrumb":{"@id":"https:\/\/www.pcb.ub.edu\/es\/el-pcb-abre-la-tercera-convocatoria-de-becas-de-formacion-en-la-investigacion\/#breadcrumb"},"inLanguage":"es","potentialAction":[{"@type":"ReadAction","target":["https:\/\/www.pcb.ub.edu\/es\/el-pcb-abre-la-tercera-convocatoria-de-becas-de-formacion-en-la-investigacion\/"]}]},{"@type":"BreadcrumbList","@id":"https:\/\/www.pcb.ub.edu\/es\/el-pcb-abre-la-tercera-convocatoria-de-becas-de-formacion-en-la-investigacion\/#breadcrumb","itemListElement":[{"@type":"ListItem","position":1,"name":"Home","item":"https:\/\/www.pcb.ub.edu\/es\/"},{"@type":"ListItem","position":2,"name":"El PCB abre la tercera convocatoria de becas de formaci\u00f3n en la investigaci\u00f3n"}]},{"@type":"WebSite","@id":"https:\/\/www.pcb.ub.edu\/es\/#website","url":"https:\/\/www.pcb.ub.edu\/es\/","name":"Parc Cient\u00edfic de Barcelona","description":"Universitat de Barcelona","potentialAction":[{"@type":"SearchAction","target":{"@type":"EntryPoint","urlTemplate":"https:\/\/www.pcb.ub.edu\/es\/?s={search_term_string}"},"query-input":{"@type":"PropertyValueSpecification","valueRequired":true,"valueName":"search_term_string"}}],"inLanguage":"es"},{"@type":"Person","@id":"https:\/\/www.pcb.ub.edu\/es\/#\/schema\/person\/d13cab05cd0a75b17fddca8496481021","name":"adminpcb","image":{"@type":"ImageObject","inLanguage":"es","@id":"https:\/\/secure.gravatar.com\/avatar\/41ad0fab4bb3bf5348b0af9612159cfd93173a57bbca98fecb50fa6f3ab97d28?s=96&d=mm&r=g","url":"https:\/\/secure.gravatar.com\/avatar\/41ad0fab4bb3bf5348b0af9612159cfd93173a57bbca98fecb50fa6f3ab97d28?s=96&d=mm&r=g","contentUrl":"https:\/\/secure.gravatar.com\/avatar\/41ad0fab4bb3bf5348b0af9612159cfd93173a57bbca98fecb50fa6f3ab97d28?s=96&d=mm&r=g","caption":"adminpcb"},"url":"https:\/\/www.pcb.ub.edu\/es\/author\/adminpcb\/"}]}},"_links":{"self":[{"href":"https:\/\/www.pcb.ub.edu\/es\/wp-json\/wp\/v2\/posts\/36933","targetHints":{"allow":["GET"]}}],"collection":[{"href":"https:\/\/www.pcb.ub.edu\/es\/wp-json\/wp\/v2\/posts"}],"about":[{"href":"https:\/\/www.pcb.ub.edu\/es\/wp-json\/wp\/v2\/types\/post"}],"author":[{"embeddable":true,"href":"https:\/\/www.pcb.ub.edu\/es\/wp-json\/wp\/v2\/users\/1"}],"replies":[{"embeddable":true,"href":"https:\/\/www.pcb.ub.edu\/es\/wp-json\/wp\/v2\/comments?post=36933"}],"version-history":[{"count":1,"href":"https:\/\/www.pcb.ub.edu\/es\/wp-json\/wp\/v2\/posts\/36933\/revisions"}],"predecessor-version":[{"id":43205,"href":"https:\/\/www.pcb.ub.edu\/es\/wp-json\/wp\/v2\/posts\/36933\/revisions\/43205"}],"wp:attachment":[{"href":"https:\/\/www.pcb.ub.edu\/es\/wp-json\/wp\/v2\/media?parent=36933"}],"wp:term":[{"taxonomy":"category","embeddable":true,"href":"https:\/\/www.pcb.ub.edu\/es\/wp-json\/wp\/v2\/categories?post=36933"},{"taxonomy":"post_tag","embeddable":true,"href":"https:\/\/www.pcb.ub.edu\/es\/wp-json\/wp\/v2\/tags?post=36933"}],"curies":[{"name":"wp","href":"https:\/\/api.w.org\/{rel}","templated":true}]}}