{"id":36834,"date":"2009-05-06T00:00:00","date_gmt":"2009-05-05T23:00:00","guid":{"rendered":"http:\/\/www.pcb.ub.edu\/\/un-estudio-del-grupo-the-si-m-bio-sys-revela-datos-ineditos-sobre-los-ritmos-circadianos\/"},"modified":"2020-11-16T16:14:09","modified_gmt":"2020-11-16T15:14:09","slug":"un-estudio-del-grupo-the-si-m-bio-sys-revela-datos-ineditos-sobre-los-ritmos-circadianos","status":"publish","type":"post","link":"https:\/\/www.pcb.ub.edu\/es\/un-estudio-del-grupo-the-si-m-bio-sys-revela-datos-ineditos-sobre-los-ritmos-circadianos\/","title":{"rendered":"Un estudio del grupo The.Si.M.Bio.Sys. revela datos in\u00e9ditos sobre los ritmos circadianos"},"content":{"rendered":"<p>En organismos superiores, como los mam\u00edferos, los ritmos circadianos est\u00e1n generados por un reloj gen\u00e9tico multicelular, situado en dos regiones del hipot\u00e1lamo conectadas entre s\u00ed \u2013denominadas n\u00facleos supraquiasm\u00e1ticos (NSQ)\u2013, con unas 10.000 neuronas cada una. Para generar y regular los ritmos circadianos, nuestro reloj biol\u00f3gico se sirve del comportamiento celular \u00abcooperativo\u00bb de las neuronas del NSQ. Estas neuronas generan oscilaciones auto- sostenidas y coherentes, e interact\u00faan de forma acoplada \u2013a trav\u00e9s de un circuito gen\u00e9tico\u2013 formando un ritmo \u00fanico (ritmo circadiano), modulado muy eficientemente por el ciclo de alternancia luz\u2013oscuridad de las 24 horas del d\u00eda.  <\/p>\n<p> Varios estudios hab\u00edan demostrado que la arritmia estaba relacionada con la carencia de coordinaci\u00f3n entre las expresiones peri\u00f3dicas de prote\u00ednas de las neuronas del NSQ: cuando un animal se vuelve arr\u00edtmico, estas est\u00e1n desincronizadas. Tambi\u00e9n se sab\u00eda que la luz constante es una de las causas de la arritmia. Las neuronas s\u00f3lo son capaces de generar oscilaciones auto-sostenidas y coherentes si la iluminaci\u00f3n es suficientemente baja. Pero cuando se incrementa la intensidad, el comportamiento coherente se pierde y el ritmo biol\u00f3gico se distorsiona: los animales se vuelven arr\u00edtmicos.  <\/p>\n<p> Los investigadores del estudio se plantearon la posibilidad de recuperar la ritmicidad de un animal en estas condiciones, mediante fluctuaciones en la intensidad de la luz, y decidieron utilizar t\u00e9cnicas de modelizaci\u00f3n matem\u00e1tica para simular las interacciones gen\u00e9ticas y celulares del sistema neuro-fisiol\u00f3gico que regula el reloj biol\u00f3gico. Este experimento <i>in silico<\/i> tiene gran inter\u00e9s porque ha permitido descubrir que las fluctuaciones en la intensidad de la luz ayudan a restablecer la ritmicidad y la coherencia de los ritmos circadianos, y no la distorsionan, como se podr\u00eda pensar de forma intuitiva.  <\/p>\n<p> En el trabajo los cient\u00edficos tambi\u00e9n investigaron como la interacci\u00f3n entre las fluctuaciones de la luz y el acoplamiento intercelular afectaba la din\u00e1mica del ritmo colectivo. Los resultados de la investigaci\u00f3n han contribuido a mejorar la comprensi\u00f3n del circuito gen\u00e9tico de las aproximadamente 20.000 neuronas que controlan los ritmos circadianos, y profundizar sobre la influencia de la expresi\u00f3n peri\u00f3dica de las prote\u00ednas en el proceso de sincronizaci\u00f3n de este reloj multicelular.  <\/p>\n<p> Para avalar las hip\u00f3tesis de este estudio <i>in silico<\/i>,  sus autores est\u00e1n realizando ensayos <i>in vivo<\/i> con ratones, liderados por Antoni D\u00edez-Noguera, decano de la Facultad de Farmacia de la Universitat de Barcelona, i l\u00edder del grupo de Cronobiolog\u00eda del Departamento de Fisiolog\u00eda de esta Facultad. D\u00edez-Noguera trabaja desde hace m\u00e1s de 30 a\u00f1os en el estudio del sistema circadiano de los roedores.<\/p>\n","protected":false},"excerpt":{"rendered":"<p>Las fluctuaciones en la intensidad de la luz permiten recuperar la regularidad de los ritmos circadianos. Esta es la principal conclusi\u00f3n de un trabajo realizado por Javier Buceta, l\u00edder del grupo <a href=\"http:\/\/www.pcb.ub.es\/homePCB\/live\/es\/p1051.asp\" class=\"email\">The.Si.M.Bio.Sys. Group<\/a> (Modelizaci\u00f3n Te\u00f3rica y In Silico de Sistemas Biol\u00f3gicos) del centro Co.S.Mo Lab \u2013con sede en el Parc Cient\u00edfic Barcelona\u2013 y Antoni D\u00edez-Noguera, decano de la Facultad de Farmacia de la Universitat de Barcelona y l\u00edder del grupo de cronobiolog\u00eda del Departamento de Fisiolog\u00eda de esta facultad. En la investigaci\u00f3n tambi\u00e9n han colaborado Ekkehard Ullner y J. Garc\u00eda Ojalvo, de la Universitat Polit\u00e8cnica de Catalunya. El estudio, que se publica hoy 6 de mayo en <i>Biophysical Journal<\/i>, bajo el t\u00edtulo \u00ab<i>Noise-induced coherence in multicellular circadian clocks<\/i>\u00bb (<a>doi:10.1016\/j.bpj.2009.02.031<\/a>), protagoniza la portada de la revista. <\/p>\n","protected":false},"author":1,"featured_media":0,"comment_status":"closed","ping_status":"open","sticky":false,"template":"","format":"standard","meta":{"_acf_changed":false,"inline_featured_image":false,"footnotes":""},"categories":[9],"tags":[],"class_list":["post-36834","post","type-post","status-publish","format-standard","category-sin-categorizar"],"acf":[],"yoast_head":"<!-- This site is optimized with the Yoast SEO plugin v27.3 - https:\/\/yoast.com\/product\/yoast-seo-wordpress\/ -->\n<title>Un estudio del grupo The.Si.M.Bio.Sys. revela datos in\u00e9ditos sobre los ritmos circadianos - Parc Cient\u00edfic de Barcelona<\/title>\n<meta name=\"robots\" content=\"index, follow, max-snippet:-1, max-image-preview:large, max-video-preview:-1\" \/>\n<link rel=\"canonical\" href=\"https:\/\/www.pcb.ub.edu\/es\/un-estudio-del-grupo-the-si-m-bio-sys-revela-datos-ineditos-sobre-los-ritmos-circadianos\/\" \/>\n<meta property=\"og:locale\" content=\"es_ES\" \/>\n<meta property=\"og:type\" content=\"article\" \/>\n<meta property=\"og:title\" content=\"Un estudio del grupo The.Si.M.Bio.Sys. revela datos in\u00e9ditos sobre los ritmos circadianos - Parc Cient\u00edfic de Barcelona\" \/>\n<meta property=\"og:description\" content=\"Las fluctuaciones en la intensidad de la luz permiten recuperar la regularidad de los ritmos circadianos. Esta es la principal conclusi\u00f3n de un trabajo realizado por Javier Buceta, l\u00edder del grupo The.Si.M.Bio.Sys. Group (Modelizaci\u00f3n Te\u00f3rica y In Silico de Sistemas Biol\u00f3gicos) del centro Co.S.Mo Lab \u2013con sede en el Parc Cient\u00edfic Barcelona\u2013 y Antoni D\u00edez-Noguera, decano de la Facultad de Farmacia de la Universitat de Barcelona y l\u00edder del grupo de cronobiolog\u00eda del Departamento de Fisiolog\u00eda de esta facultad. En la investigaci\u00f3n tambi\u00e9n han colaborado Ekkehard Ullner y J. Garc\u00eda Ojalvo, de la Universitat Polit\u00e8cnica de Catalunya. El estudio, que se publica hoy 6 de mayo en Biophysical Journal, bajo el t\u00edtulo &quot;Noise-induced coherence in multicellular circadian clocks&quot; (doi:10.1016\/j.bpj.2009.02.031), protagoniza la portada de la revista.\" \/>\n<meta property=\"og:url\" content=\"https:\/\/www.pcb.ub.edu\/es\/un-estudio-del-grupo-the-si-m-bio-sys-revela-datos-ineditos-sobre-los-ritmos-circadianos\/\" \/>\n<meta property=\"og:site_name\" content=\"Parc Cient\u00edfic de Barcelona\" \/>\n<meta property=\"article:published_time\" content=\"2009-05-05T23:00:00+00:00\" \/>\n<meta property=\"article:modified_time\" content=\"2020-11-16T15:14:09+00:00\" \/>\n<meta name=\"author\" content=\"adminpcb\" \/>\n<meta name=\"twitter:card\" content=\"summary_large_image\" \/>\n<meta name=\"twitter:label1\" content=\"Escrito por\" \/>\n\t<meta name=\"twitter:data1\" content=\"adminpcb\" \/>\n\t<meta name=\"twitter:label2\" content=\"Tiempo de lectura\" \/>\n\t<meta name=\"twitter:data2\" content=\"2 minutos\" \/>\n<script type=\"application\/ld+json\" class=\"yoast-schema-graph\">{\"@context\":\"https:\\\/\\\/schema.org\",\"@graph\":[{\"@type\":\"Article\",\"@id\":\"https:\\\/\\\/www.pcb.ub.edu\\\/es\\\/un-estudio-del-grupo-the-si-m-bio-sys-revela-datos-ineditos-sobre-los-ritmos-circadianos\\\/#article\",\"isPartOf\":{\"@id\":\"https:\\\/\\\/www.pcb.ub.edu\\\/es\\\/un-estudio-del-grupo-the-si-m-bio-sys-revela-datos-ineditos-sobre-los-ritmos-circadianos\\\/\"},\"author\":{\"name\":\"adminpcb\",\"@id\":\"https:\\\/\\\/www.pcb.ub.edu\\\/es\\\/#\\\/schema\\\/person\\\/d13cab05cd0a75b17fddca8496481021\"},\"headline\":\"Un estudio del grupo The.Si.M.Bio.Sys. revela datos in\u00e9ditos sobre los ritmos circadianos\",\"datePublished\":\"2009-05-05T23:00:00+00:00\",\"dateModified\":\"2020-11-16T15:14:09+00:00\",\"mainEntityOfPage\":{\"@id\":\"https:\\\/\\\/www.pcb.ub.edu\\\/es\\\/un-estudio-del-grupo-the-si-m-bio-sys-revela-datos-ineditos-sobre-los-ritmos-circadianos\\\/\"},\"wordCount\":474,\"articleSection\":[\"Sin categorizar\"],\"inLanguage\":\"es\"},{\"@type\":\"WebPage\",\"@id\":\"https:\\\/\\\/www.pcb.ub.edu\\\/es\\\/un-estudio-del-grupo-the-si-m-bio-sys-revela-datos-ineditos-sobre-los-ritmos-circadianos\\\/\",\"url\":\"https:\\\/\\\/www.pcb.ub.edu\\\/es\\\/un-estudio-del-grupo-the-si-m-bio-sys-revela-datos-ineditos-sobre-los-ritmos-circadianos\\\/\",\"name\":\"Un estudio del grupo The.Si.M.Bio.Sys. revela datos in\u00e9ditos sobre los ritmos circadianos - Parc Cient\u00edfic de Barcelona\",\"isPartOf\":{\"@id\":\"https:\\\/\\\/www.pcb.ub.edu\\\/es\\\/#website\"},\"datePublished\":\"2009-05-05T23:00:00+00:00\",\"dateModified\":\"2020-11-16T15:14:09+00:00\",\"author\":{\"@id\":\"https:\\\/\\\/www.pcb.ub.edu\\\/es\\\/#\\\/schema\\\/person\\\/d13cab05cd0a75b17fddca8496481021\"},\"breadcrumb\":{\"@id\":\"https:\\\/\\\/www.pcb.ub.edu\\\/es\\\/un-estudio-del-grupo-the-si-m-bio-sys-revela-datos-ineditos-sobre-los-ritmos-circadianos\\\/#breadcrumb\"},\"inLanguage\":\"es\",\"potentialAction\":[{\"@type\":\"ReadAction\",\"target\":[\"https:\\\/\\\/www.pcb.ub.edu\\\/es\\\/un-estudio-del-grupo-the-si-m-bio-sys-revela-datos-ineditos-sobre-los-ritmos-circadianos\\\/\"]}]},{\"@type\":\"BreadcrumbList\",\"@id\":\"https:\\\/\\\/www.pcb.ub.edu\\\/es\\\/un-estudio-del-grupo-the-si-m-bio-sys-revela-datos-ineditos-sobre-los-ritmos-circadianos\\\/#breadcrumb\",\"itemListElement\":[{\"@type\":\"ListItem\",\"position\":1,\"name\":\"Home\",\"item\":\"https:\\\/\\\/www.pcb.ub.edu\\\/es\\\/\"},{\"@type\":\"ListItem\",\"position\":2,\"name\":\"Un estudio del grupo The.Si.M.Bio.Sys. revela datos in\u00e9ditos sobre los ritmos circadianos\"}]},{\"@type\":\"WebSite\",\"@id\":\"https:\\\/\\\/www.pcb.ub.edu\\\/es\\\/#website\",\"url\":\"https:\\\/\\\/www.pcb.ub.edu\\\/es\\\/\",\"name\":\"Parc Cient\u00edfic de Barcelona\",\"description\":\"Universitat de Barcelona\",\"potentialAction\":[{\"@type\":\"SearchAction\",\"target\":{\"@type\":\"EntryPoint\",\"urlTemplate\":\"https:\\\/\\\/www.pcb.ub.edu\\\/es\\\/?s={search_term_string}\"},\"query-input\":{\"@type\":\"PropertyValueSpecification\",\"valueRequired\":true,\"valueName\":\"search_term_string\"}}],\"inLanguage\":\"es\"},{\"@type\":\"Person\",\"@id\":\"https:\\\/\\\/www.pcb.ub.edu\\\/es\\\/#\\\/schema\\\/person\\\/d13cab05cd0a75b17fddca8496481021\",\"name\":\"adminpcb\",\"image\":{\"@type\":\"ImageObject\",\"inLanguage\":\"es\",\"@id\":\"https:\\\/\\\/secure.gravatar.com\\\/avatar\\\/41ad0fab4bb3bf5348b0af9612159cfd93173a57bbca98fecb50fa6f3ab97d28?s=96&d=mm&r=g\",\"url\":\"https:\\\/\\\/secure.gravatar.com\\\/avatar\\\/41ad0fab4bb3bf5348b0af9612159cfd93173a57bbca98fecb50fa6f3ab97d28?s=96&d=mm&r=g\",\"contentUrl\":\"https:\\\/\\\/secure.gravatar.com\\\/avatar\\\/41ad0fab4bb3bf5348b0af9612159cfd93173a57bbca98fecb50fa6f3ab97d28?s=96&d=mm&r=g\",\"caption\":\"adminpcb\"},\"url\":\"https:\\\/\\\/www.pcb.ub.edu\\\/es\\\/author\\\/adminpcb\\\/\"}]}<\/script>\n<!-- \/ Yoast SEO plugin. -->","yoast_head_json":{"title":"Un estudio del grupo The.Si.M.Bio.Sys. revela datos in\u00e9ditos sobre los ritmos circadianos - Parc Cient\u00edfic de Barcelona","robots":{"index":"index","follow":"follow","max-snippet":"max-snippet:-1","max-image-preview":"max-image-preview:large","max-video-preview":"max-video-preview:-1"},"canonical":"https:\/\/www.pcb.ub.edu\/es\/un-estudio-del-grupo-the-si-m-bio-sys-revela-datos-ineditos-sobre-los-ritmos-circadianos\/","og_locale":"es_ES","og_type":"article","og_title":"Un estudio del grupo The.Si.M.Bio.Sys. revela datos in\u00e9ditos sobre los ritmos circadianos - Parc Cient\u00edfic de Barcelona","og_description":"Las fluctuaciones en la intensidad de la luz permiten recuperar la regularidad de los ritmos circadianos. Esta es la principal conclusi\u00f3n de un trabajo realizado por Javier Buceta, l\u00edder del grupo The.Si.M.Bio.Sys. Group (Modelizaci\u00f3n Te\u00f3rica y In Silico de Sistemas Biol\u00f3gicos) del centro Co.S.Mo Lab \u2013con sede en el Parc Cient\u00edfic Barcelona\u2013 y Antoni D\u00edez-Noguera, decano de la Facultad de Farmacia de la Universitat de Barcelona y l\u00edder del grupo de cronobiolog\u00eda del Departamento de Fisiolog\u00eda de esta facultad. En la investigaci\u00f3n tambi\u00e9n han colaborado Ekkehard Ullner y J. Garc\u00eda Ojalvo, de la Universitat Polit\u00e8cnica de Catalunya. El estudio, que se publica hoy 6 de mayo en Biophysical Journal, bajo el t\u00edtulo \"Noise-induced coherence in multicellular circadian clocks\" (doi:10.1016\/j.bpj.2009.02.031), protagoniza la portada de la revista.","og_url":"https:\/\/www.pcb.ub.edu\/es\/un-estudio-del-grupo-the-si-m-bio-sys-revela-datos-ineditos-sobre-los-ritmos-circadianos\/","og_site_name":"Parc Cient\u00edfic de Barcelona","article_published_time":"2009-05-05T23:00:00+00:00","article_modified_time":"2020-11-16T15:14:09+00:00","author":"adminpcb","twitter_card":"summary_large_image","twitter_misc":{"Escrito por":"adminpcb","Tiempo de lectura":"2 minutos"},"schema":{"@context":"https:\/\/schema.org","@graph":[{"@type":"Article","@id":"https:\/\/www.pcb.ub.edu\/es\/un-estudio-del-grupo-the-si-m-bio-sys-revela-datos-ineditos-sobre-los-ritmos-circadianos\/#article","isPartOf":{"@id":"https:\/\/www.pcb.ub.edu\/es\/un-estudio-del-grupo-the-si-m-bio-sys-revela-datos-ineditos-sobre-los-ritmos-circadianos\/"},"author":{"name":"adminpcb","@id":"https:\/\/www.pcb.ub.edu\/es\/#\/schema\/person\/d13cab05cd0a75b17fddca8496481021"},"headline":"Un estudio del grupo The.Si.M.Bio.Sys. revela datos in\u00e9ditos sobre los ritmos circadianos","datePublished":"2009-05-05T23:00:00+00:00","dateModified":"2020-11-16T15:14:09+00:00","mainEntityOfPage":{"@id":"https:\/\/www.pcb.ub.edu\/es\/un-estudio-del-grupo-the-si-m-bio-sys-revela-datos-ineditos-sobre-los-ritmos-circadianos\/"},"wordCount":474,"articleSection":["Sin categorizar"],"inLanguage":"es"},{"@type":"WebPage","@id":"https:\/\/www.pcb.ub.edu\/es\/un-estudio-del-grupo-the-si-m-bio-sys-revela-datos-ineditos-sobre-los-ritmos-circadianos\/","url":"https:\/\/www.pcb.ub.edu\/es\/un-estudio-del-grupo-the-si-m-bio-sys-revela-datos-ineditos-sobre-los-ritmos-circadianos\/","name":"Un estudio del grupo The.Si.M.Bio.Sys. revela datos in\u00e9ditos sobre los ritmos circadianos - Parc Cient\u00edfic de Barcelona","isPartOf":{"@id":"https:\/\/www.pcb.ub.edu\/es\/#website"},"datePublished":"2009-05-05T23:00:00+00:00","dateModified":"2020-11-16T15:14:09+00:00","author":{"@id":"https:\/\/www.pcb.ub.edu\/es\/#\/schema\/person\/d13cab05cd0a75b17fddca8496481021"},"breadcrumb":{"@id":"https:\/\/www.pcb.ub.edu\/es\/un-estudio-del-grupo-the-si-m-bio-sys-revela-datos-ineditos-sobre-los-ritmos-circadianos\/#breadcrumb"},"inLanguage":"es","potentialAction":[{"@type":"ReadAction","target":["https:\/\/www.pcb.ub.edu\/es\/un-estudio-del-grupo-the-si-m-bio-sys-revela-datos-ineditos-sobre-los-ritmos-circadianos\/"]}]},{"@type":"BreadcrumbList","@id":"https:\/\/www.pcb.ub.edu\/es\/un-estudio-del-grupo-the-si-m-bio-sys-revela-datos-ineditos-sobre-los-ritmos-circadianos\/#breadcrumb","itemListElement":[{"@type":"ListItem","position":1,"name":"Home","item":"https:\/\/www.pcb.ub.edu\/es\/"},{"@type":"ListItem","position":2,"name":"Un estudio del grupo The.Si.M.Bio.Sys. revela datos in\u00e9ditos sobre los ritmos circadianos"}]},{"@type":"WebSite","@id":"https:\/\/www.pcb.ub.edu\/es\/#website","url":"https:\/\/www.pcb.ub.edu\/es\/","name":"Parc Cient\u00edfic de Barcelona","description":"Universitat de Barcelona","potentialAction":[{"@type":"SearchAction","target":{"@type":"EntryPoint","urlTemplate":"https:\/\/www.pcb.ub.edu\/es\/?s={search_term_string}"},"query-input":{"@type":"PropertyValueSpecification","valueRequired":true,"valueName":"search_term_string"}}],"inLanguage":"es"},{"@type":"Person","@id":"https:\/\/www.pcb.ub.edu\/es\/#\/schema\/person\/d13cab05cd0a75b17fddca8496481021","name":"adminpcb","image":{"@type":"ImageObject","inLanguage":"es","@id":"https:\/\/secure.gravatar.com\/avatar\/41ad0fab4bb3bf5348b0af9612159cfd93173a57bbca98fecb50fa6f3ab97d28?s=96&d=mm&r=g","url":"https:\/\/secure.gravatar.com\/avatar\/41ad0fab4bb3bf5348b0af9612159cfd93173a57bbca98fecb50fa6f3ab97d28?s=96&d=mm&r=g","contentUrl":"https:\/\/secure.gravatar.com\/avatar\/41ad0fab4bb3bf5348b0af9612159cfd93173a57bbca98fecb50fa6f3ab97d28?s=96&d=mm&r=g","caption":"adminpcb"},"url":"https:\/\/www.pcb.ub.edu\/es\/author\/adminpcb\/"}]}},"_links":{"self":[{"href":"https:\/\/www.pcb.ub.edu\/es\/wp-json\/wp\/v2\/posts\/36834","targetHints":{"allow":["GET"]}}],"collection":[{"href":"https:\/\/www.pcb.ub.edu\/es\/wp-json\/wp\/v2\/posts"}],"about":[{"href":"https:\/\/www.pcb.ub.edu\/es\/wp-json\/wp\/v2\/types\/post"}],"author":[{"embeddable":true,"href":"https:\/\/www.pcb.ub.edu\/es\/wp-json\/wp\/v2\/users\/1"}],"replies":[{"embeddable":true,"href":"https:\/\/www.pcb.ub.edu\/es\/wp-json\/wp\/v2\/comments?post=36834"}],"version-history":[{"count":1,"href":"https:\/\/www.pcb.ub.edu\/es\/wp-json\/wp\/v2\/posts\/36834\/revisions"}],"predecessor-version":[{"id":43115,"href":"https:\/\/www.pcb.ub.edu\/es\/wp-json\/wp\/v2\/posts\/36834\/revisions\/43115"}],"wp:attachment":[{"href":"https:\/\/www.pcb.ub.edu\/es\/wp-json\/wp\/v2\/media?parent=36834"}],"wp:term":[{"taxonomy":"category","embeddable":true,"href":"https:\/\/www.pcb.ub.edu\/es\/wp-json\/wp\/v2\/categories?post=36834"},{"taxonomy":"post_tag","embeddable":true,"href":"https:\/\/www.pcb.ub.edu\/es\/wp-json\/wp\/v2\/tags?post=36834"}],"curies":[{"name":"wp","href":"https:\/\/api.w.org\/{rel}","templated":true}]}}