{"id":36826,"date":"2009-04-28T00:00:00","date_gmt":"2009-04-27T23:00:00","guid":{"rendered":"http:\/\/www.pcb.ub.edu\/\/el-pcb-acoge-una-jornada-de-ayudas-a-la-idi-en-colaboracion-con-las-empreses\/"},"modified":"2020-11-16T16:14:07","modified_gmt":"2020-11-16T15:14:07","slug":"el-pcb-acoge-una-jornada-de-ayudas-a-la-idi-en-colaboracion-con-las-empreses","status":"publish","type":"post","link":"https:\/\/www.pcb.ub.edu\/es\/el-pcb-acoge-una-jornada-de-ayudas-a-la-idi-en-colaboracion-con-las-empreses\/","title":{"rendered":"El PCB acoge una Jornada de ayudas a la I+D+i en colaboraci\u00f3n con las empreses"},"content":{"rendered":"<p>Finalizada la Conferencia, su ponente, Lu\u00eds Maeso, T\u00e9cnico del Departamento de Coordinaci\u00f3n y Dinamizaci\u00f3n del CDTI, ofrece entrevistas personalizadas de una duraci\u00f3n aprox. de 30 minutos cada una. Estas sesiones van dirigidas principalmente a investigadores con ideas de proyecto con empresas. La finalidad de dichas entrevistas es identificar proyectos y asesorar a los investigadores en conseguir ayudas en I+D+i.  <\/p>\n<p> <a>M\u00e1s informaci\u00f3n<\/a><\/p>\n","protected":false},"excerpt":{"rendered":"<p>Hoy, mi\u00e9rcoles 29 de abril, se celebra en el auditorio Antoni Caparr\u00f3s del Parc Cient\u00edfic de Barcelona la jornada <a>\u00abNuevas Ayudas a la I+D+i en colaboraci\u00f3n con empresas\u00bb<\/a>, que tiene como objetivo dar a conocer la nueva estrategia del Centro para el Desarrollo Tecnol\u00f3gico Industrial (<a>CDTI<\/a>)  para la inversi\u00f3n empresarial en proyectos de I+D+i en colaboraci\u00f3n con la universidad. El acto ha sido organizado por la Fundaci\u00f3n Bosch y Gimpera en colaboraci\u00f3n con el CDTI. <\/p>\n","protected":false},"author":1,"featured_media":0,"comment_status":"closed","ping_status":"open","sticky":false,"template":"","format":"standard","meta":{"_acf_changed":false,"inline_featured_image":false,"footnotes":""},"categories":[9],"tags":[],"class_list":["post-36826","post","type-post","status-publish","format-standard","category-sin-categorizar"],"acf":[],"yoast_head":"<!-- This site is optimized with the Yoast SEO plugin v27.3 - https:\/\/yoast.com\/product\/yoast-seo-wordpress\/ -->\n<title>El PCB acoge una Jornada de ayudas a la I+D+i en colaboraci\u00f3n con las empreses - Parc Cient\u00edfic de Barcelona<\/title>\n<meta name=\"robots\" content=\"index, follow, max-snippet:-1, max-image-preview:large, max-video-preview:-1\" \/>\n<link rel=\"canonical\" href=\"https:\/\/www.pcb.ub.edu\/es\/el-pcb-acoge-una-jornada-de-ayudas-a-la-idi-en-colaboracion-con-las-empreses\/\" \/>\n<meta property=\"og:locale\" content=\"es_ES\" \/>\n<meta property=\"og:type\" content=\"article\" \/>\n<meta property=\"og:title\" content=\"El PCB acoge una Jornada de ayudas a la I+D+i en colaboraci\u00f3n con las empreses - Parc Cient\u00edfic de Barcelona\" \/>\n<meta property=\"og:description\" content=\"Hoy, mi\u00e9rcoles 29 de abril, se celebra en el auditorio Antoni Caparr\u00f3s del Parc Cient\u00edfic de Barcelona la jornada &quot;Nuevas Ayudas a la I+D+i en colaboraci\u00f3n con empresas&quot;, que tiene como objetivo dar a conocer la nueva estrategia del Centro para el Desarrollo Tecnol\u00f3gico Industrial (CDTI) para la inversi\u00f3n empresarial en proyectos de I+D+i en colaboraci\u00f3n con la universidad. El acto ha sido organizado por la Fundaci\u00f3n Bosch y Gimpera en colaboraci\u00f3n con el CDTI.\" \/>\n<meta property=\"og:url\" content=\"https:\/\/www.pcb.ub.edu\/es\/el-pcb-acoge-una-jornada-de-ayudas-a-la-idi-en-colaboracion-con-las-empreses\/\" \/>\n<meta property=\"og:site_name\" content=\"Parc Cient\u00edfic de Barcelona\" \/>\n<meta property=\"article:published_time\" content=\"2009-04-27T23:00:00+00:00\" \/>\n<meta property=\"article:modified_time\" content=\"2020-11-16T15:14:07+00:00\" \/>\n<meta name=\"author\" content=\"adminpcb\" \/>\n<meta name=\"twitter:card\" content=\"summary_large_image\" \/>\n<meta name=\"twitter:label1\" content=\"Escrito por\" \/>\n\t<meta name=\"twitter:data1\" content=\"adminpcb\" \/>\n<script type=\"application\/ld+json\" class=\"yoast-schema-graph\">{\"@context\":\"https:\\\/\\\/schema.org\",\"@graph\":[{\"@type\":\"Article\",\"@id\":\"https:\\\/\\\/www.pcb.ub.edu\\\/es\\\/el-pcb-acoge-una-jornada-de-ayudas-a-la-idi-en-colaboracion-con-las-empreses\\\/#article\",\"isPartOf\":{\"@id\":\"https:\\\/\\\/www.pcb.ub.edu\\\/es\\\/el-pcb-acoge-una-jornada-de-ayudas-a-la-idi-en-colaboracion-con-las-empreses\\\/\"},\"author\":{\"name\":\"adminpcb\",\"@id\":\"https:\\\/\\\/www.pcb.ub.edu\\\/es\\\/#\\\/schema\\\/person\\\/d13cab05cd0a75b17fddca8496481021\"},\"headline\":\"El PCB acoge una Jornada de ayudas a la I+D+i en colaboraci\u00f3n con las empreses\",\"datePublished\":\"2009-04-27T23:00:00+00:00\",\"dateModified\":\"2020-11-16T15:14:07+00:00\",\"mainEntityOfPage\":{\"@id\":\"https:\\\/\\\/www.pcb.ub.edu\\\/es\\\/el-pcb-acoge-una-jornada-de-ayudas-a-la-idi-en-colaboracion-con-las-empreses\\\/\"},\"wordCount\":87,\"articleSection\":[\"Sin categorizar\"],\"inLanguage\":\"es\"},{\"@type\":\"WebPage\",\"@id\":\"https:\\\/\\\/www.pcb.ub.edu\\\/es\\\/el-pcb-acoge-una-jornada-de-ayudas-a-la-idi-en-colaboracion-con-las-empreses\\\/\",\"url\":\"https:\\\/\\\/www.pcb.ub.edu\\\/es\\\/el-pcb-acoge-una-jornada-de-ayudas-a-la-idi-en-colaboracion-con-las-empreses\\\/\",\"name\":\"El PCB acoge una Jornada de ayudas a la I+D+i en colaboraci\u00f3n con las empreses - Parc Cient\u00edfic de Barcelona\",\"isPartOf\":{\"@id\":\"https:\\\/\\\/www.pcb.ub.edu\\\/es\\\/#website\"},\"datePublished\":\"2009-04-27T23:00:00+00:00\",\"dateModified\":\"2020-11-16T15:14:07+00:00\",\"author\":{\"@id\":\"https:\\\/\\\/www.pcb.ub.edu\\\/es\\\/#\\\/schema\\\/person\\\/d13cab05cd0a75b17fddca8496481021\"},\"breadcrumb\":{\"@id\":\"https:\\\/\\\/www.pcb.ub.edu\\\/es\\\/el-pcb-acoge-una-jornada-de-ayudas-a-la-idi-en-colaboracion-con-las-empreses\\\/#breadcrumb\"},\"inLanguage\":\"es\",\"potentialAction\":[{\"@type\":\"ReadAction\",\"target\":[\"https:\\\/\\\/www.pcb.ub.edu\\\/es\\\/el-pcb-acoge-una-jornada-de-ayudas-a-la-idi-en-colaboracion-con-las-empreses\\\/\"]}]},{\"@type\":\"BreadcrumbList\",\"@id\":\"https:\\\/\\\/www.pcb.ub.edu\\\/es\\\/el-pcb-acoge-una-jornada-de-ayudas-a-la-idi-en-colaboracion-con-las-empreses\\\/#breadcrumb\",\"itemListElement\":[{\"@type\":\"ListItem\",\"position\":1,\"name\":\"Home\",\"item\":\"https:\\\/\\\/www.pcb.ub.edu\\\/es\\\/\"},{\"@type\":\"ListItem\",\"position\":2,\"name\":\"El PCB acoge una Jornada de ayudas a la I+D+i en colaboraci\u00f3n con las empreses\"}]},{\"@type\":\"WebSite\",\"@id\":\"https:\\\/\\\/www.pcb.ub.edu\\\/es\\\/#website\",\"url\":\"https:\\\/\\\/www.pcb.ub.edu\\\/es\\\/\",\"name\":\"Parc Cient\u00edfic de Barcelona\",\"description\":\"Universitat de Barcelona\",\"potentialAction\":[{\"@type\":\"SearchAction\",\"target\":{\"@type\":\"EntryPoint\",\"urlTemplate\":\"https:\\\/\\\/www.pcb.ub.edu\\\/es\\\/?s={search_term_string}\"},\"query-input\":{\"@type\":\"PropertyValueSpecification\",\"valueRequired\":true,\"valueName\":\"search_term_string\"}}],\"inLanguage\":\"es\"},{\"@type\":\"Person\",\"@id\":\"https:\\\/\\\/www.pcb.ub.edu\\\/es\\\/#\\\/schema\\\/person\\\/d13cab05cd0a75b17fddca8496481021\",\"name\":\"adminpcb\",\"image\":{\"@type\":\"ImageObject\",\"inLanguage\":\"es\",\"@id\":\"https:\\\/\\\/secure.gravatar.com\\\/avatar\\\/41ad0fab4bb3bf5348b0af9612159cfd93173a57bbca98fecb50fa6f3ab97d28?s=96&d=mm&r=g\",\"url\":\"https:\\\/\\\/secure.gravatar.com\\\/avatar\\\/41ad0fab4bb3bf5348b0af9612159cfd93173a57bbca98fecb50fa6f3ab97d28?s=96&d=mm&r=g\",\"contentUrl\":\"https:\\\/\\\/secure.gravatar.com\\\/avatar\\\/41ad0fab4bb3bf5348b0af9612159cfd93173a57bbca98fecb50fa6f3ab97d28?s=96&d=mm&r=g\",\"caption\":\"adminpcb\"},\"url\":\"https:\\\/\\\/www.pcb.ub.edu\\\/es\\\/author\\\/adminpcb\\\/\"}]}<\/script>\n<!-- \/ Yoast SEO plugin. -->","yoast_head_json":{"title":"El PCB acoge una Jornada de ayudas a la I+D+i en colaboraci\u00f3n con las empreses - Parc Cient\u00edfic de Barcelona","robots":{"index":"index","follow":"follow","max-snippet":"max-snippet:-1","max-image-preview":"max-image-preview:large","max-video-preview":"max-video-preview:-1"},"canonical":"https:\/\/www.pcb.ub.edu\/es\/el-pcb-acoge-una-jornada-de-ayudas-a-la-idi-en-colaboracion-con-las-empreses\/","og_locale":"es_ES","og_type":"article","og_title":"El PCB acoge una Jornada de ayudas a la I+D+i en colaboraci\u00f3n con las empreses - Parc Cient\u00edfic de Barcelona","og_description":"Hoy, mi\u00e9rcoles 29 de abril, se celebra en el auditorio Antoni Caparr\u00f3s del Parc Cient\u00edfic de Barcelona la jornada \"Nuevas Ayudas a la I+D+i en colaboraci\u00f3n con empresas\", que tiene como objetivo dar a conocer la nueva estrategia del Centro para el Desarrollo Tecnol\u00f3gico Industrial (CDTI) para la inversi\u00f3n empresarial en proyectos de I+D+i en colaboraci\u00f3n con la universidad. El acto ha sido organizado por la Fundaci\u00f3n Bosch y Gimpera en colaboraci\u00f3n con el CDTI.","og_url":"https:\/\/www.pcb.ub.edu\/es\/el-pcb-acoge-una-jornada-de-ayudas-a-la-idi-en-colaboracion-con-las-empreses\/","og_site_name":"Parc Cient\u00edfic de Barcelona","article_published_time":"2009-04-27T23:00:00+00:00","article_modified_time":"2020-11-16T15:14:07+00:00","author":"adminpcb","twitter_card":"summary_large_image","twitter_misc":{"Escrito por":"adminpcb"},"schema":{"@context":"https:\/\/schema.org","@graph":[{"@type":"Article","@id":"https:\/\/www.pcb.ub.edu\/es\/el-pcb-acoge-una-jornada-de-ayudas-a-la-idi-en-colaboracion-con-las-empreses\/#article","isPartOf":{"@id":"https:\/\/www.pcb.ub.edu\/es\/el-pcb-acoge-una-jornada-de-ayudas-a-la-idi-en-colaboracion-con-las-empreses\/"},"author":{"name":"adminpcb","@id":"https:\/\/www.pcb.ub.edu\/es\/#\/schema\/person\/d13cab05cd0a75b17fddca8496481021"},"headline":"El PCB acoge una Jornada de ayudas a la I+D+i en colaboraci\u00f3n con las empreses","datePublished":"2009-04-27T23:00:00+00:00","dateModified":"2020-11-16T15:14:07+00:00","mainEntityOfPage":{"@id":"https:\/\/www.pcb.ub.edu\/es\/el-pcb-acoge-una-jornada-de-ayudas-a-la-idi-en-colaboracion-con-las-empreses\/"},"wordCount":87,"articleSection":["Sin categorizar"],"inLanguage":"es"},{"@type":"WebPage","@id":"https:\/\/www.pcb.ub.edu\/es\/el-pcb-acoge-una-jornada-de-ayudas-a-la-idi-en-colaboracion-con-las-empreses\/","url":"https:\/\/www.pcb.ub.edu\/es\/el-pcb-acoge-una-jornada-de-ayudas-a-la-idi-en-colaboracion-con-las-empreses\/","name":"El PCB acoge una Jornada de ayudas a la I+D+i en colaboraci\u00f3n con las empreses - Parc Cient\u00edfic de Barcelona","isPartOf":{"@id":"https:\/\/www.pcb.ub.edu\/es\/#website"},"datePublished":"2009-04-27T23:00:00+00:00","dateModified":"2020-11-16T15:14:07+00:00","author":{"@id":"https:\/\/www.pcb.ub.edu\/es\/#\/schema\/person\/d13cab05cd0a75b17fddca8496481021"},"breadcrumb":{"@id":"https:\/\/www.pcb.ub.edu\/es\/el-pcb-acoge-una-jornada-de-ayudas-a-la-idi-en-colaboracion-con-las-empreses\/#breadcrumb"},"inLanguage":"es","potentialAction":[{"@type":"ReadAction","target":["https:\/\/www.pcb.ub.edu\/es\/el-pcb-acoge-una-jornada-de-ayudas-a-la-idi-en-colaboracion-con-las-empreses\/"]}]},{"@type":"BreadcrumbList","@id":"https:\/\/www.pcb.ub.edu\/es\/el-pcb-acoge-una-jornada-de-ayudas-a-la-idi-en-colaboracion-con-las-empreses\/#breadcrumb","itemListElement":[{"@type":"ListItem","position":1,"name":"Home","item":"https:\/\/www.pcb.ub.edu\/es\/"},{"@type":"ListItem","position":2,"name":"El PCB acoge una Jornada de ayudas a la I+D+i en colaboraci\u00f3n con las empreses"}]},{"@type":"WebSite","@id":"https:\/\/www.pcb.ub.edu\/es\/#website","url":"https:\/\/www.pcb.ub.edu\/es\/","name":"Parc Cient\u00edfic de Barcelona","description":"Universitat de Barcelona","potentialAction":[{"@type":"SearchAction","target":{"@type":"EntryPoint","urlTemplate":"https:\/\/www.pcb.ub.edu\/es\/?s={search_term_string}"},"query-input":{"@type":"PropertyValueSpecification","valueRequired":true,"valueName":"search_term_string"}}],"inLanguage":"es"},{"@type":"Person","@id":"https:\/\/www.pcb.ub.edu\/es\/#\/schema\/person\/d13cab05cd0a75b17fddca8496481021","name":"adminpcb","image":{"@type":"ImageObject","inLanguage":"es","@id":"https:\/\/secure.gravatar.com\/avatar\/41ad0fab4bb3bf5348b0af9612159cfd93173a57bbca98fecb50fa6f3ab97d28?s=96&d=mm&r=g","url":"https:\/\/secure.gravatar.com\/avatar\/41ad0fab4bb3bf5348b0af9612159cfd93173a57bbca98fecb50fa6f3ab97d28?s=96&d=mm&r=g","contentUrl":"https:\/\/secure.gravatar.com\/avatar\/41ad0fab4bb3bf5348b0af9612159cfd93173a57bbca98fecb50fa6f3ab97d28?s=96&d=mm&r=g","caption":"adminpcb"},"url":"https:\/\/www.pcb.ub.edu\/es\/author\/adminpcb\/"}]}},"_links":{"self":[{"href":"https:\/\/www.pcb.ub.edu\/es\/wp-json\/wp\/v2\/posts\/36826","targetHints":{"allow":["GET"]}}],"collection":[{"href":"https:\/\/www.pcb.ub.edu\/es\/wp-json\/wp\/v2\/posts"}],"about":[{"href":"https:\/\/www.pcb.ub.edu\/es\/wp-json\/wp\/v2\/types\/post"}],"author":[{"embeddable":true,"href":"https:\/\/www.pcb.ub.edu\/es\/wp-json\/wp\/v2\/users\/1"}],"replies":[{"embeddable":true,"href":"https:\/\/www.pcb.ub.edu\/es\/wp-json\/wp\/v2\/comments?post=36826"}],"version-history":[{"count":1,"href":"https:\/\/www.pcb.ub.edu\/es\/wp-json\/wp\/v2\/posts\/36826\/revisions"}],"predecessor-version":[{"id":43107,"href":"https:\/\/www.pcb.ub.edu\/es\/wp-json\/wp\/v2\/posts\/36826\/revisions\/43107"}],"wp:attachment":[{"href":"https:\/\/www.pcb.ub.edu\/es\/wp-json\/wp\/v2\/media?parent=36826"}],"wp:term":[{"taxonomy":"category","embeddable":true,"href":"https:\/\/www.pcb.ub.edu\/es\/wp-json\/wp\/v2\/categories?post=36826"},{"taxonomy":"post_tag","embeddable":true,"href":"https:\/\/www.pcb.ub.edu\/es\/wp-json\/wp\/v2\/tags?post=36826"}],"curies":[{"name":"wp","href":"https:\/\/api.w.org\/{rel}","templated":true}]}}