{"id":36797,"date":"2003-10-31T00:00:00","date_gmt":"2003-10-30T23:00:00","guid":{"rendered":"http:\/\/www.pcb.ub.edu\/\/semana-de-la-ciencia03-en-el-parc-cientific-de-barcelona\/"},"modified":"2020-11-16T16:14:01","modified_gmt":"2020-11-16T15:14:01","slug":"semana-de-la-ciencia03-en-el-parc-cientific-de-barcelona","status":"publish","type":"post","link":"https:\/\/www.pcb.ub.edu\/es\/semana-de-la-ciencia03-en-el-parc-cientific-de-barcelona\/","title":{"rendered":"Semana de la Ciencia&#8217;03 en el Parc Cient\u00edfic de Barcelona"},"content":{"rendered":"<p>\u00bb<\/p>\n<div class=\"col-sm-6 detall-noticia-imatges\">\n<div class=\"row\">\n<div class=\"item active one-image\">\n\t\t\t\t\t\t<a class=\"icon-search\" href='http:\/\/www.pcb.ub.edu\/\/wp-content\/uploads\/2020\/11\/1067611119546.jpg'><\/a><br \/>\n\t\t\t\t\t\t<img src='http:\/\/www.pcb.ub.edu\/\/wp-content\/uploads\/2020\/11\/1067611119546.jpg' \/>\n\t\t\t\t\t<\/div><\/div><\/div>\n<p>\t\t\tLos estudiantes de educaci\u00f3n secundaria y el p\u00fablico en general son los destinatarios de las jornadas de puertas abiertas, que incluyen una presentaci\u00f3n y una visita a las instalaciones del Parque i que se realizar\u00e1n el lunes 10 y el mi\u00e9rcoles 12 a las 10h y a las 16h, previa reserva. Dem\u00e1s, el martes 11 y jueves 13, el et\u00f3logo Jordi Sabater Pi estar\u00e1 de 10 a 12 h. en el centro de documentaci\u00f3n que lleva su nombre para introducir a la gente interesada en este \u00e1mbito el fondo documental que ha reunido durante su vida. De gran inter\u00e9s para los cient\u00edficos, estudiosos de antropolog\u00eda, etolog\u00eda e historia, as\u00ed como para el p\u00fablico en general, la Colecci\u00f3n Sabater Pi se compone de libros, revistas y objetos sobre temas vinculados con la etolog\u00eda y de un fondo de dibujos yi acuarelas de tem\u00e1tica naturalista realizadas por el propio Sabater.<\/p>\n<p>  Asimismo, el Parc Cient\u00edfic de Barcelona ser\u00e1 uno de los centros que, el viernes 14, visitar\u00e1n los estudiantes de biolog\u00eda de secundaria durante su participaci\u00f3n en la gincana biol\u00f3gica \u00abConstruye la doble h\u00e9lix\u00bb, que ha organizado la Societat Catalana de Biologia con el apoyo del Ayuntamiento de Barcelona, el Institut d&#8217;Estudis Catalans y el Ministerio de Ciencia y Tecnolog\u00eda. La gincana tiene por objetivo mejorar el conocimiento sobre la importancia del descubrimiento de Watson y Crick y de los aspectos b\u00e1sicos de la estructura y la funci\u00f3n del DNA, as\u00ed como difundir el conocimiento cient\u00edfico entre los estudiantes de una manera vivencial.<\/p>\n<p>  Por otra parte, la Universitat de Val\u00e8ncia inaugurar\u00e1 el lunes 10 de noviembre la exposici\u00f3n <a href=\"http:\/\/www.pcb.ub.es\/expoembrions\" target=\"_blank\" class=\"email\" rel=\"noopener noreferrer\">\u00abEls embrions i la medicina del segle XXI\u00bb <\/a> en el marco de la 5a Semana de la Ciencia y la Tecnolog\u00eda de Valencia. Comisariada por el Parc Cient\u00edfic de Barcelona y el Observatorio de Bio\u00e9tica y Derecho de la UB con el objetivo de fomentar la participaci\u00f3n del p\u00fablico en un debate social informado sobre la utilizaci\u00f3n de embriones como fuente de c\u00e9lulas madre, la exposici\u00f3n cubre, de manera interactiva y comprensible, los aspectos \u00e9ticos y cient\u00edficos que envuelven esta tem\u00e1tica, adem\u00e1s de las opiniones de diferentes sectores de la sociedad. \u00abEls embrions i la medicina del segle XXI\u00bb se ubic\u00f3 en el Edificio Hist\u00f3rico de la UB a principio de a\u00f1o donde tuvo una afluencia de p\u00fablico de 2.700 visitantes de los que un 83% expresaron su opini\u00f3n a favor de la utilizaci\u00f3n de embriones para la investigaci\u00f3n con finalidades terap\u00e9uticas. Estos resultados fueron publicados en un art\u00edculo de la revista Science (Vol. 299. febrer 2003).<\/p>\n<p>  Para m\u00e1s informaci\u00f3n sobre estos actos y reservas, pod\u00e9is contactar con el \u00c1rea de Comunicaci\u00f3n del PCB en el tel\u00e9fono 93 403 46 62 o en la direcci\u00f3n electr\u00f3nica <a class=\"email\" href=\"mailto:comunicacio@pcb.ub.es\">comunicacio@pcb.ub.es<\/a>. <\/p>\n","protected":false},"excerpt":{"rendered":"<p>Con motivo de la celebraci\u00f3n de la <a href=\"http:\/\/www.setmanaciencia.org\" target=\"_blank\" class=\"email\" rel=\"noopener noreferrer\">8a Semana de la Ciencia<\/a>  (SC&#8217;03), el Parc Cient\u00edfic de Barcelona ha organizado unas jornadas de puertas abiertas y unas visitas a la Colecci\u00f3n Sabater Pi con el objetivo de acercar a la sociedad la actividad cient\u00edfica que se est\u00e1 llevando a cabo en su entorno. La SC&#8217;03, que se celebrar\u00e1 del 7 al 16 de noviembre, agrupa bajo el lema \u00abVive la Ci\u00e8ncia!\u00bb un total de 450 actos de difusi\u00f3n del conocimiento cient\u00edfico y tecnol\u00f3gico a 100 localidades catalanas.<\/p>\n","protected":false},"author":1,"featured_media":0,"comment_status":"closed","ping_status":"open","sticky":false,"template":"","format":"standard","meta":{"_acf_changed":false,"inline_featured_image":false,"footnotes":""},"categories":[9],"tags":[],"class_list":["post-36797","post","type-post","status-publish","format-standard","category-sin-categorizar"],"acf":[],"yoast_head":"<!-- This site is optimized with the Yoast SEO plugin v27.3 - https:\/\/yoast.com\/product\/yoast-seo-wordpress\/ -->\n<title>Semana de la Ciencia&#039;03 en el Parc Cient\u00edfic de Barcelona - Parc Cient\u00edfic de Barcelona<\/title>\n<meta name=\"robots\" content=\"index, follow, max-snippet:-1, max-image-preview:large, max-video-preview:-1\" \/>\n<link rel=\"canonical\" href=\"https:\/\/www.pcb.ub.edu\/es\/semana-de-la-ciencia03-en-el-parc-cientific-de-barcelona\/\" \/>\n<meta property=\"og:locale\" content=\"es_ES\" \/>\n<meta property=\"og:type\" content=\"article\" \/>\n<meta property=\"og:title\" content=\"Semana de la Ciencia&#039;03 en el Parc Cient\u00edfic de Barcelona - Parc Cient\u00edfic de Barcelona\" \/>\n<meta property=\"og:description\" content=\"Con motivo de la celebraci\u00f3n de la 8a Semana de la Ciencia (SC&#039;03), el Parc Cient\u00edfic de Barcelona ha organizado unas jornadas de puertas abiertas y unas visitas a la Colecci\u00f3n Sabater Pi con el objetivo de acercar a la sociedad la actividad cient\u00edfica que se est\u00e1 llevando a cabo en su entorno. La SC&#039;03, que se celebrar\u00e1 del 7 al 16 de noviembre, agrupa bajo el lema &quot;Vive la Ci\u00e8ncia!&quot; un total de 450 actos de difusi\u00f3n del conocimiento cient\u00edfico y tecnol\u00f3gico a 100 localidades catalanas.\" \/>\n<meta property=\"og:url\" content=\"https:\/\/www.pcb.ub.edu\/es\/semana-de-la-ciencia03-en-el-parc-cientific-de-barcelona\/\" \/>\n<meta property=\"og:site_name\" content=\"Parc Cient\u00edfic de Barcelona\" \/>\n<meta property=\"article:published_time\" content=\"2003-10-30T23:00:00+00:00\" \/>\n<meta property=\"article:modified_time\" content=\"2020-11-16T15:14:01+00:00\" \/>\n<meta property=\"og:image\" content=\"http:\/\/www.pcb.ub.edu\/\/wp-content\/uploads\/2020\/11\/1067611119546.jpg\" \/>\n<meta name=\"author\" content=\"adminpcb\" \/>\n<meta name=\"twitter:card\" content=\"summary_large_image\" \/>\n<meta name=\"twitter:label1\" content=\"Escrito por\" \/>\n\t<meta name=\"twitter:data1\" content=\"adminpcb\" \/>\n\t<meta name=\"twitter:label2\" content=\"Tiempo de lectura\" \/>\n\t<meta name=\"twitter:data2\" content=\"2 minutos\" \/>\n<script type=\"application\/ld+json\" class=\"yoast-schema-graph\">{\"@context\":\"https:\\\/\\\/schema.org\",\"@graph\":[{\"@type\":\"Article\",\"@id\":\"https:\\\/\\\/www.pcb.ub.edu\\\/es\\\/semana-de-la-ciencia03-en-el-parc-cientific-de-barcelona\\\/#article\",\"isPartOf\":{\"@id\":\"https:\\\/\\\/www.pcb.ub.edu\\\/es\\\/semana-de-la-ciencia03-en-el-parc-cientific-de-barcelona\\\/\"},\"author\":{\"name\":\"adminpcb\",\"@id\":\"https:\\\/\\\/www.pcb.ub.edu\\\/es\\\/#\\\/schema\\\/person\\\/d13cab05cd0a75b17fddca8496481021\"},\"headline\":\"Semana de la Ciencia&#8217;03 en el Parc Cient\u00edfic de Barcelona\",\"datePublished\":\"2003-10-30T23:00:00+00:00\",\"dateModified\":\"2020-11-16T15:14:01+00:00\",\"mainEntityOfPage\":{\"@id\":\"https:\\\/\\\/www.pcb.ub.edu\\\/es\\\/semana-de-la-ciencia03-en-el-parc-cientific-de-barcelona\\\/\"},\"wordCount\":504,\"image\":{\"@id\":\"https:\\\/\\\/www.pcb.ub.edu\\\/es\\\/semana-de-la-ciencia03-en-el-parc-cientific-de-barcelona\\\/#primaryimage\"},\"thumbnailUrl\":\"http:\\\/\\\/www.pcb.ub.edu\\\/\\\/wp-content\\\/uploads\\\/2020\\\/11\\\/1067611119546.jpg\",\"articleSection\":[\"Sin categorizar\"],\"inLanguage\":\"es\"},{\"@type\":\"WebPage\",\"@id\":\"https:\\\/\\\/www.pcb.ub.edu\\\/es\\\/semana-de-la-ciencia03-en-el-parc-cientific-de-barcelona\\\/\",\"url\":\"https:\\\/\\\/www.pcb.ub.edu\\\/es\\\/semana-de-la-ciencia03-en-el-parc-cientific-de-barcelona\\\/\",\"name\":\"Semana de la Ciencia'03 en el Parc Cient\u00edfic de Barcelona - Parc Cient\u00edfic de Barcelona\",\"isPartOf\":{\"@id\":\"https:\\\/\\\/www.pcb.ub.edu\\\/es\\\/#website\"},\"primaryImageOfPage\":{\"@id\":\"https:\\\/\\\/www.pcb.ub.edu\\\/es\\\/semana-de-la-ciencia03-en-el-parc-cientific-de-barcelona\\\/#primaryimage\"},\"image\":{\"@id\":\"https:\\\/\\\/www.pcb.ub.edu\\\/es\\\/semana-de-la-ciencia03-en-el-parc-cientific-de-barcelona\\\/#primaryimage\"},\"thumbnailUrl\":\"http:\\\/\\\/www.pcb.ub.edu\\\/\\\/wp-content\\\/uploads\\\/2020\\\/11\\\/1067611119546.jpg\",\"datePublished\":\"2003-10-30T23:00:00+00:00\",\"dateModified\":\"2020-11-16T15:14:01+00:00\",\"author\":{\"@id\":\"https:\\\/\\\/www.pcb.ub.edu\\\/es\\\/#\\\/schema\\\/person\\\/d13cab05cd0a75b17fddca8496481021\"},\"breadcrumb\":{\"@id\":\"https:\\\/\\\/www.pcb.ub.edu\\\/es\\\/semana-de-la-ciencia03-en-el-parc-cientific-de-barcelona\\\/#breadcrumb\"},\"inLanguage\":\"es\",\"potentialAction\":[{\"@type\":\"ReadAction\",\"target\":[\"https:\\\/\\\/www.pcb.ub.edu\\\/es\\\/semana-de-la-ciencia03-en-el-parc-cientific-de-barcelona\\\/\"]}]},{\"@type\":\"ImageObject\",\"inLanguage\":\"es\",\"@id\":\"https:\\\/\\\/www.pcb.ub.edu\\\/es\\\/semana-de-la-ciencia03-en-el-parc-cientific-de-barcelona\\\/#primaryimage\",\"url\":\"http:\\\/\\\/www.pcb.ub.edu\\\/\\\/wp-content\\\/uploads\\\/2020\\\/11\\\/1067611119546.jpg\",\"contentUrl\":\"http:\\\/\\\/www.pcb.ub.edu\\\/\\\/wp-content\\\/uploads\\\/2020\\\/11\\\/1067611119546.jpg\"},{\"@type\":\"BreadcrumbList\",\"@id\":\"https:\\\/\\\/www.pcb.ub.edu\\\/es\\\/semana-de-la-ciencia03-en-el-parc-cientific-de-barcelona\\\/#breadcrumb\",\"itemListElement\":[{\"@type\":\"ListItem\",\"position\":1,\"name\":\"Home\",\"item\":\"https:\\\/\\\/www.pcb.ub.edu\\\/es\\\/\"},{\"@type\":\"ListItem\",\"position\":2,\"name\":\"Semana de la Ciencia&#8217;03 en el Parc Cient\u00edfic de Barcelona\"}]},{\"@type\":\"WebSite\",\"@id\":\"https:\\\/\\\/www.pcb.ub.edu\\\/es\\\/#website\",\"url\":\"https:\\\/\\\/www.pcb.ub.edu\\\/es\\\/\",\"name\":\"Parc Cient\u00edfic de Barcelona\",\"description\":\"Universitat de Barcelona\",\"potentialAction\":[{\"@type\":\"SearchAction\",\"target\":{\"@type\":\"EntryPoint\",\"urlTemplate\":\"https:\\\/\\\/www.pcb.ub.edu\\\/es\\\/?s={search_term_string}\"},\"query-input\":{\"@type\":\"PropertyValueSpecification\",\"valueRequired\":true,\"valueName\":\"search_term_string\"}}],\"inLanguage\":\"es\"},{\"@type\":\"Person\",\"@id\":\"https:\\\/\\\/www.pcb.ub.edu\\\/es\\\/#\\\/schema\\\/person\\\/d13cab05cd0a75b17fddca8496481021\",\"name\":\"adminpcb\",\"image\":{\"@type\":\"ImageObject\",\"inLanguage\":\"es\",\"@id\":\"https:\\\/\\\/secure.gravatar.com\\\/avatar\\\/41ad0fab4bb3bf5348b0af9612159cfd93173a57bbca98fecb50fa6f3ab97d28?s=96&d=mm&r=g\",\"url\":\"https:\\\/\\\/secure.gravatar.com\\\/avatar\\\/41ad0fab4bb3bf5348b0af9612159cfd93173a57bbca98fecb50fa6f3ab97d28?s=96&d=mm&r=g\",\"contentUrl\":\"https:\\\/\\\/secure.gravatar.com\\\/avatar\\\/41ad0fab4bb3bf5348b0af9612159cfd93173a57bbca98fecb50fa6f3ab97d28?s=96&d=mm&r=g\",\"caption\":\"adminpcb\"},\"url\":\"https:\\\/\\\/www.pcb.ub.edu\\\/es\\\/author\\\/adminpcb\\\/\"}]}<\/script>\n<!-- \/ Yoast SEO plugin. -->","yoast_head_json":{"title":"Semana de la Ciencia'03 en el Parc Cient\u00edfic de Barcelona - Parc Cient\u00edfic de Barcelona","robots":{"index":"index","follow":"follow","max-snippet":"max-snippet:-1","max-image-preview":"max-image-preview:large","max-video-preview":"max-video-preview:-1"},"canonical":"https:\/\/www.pcb.ub.edu\/es\/semana-de-la-ciencia03-en-el-parc-cientific-de-barcelona\/","og_locale":"es_ES","og_type":"article","og_title":"Semana de la Ciencia'03 en el Parc Cient\u00edfic de Barcelona - Parc Cient\u00edfic de Barcelona","og_description":"Con motivo de la celebraci\u00f3n de la 8a Semana de la Ciencia (SC'03), el Parc Cient\u00edfic de Barcelona ha organizado unas jornadas de puertas abiertas y unas visitas a la Colecci\u00f3n Sabater Pi con el objetivo de acercar a la sociedad la actividad cient\u00edfica que se est\u00e1 llevando a cabo en su entorno. La SC'03, que se celebrar\u00e1 del 7 al 16 de noviembre, agrupa bajo el lema \"Vive la Ci\u00e8ncia!\" un total de 450 actos de difusi\u00f3n del conocimiento cient\u00edfico y tecnol\u00f3gico a 100 localidades catalanas.","og_url":"https:\/\/www.pcb.ub.edu\/es\/semana-de-la-ciencia03-en-el-parc-cientific-de-barcelona\/","og_site_name":"Parc Cient\u00edfic de Barcelona","article_published_time":"2003-10-30T23:00:00+00:00","article_modified_time":"2020-11-16T15:14:01+00:00","og_image":[{"url":"http:\/\/www.pcb.ub.edu\/\/wp-content\/uploads\/2020\/11\/1067611119546.jpg","type":"","width":"","height":""}],"author":"adminpcb","twitter_card":"summary_large_image","twitter_misc":{"Escrito por":"adminpcb","Tiempo de lectura":"2 minutos"},"schema":{"@context":"https:\/\/schema.org","@graph":[{"@type":"Article","@id":"https:\/\/www.pcb.ub.edu\/es\/semana-de-la-ciencia03-en-el-parc-cientific-de-barcelona\/#article","isPartOf":{"@id":"https:\/\/www.pcb.ub.edu\/es\/semana-de-la-ciencia03-en-el-parc-cientific-de-barcelona\/"},"author":{"name":"adminpcb","@id":"https:\/\/www.pcb.ub.edu\/es\/#\/schema\/person\/d13cab05cd0a75b17fddca8496481021"},"headline":"Semana de la Ciencia&#8217;03 en el Parc Cient\u00edfic de Barcelona","datePublished":"2003-10-30T23:00:00+00:00","dateModified":"2020-11-16T15:14:01+00:00","mainEntityOfPage":{"@id":"https:\/\/www.pcb.ub.edu\/es\/semana-de-la-ciencia03-en-el-parc-cientific-de-barcelona\/"},"wordCount":504,"image":{"@id":"https:\/\/www.pcb.ub.edu\/es\/semana-de-la-ciencia03-en-el-parc-cientific-de-barcelona\/#primaryimage"},"thumbnailUrl":"http:\/\/www.pcb.ub.edu\/\/wp-content\/uploads\/2020\/11\/1067611119546.jpg","articleSection":["Sin categorizar"],"inLanguage":"es"},{"@type":"WebPage","@id":"https:\/\/www.pcb.ub.edu\/es\/semana-de-la-ciencia03-en-el-parc-cientific-de-barcelona\/","url":"https:\/\/www.pcb.ub.edu\/es\/semana-de-la-ciencia03-en-el-parc-cientific-de-barcelona\/","name":"Semana de la Ciencia'03 en el Parc Cient\u00edfic de Barcelona - Parc Cient\u00edfic de Barcelona","isPartOf":{"@id":"https:\/\/www.pcb.ub.edu\/es\/#website"},"primaryImageOfPage":{"@id":"https:\/\/www.pcb.ub.edu\/es\/semana-de-la-ciencia03-en-el-parc-cientific-de-barcelona\/#primaryimage"},"image":{"@id":"https:\/\/www.pcb.ub.edu\/es\/semana-de-la-ciencia03-en-el-parc-cientific-de-barcelona\/#primaryimage"},"thumbnailUrl":"http:\/\/www.pcb.ub.edu\/\/wp-content\/uploads\/2020\/11\/1067611119546.jpg","datePublished":"2003-10-30T23:00:00+00:00","dateModified":"2020-11-16T15:14:01+00:00","author":{"@id":"https:\/\/www.pcb.ub.edu\/es\/#\/schema\/person\/d13cab05cd0a75b17fddca8496481021"},"breadcrumb":{"@id":"https:\/\/www.pcb.ub.edu\/es\/semana-de-la-ciencia03-en-el-parc-cientific-de-barcelona\/#breadcrumb"},"inLanguage":"es","potentialAction":[{"@type":"ReadAction","target":["https:\/\/www.pcb.ub.edu\/es\/semana-de-la-ciencia03-en-el-parc-cientific-de-barcelona\/"]}]},{"@type":"ImageObject","inLanguage":"es","@id":"https:\/\/www.pcb.ub.edu\/es\/semana-de-la-ciencia03-en-el-parc-cientific-de-barcelona\/#primaryimage","url":"http:\/\/www.pcb.ub.edu\/\/wp-content\/uploads\/2020\/11\/1067611119546.jpg","contentUrl":"http:\/\/www.pcb.ub.edu\/\/wp-content\/uploads\/2020\/11\/1067611119546.jpg"},{"@type":"BreadcrumbList","@id":"https:\/\/www.pcb.ub.edu\/es\/semana-de-la-ciencia03-en-el-parc-cientific-de-barcelona\/#breadcrumb","itemListElement":[{"@type":"ListItem","position":1,"name":"Home","item":"https:\/\/www.pcb.ub.edu\/es\/"},{"@type":"ListItem","position":2,"name":"Semana de la Ciencia&#8217;03 en el Parc Cient\u00edfic de Barcelona"}]},{"@type":"WebSite","@id":"https:\/\/www.pcb.ub.edu\/es\/#website","url":"https:\/\/www.pcb.ub.edu\/es\/","name":"Parc Cient\u00edfic de Barcelona","description":"Universitat de Barcelona","potentialAction":[{"@type":"SearchAction","target":{"@type":"EntryPoint","urlTemplate":"https:\/\/www.pcb.ub.edu\/es\/?s={search_term_string}"},"query-input":{"@type":"PropertyValueSpecification","valueRequired":true,"valueName":"search_term_string"}}],"inLanguage":"es"},{"@type":"Person","@id":"https:\/\/www.pcb.ub.edu\/es\/#\/schema\/person\/d13cab05cd0a75b17fddca8496481021","name":"adminpcb","image":{"@type":"ImageObject","inLanguage":"es","@id":"https:\/\/secure.gravatar.com\/avatar\/41ad0fab4bb3bf5348b0af9612159cfd93173a57bbca98fecb50fa6f3ab97d28?s=96&d=mm&r=g","url":"https:\/\/secure.gravatar.com\/avatar\/41ad0fab4bb3bf5348b0af9612159cfd93173a57bbca98fecb50fa6f3ab97d28?s=96&d=mm&r=g","contentUrl":"https:\/\/secure.gravatar.com\/avatar\/41ad0fab4bb3bf5348b0af9612159cfd93173a57bbca98fecb50fa6f3ab97d28?s=96&d=mm&r=g","caption":"adminpcb"},"url":"https:\/\/www.pcb.ub.edu\/es\/author\/adminpcb\/"}]}},"_links":{"self":[{"href":"https:\/\/www.pcb.ub.edu\/es\/wp-json\/wp\/v2\/posts\/36797","targetHints":{"allow":["GET"]}}],"collection":[{"href":"https:\/\/www.pcb.ub.edu\/es\/wp-json\/wp\/v2\/posts"}],"about":[{"href":"https:\/\/www.pcb.ub.edu\/es\/wp-json\/wp\/v2\/types\/post"}],"author":[{"embeddable":true,"href":"https:\/\/www.pcb.ub.edu\/es\/wp-json\/wp\/v2\/users\/1"}],"replies":[{"embeddable":true,"href":"https:\/\/www.pcb.ub.edu\/es\/wp-json\/wp\/v2\/comments?post=36797"}],"version-history":[{"count":1,"href":"https:\/\/www.pcb.ub.edu\/es\/wp-json\/wp\/v2\/posts\/36797\/revisions"}],"predecessor-version":[{"id":43080,"href":"https:\/\/www.pcb.ub.edu\/es\/wp-json\/wp\/v2\/posts\/36797\/revisions\/43080"}],"wp:attachment":[{"href":"https:\/\/www.pcb.ub.edu\/es\/wp-json\/wp\/v2\/media?parent=36797"}],"wp:term":[{"taxonomy":"category","embeddable":true,"href":"https:\/\/www.pcb.ub.edu\/es\/wp-json\/wp\/v2\/categories?post=36797"},{"taxonomy":"post_tag","embeddable":true,"href":"https:\/\/www.pcb.ub.edu\/es\/wp-json\/wp\/v2\/tags?post=36797"}],"curies":[{"name":"wp","href":"https:\/\/api.w.org\/{rel}","templated":true}]}}