{"id":36753,"date":"2003-10-14T00:00:00","date_gmt":"2003-10-13T23:00:00","guid":{"rendered":"http:\/\/www.pcb.ub.edu\/\/presentacion-del-libro-como-la-vida-misma-jordi-sabater-pi\/"},"modified":"2020-11-16T16:13:49","modified_gmt":"2020-11-16T15:13:49","slug":"presentacion-del-libro-como-la-vida-misma-jordi-sabater-pi","status":"publish","type":"post","link":"https:\/\/www.pcb.ub.edu\/es\/presentacion-del-libro-como-la-vida-misma-jordi-sabater-pi\/","title":{"rendered":"Presentaci\u00f3n del libro &#8220;Como la vida misma. Jordi Sabater Pi&#8221;"},"content":{"rendered":"<p>\u00bb<\/p>\n<div class=\"col-sm-6 detall-noticia-imatges\">\n<div class=\"row\">\n<div class=\"item active one-image\">\n\t\t\t\t\t\t<a class=\"icon-search\" href='http:\/\/www.pcb.ub.edu\/\/wp-content\/uploads\/2020\/11\/1066060548656.jpg'><\/a><br \/>\n\t\t\t\t\t\t<img src='http:\/\/www.pcb.ub.edu\/\/wp-content\/uploads\/2020\/11\/1066060548656.jpg' \/>\n\t\t\t\t\t<\/div><\/div><\/div>\n<p>\t\t\tEl libro trata el dibujo como un medio de expresi\u00f3n privilegiado entre la ciencia y el arte. Seg\u00fan Sabater Pi, \u201cel dibujo es totalmente preciso para documentar, objetivamente, la informaci\u00f3n que el investigador plasma en sus libretas de campo, cosa que conocen muy bien los naturalistas\u201d. Los dibujos de Sabater Pi se presentan en este libro a partir de cuatro temas: los \u00e1rboles, las flores, los animales y los seres humanos.<\/p>\n<p>  Nacido en Barcelona el a\u00f1o 1922, Jordi Sabater Pi se inici\u00f3 en la etolog\u00eda y la atropolog\u00eda inicialmente por la v\u00eda autodidacta durante su estancia en Guinea Ecuatorial entre los a\u00f1os 1940 y 1969, donde comenz\u00f3 sus trabajos de campo, que lo llevaron a ser considerado como una de las primeras autoridades mundiales en el estudio de los primates en estado natural y tambi\u00e9n de los anfibios. A su vuelta a Barcelona, curs\u00f3 estudios universitarios de Psicolog\u00eda y en 1977 se convirti\u00f3 en profesor y catedr\u00e1tico de la Universitat de Barcelona, donde fue pionero en el estudios de la etolog\u00eda en el \u00e1mbito estatal. Catedr\u00e1tico em\u00e9rito de la UB desde 1987, Sabater Pi es tambi\u00e9n Profesor Honoris Causa por la Universitat Aut\u00f3noma de Barcelona y por la Universidad Aut\u00f3noma de Madrid, y ha estado premiado, entre otros muchos m\u00e9ritos, con el Premio de la Fundaci\u00f3 Catalana per a la Recerca (1991), la Medalla de Oro de la Ciudad de Barcelona al m\u00e9rito cient\u00edfico otorgada por el Ayuntamiento de Barcelona (1996) y tambi\u00e9n el premio de la Sociedad Geogr\u00e1fica Espa\u00f1ola (1998). En el a\u00f1o 2000  fue condecorado con la Creu de Sant Jordi de la Generalitat de Catalunya. <\/p>\n<p>   En el Parc Cient\u00edfic de Barcelona, se ubica la <a href=\"p1451.asp\" class=\"email\">Colecci\u00f3n Sabater Pi<\/a> que se compone de libros y revistas sobre temas vinculados con la etolog\u00eda, as\u00ed como de un fondo de dibujos y acuarelas de tem\u00e1tica naturalista de los cuales es autor el propio Sabater. De gran inter\u00e9s para cient\u00edficos, estudiosos de la antropolog\u00eda, la etolog\u00eda y la historia, y para el gran p\u00fablico en general, la Colecci\u00f3n dispone tambi\u00e9n de un epistolario profesional as\u00ed como de una serie de objetos etnol\u00f3gicos procedentes de \u00c1frica: muestras de cultura y formas de vida de personas y animales de este continente.<\/p>\n","protected":false},"excerpt":{"rendered":"<p>El pr\u00f3ximo viernes 17 de octubre a las 12 h, el Auditorio del Parc Cient\u00edfic de Barcelona (c\/ Baldiri Reixac, 4-6) acoger\u00e1 la presentaci\u00f3n del libro \u201cComo la vida misma. Jordi Sabater Pi\u201d (March Editor), una muestra de dibujos y apuntes del et\u00f3logo acompa\u00f1ados con los textos po\u00e9ticos del periodista Jordi Cervera. El acto de presentaci\u00f3n contar\u00e1 con las intervenciones del propio Jordi Sabater Pi, del director general del Parc Cient\u00edfic de Barcelona M\u00e0rius Rubiralta y de Jordi Cervera.<\/p>\n","protected":false},"author":1,"featured_media":0,"comment_status":"closed","ping_status":"open","sticky":false,"template":"","format":"standard","meta":{"_acf_changed":false,"inline_featured_image":false,"footnotes":""},"categories":[9],"tags":[],"class_list":["post-36753","post","type-post","status-publish","format-standard","category-sin-categorizar"],"acf":[],"yoast_head":"<!-- This site is optimized with the Yoast SEO plugin v27.3 - https:\/\/yoast.com\/product\/yoast-seo-wordpress\/ -->\n<title>Presentaci\u00f3n del libro &#8220;Como la vida misma. Jordi Sabater Pi&#8221; - Parc Cient\u00edfic de Barcelona<\/title>\n<meta name=\"robots\" content=\"index, follow, max-snippet:-1, max-image-preview:large, max-video-preview:-1\" \/>\n<link rel=\"canonical\" href=\"https:\/\/www.pcb.ub.edu\/es\/presentacion-del-libro-como-la-vida-misma-jordi-sabater-pi\/\" \/>\n<meta property=\"og:locale\" content=\"es_ES\" \/>\n<meta property=\"og:type\" content=\"article\" \/>\n<meta property=\"og:title\" content=\"Presentaci\u00f3n del libro &#8220;Como la vida misma. Jordi Sabater Pi&#8221; - Parc Cient\u00edfic de Barcelona\" \/>\n<meta property=\"og:description\" content=\"El pr\u00f3ximo viernes 17 de octubre a las 12 h, el Auditorio del Parc Cient\u00edfic de Barcelona (c\/ Baldiri Reixac, 4-6) acoger\u00e1 la presentaci\u00f3n del libro \u201cComo la vida misma. Jordi Sabater Pi\u201d (March Editor), una muestra de dibujos y apuntes del et\u00f3logo acompa\u00f1ados con los textos po\u00e9ticos del periodista Jordi Cervera. El acto de presentaci\u00f3n contar\u00e1 con las intervenciones del propio Jordi Sabater Pi, del director general del Parc Cient\u00edfic de Barcelona M\u00e0rius Rubiralta y de Jordi Cervera.\" \/>\n<meta property=\"og:url\" content=\"https:\/\/www.pcb.ub.edu\/es\/presentacion-del-libro-como-la-vida-misma-jordi-sabater-pi\/\" \/>\n<meta property=\"og:site_name\" content=\"Parc Cient\u00edfic de Barcelona\" \/>\n<meta property=\"article:published_time\" content=\"2003-10-13T23:00:00+00:00\" \/>\n<meta property=\"article:modified_time\" content=\"2020-11-16T15:13:49+00:00\" \/>\n<meta property=\"og:image\" content=\"http:\/\/www.pcb.ub.edu\/\/wp-content\/uploads\/2020\/11\/1066060548656.jpg\" \/>\n<meta name=\"author\" content=\"adminpcb\" \/>\n<meta name=\"twitter:card\" content=\"summary_large_image\" \/>\n<meta name=\"twitter:label1\" content=\"Escrito por\" \/>\n\t<meta name=\"twitter:data1\" content=\"adminpcb\" \/>\n\t<meta name=\"twitter:label2\" content=\"Tiempo de lectura\" \/>\n\t<meta name=\"twitter:data2\" content=\"2 minutos\" \/>\n<script type=\"application\/ld+json\" class=\"yoast-schema-graph\">{\"@context\":\"https:\\\/\\\/schema.org\",\"@graph\":[{\"@type\":\"Article\",\"@id\":\"https:\\\/\\\/www.pcb.ub.edu\\\/es\\\/presentacion-del-libro-como-la-vida-misma-jordi-sabater-pi\\\/#article\",\"isPartOf\":{\"@id\":\"https:\\\/\\\/www.pcb.ub.edu\\\/es\\\/presentacion-del-libro-como-la-vida-misma-jordi-sabater-pi\\\/\"},\"author\":{\"name\":\"adminpcb\",\"@id\":\"https:\\\/\\\/www.pcb.ub.edu\\\/es\\\/#\\\/schema\\\/person\\\/d13cab05cd0a75b17fddca8496481021\"},\"headline\":\"Presentaci\u00f3n del libro &#8220;Como la vida misma. Jordi Sabater Pi&#8221;\",\"datePublished\":\"2003-10-13T23:00:00+00:00\",\"dateModified\":\"2020-11-16T15:13:49+00:00\",\"mainEntityOfPage\":{\"@id\":\"https:\\\/\\\/www.pcb.ub.edu\\\/es\\\/presentacion-del-libro-como-la-vida-misma-jordi-sabater-pi\\\/\"},\"wordCount\":405,\"image\":{\"@id\":\"https:\\\/\\\/www.pcb.ub.edu\\\/es\\\/presentacion-del-libro-como-la-vida-misma-jordi-sabater-pi\\\/#primaryimage\"},\"thumbnailUrl\":\"http:\\\/\\\/www.pcb.ub.edu\\\/\\\/wp-content\\\/uploads\\\/2020\\\/11\\\/1066060548656.jpg\",\"articleSection\":[\"Sin categorizar\"],\"inLanguage\":\"es\"},{\"@type\":\"WebPage\",\"@id\":\"https:\\\/\\\/www.pcb.ub.edu\\\/es\\\/presentacion-del-libro-como-la-vida-misma-jordi-sabater-pi\\\/\",\"url\":\"https:\\\/\\\/www.pcb.ub.edu\\\/es\\\/presentacion-del-libro-como-la-vida-misma-jordi-sabater-pi\\\/\",\"name\":\"Presentaci\u00f3n del libro &#8220;Como la vida misma. Jordi Sabater Pi&#8221; - Parc Cient\u00edfic de Barcelona\",\"isPartOf\":{\"@id\":\"https:\\\/\\\/www.pcb.ub.edu\\\/es\\\/#website\"},\"primaryImageOfPage\":{\"@id\":\"https:\\\/\\\/www.pcb.ub.edu\\\/es\\\/presentacion-del-libro-como-la-vida-misma-jordi-sabater-pi\\\/#primaryimage\"},\"image\":{\"@id\":\"https:\\\/\\\/www.pcb.ub.edu\\\/es\\\/presentacion-del-libro-como-la-vida-misma-jordi-sabater-pi\\\/#primaryimage\"},\"thumbnailUrl\":\"http:\\\/\\\/www.pcb.ub.edu\\\/\\\/wp-content\\\/uploads\\\/2020\\\/11\\\/1066060548656.jpg\",\"datePublished\":\"2003-10-13T23:00:00+00:00\",\"dateModified\":\"2020-11-16T15:13:49+00:00\",\"author\":{\"@id\":\"https:\\\/\\\/www.pcb.ub.edu\\\/es\\\/#\\\/schema\\\/person\\\/d13cab05cd0a75b17fddca8496481021\"},\"breadcrumb\":{\"@id\":\"https:\\\/\\\/www.pcb.ub.edu\\\/es\\\/presentacion-del-libro-como-la-vida-misma-jordi-sabater-pi\\\/#breadcrumb\"},\"inLanguage\":\"es\",\"potentialAction\":[{\"@type\":\"ReadAction\",\"target\":[\"https:\\\/\\\/www.pcb.ub.edu\\\/es\\\/presentacion-del-libro-como-la-vida-misma-jordi-sabater-pi\\\/\"]}]},{\"@type\":\"ImageObject\",\"inLanguage\":\"es\",\"@id\":\"https:\\\/\\\/www.pcb.ub.edu\\\/es\\\/presentacion-del-libro-como-la-vida-misma-jordi-sabater-pi\\\/#primaryimage\",\"url\":\"http:\\\/\\\/www.pcb.ub.edu\\\/\\\/wp-content\\\/uploads\\\/2020\\\/11\\\/1066060548656.jpg\",\"contentUrl\":\"http:\\\/\\\/www.pcb.ub.edu\\\/\\\/wp-content\\\/uploads\\\/2020\\\/11\\\/1066060548656.jpg\"},{\"@type\":\"BreadcrumbList\",\"@id\":\"https:\\\/\\\/www.pcb.ub.edu\\\/es\\\/presentacion-del-libro-como-la-vida-misma-jordi-sabater-pi\\\/#breadcrumb\",\"itemListElement\":[{\"@type\":\"ListItem\",\"position\":1,\"name\":\"Home\",\"item\":\"https:\\\/\\\/www.pcb.ub.edu\\\/es\\\/\"},{\"@type\":\"ListItem\",\"position\":2,\"name\":\"Presentaci\u00f3n del libro &#8220;Como la vida misma. Jordi Sabater Pi&#8221;\"}]},{\"@type\":\"WebSite\",\"@id\":\"https:\\\/\\\/www.pcb.ub.edu\\\/es\\\/#website\",\"url\":\"https:\\\/\\\/www.pcb.ub.edu\\\/es\\\/\",\"name\":\"Parc Cient\u00edfic de Barcelona\",\"description\":\"Universitat de Barcelona\",\"potentialAction\":[{\"@type\":\"SearchAction\",\"target\":{\"@type\":\"EntryPoint\",\"urlTemplate\":\"https:\\\/\\\/www.pcb.ub.edu\\\/es\\\/?s={search_term_string}\"},\"query-input\":{\"@type\":\"PropertyValueSpecification\",\"valueRequired\":true,\"valueName\":\"search_term_string\"}}],\"inLanguage\":\"es\"},{\"@type\":\"Person\",\"@id\":\"https:\\\/\\\/www.pcb.ub.edu\\\/es\\\/#\\\/schema\\\/person\\\/d13cab05cd0a75b17fddca8496481021\",\"name\":\"adminpcb\",\"image\":{\"@type\":\"ImageObject\",\"inLanguage\":\"es\",\"@id\":\"https:\\\/\\\/secure.gravatar.com\\\/avatar\\\/41ad0fab4bb3bf5348b0af9612159cfd93173a57bbca98fecb50fa6f3ab97d28?s=96&d=mm&r=g\",\"url\":\"https:\\\/\\\/secure.gravatar.com\\\/avatar\\\/41ad0fab4bb3bf5348b0af9612159cfd93173a57bbca98fecb50fa6f3ab97d28?s=96&d=mm&r=g\",\"contentUrl\":\"https:\\\/\\\/secure.gravatar.com\\\/avatar\\\/41ad0fab4bb3bf5348b0af9612159cfd93173a57bbca98fecb50fa6f3ab97d28?s=96&d=mm&r=g\",\"caption\":\"adminpcb\"},\"url\":\"https:\\\/\\\/www.pcb.ub.edu\\\/es\\\/author\\\/adminpcb\\\/\"}]}<\/script>\n<!-- \/ Yoast SEO plugin. -->","yoast_head_json":{"title":"Presentaci\u00f3n del libro &#8220;Como la vida misma. Jordi Sabater Pi&#8221; - Parc Cient\u00edfic de Barcelona","robots":{"index":"index","follow":"follow","max-snippet":"max-snippet:-1","max-image-preview":"max-image-preview:large","max-video-preview":"max-video-preview:-1"},"canonical":"https:\/\/www.pcb.ub.edu\/es\/presentacion-del-libro-como-la-vida-misma-jordi-sabater-pi\/","og_locale":"es_ES","og_type":"article","og_title":"Presentaci\u00f3n del libro &#8220;Como la vida misma. Jordi Sabater Pi&#8221; - Parc Cient\u00edfic de Barcelona","og_description":"El pr\u00f3ximo viernes 17 de octubre a las 12 h, el Auditorio del Parc Cient\u00edfic de Barcelona (c\/ Baldiri Reixac, 4-6) acoger\u00e1 la presentaci\u00f3n del libro \u201cComo la vida misma. Jordi Sabater Pi\u201d (March Editor), una muestra de dibujos y apuntes del et\u00f3logo acompa\u00f1ados con los textos po\u00e9ticos del periodista Jordi Cervera. El acto de presentaci\u00f3n contar\u00e1 con las intervenciones del propio Jordi Sabater Pi, del director general del Parc Cient\u00edfic de Barcelona M\u00e0rius Rubiralta y de Jordi Cervera.","og_url":"https:\/\/www.pcb.ub.edu\/es\/presentacion-del-libro-como-la-vida-misma-jordi-sabater-pi\/","og_site_name":"Parc Cient\u00edfic de Barcelona","article_published_time":"2003-10-13T23:00:00+00:00","article_modified_time":"2020-11-16T15:13:49+00:00","og_image":[{"url":"http:\/\/www.pcb.ub.edu\/\/wp-content\/uploads\/2020\/11\/1066060548656.jpg","type":"","width":"","height":""}],"author":"adminpcb","twitter_card":"summary_large_image","twitter_misc":{"Escrito por":"adminpcb","Tiempo de lectura":"2 minutos"},"schema":{"@context":"https:\/\/schema.org","@graph":[{"@type":"Article","@id":"https:\/\/www.pcb.ub.edu\/es\/presentacion-del-libro-como-la-vida-misma-jordi-sabater-pi\/#article","isPartOf":{"@id":"https:\/\/www.pcb.ub.edu\/es\/presentacion-del-libro-como-la-vida-misma-jordi-sabater-pi\/"},"author":{"name":"adminpcb","@id":"https:\/\/www.pcb.ub.edu\/es\/#\/schema\/person\/d13cab05cd0a75b17fddca8496481021"},"headline":"Presentaci\u00f3n del libro &#8220;Como la vida misma. Jordi Sabater Pi&#8221;","datePublished":"2003-10-13T23:00:00+00:00","dateModified":"2020-11-16T15:13:49+00:00","mainEntityOfPage":{"@id":"https:\/\/www.pcb.ub.edu\/es\/presentacion-del-libro-como-la-vida-misma-jordi-sabater-pi\/"},"wordCount":405,"image":{"@id":"https:\/\/www.pcb.ub.edu\/es\/presentacion-del-libro-como-la-vida-misma-jordi-sabater-pi\/#primaryimage"},"thumbnailUrl":"http:\/\/www.pcb.ub.edu\/\/wp-content\/uploads\/2020\/11\/1066060548656.jpg","articleSection":["Sin categorizar"],"inLanguage":"es"},{"@type":"WebPage","@id":"https:\/\/www.pcb.ub.edu\/es\/presentacion-del-libro-como-la-vida-misma-jordi-sabater-pi\/","url":"https:\/\/www.pcb.ub.edu\/es\/presentacion-del-libro-como-la-vida-misma-jordi-sabater-pi\/","name":"Presentaci\u00f3n del libro &#8220;Como la vida misma. Jordi Sabater Pi&#8221; - Parc Cient\u00edfic de Barcelona","isPartOf":{"@id":"https:\/\/www.pcb.ub.edu\/es\/#website"},"primaryImageOfPage":{"@id":"https:\/\/www.pcb.ub.edu\/es\/presentacion-del-libro-como-la-vida-misma-jordi-sabater-pi\/#primaryimage"},"image":{"@id":"https:\/\/www.pcb.ub.edu\/es\/presentacion-del-libro-como-la-vida-misma-jordi-sabater-pi\/#primaryimage"},"thumbnailUrl":"http:\/\/www.pcb.ub.edu\/\/wp-content\/uploads\/2020\/11\/1066060548656.jpg","datePublished":"2003-10-13T23:00:00+00:00","dateModified":"2020-11-16T15:13:49+00:00","author":{"@id":"https:\/\/www.pcb.ub.edu\/es\/#\/schema\/person\/d13cab05cd0a75b17fddca8496481021"},"breadcrumb":{"@id":"https:\/\/www.pcb.ub.edu\/es\/presentacion-del-libro-como-la-vida-misma-jordi-sabater-pi\/#breadcrumb"},"inLanguage":"es","potentialAction":[{"@type":"ReadAction","target":["https:\/\/www.pcb.ub.edu\/es\/presentacion-del-libro-como-la-vida-misma-jordi-sabater-pi\/"]}]},{"@type":"ImageObject","inLanguage":"es","@id":"https:\/\/www.pcb.ub.edu\/es\/presentacion-del-libro-como-la-vida-misma-jordi-sabater-pi\/#primaryimage","url":"http:\/\/www.pcb.ub.edu\/\/wp-content\/uploads\/2020\/11\/1066060548656.jpg","contentUrl":"http:\/\/www.pcb.ub.edu\/\/wp-content\/uploads\/2020\/11\/1066060548656.jpg"},{"@type":"BreadcrumbList","@id":"https:\/\/www.pcb.ub.edu\/es\/presentacion-del-libro-como-la-vida-misma-jordi-sabater-pi\/#breadcrumb","itemListElement":[{"@type":"ListItem","position":1,"name":"Home","item":"https:\/\/www.pcb.ub.edu\/es\/"},{"@type":"ListItem","position":2,"name":"Presentaci\u00f3n del libro &#8220;Como la vida misma. Jordi Sabater Pi&#8221;"}]},{"@type":"WebSite","@id":"https:\/\/www.pcb.ub.edu\/es\/#website","url":"https:\/\/www.pcb.ub.edu\/es\/","name":"Parc Cient\u00edfic de Barcelona","description":"Universitat de Barcelona","potentialAction":[{"@type":"SearchAction","target":{"@type":"EntryPoint","urlTemplate":"https:\/\/www.pcb.ub.edu\/es\/?s={search_term_string}"},"query-input":{"@type":"PropertyValueSpecification","valueRequired":true,"valueName":"search_term_string"}}],"inLanguage":"es"},{"@type":"Person","@id":"https:\/\/www.pcb.ub.edu\/es\/#\/schema\/person\/d13cab05cd0a75b17fddca8496481021","name":"adminpcb","image":{"@type":"ImageObject","inLanguage":"es","@id":"https:\/\/secure.gravatar.com\/avatar\/41ad0fab4bb3bf5348b0af9612159cfd93173a57bbca98fecb50fa6f3ab97d28?s=96&d=mm&r=g","url":"https:\/\/secure.gravatar.com\/avatar\/41ad0fab4bb3bf5348b0af9612159cfd93173a57bbca98fecb50fa6f3ab97d28?s=96&d=mm&r=g","contentUrl":"https:\/\/secure.gravatar.com\/avatar\/41ad0fab4bb3bf5348b0af9612159cfd93173a57bbca98fecb50fa6f3ab97d28?s=96&d=mm&r=g","caption":"adminpcb"},"url":"https:\/\/www.pcb.ub.edu\/es\/author\/adminpcb\/"}]}},"_links":{"self":[{"href":"https:\/\/www.pcb.ub.edu\/es\/wp-json\/wp\/v2\/posts\/36753","targetHints":{"allow":["GET"]}}],"collection":[{"href":"https:\/\/www.pcb.ub.edu\/es\/wp-json\/wp\/v2\/posts"}],"about":[{"href":"https:\/\/www.pcb.ub.edu\/es\/wp-json\/wp\/v2\/types\/post"}],"author":[{"embeddable":true,"href":"https:\/\/www.pcb.ub.edu\/es\/wp-json\/wp\/v2\/users\/1"}],"replies":[{"embeddable":true,"href":"https:\/\/www.pcb.ub.edu\/es\/wp-json\/wp\/v2\/comments?post=36753"}],"version-history":[{"count":1,"href":"https:\/\/www.pcb.ub.edu\/es\/wp-json\/wp\/v2\/posts\/36753\/revisions"}],"predecessor-version":[{"id":43038,"href":"https:\/\/www.pcb.ub.edu\/es\/wp-json\/wp\/v2\/posts\/36753\/revisions\/43038"}],"wp:attachment":[{"href":"https:\/\/www.pcb.ub.edu\/es\/wp-json\/wp\/v2\/media?parent=36753"}],"wp:term":[{"taxonomy":"category","embeddable":true,"href":"https:\/\/www.pcb.ub.edu\/es\/wp-json\/wp\/v2\/categories?post=36753"},{"taxonomy":"post_tag","embeddable":true,"href":"https:\/\/www.pcb.ub.edu\/es\/wp-json\/wp\/v2\/tags?post=36753"}],"curies":[{"name":"wp","href":"https:\/\/api.w.org\/{rel}","templated":true}]}}