{"id":36741,"date":"2003-10-13T00:00:00","date_gmt":"2003-10-12T23:00:00","guid":{"rendered":"http:\/\/www.pcb.ub.edu\/\/2a-conferencia-internacional-de-la-apte\/"},"modified":"2020-11-16T16:13:45","modified_gmt":"2020-11-16T15:13:45","slug":"2a-conferencia-internacional-de-la-apte","status":"publish","type":"post","link":"https:\/\/www.pcb.ub.edu\/es\/2a-conferencia-internacional-de-la-apte\/","title":{"rendered":"2\u00aa Conferencia Internacional de la APTE"},"content":{"rendered":"<p>Con un car\u00e1cter pr\u00e1ctico \u2013a trav\u00e9s de mesas redondas, conferencias, visitas y rondas de negocios\u2013, las sesiones, que se celebrar\u00e1n en el Parque Tecnol\u00f3gico de Galicia, tratar\u00e1n temas alrededor de las estrategias y las pol\u00edticas de innovaci\u00f3n que permitir\u00e1n abrir nuevos horizontes hacia nuevos modelos de gesti\u00f3n y nuevas oportunidades de negocio en el \u00e1mbito del conocimiento y la innovaci\u00f3n. En este sentido, participar\u00e1n el secretario de Estado de Pol\u00edtica Cient\u00edfica y Tecnol\u00f3gica Pedro Moren\u00e9s, la acad\u00e9mica de la Universidad de Trieste y presidenta del \u00c1rea Science Park Mar\u00eda Cristina Pedicchio y el director ejectuvio del Parque Cient\u00edfico de Zernike y del Parque Cient\u00edfico de \u00c1msterdam Lex de Lange, entre otros. El Parc Cient\u00edfic de Barcelona intervendr\u00e1 en la mesa redonda cient\u00edfico-tecnol\u00f3gica sobre \u201cModelos de cooperaci\u00f3n entre universidades y parques cient\u00edfico y tecnol\u00f3gicos\u201d.<\/p>\n","protected":false},"excerpt":{"rendered":"<p>Los pr\u00f3ximos d\u00edas 16 y 17 de octubre se celebrar\u00e1 en Ourense la <a href=\"http:\/\/www.apteourense2003.com\/cgi-bin\/congreso\/index.pl\" target=\"_blank\" class=\"email\" rel=\"noopener noreferrer\">2\u00aa Conferencia Internacional de la Asociaci\u00f3n de Parques Cient\u00edfico y Tecnol\u00f3gicos de Espa\u00f1a <\/a> (APTE), de la que es miembro el Parc Cient\u00edfic de Barcelona. Bajo el t\u00edtulo \u201cLa empresa, el emprendedor y las instituciones en el entorno de los parques cient\u00edficos y tecnol\u00f3gicos\u201d, la conferencia reunir\u00e1 a m\u00e1s de 150 expertos del mundo de la empresa, la tecnolog\u00eda y la administraci\u00f3n p\u00fablica con el objetivo de debatir el presente y el futuro de las tecn\u00f3polis en Espa\u00f1a.<\/p>\n","protected":false},"author":1,"featured_media":0,"comment_status":"closed","ping_status":"open","sticky":false,"template":"","format":"standard","meta":{"_acf_changed":false,"inline_featured_image":false,"footnotes":""},"categories":[9],"tags":[],"class_list":["post-36741","post","type-post","status-publish","format-standard","category-sin-categorizar"],"acf":[],"yoast_head":"<!-- This site is optimized with the Yoast SEO plugin v27.3 - https:\/\/yoast.com\/product\/yoast-seo-wordpress\/ -->\n<title>2\u00aa Conferencia Internacional de la APTE - Parc Cient\u00edfic de Barcelona<\/title>\n<meta name=\"robots\" content=\"index, follow, max-snippet:-1, max-image-preview:large, max-video-preview:-1\" \/>\n<link rel=\"canonical\" href=\"https:\/\/www.pcb.ub.edu\/es\/2a-conferencia-internacional-de-la-apte\/\" \/>\n<meta property=\"og:locale\" content=\"es_ES\" \/>\n<meta property=\"og:type\" content=\"article\" \/>\n<meta property=\"og:title\" content=\"2\u00aa Conferencia Internacional de la APTE - Parc Cient\u00edfic de Barcelona\" \/>\n<meta property=\"og:description\" content=\"Los pr\u00f3ximos d\u00edas 16 y 17 de octubre se celebrar\u00e1 en Ourense la 2\u00aa Conferencia Internacional de la Asociaci\u00f3n de Parques Cient\u00edfico y Tecnol\u00f3gicos de Espa\u00f1a (APTE), de la que es miembro el Parc Cient\u00edfic de Barcelona. Bajo el t\u00edtulo \u201cLa empresa, el emprendedor y las instituciones en el entorno de los parques cient\u00edficos y tecnol\u00f3gicos\u201d, la conferencia reunir\u00e1 a m\u00e1s de 150 expertos del mundo de la empresa, la tecnolog\u00eda y la administraci\u00f3n p\u00fablica con el objetivo de debatir el presente y el futuro de las tecn\u00f3polis en Espa\u00f1a.\" \/>\n<meta property=\"og:url\" content=\"https:\/\/www.pcb.ub.edu\/es\/2a-conferencia-internacional-de-la-apte\/\" \/>\n<meta property=\"og:site_name\" content=\"Parc Cient\u00edfic de Barcelona\" \/>\n<meta property=\"article:published_time\" content=\"2003-10-12T23:00:00+00:00\" \/>\n<meta property=\"article:modified_time\" content=\"2020-11-16T15:13:45+00:00\" \/>\n<meta name=\"author\" content=\"adminpcb\" \/>\n<meta name=\"twitter:card\" content=\"summary_large_image\" \/>\n<meta name=\"twitter:label1\" content=\"Escrito por\" \/>\n\t<meta name=\"twitter:data1\" content=\"adminpcb\" \/>\n\t<meta name=\"twitter:label2\" content=\"Tiempo de lectura\" \/>\n\t<meta name=\"twitter:data2\" content=\"1 minuto\" \/>\n<script type=\"application\/ld+json\" class=\"yoast-schema-graph\">{\"@context\":\"https:\\\/\\\/schema.org\",\"@graph\":[{\"@type\":\"Article\",\"@id\":\"https:\\\/\\\/www.pcb.ub.edu\\\/es\\\/2a-conferencia-internacional-de-la-apte\\\/#article\",\"isPartOf\":{\"@id\":\"https:\\\/\\\/www.pcb.ub.edu\\\/es\\\/2a-conferencia-internacional-de-la-apte\\\/\"},\"author\":{\"name\":\"adminpcb\",\"@id\":\"https:\\\/\\\/www.pcb.ub.edu\\\/es\\\/#\\\/schema\\\/person\\\/d13cab05cd0a75b17fddca8496481021\"},\"headline\":\"2\u00aa Conferencia Internacional de la APTE\",\"datePublished\":\"2003-10-12T23:00:00+00:00\",\"dateModified\":\"2020-11-16T15:13:45+00:00\",\"mainEntityOfPage\":{\"@id\":\"https:\\\/\\\/www.pcb.ub.edu\\\/es\\\/2a-conferencia-internacional-de-la-apte\\\/\"},\"wordCount\":164,\"articleSection\":[\"Sin categorizar\"],\"inLanguage\":\"es\"},{\"@type\":\"WebPage\",\"@id\":\"https:\\\/\\\/www.pcb.ub.edu\\\/es\\\/2a-conferencia-internacional-de-la-apte\\\/\",\"url\":\"https:\\\/\\\/www.pcb.ub.edu\\\/es\\\/2a-conferencia-internacional-de-la-apte\\\/\",\"name\":\"2\u00aa Conferencia Internacional de la APTE - Parc Cient\u00edfic de Barcelona\",\"isPartOf\":{\"@id\":\"https:\\\/\\\/www.pcb.ub.edu\\\/es\\\/#website\"},\"datePublished\":\"2003-10-12T23:00:00+00:00\",\"dateModified\":\"2020-11-16T15:13:45+00:00\",\"author\":{\"@id\":\"https:\\\/\\\/www.pcb.ub.edu\\\/es\\\/#\\\/schema\\\/person\\\/d13cab05cd0a75b17fddca8496481021\"},\"breadcrumb\":{\"@id\":\"https:\\\/\\\/www.pcb.ub.edu\\\/es\\\/2a-conferencia-internacional-de-la-apte\\\/#breadcrumb\"},\"inLanguage\":\"es\",\"potentialAction\":[{\"@type\":\"ReadAction\",\"target\":[\"https:\\\/\\\/www.pcb.ub.edu\\\/es\\\/2a-conferencia-internacional-de-la-apte\\\/\"]}]},{\"@type\":\"BreadcrumbList\",\"@id\":\"https:\\\/\\\/www.pcb.ub.edu\\\/es\\\/2a-conferencia-internacional-de-la-apte\\\/#breadcrumb\",\"itemListElement\":[{\"@type\":\"ListItem\",\"position\":1,\"name\":\"Home\",\"item\":\"https:\\\/\\\/www.pcb.ub.edu\\\/es\\\/\"},{\"@type\":\"ListItem\",\"position\":2,\"name\":\"2\u00aa Conferencia Internacional de la APTE\"}]},{\"@type\":\"WebSite\",\"@id\":\"https:\\\/\\\/www.pcb.ub.edu\\\/es\\\/#website\",\"url\":\"https:\\\/\\\/www.pcb.ub.edu\\\/es\\\/\",\"name\":\"Parc Cient\u00edfic de Barcelona\",\"description\":\"Universitat de Barcelona\",\"potentialAction\":[{\"@type\":\"SearchAction\",\"target\":{\"@type\":\"EntryPoint\",\"urlTemplate\":\"https:\\\/\\\/www.pcb.ub.edu\\\/es\\\/?s={search_term_string}\"},\"query-input\":{\"@type\":\"PropertyValueSpecification\",\"valueRequired\":true,\"valueName\":\"search_term_string\"}}],\"inLanguage\":\"es\"},{\"@type\":\"Person\",\"@id\":\"https:\\\/\\\/www.pcb.ub.edu\\\/es\\\/#\\\/schema\\\/person\\\/d13cab05cd0a75b17fddca8496481021\",\"name\":\"adminpcb\",\"image\":{\"@type\":\"ImageObject\",\"inLanguage\":\"es\",\"@id\":\"https:\\\/\\\/secure.gravatar.com\\\/avatar\\\/41ad0fab4bb3bf5348b0af9612159cfd93173a57bbca98fecb50fa6f3ab97d28?s=96&d=mm&r=g\",\"url\":\"https:\\\/\\\/secure.gravatar.com\\\/avatar\\\/41ad0fab4bb3bf5348b0af9612159cfd93173a57bbca98fecb50fa6f3ab97d28?s=96&d=mm&r=g\",\"contentUrl\":\"https:\\\/\\\/secure.gravatar.com\\\/avatar\\\/41ad0fab4bb3bf5348b0af9612159cfd93173a57bbca98fecb50fa6f3ab97d28?s=96&d=mm&r=g\",\"caption\":\"adminpcb\"},\"url\":\"https:\\\/\\\/www.pcb.ub.edu\\\/es\\\/author\\\/adminpcb\\\/\"}]}<\/script>\n<!-- \/ Yoast SEO plugin. -->","yoast_head_json":{"title":"2\u00aa Conferencia Internacional de la APTE - Parc Cient\u00edfic de Barcelona","robots":{"index":"index","follow":"follow","max-snippet":"max-snippet:-1","max-image-preview":"max-image-preview:large","max-video-preview":"max-video-preview:-1"},"canonical":"https:\/\/www.pcb.ub.edu\/es\/2a-conferencia-internacional-de-la-apte\/","og_locale":"es_ES","og_type":"article","og_title":"2\u00aa Conferencia Internacional de la APTE - Parc Cient\u00edfic de Barcelona","og_description":"Los pr\u00f3ximos d\u00edas 16 y 17 de octubre se celebrar\u00e1 en Ourense la 2\u00aa Conferencia Internacional de la Asociaci\u00f3n de Parques Cient\u00edfico y Tecnol\u00f3gicos de Espa\u00f1a (APTE), de la que es miembro el Parc Cient\u00edfic de Barcelona. Bajo el t\u00edtulo \u201cLa empresa, el emprendedor y las instituciones en el entorno de los parques cient\u00edficos y tecnol\u00f3gicos\u201d, la conferencia reunir\u00e1 a m\u00e1s de 150 expertos del mundo de la empresa, la tecnolog\u00eda y la administraci\u00f3n p\u00fablica con el objetivo de debatir el presente y el futuro de las tecn\u00f3polis en Espa\u00f1a.","og_url":"https:\/\/www.pcb.ub.edu\/es\/2a-conferencia-internacional-de-la-apte\/","og_site_name":"Parc Cient\u00edfic de Barcelona","article_published_time":"2003-10-12T23:00:00+00:00","article_modified_time":"2020-11-16T15:13:45+00:00","author":"adminpcb","twitter_card":"summary_large_image","twitter_misc":{"Escrito por":"adminpcb","Tiempo de lectura":"1 minuto"},"schema":{"@context":"https:\/\/schema.org","@graph":[{"@type":"Article","@id":"https:\/\/www.pcb.ub.edu\/es\/2a-conferencia-internacional-de-la-apte\/#article","isPartOf":{"@id":"https:\/\/www.pcb.ub.edu\/es\/2a-conferencia-internacional-de-la-apte\/"},"author":{"name":"adminpcb","@id":"https:\/\/www.pcb.ub.edu\/es\/#\/schema\/person\/d13cab05cd0a75b17fddca8496481021"},"headline":"2\u00aa Conferencia Internacional de la APTE","datePublished":"2003-10-12T23:00:00+00:00","dateModified":"2020-11-16T15:13:45+00:00","mainEntityOfPage":{"@id":"https:\/\/www.pcb.ub.edu\/es\/2a-conferencia-internacional-de-la-apte\/"},"wordCount":164,"articleSection":["Sin categorizar"],"inLanguage":"es"},{"@type":"WebPage","@id":"https:\/\/www.pcb.ub.edu\/es\/2a-conferencia-internacional-de-la-apte\/","url":"https:\/\/www.pcb.ub.edu\/es\/2a-conferencia-internacional-de-la-apte\/","name":"2\u00aa Conferencia Internacional de la APTE - Parc Cient\u00edfic de Barcelona","isPartOf":{"@id":"https:\/\/www.pcb.ub.edu\/es\/#website"},"datePublished":"2003-10-12T23:00:00+00:00","dateModified":"2020-11-16T15:13:45+00:00","author":{"@id":"https:\/\/www.pcb.ub.edu\/es\/#\/schema\/person\/d13cab05cd0a75b17fddca8496481021"},"breadcrumb":{"@id":"https:\/\/www.pcb.ub.edu\/es\/2a-conferencia-internacional-de-la-apte\/#breadcrumb"},"inLanguage":"es","potentialAction":[{"@type":"ReadAction","target":["https:\/\/www.pcb.ub.edu\/es\/2a-conferencia-internacional-de-la-apte\/"]}]},{"@type":"BreadcrumbList","@id":"https:\/\/www.pcb.ub.edu\/es\/2a-conferencia-internacional-de-la-apte\/#breadcrumb","itemListElement":[{"@type":"ListItem","position":1,"name":"Home","item":"https:\/\/www.pcb.ub.edu\/es\/"},{"@type":"ListItem","position":2,"name":"2\u00aa Conferencia Internacional de la APTE"}]},{"@type":"WebSite","@id":"https:\/\/www.pcb.ub.edu\/es\/#website","url":"https:\/\/www.pcb.ub.edu\/es\/","name":"Parc Cient\u00edfic de Barcelona","description":"Universitat de Barcelona","potentialAction":[{"@type":"SearchAction","target":{"@type":"EntryPoint","urlTemplate":"https:\/\/www.pcb.ub.edu\/es\/?s={search_term_string}"},"query-input":{"@type":"PropertyValueSpecification","valueRequired":true,"valueName":"search_term_string"}}],"inLanguage":"es"},{"@type":"Person","@id":"https:\/\/www.pcb.ub.edu\/es\/#\/schema\/person\/d13cab05cd0a75b17fddca8496481021","name":"adminpcb","image":{"@type":"ImageObject","inLanguage":"es","@id":"https:\/\/secure.gravatar.com\/avatar\/41ad0fab4bb3bf5348b0af9612159cfd93173a57bbca98fecb50fa6f3ab97d28?s=96&d=mm&r=g","url":"https:\/\/secure.gravatar.com\/avatar\/41ad0fab4bb3bf5348b0af9612159cfd93173a57bbca98fecb50fa6f3ab97d28?s=96&d=mm&r=g","contentUrl":"https:\/\/secure.gravatar.com\/avatar\/41ad0fab4bb3bf5348b0af9612159cfd93173a57bbca98fecb50fa6f3ab97d28?s=96&d=mm&r=g","caption":"adminpcb"},"url":"https:\/\/www.pcb.ub.edu\/es\/author\/adminpcb\/"}]}},"_links":{"self":[{"href":"https:\/\/www.pcb.ub.edu\/es\/wp-json\/wp\/v2\/posts\/36741","targetHints":{"allow":["GET"]}}],"collection":[{"href":"https:\/\/www.pcb.ub.edu\/es\/wp-json\/wp\/v2\/posts"}],"about":[{"href":"https:\/\/www.pcb.ub.edu\/es\/wp-json\/wp\/v2\/types\/post"}],"author":[{"embeddable":true,"href":"https:\/\/www.pcb.ub.edu\/es\/wp-json\/wp\/v2\/users\/1"}],"replies":[{"embeddable":true,"href":"https:\/\/www.pcb.ub.edu\/es\/wp-json\/wp\/v2\/comments?post=36741"}],"version-history":[{"count":1,"href":"https:\/\/www.pcb.ub.edu\/es\/wp-json\/wp\/v2\/posts\/36741\/revisions"}],"predecessor-version":[{"id":43027,"href":"https:\/\/www.pcb.ub.edu\/es\/wp-json\/wp\/v2\/posts\/36741\/revisions\/43027"}],"wp:attachment":[{"href":"https:\/\/www.pcb.ub.edu\/es\/wp-json\/wp\/v2\/media?parent=36741"}],"wp:term":[{"taxonomy":"category","embeddable":true,"href":"https:\/\/www.pcb.ub.edu\/es\/wp-json\/wp\/v2\/categories?post=36741"},{"taxonomy":"post_tag","embeddable":true,"href":"https:\/\/www.pcb.ub.edu\/es\/wp-json\/wp\/v2\/tags?post=36741"}],"curies":[{"name":"wp","href":"https:\/\/api.w.org\/{rel}","templated":true}]}}