{"id":36719,"date":"2003-09-29T00:00:00","date_gmt":"2003-09-28T23:00:00","guid":{"rendered":"http:\/\/www.pcb.ub.edu\/\/el-instituto-de-economia-de-barcelona-organiza-una-jornada-sobre-los-retos-de-futuro-de-las-cajas-de-ahorro\/"},"modified":"2020-11-16T16:13:41","modified_gmt":"2020-11-16T15:13:41","slug":"el-instituto-de-economia-de-barcelona-organiza-una-jornada-sobre-los-retos-de-futuro-de-las-cajas-de-ahorro","status":"publish","type":"post","link":"https:\/\/www.pcb.ub.edu\/es\/el-instituto-de-economia-de-barcelona-organiza-una-jornada-sobre-los-retos-de-futuro-de-las-cajas-de-ahorro\/","title":{"rendered":"El Instituto de Econom\u00eda de Barcelona organiza una jornada sobre los retos de futuro de las cajas de ahorro"},"content":{"rendered":"<p>\u00bb<\/p>\n<div class=\"col-sm-6 detall-noticia-imatges\">\n<div class=\"row\">\n<div class=\"item active one-image\">\n\t\t\t\t\t\t<a class=\"icon-search\" href='http:\/\/www.pcb.ub.edu\/\/wp-content\/uploads\/2020\/11\/1065515110421.jpg'><\/a><br \/>\n\t\t\t\t\t\t<img src='http:\/\/www.pcb.ub.edu\/\/wp-content\/uploads\/2020\/11\/1065515110421.jpg' \/>\n\t\t\t\t\t<\/div><\/div><\/div>\n<p>\t\t\tEn el contexto de los cambios en la legislaci\u00f3n generados por la Ley Financiera, entre otras normas, y  las transformaciones en el negocio financiero que se est\u00e1n produciendo en los \u00faltimos a\u00f1os, las cajas de ahorro tienen que afrontarse a un conjunto de retos espec\u00edficos como encontrar v\u00edas eficientes de capitalizaci\u00f3n, mejorar la transparencia de sus \u00f3rganos de gobierno o definir con precisi\u00f3n los destinos preferentes de la obra social.<\/p>\n<p> Para tratar estos temas, el IEB re\u00fane en esta jornada al presidente de la Confederaci\u00f3n de Cajas de Ahorro (CECA) Juan R. Quint\u00e1s, al presidente de Caixa Catalunya Antoni Serra i al director general de \u201cLa Caixa\u201d Isidre Fain\u00e9, adem\u00e1s de los profesores del Departamento de Contabilidad y Organizaci\u00f3n de Empresas de la Universidad Aut\u00f3noma de Madrid Emilio Ontiveros, del Departamento de Econom\u00eda y Direcci\u00f3n de Empresas de la Universidad de Zaragoza Vicente Salas, y del Departamento de Econom\u00eda de la Empresa de la Universitat Aut\u00f2noma de Barcelona Miguel \u00c1ngel Garc\u00eda Cestona. El director de FUNCAS Victorio Valle realizar\u00e1 la conferencia de cloenda de la jornada. <\/p>\n<p>  Para m\u00e1s informaci\u00f3n, pod\u00e9is contactar con el IEB a la direcci\u00f3n electr\u00f3nica <a class=\"email\" href=\"mailto:ieb@pcb.ub.es\">ieb@pcb.ub.es<\/a> o al tel\u00e9fono 93 403 46 46. <\/p>\n","protected":false},"excerpt":{"rendered":"<p>Analizar y discutir las cuestiones claves que condicionar\u00e1n el futuro inmediato de les cajas de ahorros es el objetivo de la jornada <a href=\"http:\/\/www.pcb.ub.es\/ieb\/jornadesc\/jornadesc.html\" target=\"_blank\" class=\"email\" rel=\"noopener noreferrer\">\u201cLas cajas de ahorros: retos de futuro\u201d  <\/a> que el <a href=\"p1008.asp\" class=\"email\">Instituto de Econom\u00eda de Barcelona<\/a> (IEB) ha organizado para el pr\u00f3ximo jueves 2 d\u2019octubre en el Auditorio del Parc Cient\u00edfic de Barcelona (c\/ Baldiri Reixac, 4-6) con el apoyo de la  Divisi\u00f3n II de la Universitat de Barcelona y de la Fundaci\u00f3n de las Cajas de Ahorros Confederadas para la Investigaci\u00f3n Econ\u00f3mica y Social (FUNCAS). <\/p>\n","protected":false},"author":1,"featured_media":0,"comment_status":"closed","ping_status":"open","sticky":false,"template":"","format":"standard","meta":{"_acf_changed":false,"inline_featured_image":false,"footnotes":""},"categories":[9],"tags":[],"class_list":["post-36719","post","type-post","status-publish","format-standard","category-sin-categorizar"],"acf":[],"yoast_head":"<!-- This site is optimized with the Yoast SEO plugin v27.3 - https:\/\/yoast.com\/product\/yoast-seo-wordpress\/ -->\n<title>El Instituto de Econom\u00eda de Barcelona organiza una jornada sobre los retos de futuro de las cajas de ahorro - Parc Cient\u00edfic de Barcelona<\/title>\n<meta name=\"robots\" content=\"index, follow, max-snippet:-1, max-image-preview:large, max-video-preview:-1\" \/>\n<link rel=\"canonical\" href=\"https:\/\/www.pcb.ub.edu\/es\/el-instituto-de-economia-de-barcelona-organiza-una-jornada-sobre-los-retos-de-futuro-de-las-cajas-de-ahorro\/\" \/>\n<meta property=\"og:locale\" content=\"es_ES\" \/>\n<meta property=\"og:type\" content=\"article\" \/>\n<meta property=\"og:title\" content=\"El Instituto de Econom\u00eda de Barcelona organiza una jornada sobre los retos de futuro de las cajas de ahorro - Parc Cient\u00edfic de Barcelona\" \/>\n<meta property=\"og:description\" content=\"Analizar y discutir las cuestiones claves que condicionar\u00e1n el futuro inmediato de les cajas de ahorros es el objetivo de la jornada \u201cLas cajas de ahorros: retos de futuro\u201d  que el Instituto de Econom\u00eda de Barcelona (IEB) ha organizado para el pr\u00f3ximo jueves 2 d\u2019octubre en el Auditorio del Parc Cient\u00edfic de Barcelona (c\/ Baldiri Reixac, 4-6) con el apoyo de la Divisi\u00f3n II de la Universitat de Barcelona y de la Fundaci\u00f3n de las Cajas de Ahorros Confederadas para la Investigaci\u00f3n Econ\u00f3mica y Social (FUNCAS).\" \/>\n<meta property=\"og:url\" content=\"https:\/\/www.pcb.ub.edu\/es\/el-instituto-de-economia-de-barcelona-organiza-una-jornada-sobre-los-retos-de-futuro-de-las-cajas-de-ahorro\/\" \/>\n<meta property=\"og:site_name\" content=\"Parc Cient\u00edfic de Barcelona\" \/>\n<meta property=\"article:published_time\" content=\"2003-09-28T23:00:00+00:00\" \/>\n<meta property=\"article:modified_time\" content=\"2020-11-16T15:13:41+00:00\" \/>\n<meta property=\"og:image\" content=\"http:\/\/www.pcb.ub.edu\/\/wp-content\/uploads\/2020\/11\/1065515110421.jpg\" \/>\n<meta name=\"author\" content=\"adminpcb\" \/>\n<meta name=\"twitter:card\" content=\"summary_large_image\" \/>\n<meta name=\"twitter:label1\" content=\"Escrito por\" \/>\n\t<meta name=\"twitter:data1\" content=\"adminpcb\" \/>\n\t<meta name=\"twitter:label2\" content=\"Tiempo de lectura\" \/>\n\t<meta name=\"twitter:data2\" content=\"1 minuto\" \/>\n<script type=\"application\/ld+json\" class=\"yoast-schema-graph\">{\"@context\":\"https:\\\/\\\/schema.org\",\"@graph\":[{\"@type\":\"Article\",\"@id\":\"https:\\\/\\\/www.pcb.ub.edu\\\/es\\\/el-instituto-de-economia-de-barcelona-organiza-una-jornada-sobre-los-retos-de-futuro-de-las-cajas-de-ahorro\\\/#article\",\"isPartOf\":{\"@id\":\"https:\\\/\\\/www.pcb.ub.edu\\\/es\\\/el-instituto-de-economia-de-barcelona-organiza-una-jornada-sobre-los-retos-de-futuro-de-las-cajas-de-ahorro\\\/\"},\"author\":{\"name\":\"adminpcb\",\"@id\":\"https:\\\/\\\/www.pcb.ub.edu\\\/es\\\/#\\\/schema\\\/person\\\/d13cab05cd0a75b17fddca8496481021\"},\"headline\":\"El Instituto de Econom\u00eda de Barcelona organiza una jornada sobre los retos de futuro de las cajas de ahorro\",\"datePublished\":\"2003-09-28T23:00:00+00:00\",\"dateModified\":\"2020-11-16T15:13:41+00:00\",\"mainEntityOfPage\":{\"@id\":\"https:\\\/\\\/www.pcb.ub.edu\\\/es\\\/el-instituto-de-economia-de-barcelona-organiza-una-jornada-sobre-los-retos-de-futuro-de-las-cajas-de-ahorro\\\/\"},\"wordCount\":239,\"image\":{\"@id\":\"https:\\\/\\\/www.pcb.ub.edu\\\/es\\\/el-instituto-de-economia-de-barcelona-organiza-una-jornada-sobre-los-retos-de-futuro-de-las-cajas-de-ahorro\\\/#primaryimage\"},\"thumbnailUrl\":\"http:\\\/\\\/www.pcb.ub.edu\\\/\\\/wp-content\\\/uploads\\\/2020\\\/11\\\/1065515110421.jpg\",\"articleSection\":[\"Sin categorizar\"],\"inLanguage\":\"es\"},{\"@type\":\"WebPage\",\"@id\":\"https:\\\/\\\/www.pcb.ub.edu\\\/es\\\/el-instituto-de-economia-de-barcelona-organiza-una-jornada-sobre-los-retos-de-futuro-de-las-cajas-de-ahorro\\\/\",\"url\":\"https:\\\/\\\/www.pcb.ub.edu\\\/es\\\/el-instituto-de-economia-de-barcelona-organiza-una-jornada-sobre-los-retos-de-futuro-de-las-cajas-de-ahorro\\\/\",\"name\":\"El Instituto de Econom\u00eda de Barcelona organiza una jornada sobre los retos de futuro de las cajas de ahorro - Parc Cient\u00edfic de Barcelona\",\"isPartOf\":{\"@id\":\"https:\\\/\\\/www.pcb.ub.edu\\\/es\\\/#website\"},\"primaryImageOfPage\":{\"@id\":\"https:\\\/\\\/www.pcb.ub.edu\\\/es\\\/el-instituto-de-economia-de-barcelona-organiza-una-jornada-sobre-los-retos-de-futuro-de-las-cajas-de-ahorro\\\/#primaryimage\"},\"image\":{\"@id\":\"https:\\\/\\\/www.pcb.ub.edu\\\/es\\\/el-instituto-de-economia-de-barcelona-organiza-una-jornada-sobre-los-retos-de-futuro-de-las-cajas-de-ahorro\\\/#primaryimage\"},\"thumbnailUrl\":\"http:\\\/\\\/www.pcb.ub.edu\\\/\\\/wp-content\\\/uploads\\\/2020\\\/11\\\/1065515110421.jpg\",\"datePublished\":\"2003-09-28T23:00:00+00:00\",\"dateModified\":\"2020-11-16T15:13:41+00:00\",\"author\":{\"@id\":\"https:\\\/\\\/www.pcb.ub.edu\\\/es\\\/#\\\/schema\\\/person\\\/d13cab05cd0a75b17fddca8496481021\"},\"breadcrumb\":{\"@id\":\"https:\\\/\\\/www.pcb.ub.edu\\\/es\\\/el-instituto-de-economia-de-barcelona-organiza-una-jornada-sobre-los-retos-de-futuro-de-las-cajas-de-ahorro\\\/#breadcrumb\"},\"inLanguage\":\"es\",\"potentialAction\":[{\"@type\":\"ReadAction\",\"target\":[\"https:\\\/\\\/www.pcb.ub.edu\\\/es\\\/el-instituto-de-economia-de-barcelona-organiza-una-jornada-sobre-los-retos-de-futuro-de-las-cajas-de-ahorro\\\/\"]}]},{\"@type\":\"ImageObject\",\"inLanguage\":\"es\",\"@id\":\"https:\\\/\\\/www.pcb.ub.edu\\\/es\\\/el-instituto-de-economia-de-barcelona-organiza-una-jornada-sobre-los-retos-de-futuro-de-las-cajas-de-ahorro\\\/#primaryimage\",\"url\":\"http:\\\/\\\/www.pcb.ub.edu\\\/\\\/wp-content\\\/uploads\\\/2020\\\/11\\\/1065515110421.jpg\",\"contentUrl\":\"http:\\\/\\\/www.pcb.ub.edu\\\/\\\/wp-content\\\/uploads\\\/2020\\\/11\\\/1065515110421.jpg\"},{\"@type\":\"BreadcrumbList\",\"@id\":\"https:\\\/\\\/www.pcb.ub.edu\\\/es\\\/el-instituto-de-economia-de-barcelona-organiza-una-jornada-sobre-los-retos-de-futuro-de-las-cajas-de-ahorro\\\/#breadcrumb\",\"itemListElement\":[{\"@type\":\"ListItem\",\"position\":1,\"name\":\"Home\",\"item\":\"https:\\\/\\\/www.pcb.ub.edu\\\/es\\\/\"},{\"@type\":\"ListItem\",\"position\":2,\"name\":\"El Instituto de Econom\u00eda de Barcelona organiza una jornada sobre los retos de futuro de las cajas de ahorro\"}]},{\"@type\":\"WebSite\",\"@id\":\"https:\\\/\\\/www.pcb.ub.edu\\\/es\\\/#website\",\"url\":\"https:\\\/\\\/www.pcb.ub.edu\\\/es\\\/\",\"name\":\"Parc Cient\u00edfic de Barcelona\",\"description\":\"Universitat de Barcelona\",\"potentialAction\":[{\"@type\":\"SearchAction\",\"target\":{\"@type\":\"EntryPoint\",\"urlTemplate\":\"https:\\\/\\\/www.pcb.ub.edu\\\/es\\\/?s={search_term_string}\"},\"query-input\":{\"@type\":\"PropertyValueSpecification\",\"valueRequired\":true,\"valueName\":\"search_term_string\"}}],\"inLanguage\":\"es\"},{\"@type\":\"Person\",\"@id\":\"https:\\\/\\\/www.pcb.ub.edu\\\/es\\\/#\\\/schema\\\/person\\\/d13cab05cd0a75b17fddca8496481021\",\"name\":\"adminpcb\",\"image\":{\"@type\":\"ImageObject\",\"inLanguage\":\"es\",\"@id\":\"https:\\\/\\\/secure.gravatar.com\\\/avatar\\\/41ad0fab4bb3bf5348b0af9612159cfd93173a57bbca98fecb50fa6f3ab97d28?s=96&d=mm&r=g\",\"url\":\"https:\\\/\\\/secure.gravatar.com\\\/avatar\\\/41ad0fab4bb3bf5348b0af9612159cfd93173a57bbca98fecb50fa6f3ab97d28?s=96&d=mm&r=g\",\"contentUrl\":\"https:\\\/\\\/secure.gravatar.com\\\/avatar\\\/41ad0fab4bb3bf5348b0af9612159cfd93173a57bbca98fecb50fa6f3ab97d28?s=96&d=mm&r=g\",\"caption\":\"adminpcb\"},\"url\":\"https:\\\/\\\/www.pcb.ub.edu\\\/es\\\/author\\\/adminpcb\\\/\"}]}<\/script>\n<!-- \/ Yoast SEO plugin. -->","yoast_head_json":{"title":"El Instituto de Econom\u00eda de Barcelona organiza una jornada sobre los retos de futuro de las cajas de ahorro - Parc Cient\u00edfic de Barcelona","robots":{"index":"index","follow":"follow","max-snippet":"max-snippet:-1","max-image-preview":"max-image-preview:large","max-video-preview":"max-video-preview:-1"},"canonical":"https:\/\/www.pcb.ub.edu\/es\/el-instituto-de-economia-de-barcelona-organiza-una-jornada-sobre-los-retos-de-futuro-de-las-cajas-de-ahorro\/","og_locale":"es_ES","og_type":"article","og_title":"El Instituto de Econom\u00eda de Barcelona organiza una jornada sobre los retos de futuro de las cajas de ahorro - Parc Cient\u00edfic de Barcelona","og_description":"Analizar y discutir las cuestiones claves que condicionar\u00e1n el futuro inmediato de les cajas de ahorros es el objetivo de la jornada \u201cLas cajas de ahorros: retos de futuro\u201d  que el Instituto de Econom\u00eda de Barcelona (IEB) ha organizado para el pr\u00f3ximo jueves 2 d\u2019octubre en el Auditorio del Parc Cient\u00edfic de Barcelona (c\/ Baldiri Reixac, 4-6) con el apoyo de la Divisi\u00f3n II de la Universitat de Barcelona y de la Fundaci\u00f3n de las Cajas de Ahorros Confederadas para la Investigaci\u00f3n Econ\u00f3mica y Social (FUNCAS).","og_url":"https:\/\/www.pcb.ub.edu\/es\/el-instituto-de-economia-de-barcelona-organiza-una-jornada-sobre-los-retos-de-futuro-de-las-cajas-de-ahorro\/","og_site_name":"Parc Cient\u00edfic de Barcelona","article_published_time":"2003-09-28T23:00:00+00:00","article_modified_time":"2020-11-16T15:13:41+00:00","og_image":[{"url":"http:\/\/www.pcb.ub.edu\/\/wp-content\/uploads\/2020\/11\/1065515110421.jpg","type":"","width":"","height":""}],"author":"adminpcb","twitter_card":"summary_large_image","twitter_misc":{"Escrito por":"adminpcb","Tiempo de lectura":"1 minuto"},"schema":{"@context":"https:\/\/schema.org","@graph":[{"@type":"Article","@id":"https:\/\/www.pcb.ub.edu\/es\/el-instituto-de-economia-de-barcelona-organiza-una-jornada-sobre-los-retos-de-futuro-de-las-cajas-de-ahorro\/#article","isPartOf":{"@id":"https:\/\/www.pcb.ub.edu\/es\/el-instituto-de-economia-de-barcelona-organiza-una-jornada-sobre-los-retos-de-futuro-de-las-cajas-de-ahorro\/"},"author":{"name":"adminpcb","@id":"https:\/\/www.pcb.ub.edu\/es\/#\/schema\/person\/d13cab05cd0a75b17fddca8496481021"},"headline":"El Instituto de Econom\u00eda de Barcelona organiza una jornada sobre los retos de futuro de las cajas de ahorro","datePublished":"2003-09-28T23:00:00+00:00","dateModified":"2020-11-16T15:13:41+00:00","mainEntityOfPage":{"@id":"https:\/\/www.pcb.ub.edu\/es\/el-instituto-de-economia-de-barcelona-organiza-una-jornada-sobre-los-retos-de-futuro-de-las-cajas-de-ahorro\/"},"wordCount":239,"image":{"@id":"https:\/\/www.pcb.ub.edu\/es\/el-instituto-de-economia-de-barcelona-organiza-una-jornada-sobre-los-retos-de-futuro-de-las-cajas-de-ahorro\/#primaryimage"},"thumbnailUrl":"http:\/\/www.pcb.ub.edu\/\/wp-content\/uploads\/2020\/11\/1065515110421.jpg","articleSection":["Sin categorizar"],"inLanguage":"es"},{"@type":"WebPage","@id":"https:\/\/www.pcb.ub.edu\/es\/el-instituto-de-economia-de-barcelona-organiza-una-jornada-sobre-los-retos-de-futuro-de-las-cajas-de-ahorro\/","url":"https:\/\/www.pcb.ub.edu\/es\/el-instituto-de-economia-de-barcelona-organiza-una-jornada-sobre-los-retos-de-futuro-de-las-cajas-de-ahorro\/","name":"El Instituto de Econom\u00eda de Barcelona organiza una jornada sobre los retos de futuro de las cajas de ahorro - Parc Cient\u00edfic de Barcelona","isPartOf":{"@id":"https:\/\/www.pcb.ub.edu\/es\/#website"},"primaryImageOfPage":{"@id":"https:\/\/www.pcb.ub.edu\/es\/el-instituto-de-economia-de-barcelona-organiza-una-jornada-sobre-los-retos-de-futuro-de-las-cajas-de-ahorro\/#primaryimage"},"image":{"@id":"https:\/\/www.pcb.ub.edu\/es\/el-instituto-de-economia-de-barcelona-organiza-una-jornada-sobre-los-retos-de-futuro-de-las-cajas-de-ahorro\/#primaryimage"},"thumbnailUrl":"http:\/\/www.pcb.ub.edu\/\/wp-content\/uploads\/2020\/11\/1065515110421.jpg","datePublished":"2003-09-28T23:00:00+00:00","dateModified":"2020-11-16T15:13:41+00:00","author":{"@id":"https:\/\/www.pcb.ub.edu\/es\/#\/schema\/person\/d13cab05cd0a75b17fddca8496481021"},"breadcrumb":{"@id":"https:\/\/www.pcb.ub.edu\/es\/el-instituto-de-economia-de-barcelona-organiza-una-jornada-sobre-los-retos-de-futuro-de-las-cajas-de-ahorro\/#breadcrumb"},"inLanguage":"es","potentialAction":[{"@type":"ReadAction","target":["https:\/\/www.pcb.ub.edu\/es\/el-instituto-de-economia-de-barcelona-organiza-una-jornada-sobre-los-retos-de-futuro-de-las-cajas-de-ahorro\/"]}]},{"@type":"ImageObject","inLanguage":"es","@id":"https:\/\/www.pcb.ub.edu\/es\/el-instituto-de-economia-de-barcelona-organiza-una-jornada-sobre-los-retos-de-futuro-de-las-cajas-de-ahorro\/#primaryimage","url":"http:\/\/www.pcb.ub.edu\/\/wp-content\/uploads\/2020\/11\/1065515110421.jpg","contentUrl":"http:\/\/www.pcb.ub.edu\/\/wp-content\/uploads\/2020\/11\/1065515110421.jpg"},{"@type":"BreadcrumbList","@id":"https:\/\/www.pcb.ub.edu\/es\/el-instituto-de-economia-de-barcelona-organiza-una-jornada-sobre-los-retos-de-futuro-de-las-cajas-de-ahorro\/#breadcrumb","itemListElement":[{"@type":"ListItem","position":1,"name":"Home","item":"https:\/\/www.pcb.ub.edu\/es\/"},{"@type":"ListItem","position":2,"name":"El Instituto de Econom\u00eda de Barcelona organiza una jornada sobre los retos de futuro de las cajas de ahorro"}]},{"@type":"WebSite","@id":"https:\/\/www.pcb.ub.edu\/es\/#website","url":"https:\/\/www.pcb.ub.edu\/es\/","name":"Parc Cient\u00edfic de Barcelona","description":"Universitat de Barcelona","potentialAction":[{"@type":"SearchAction","target":{"@type":"EntryPoint","urlTemplate":"https:\/\/www.pcb.ub.edu\/es\/?s={search_term_string}"},"query-input":{"@type":"PropertyValueSpecification","valueRequired":true,"valueName":"search_term_string"}}],"inLanguage":"es"},{"@type":"Person","@id":"https:\/\/www.pcb.ub.edu\/es\/#\/schema\/person\/d13cab05cd0a75b17fddca8496481021","name":"adminpcb","image":{"@type":"ImageObject","inLanguage":"es","@id":"https:\/\/secure.gravatar.com\/avatar\/41ad0fab4bb3bf5348b0af9612159cfd93173a57bbca98fecb50fa6f3ab97d28?s=96&d=mm&r=g","url":"https:\/\/secure.gravatar.com\/avatar\/41ad0fab4bb3bf5348b0af9612159cfd93173a57bbca98fecb50fa6f3ab97d28?s=96&d=mm&r=g","contentUrl":"https:\/\/secure.gravatar.com\/avatar\/41ad0fab4bb3bf5348b0af9612159cfd93173a57bbca98fecb50fa6f3ab97d28?s=96&d=mm&r=g","caption":"adminpcb"},"url":"https:\/\/www.pcb.ub.edu\/es\/author\/adminpcb\/"}]}},"_links":{"self":[{"href":"https:\/\/www.pcb.ub.edu\/es\/wp-json\/wp\/v2\/posts\/36719","targetHints":{"allow":["GET"]}}],"collection":[{"href":"https:\/\/www.pcb.ub.edu\/es\/wp-json\/wp\/v2\/posts"}],"about":[{"href":"https:\/\/www.pcb.ub.edu\/es\/wp-json\/wp\/v2\/types\/post"}],"author":[{"embeddable":true,"href":"https:\/\/www.pcb.ub.edu\/es\/wp-json\/wp\/v2\/users\/1"}],"replies":[{"embeddable":true,"href":"https:\/\/www.pcb.ub.edu\/es\/wp-json\/wp\/v2\/comments?post=36719"}],"version-history":[{"count":1,"href":"https:\/\/www.pcb.ub.edu\/es\/wp-json\/wp\/v2\/posts\/36719\/revisions"}],"predecessor-version":[{"id":43005,"href":"https:\/\/www.pcb.ub.edu\/es\/wp-json\/wp\/v2\/posts\/36719\/revisions\/43005"}],"wp:attachment":[{"href":"https:\/\/www.pcb.ub.edu\/es\/wp-json\/wp\/v2\/media?parent=36719"}],"wp:term":[{"taxonomy":"category","embeddable":true,"href":"https:\/\/www.pcb.ub.edu\/es\/wp-json\/wp\/v2\/categories?post=36719"},{"taxonomy":"post_tag","embeddable":true,"href":"https:\/\/www.pcb.ub.edu\/es\/wp-json\/wp\/v2\/tags?post=36719"}],"curies":[{"name":"wp","href":"https:\/\/api.w.org\/{rel}","templated":true}]}}