{"id":36708,"date":"2003-09-29T00:00:00","date_gmt":"2003-09-28T23:00:00","guid":{"rendered":"http:\/\/www.pcb.ub.edu\/\/una-comision-del-senado-visita-el-parc-cientific-de-barcelona\/"},"modified":"2020-11-16T16:13:40","modified_gmt":"2020-11-16T15:13:40","slug":"una-comision-del-senado-visita-el-parc-cientific-de-barcelona","status":"publish","type":"post","link":"https:\/\/www.pcb.ub.edu\/es\/una-comision-del-senado-visita-el-parc-cientific-de-barcelona\/","title":{"rendered":"Una comisi\u00f3n del Senado visita el Parc Cient\u00edfic de Barcelona"},"content":{"rendered":"<p>La Comisi\u00f3n asisti\u00f3 primero a la presentaci\u00f3n en el Departament d\u2019Universitats, Recerca i Societat de la Informaci\u00f3 de la Generalitat de Catalunya del III Plan de Investigaci\u00f3n y del Plan de Innovaci\u00f3n de Catalu\u00f1a 2001-2004, y de proyectos de centros de excelencia catalanes como el Institut Catal\u00e0 de Ci\u00e8ncies Cardiovasculars, el Institut de Ci\u00e8ncies Fot\u00f2niques y el Institut Catal\u00e0 d\u2019Investigaci\u00f3 Qu\u00edmica. Posteriormente, visitaron el Centre de Tecnolog\u00eda de la Carne-IRTA y el Centre de Regulaci\u00f3 Gen\u00f2mica antes de llegar al Parc Cient\u00edfic de Barcelona.<\/p>\n<p>  En la visita al PCB, el director general M\u00e0rius Rubiralta explic\u00f3 a los el proyecto del Parque y los acompa\u00f1\u00f3 por las diferentes instalaciones inform\u00e1ndolos de las actividades de investigaci\u00f3n que actualmente se est\u00e1n realizando.<\/p>\n<p>  Los representantes de la comisi\u00f3n de Ciencia y Tecnolog\u00eda del Senado que participaron en este encuentro fueron: el presidente de la Comisi\u00f3n Alonso Arroyo, del Grupo Parlamentario Coalici\u00f3n Canaria; el vicepresidente segundo Ram\u00f3n Antonio Soc\u00edas, del Grupo Parlamentario Socialista; el secretario primero Juan Emilio Ant\u00f3n, del Grupo Parlamentario Popular; el secretario segundo Ricardo Espuela; el portavoz del Grupo Parlamentario Popular Adolfo Abej\u00f3n; el portavoz del Grupo Parlamentario Catal\u00e1n Josep Varela; el portavoz del Grupo Parlamentario Entesa Catalana de Progr\u00e9s Arseni Gibert; el portavoz del Grupo Parlamentario de Senadores Nacionalistas Vascos Xabier Albistur; i la letrada de la Comisi\u00f3n Mercedes Sen\u00e9n. <\/p>\n","protected":false},"excerpt":{"rendered":"<p>El pasado 10 de septiembre la Comisi\u00f3n de Ciencia y Tecnolog\u00eda del Senado espa\u00f1ol visit\u00f3 el Parc Cient\u00edfic de Barcelona (PCB) en el marco de una visita institucional a Catalu\u00f1a. Los representantes del Senado, que ya hab\u00edan estado por otras comunidades aut\u00f3nomas como Galicia y el Pa\u00eds Vasco, se aproximaron a la realidad cient\u00edfica y tecnol\u00f3gica catalana conociendo los proyectos de diferentes centros de excelencia.<\/p>\n","protected":false},"author":1,"featured_media":0,"comment_status":"closed","ping_status":"open","sticky":false,"template":"","format":"standard","meta":{"_acf_changed":false,"inline_featured_image":false,"footnotes":""},"categories":[9],"tags":[],"class_list":["post-36708","post","type-post","status-publish","format-standard","category-sin-categorizar"],"acf":[],"yoast_head":"<!-- This site is optimized with the Yoast SEO plugin v27.3 - https:\/\/yoast.com\/product\/yoast-seo-wordpress\/ -->\n<title>Una comisi\u00f3n del Senado visita el Parc Cient\u00edfic de Barcelona - Parc Cient\u00edfic de Barcelona<\/title>\n<meta name=\"robots\" content=\"index, follow, max-snippet:-1, max-image-preview:large, max-video-preview:-1\" \/>\n<link rel=\"canonical\" href=\"https:\/\/www.pcb.ub.edu\/es\/una-comision-del-senado-visita-el-parc-cientific-de-barcelona\/\" \/>\n<meta property=\"og:locale\" content=\"es_ES\" \/>\n<meta property=\"og:type\" content=\"article\" \/>\n<meta property=\"og:title\" content=\"Una comisi\u00f3n del Senado visita el Parc Cient\u00edfic de Barcelona - Parc Cient\u00edfic de Barcelona\" \/>\n<meta property=\"og:description\" content=\"El pasado 10 de septiembre la Comisi\u00f3n de Ciencia y Tecnolog\u00eda del Senado espa\u00f1ol visit\u00f3 el Parc Cient\u00edfic de Barcelona (PCB) en el marco de una visita institucional a Catalu\u00f1a. Los representantes del Senado, que ya hab\u00edan estado por otras comunidades aut\u00f3nomas como Galicia y el Pa\u00eds Vasco, se aproximaron a la realidad cient\u00edfica y tecnol\u00f3gica catalana conociendo los proyectos de diferentes centros de excelencia.\" \/>\n<meta property=\"og:url\" content=\"https:\/\/www.pcb.ub.edu\/es\/una-comision-del-senado-visita-el-parc-cientific-de-barcelona\/\" \/>\n<meta property=\"og:site_name\" content=\"Parc Cient\u00edfic de Barcelona\" \/>\n<meta property=\"article:published_time\" content=\"2003-09-28T23:00:00+00:00\" \/>\n<meta property=\"article:modified_time\" content=\"2020-11-16T15:13:40+00:00\" \/>\n<meta name=\"author\" content=\"adminpcb\" \/>\n<meta name=\"twitter:card\" content=\"summary_large_image\" \/>\n<meta name=\"twitter:label1\" content=\"Escrito por\" \/>\n\t<meta name=\"twitter:data1\" content=\"adminpcb\" \/>\n\t<meta name=\"twitter:label2\" content=\"Tiempo de lectura\" \/>\n\t<meta name=\"twitter:data2\" content=\"1 minuto\" \/>\n<script type=\"application\/ld+json\" class=\"yoast-schema-graph\">{\"@context\":\"https:\\\/\\\/schema.org\",\"@graph\":[{\"@type\":\"Article\",\"@id\":\"https:\\\/\\\/www.pcb.ub.edu\\\/es\\\/una-comision-del-senado-visita-el-parc-cientific-de-barcelona\\\/#article\",\"isPartOf\":{\"@id\":\"https:\\\/\\\/www.pcb.ub.edu\\\/es\\\/una-comision-del-senado-visita-el-parc-cientific-de-barcelona\\\/\"},\"author\":{\"name\":\"adminpcb\",\"@id\":\"https:\\\/\\\/www.pcb.ub.edu\\\/es\\\/#\\\/schema\\\/person\\\/d13cab05cd0a75b17fddca8496481021\"},\"headline\":\"Una comisi\u00f3n del Senado visita el Parc Cient\u00edfic de Barcelona\",\"datePublished\":\"2003-09-28T23:00:00+00:00\",\"dateModified\":\"2020-11-16T15:13:40+00:00\",\"mainEntityOfPage\":{\"@id\":\"https:\\\/\\\/www.pcb.ub.edu\\\/es\\\/una-comision-del-senado-visita-el-parc-cientific-de-barcelona\\\/\"},\"wordCount\":261,\"articleSection\":[\"Sin categorizar\"],\"inLanguage\":\"es\"},{\"@type\":\"WebPage\",\"@id\":\"https:\\\/\\\/www.pcb.ub.edu\\\/es\\\/una-comision-del-senado-visita-el-parc-cientific-de-barcelona\\\/\",\"url\":\"https:\\\/\\\/www.pcb.ub.edu\\\/es\\\/una-comision-del-senado-visita-el-parc-cientific-de-barcelona\\\/\",\"name\":\"Una comisi\u00f3n del Senado visita el Parc Cient\u00edfic de Barcelona - Parc Cient\u00edfic de Barcelona\",\"isPartOf\":{\"@id\":\"https:\\\/\\\/www.pcb.ub.edu\\\/es\\\/#website\"},\"datePublished\":\"2003-09-28T23:00:00+00:00\",\"dateModified\":\"2020-11-16T15:13:40+00:00\",\"author\":{\"@id\":\"https:\\\/\\\/www.pcb.ub.edu\\\/es\\\/#\\\/schema\\\/person\\\/d13cab05cd0a75b17fddca8496481021\"},\"breadcrumb\":{\"@id\":\"https:\\\/\\\/www.pcb.ub.edu\\\/es\\\/una-comision-del-senado-visita-el-parc-cientific-de-barcelona\\\/#breadcrumb\"},\"inLanguage\":\"es\",\"potentialAction\":[{\"@type\":\"ReadAction\",\"target\":[\"https:\\\/\\\/www.pcb.ub.edu\\\/es\\\/una-comision-del-senado-visita-el-parc-cientific-de-barcelona\\\/\"]}]},{\"@type\":\"BreadcrumbList\",\"@id\":\"https:\\\/\\\/www.pcb.ub.edu\\\/es\\\/una-comision-del-senado-visita-el-parc-cientific-de-barcelona\\\/#breadcrumb\",\"itemListElement\":[{\"@type\":\"ListItem\",\"position\":1,\"name\":\"Home\",\"item\":\"https:\\\/\\\/www.pcb.ub.edu\\\/es\\\/\"},{\"@type\":\"ListItem\",\"position\":2,\"name\":\"Una comisi\u00f3n del Senado visita el Parc Cient\u00edfic de Barcelona\"}]},{\"@type\":\"WebSite\",\"@id\":\"https:\\\/\\\/www.pcb.ub.edu\\\/es\\\/#website\",\"url\":\"https:\\\/\\\/www.pcb.ub.edu\\\/es\\\/\",\"name\":\"Parc Cient\u00edfic de Barcelona\",\"description\":\"Universitat de Barcelona\",\"potentialAction\":[{\"@type\":\"SearchAction\",\"target\":{\"@type\":\"EntryPoint\",\"urlTemplate\":\"https:\\\/\\\/www.pcb.ub.edu\\\/es\\\/?s={search_term_string}\"},\"query-input\":{\"@type\":\"PropertyValueSpecification\",\"valueRequired\":true,\"valueName\":\"search_term_string\"}}],\"inLanguage\":\"es\"},{\"@type\":\"Person\",\"@id\":\"https:\\\/\\\/www.pcb.ub.edu\\\/es\\\/#\\\/schema\\\/person\\\/d13cab05cd0a75b17fddca8496481021\",\"name\":\"adminpcb\",\"image\":{\"@type\":\"ImageObject\",\"inLanguage\":\"es\",\"@id\":\"https:\\\/\\\/secure.gravatar.com\\\/avatar\\\/41ad0fab4bb3bf5348b0af9612159cfd93173a57bbca98fecb50fa6f3ab97d28?s=96&d=mm&r=g\",\"url\":\"https:\\\/\\\/secure.gravatar.com\\\/avatar\\\/41ad0fab4bb3bf5348b0af9612159cfd93173a57bbca98fecb50fa6f3ab97d28?s=96&d=mm&r=g\",\"contentUrl\":\"https:\\\/\\\/secure.gravatar.com\\\/avatar\\\/41ad0fab4bb3bf5348b0af9612159cfd93173a57bbca98fecb50fa6f3ab97d28?s=96&d=mm&r=g\",\"caption\":\"adminpcb\"},\"url\":\"https:\\\/\\\/www.pcb.ub.edu\\\/es\\\/author\\\/adminpcb\\\/\"}]}<\/script>\n<!-- \/ Yoast SEO plugin. -->","yoast_head_json":{"title":"Una comisi\u00f3n del Senado visita el Parc Cient\u00edfic de Barcelona - Parc Cient\u00edfic de Barcelona","robots":{"index":"index","follow":"follow","max-snippet":"max-snippet:-1","max-image-preview":"max-image-preview:large","max-video-preview":"max-video-preview:-1"},"canonical":"https:\/\/www.pcb.ub.edu\/es\/una-comision-del-senado-visita-el-parc-cientific-de-barcelona\/","og_locale":"es_ES","og_type":"article","og_title":"Una comisi\u00f3n del Senado visita el Parc Cient\u00edfic de Barcelona - Parc Cient\u00edfic de Barcelona","og_description":"El pasado 10 de septiembre la Comisi\u00f3n de Ciencia y Tecnolog\u00eda del Senado espa\u00f1ol visit\u00f3 el Parc Cient\u00edfic de Barcelona (PCB) en el marco de una visita institucional a Catalu\u00f1a. Los representantes del Senado, que ya hab\u00edan estado por otras comunidades aut\u00f3nomas como Galicia y el Pa\u00eds Vasco, se aproximaron a la realidad cient\u00edfica y tecnol\u00f3gica catalana conociendo los proyectos de diferentes centros de excelencia.","og_url":"https:\/\/www.pcb.ub.edu\/es\/una-comision-del-senado-visita-el-parc-cientific-de-barcelona\/","og_site_name":"Parc Cient\u00edfic de Barcelona","article_published_time":"2003-09-28T23:00:00+00:00","article_modified_time":"2020-11-16T15:13:40+00:00","author":"adminpcb","twitter_card":"summary_large_image","twitter_misc":{"Escrito por":"adminpcb","Tiempo de lectura":"1 minuto"},"schema":{"@context":"https:\/\/schema.org","@graph":[{"@type":"Article","@id":"https:\/\/www.pcb.ub.edu\/es\/una-comision-del-senado-visita-el-parc-cientific-de-barcelona\/#article","isPartOf":{"@id":"https:\/\/www.pcb.ub.edu\/es\/una-comision-del-senado-visita-el-parc-cientific-de-barcelona\/"},"author":{"name":"adminpcb","@id":"https:\/\/www.pcb.ub.edu\/es\/#\/schema\/person\/d13cab05cd0a75b17fddca8496481021"},"headline":"Una comisi\u00f3n del Senado visita el Parc Cient\u00edfic de Barcelona","datePublished":"2003-09-28T23:00:00+00:00","dateModified":"2020-11-16T15:13:40+00:00","mainEntityOfPage":{"@id":"https:\/\/www.pcb.ub.edu\/es\/una-comision-del-senado-visita-el-parc-cientific-de-barcelona\/"},"wordCount":261,"articleSection":["Sin categorizar"],"inLanguage":"es"},{"@type":"WebPage","@id":"https:\/\/www.pcb.ub.edu\/es\/una-comision-del-senado-visita-el-parc-cientific-de-barcelona\/","url":"https:\/\/www.pcb.ub.edu\/es\/una-comision-del-senado-visita-el-parc-cientific-de-barcelona\/","name":"Una comisi\u00f3n del Senado visita el Parc Cient\u00edfic de Barcelona - Parc Cient\u00edfic de Barcelona","isPartOf":{"@id":"https:\/\/www.pcb.ub.edu\/es\/#website"},"datePublished":"2003-09-28T23:00:00+00:00","dateModified":"2020-11-16T15:13:40+00:00","author":{"@id":"https:\/\/www.pcb.ub.edu\/es\/#\/schema\/person\/d13cab05cd0a75b17fddca8496481021"},"breadcrumb":{"@id":"https:\/\/www.pcb.ub.edu\/es\/una-comision-del-senado-visita-el-parc-cientific-de-barcelona\/#breadcrumb"},"inLanguage":"es","potentialAction":[{"@type":"ReadAction","target":["https:\/\/www.pcb.ub.edu\/es\/una-comision-del-senado-visita-el-parc-cientific-de-barcelona\/"]}]},{"@type":"BreadcrumbList","@id":"https:\/\/www.pcb.ub.edu\/es\/una-comision-del-senado-visita-el-parc-cientific-de-barcelona\/#breadcrumb","itemListElement":[{"@type":"ListItem","position":1,"name":"Home","item":"https:\/\/www.pcb.ub.edu\/es\/"},{"@type":"ListItem","position":2,"name":"Una comisi\u00f3n del Senado visita el Parc Cient\u00edfic de Barcelona"}]},{"@type":"WebSite","@id":"https:\/\/www.pcb.ub.edu\/es\/#website","url":"https:\/\/www.pcb.ub.edu\/es\/","name":"Parc Cient\u00edfic de Barcelona","description":"Universitat de Barcelona","potentialAction":[{"@type":"SearchAction","target":{"@type":"EntryPoint","urlTemplate":"https:\/\/www.pcb.ub.edu\/es\/?s={search_term_string}"},"query-input":{"@type":"PropertyValueSpecification","valueRequired":true,"valueName":"search_term_string"}}],"inLanguage":"es"},{"@type":"Person","@id":"https:\/\/www.pcb.ub.edu\/es\/#\/schema\/person\/d13cab05cd0a75b17fddca8496481021","name":"adminpcb","image":{"@type":"ImageObject","inLanguage":"es","@id":"https:\/\/secure.gravatar.com\/avatar\/41ad0fab4bb3bf5348b0af9612159cfd93173a57bbca98fecb50fa6f3ab97d28?s=96&d=mm&r=g","url":"https:\/\/secure.gravatar.com\/avatar\/41ad0fab4bb3bf5348b0af9612159cfd93173a57bbca98fecb50fa6f3ab97d28?s=96&d=mm&r=g","contentUrl":"https:\/\/secure.gravatar.com\/avatar\/41ad0fab4bb3bf5348b0af9612159cfd93173a57bbca98fecb50fa6f3ab97d28?s=96&d=mm&r=g","caption":"adminpcb"},"url":"https:\/\/www.pcb.ub.edu\/es\/author\/adminpcb\/"}]}},"_links":{"self":[{"href":"https:\/\/www.pcb.ub.edu\/es\/wp-json\/wp\/v2\/posts\/36708","targetHints":{"allow":["GET"]}}],"collection":[{"href":"https:\/\/www.pcb.ub.edu\/es\/wp-json\/wp\/v2\/posts"}],"about":[{"href":"https:\/\/www.pcb.ub.edu\/es\/wp-json\/wp\/v2\/types\/post"}],"author":[{"embeddable":true,"href":"https:\/\/www.pcb.ub.edu\/es\/wp-json\/wp\/v2\/users\/1"}],"replies":[{"embeddable":true,"href":"https:\/\/www.pcb.ub.edu\/es\/wp-json\/wp\/v2\/comments?post=36708"}],"version-history":[{"count":1,"href":"https:\/\/www.pcb.ub.edu\/es\/wp-json\/wp\/v2\/posts\/36708\/revisions"}],"predecessor-version":[{"id":42994,"href":"https:\/\/www.pcb.ub.edu\/es\/wp-json\/wp\/v2\/posts\/36708\/revisions\/42994"}],"wp:attachment":[{"href":"https:\/\/www.pcb.ub.edu\/es\/wp-json\/wp\/v2\/media?parent=36708"}],"wp:term":[{"taxonomy":"category","embeddable":true,"href":"https:\/\/www.pcb.ub.edu\/es\/wp-json\/wp\/v2\/categories?post=36708"},{"taxonomy":"post_tag","embeddable":true,"href":"https:\/\/www.pcb.ub.edu\/es\/wp-json\/wp\/v2\/tags?post=36708"}],"curies":[{"name":"wp","href":"https:\/\/api.w.org\/{rel}","templated":true}]}}