{"id":36697,"date":"2003-09-12T00:00:00","date_gmt":"2003-09-11T23:00:00","guid":{"rendered":"http:\/\/www.pcb.ub.edu\/\/convenio-de-colaboracion-entre-la-bioincubadora-cidem-pcb-del-parc-cientific-de-barcelona-y-una-incubadora-del-quebec\/"},"modified":"2020-11-16T16:13:37","modified_gmt":"2020-11-16T15:13:37","slug":"convenio-de-colaboracion-entre-la-bioincubadora-cidem-pcb-del-parc-cientific-de-barcelona-y-una-incubadora-del-quebec","status":"publish","type":"post","link":"https:\/\/www.pcb.ub.edu\/es\/convenio-de-colaboracion-entre-la-bioincubadora-cidem-pcb-del-parc-cientific-de-barcelona-y-una-incubadora-del-quebec\/","title":{"rendered":"Convenio de colaboraci\u00f3n entre la Bioincubadora CIDEM-PCB del Parc Cient\u00edfic de Barcelona y una incubadora del Qu\u00e9bec"},"content":{"rendered":"<p>\u00bb<\/p>\n<div class=\"col-sm-6 detall-noticia-imatges\">\n<div class=\"row\">\n<div class=\"item active one-image\">\n\t\t\t\t\t\t<a class=\"icon-search\" href='http:\/\/www.pcb.ub.edu\/\/wp-content\/uploads\/2020\/11\/1063371486359.jpg'><\/a><br \/>\n\t\t\t\t\t\t<img src='http:\/\/www.pcb.ub.edu\/\/wp-content\/uploads\/2020\/11\/1063371486359.jpg' \/>\n\t\t\t\t\t<\/div><\/div><\/div>\n<p>\t\t\tEn el acto de la firma, celebrado en la Sala Laval del PCB, han participado el alcalde de la ciudad de Laval, Gilles Vaillancourt; el director del QBIC Normand de Montigny; el presidente y CEO de la Biotech City, Pierre B\u00e9langer; el vicepresidente segundo del PCB y vicerector de investigaci\u00f3n de la Universitat de Barcelona (UB), Antoni Ju\u00e1rez; el director general d&#8217;Ind\u00fastria del Centre d&#8217;Innovaci\u00f3 i Desenvolupament Empresarial (<a href=\"http:\/\/www10.gencat.net\/cidem\/cat\/index.html\" target=\"_blank\" class=\"email\" rel=\"noopener noreferrer\">CIDEM<\/a>), Antoni Gurgu\u00ed; el director general del Parc Cient\u00edfic de Barcelona, M\u00e0rius Rubiralta y el director de la CIRIT y representante del Departament d&#8217;Universitats Recerca i Societat de la Informaci\u00f3 (<a href=\"http:\/\/dursi.gencat.es\" target=\"_blank\" class=\"email\" rel=\"noopener noreferrer\">DURSI<\/a>) de la Generalitat de Catalunya, Antoni Oliva. <\/p>\n<p> Creado en 1996 y ubicado en la Biotech City, el QBIC fue la primera incubadora empresarial especializada en biotecnolog\u00eda del Qu\u00e9bec. Nacido como iniciativa del Instituto de Investigaci\u00f3n Cient\u00edfica Armand-Frappier  y del proyecto Laval Technop\u00f4le, el QBIC ha desarrollado un programa modelo de incubaci\u00f3n de empresas biotecnol\u00f3gicas ofreciendo a los investigadores-emprendedores un entorno adecuado para desarrollar sus actividades de desarrollo tecnol\u00f3gico y comercializaci\u00f3n. <\/p>\n<p> La Bioincubadora CIDEM-PCB es una iniciativa impulsada por la Generalitat de Catalunya, a trav\u00e9s del programa de Trampolines Tecnol\u00f3gicos del Centre d&#8217;Innovaci\u00f3 i Desenvolupament Empresarial (CIDEM), y por la UB, a trav\u00e9s del PCB y la Fundaci\u00f3 Bosch i Gimpera (FBG). Creada en junio de 2002 y ubicada en los espacios del Parc Cient\u00edfic de Barcelona, la Bioincubadora CIDEM-PCB tiene como objetivo principal facilitar un espacio de calidad para el nacimiento de nuevas empresas del sector de la biotecnolog\u00eda, proporcionando infraestructura cientificotecnol\u00f3gica de apoyo as\u00ed como servicios de gesti\u00f3n empresarial y soporte financiero. <\/p>\n<p> Este convenio se enmarca en la voluntad de ambas bioincubadoras de establecer v\u00ednculos internacionales relacionados con la innovaci\u00f3n y el fomento de la transferencia de la tecnolog\u00eda. El acuerdo nace como resultado de los v\u00ednculos establecidos a partir de los primeros contactos entre el proyecto de la Biotech City y el PCB, a trav\u00e9s de un programa de visitas que el Parque realiz\u00f3 en la ciudad de Qu\u00e9bec, y que posteriormente fueron reforzados con la inauguraci\u00f3n el pasado mes de mayo de una de las salas del Parque con el nombre de Sala Laval.<\/p>\n<p> La similitud de ambos proyectos ha facilitado la firma de este convenio que pretende proporcionar una vertiente internacional al nacimiento de nuevas empresas biotecnol\u00f3gicas surgida del entorno acad\u00e9mico, asegurando el desarrollo y la transferencia de tecnolog\u00eda, dando lugar a laboratorios p\u00fablicos y privados y a grandes centros de ense\u00f1anza, y contribuyendo as\u00ed al desarrollo socioecon\u00f3mico de los dos pa\u00edses.<\/p>\n","protected":false},"excerpt":{"rendered":"<p>La Bioincubadora CIDEM-PCB del Parc Cient\u00edfic de Barcelona (PCB) y la incubadora de empresas Qu\u00e9bec Biotecnology Innovation Centre (<a href=\"http:\/\/www.cqib.org\" target=\"_blank\" class=\"email\" rel=\"noopener noreferrer\">QBIC<\/a>), situada en la <a href=\"http:\/\/www.citebiotech.com\" target=\"_blank\" class=\"email\" rel=\"noopener noreferrer\">Biotech City<\/a> de la isla de Laval (Qu\u00e9bec), han firmado hoy un acuerdo marco de colaboraci\u00f3n con el objetivo de potenciar nuevas formas de cooperaci\u00f3n en el apoyo a la creaci\u00f3n de nuevas empresas.<\/p>\n","protected":false},"author":1,"featured_media":0,"comment_status":"closed","ping_status":"open","sticky":false,"template":"","format":"standard","meta":{"_acf_changed":false,"inline_featured_image":false,"footnotes":""},"categories":[9],"tags":[],"class_list":["post-36697","post","type-post","status-publish","format-standard","category-sin-categorizar"],"acf":[],"yoast_head":"<!-- This site is optimized with the Yoast SEO plugin v27.3 - https:\/\/yoast.com\/product\/yoast-seo-wordpress\/ -->\n<title>Convenio de colaboraci\u00f3n entre la Bioincubadora CIDEM-PCB del Parc Cient\u00edfic de Barcelona y una incubadora del Qu\u00e9bec - Parc Cient\u00edfic de Barcelona<\/title>\n<meta name=\"robots\" content=\"index, follow, max-snippet:-1, max-image-preview:large, max-video-preview:-1\" \/>\n<link rel=\"canonical\" href=\"https:\/\/www.pcb.ub.edu\/es\/convenio-de-colaboracion-entre-la-bioincubadora-cidem-pcb-del-parc-cientific-de-barcelona-y-una-incubadora-del-quebec\/\" \/>\n<meta property=\"og:locale\" content=\"es_ES\" \/>\n<meta property=\"og:type\" content=\"article\" \/>\n<meta property=\"og:title\" content=\"Convenio de colaboraci\u00f3n entre la Bioincubadora CIDEM-PCB del Parc Cient\u00edfic de Barcelona y una incubadora del Qu\u00e9bec - Parc Cient\u00edfic de Barcelona\" \/>\n<meta property=\"og:description\" content=\"La Bioincubadora CIDEM-PCB del Parc Cient\u00edfic de Barcelona (PCB) y la incubadora de empresas Qu\u00e9bec Biotecnology Innovation Centre (QBIC), situada en la Biotech City de la isla de Laval (Qu\u00e9bec), han firmado hoy un acuerdo marco de colaboraci\u00f3n con el objetivo de potenciar nuevas formas de cooperaci\u00f3n en el apoyo a la creaci\u00f3n de nuevas empresas.\" \/>\n<meta property=\"og:url\" content=\"https:\/\/www.pcb.ub.edu\/es\/convenio-de-colaboracion-entre-la-bioincubadora-cidem-pcb-del-parc-cientific-de-barcelona-y-una-incubadora-del-quebec\/\" \/>\n<meta property=\"og:site_name\" content=\"Parc Cient\u00edfic de Barcelona\" \/>\n<meta property=\"article:published_time\" content=\"2003-09-11T23:00:00+00:00\" \/>\n<meta property=\"article:modified_time\" content=\"2020-11-16T15:13:37+00:00\" \/>\n<meta property=\"og:image\" content=\"http:\/\/www.pcb.ub.edu\/\/wp-content\/uploads\/2020\/11\/1063371486359.jpg\" \/>\n<meta name=\"author\" content=\"adminpcb\" \/>\n<meta name=\"twitter:card\" content=\"summary_large_image\" \/>\n<meta name=\"twitter:label1\" content=\"Escrito por\" \/>\n\t<meta name=\"twitter:data1\" content=\"adminpcb\" \/>\n\t<meta name=\"twitter:label2\" content=\"Tiempo de lectura\" \/>\n\t<meta name=\"twitter:data2\" content=\"2 minutos\" \/>\n<script type=\"application\/ld+json\" class=\"yoast-schema-graph\">{\"@context\":\"https:\\\/\\\/schema.org\",\"@graph\":[{\"@type\":\"Article\",\"@id\":\"https:\\\/\\\/www.pcb.ub.edu\\\/es\\\/convenio-de-colaboracion-entre-la-bioincubadora-cidem-pcb-del-parc-cientific-de-barcelona-y-una-incubadora-del-quebec\\\/#article\",\"isPartOf\":{\"@id\":\"https:\\\/\\\/www.pcb.ub.edu\\\/es\\\/convenio-de-colaboracion-entre-la-bioincubadora-cidem-pcb-del-parc-cientific-de-barcelona-y-una-incubadora-del-quebec\\\/\"},\"author\":{\"name\":\"adminpcb\",\"@id\":\"https:\\\/\\\/www.pcb.ub.edu\\\/es\\\/#\\\/schema\\\/person\\\/d13cab05cd0a75b17fddca8496481021\"},\"headline\":\"Convenio de colaboraci\u00f3n entre la Bioincubadora CIDEM-PCB del Parc Cient\u00edfic de Barcelona y una incubadora del Qu\u00e9bec\",\"datePublished\":\"2003-09-11T23:00:00+00:00\",\"dateModified\":\"2020-11-16T15:13:37+00:00\",\"mainEntityOfPage\":{\"@id\":\"https:\\\/\\\/www.pcb.ub.edu\\\/es\\\/convenio-de-colaboracion-entre-la-bioincubadora-cidem-pcb-del-parc-cientific-de-barcelona-y-una-incubadora-del-quebec\\\/\"},\"wordCount\":469,\"image\":{\"@id\":\"https:\\\/\\\/www.pcb.ub.edu\\\/es\\\/convenio-de-colaboracion-entre-la-bioincubadora-cidem-pcb-del-parc-cientific-de-barcelona-y-una-incubadora-del-quebec\\\/#primaryimage\"},\"thumbnailUrl\":\"http:\\\/\\\/www.pcb.ub.edu\\\/\\\/wp-content\\\/uploads\\\/2020\\\/11\\\/1063371486359.jpg\",\"articleSection\":[\"Sin categorizar\"],\"inLanguage\":\"es\"},{\"@type\":\"WebPage\",\"@id\":\"https:\\\/\\\/www.pcb.ub.edu\\\/es\\\/convenio-de-colaboracion-entre-la-bioincubadora-cidem-pcb-del-parc-cientific-de-barcelona-y-una-incubadora-del-quebec\\\/\",\"url\":\"https:\\\/\\\/www.pcb.ub.edu\\\/es\\\/convenio-de-colaboracion-entre-la-bioincubadora-cidem-pcb-del-parc-cientific-de-barcelona-y-una-incubadora-del-quebec\\\/\",\"name\":\"Convenio de colaboraci\u00f3n entre la Bioincubadora CIDEM-PCB del Parc Cient\u00edfic de Barcelona y una incubadora del Qu\u00e9bec - Parc Cient\u00edfic de Barcelona\",\"isPartOf\":{\"@id\":\"https:\\\/\\\/www.pcb.ub.edu\\\/es\\\/#website\"},\"primaryImageOfPage\":{\"@id\":\"https:\\\/\\\/www.pcb.ub.edu\\\/es\\\/convenio-de-colaboracion-entre-la-bioincubadora-cidem-pcb-del-parc-cientific-de-barcelona-y-una-incubadora-del-quebec\\\/#primaryimage\"},\"image\":{\"@id\":\"https:\\\/\\\/www.pcb.ub.edu\\\/es\\\/convenio-de-colaboracion-entre-la-bioincubadora-cidem-pcb-del-parc-cientific-de-barcelona-y-una-incubadora-del-quebec\\\/#primaryimage\"},\"thumbnailUrl\":\"http:\\\/\\\/www.pcb.ub.edu\\\/\\\/wp-content\\\/uploads\\\/2020\\\/11\\\/1063371486359.jpg\",\"datePublished\":\"2003-09-11T23:00:00+00:00\",\"dateModified\":\"2020-11-16T15:13:37+00:00\",\"author\":{\"@id\":\"https:\\\/\\\/www.pcb.ub.edu\\\/es\\\/#\\\/schema\\\/person\\\/d13cab05cd0a75b17fddca8496481021\"},\"breadcrumb\":{\"@id\":\"https:\\\/\\\/www.pcb.ub.edu\\\/es\\\/convenio-de-colaboracion-entre-la-bioincubadora-cidem-pcb-del-parc-cientific-de-barcelona-y-una-incubadora-del-quebec\\\/#breadcrumb\"},\"inLanguage\":\"es\",\"potentialAction\":[{\"@type\":\"ReadAction\",\"target\":[\"https:\\\/\\\/www.pcb.ub.edu\\\/es\\\/convenio-de-colaboracion-entre-la-bioincubadora-cidem-pcb-del-parc-cientific-de-barcelona-y-una-incubadora-del-quebec\\\/\"]}]},{\"@type\":\"ImageObject\",\"inLanguage\":\"es\",\"@id\":\"https:\\\/\\\/www.pcb.ub.edu\\\/es\\\/convenio-de-colaboracion-entre-la-bioincubadora-cidem-pcb-del-parc-cientific-de-barcelona-y-una-incubadora-del-quebec\\\/#primaryimage\",\"url\":\"http:\\\/\\\/www.pcb.ub.edu\\\/\\\/wp-content\\\/uploads\\\/2020\\\/11\\\/1063371486359.jpg\",\"contentUrl\":\"http:\\\/\\\/www.pcb.ub.edu\\\/\\\/wp-content\\\/uploads\\\/2020\\\/11\\\/1063371486359.jpg\"},{\"@type\":\"BreadcrumbList\",\"@id\":\"https:\\\/\\\/www.pcb.ub.edu\\\/es\\\/convenio-de-colaboracion-entre-la-bioincubadora-cidem-pcb-del-parc-cientific-de-barcelona-y-una-incubadora-del-quebec\\\/#breadcrumb\",\"itemListElement\":[{\"@type\":\"ListItem\",\"position\":1,\"name\":\"Home\",\"item\":\"https:\\\/\\\/www.pcb.ub.edu\\\/es\\\/\"},{\"@type\":\"ListItem\",\"position\":2,\"name\":\"Convenio de colaboraci\u00f3n entre la Bioincubadora CIDEM-PCB del Parc Cient\u00edfic de Barcelona y una incubadora del Qu\u00e9bec\"}]},{\"@type\":\"WebSite\",\"@id\":\"https:\\\/\\\/www.pcb.ub.edu\\\/es\\\/#website\",\"url\":\"https:\\\/\\\/www.pcb.ub.edu\\\/es\\\/\",\"name\":\"Parc Cient\u00edfic de Barcelona\",\"description\":\"Universitat de Barcelona\",\"potentialAction\":[{\"@type\":\"SearchAction\",\"target\":{\"@type\":\"EntryPoint\",\"urlTemplate\":\"https:\\\/\\\/www.pcb.ub.edu\\\/es\\\/?s={search_term_string}\"},\"query-input\":{\"@type\":\"PropertyValueSpecification\",\"valueRequired\":true,\"valueName\":\"search_term_string\"}}],\"inLanguage\":\"es\"},{\"@type\":\"Person\",\"@id\":\"https:\\\/\\\/www.pcb.ub.edu\\\/es\\\/#\\\/schema\\\/person\\\/d13cab05cd0a75b17fddca8496481021\",\"name\":\"adminpcb\",\"image\":{\"@type\":\"ImageObject\",\"inLanguage\":\"es\",\"@id\":\"https:\\\/\\\/secure.gravatar.com\\\/avatar\\\/41ad0fab4bb3bf5348b0af9612159cfd93173a57bbca98fecb50fa6f3ab97d28?s=96&d=mm&r=g\",\"url\":\"https:\\\/\\\/secure.gravatar.com\\\/avatar\\\/41ad0fab4bb3bf5348b0af9612159cfd93173a57bbca98fecb50fa6f3ab97d28?s=96&d=mm&r=g\",\"contentUrl\":\"https:\\\/\\\/secure.gravatar.com\\\/avatar\\\/41ad0fab4bb3bf5348b0af9612159cfd93173a57bbca98fecb50fa6f3ab97d28?s=96&d=mm&r=g\",\"caption\":\"adminpcb\"},\"url\":\"https:\\\/\\\/www.pcb.ub.edu\\\/es\\\/author\\\/adminpcb\\\/\"}]}<\/script>\n<!-- \/ Yoast SEO plugin. -->","yoast_head_json":{"title":"Convenio de colaboraci\u00f3n entre la Bioincubadora CIDEM-PCB del Parc Cient\u00edfic de Barcelona y una incubadora del Qu\u00e9bec - Parc Cient\u00edfic de Barcelona","robots":{"index":"index","follow":"follow","max-snippet":"max-snippet:-1","max-image-preview":"max-image-preview:large","max-video-preview":"max-video-preview:-1"},"canonical":"https:\/\/www.pcb.ub.edu\/es\/convenio-de-colaboracion-entre-la-bioincubadora-cidem-pcb-del-parc-cientific-de-barcelona-y-una-incubadora-del-quebec\/","og_locale":"es_ES","og_type":"article","og_title":"Convenio de colaboraci\u00f3n entre la Bioincubadora CIDEM-PCB del Parc Cient\u00edfic de Barcelona y una incubadora del Qu\u00e9bec - Parc Cient\u00edfic de Barcelona","og_description":"La Bioincubadora CIDEM-PCB del Parc Cient\u00edfic de Barcelona (PCB) y la incubadora de empresas Qu\u00e9bec Biotecnology Innovation Centre (QBIC), situada en la Biotech City de la isla de Laval (Qu\u00e9bec), han firmado hoy un acuerdo marco de colaboraci\u00f3n con el objetivo de potenciar nuevas formas de cooperaci\u00f3n en el apoyo a la creaci\u00f3n de nuevas empresas.","og_url":"https:\/\/www.pcb.ub.edu\/es\/convenio-de-colaboracion-entre-la-bioincubadora-cidem-pcb-del-parc-cientific-de-barcelona-y-una-incubadora-del-quebec\/","og_site_name":"Parc Cient\u00edfic de Barcelona","article_published_time":"2003-09-11T23:00:00+00:00","article_modified_time":"2020-11-16T15:13:37+00:00","og_image":[{"url":"http:\/\/www.pcb.ub.edu\/\/wp-content\/uploads\/2020\/11\/1063371486359.jpg","type":"","width":"","height":""}],"author":"adminpcb","twitter_card":"summary_large_image","twitter_misc":{"Escrito por":"adminpcb","Tiempo de lectura":"2 minutos"},"schema":{"@context":"https:\/\/schema.org","@graph":[{"@type":"Article","@id":"https:\/\/www.pcb.ub.edu\/es\/convenio-de-colaboracion-entre-la-bioincubadora-cidem-pcb-del-parc-cientific-de-barcelona-y-una-incubadora-del-quebec\/#article","isPartOf":{"@id":"https:\/\/www.pcb.ub.edu\/es\/convenio-de-colaboracion-entre-la-bioincubadora-cidem-pcb-del-parc-cientific-de-barcelona-y-una-incubadora-del-quebec\/"},"author":{"name":"adminpcb","@id":"https:\/\/www.pcb.ub.edu\/es\/#\/schema\/person\/d13cab05cd0a75b17fddca8496481021"},"headline":"Convenio de colaboraci\u00f3n entre la Bioincubadora CIDEM-PCB del Parc Cient\u00edfic de Barcelona y una incubadora del Qu\u00e9bec","datePublished":"2003-09-11T23:00:00+00:00","dateModified":"2020-11-16T15:13:37+00:00","mainEntityOfPage":{"@id":"https:\/\/www.pcb.ub.edu\/es\/convenio-de-colaboracion-entre-la-bioincubadora-cidem-pcb-del-parc-cientific-de-barcelona-y-una-incubadora-del-quebec\/"},"wordCount":469,"image":{"@id":"https:\/\/www.pcb.ub.edu\/es\/convenio-de-colaboracion-entre-la-bioincubadora-cidem-pcb-del-parc-cientific-de-barcelona-y-una-incubadora-del-quebec\/#primaryimage"},"thumbnailUrl":"http:\/\/www.pcb.ub.edu\/\/wp-content\/uploads\/2020\/11\/1063371486359.jpg","articleSection":["Sin categorizar"],"inLanguage":"es"},{"@type":"WebPage","@id":"https:\/\/www.pcb.ub.edu\/es\/convenio-de-colaboracion-entre-la-bioincubadora-cidem-pcb-del-parc-cientific-de-barcelona-y-una-incubadora-del-quebec\/","url":"https:\/\/www.pcb.ub.edu\/es\/convenio-de-colaboracion-entre-la-bioincubadora-cidem-pcb-del-parc-cientific-de-barcelona-y-una-incubadora-del-quebec\/","name":"Convenio de colaboraci\u00f3n entre la Bioincubadora CIDEM-PCB del Parc Cient\u00edfic de Barcelona y una incubadora del Qu\u00e9bec - Parc Cient\u00edfic de Barcelona","isPartOf":{"@id":"https:\/\/www.pcb.ub.edu\/es\/#website"},"primaryImageOfPage":{"@id":"https:\/\/www.pcb.ub.edu\/es\/convenio-de-colaboracion-entre-la-bioincubadora-cidem-pcb-del-parc-cientific-de-barcelona-y-una-incubadora-del-quebec\/#primaryimage"},"image":{"@id":"https:\/\/www.pcb.ub.edu\/es\/convenio-de-colaboracion-entre-la-bioincubadora-cidem-pcb-del-parc-cientific-de-barcelona-y-una-incubadora-del-quebec\/#primaryimage"},"thumbnailUrl":"http:\/\/www.pcb.ub.edu\/\/wp-content\/uploads\/2020\/11\/1063371486359.jpg","datePublished":"2003-09-11T23:00:00+00:00","dateModified":"2020-11-16T15:13:37+00:00","author":{"@id":"https:\/\/www.pcb.ub.edu\/es\/#\/schema\/person\/d13cab05cd0a75b17fddca8496481021"},"breadcrumb":{"@id":"https:\/\/www.pcb.ub.edu\/es\/convenio-de-colaboracion-entre-la-bioincubadora-cidem-pcb-del-parc-cientific-de-barcelona-y-una-incubadora-del-quebec\/#breadcrumb"},"inLanguage":"es","potentialAction":[{"@type":"ReadAction","target":["https:\/\/www.pcb.ub.edu\/es\/convenio-de-colaboracion-entre-la-bioincubadora-cidem-pcb-del-parc-cientific-de-barcelona-y-una-incubadora-del-quebec\/"]}]},{"@type":"ImageObject","inLanguage":"es","@id":"https:\/\/www.pcb.ub.edu\/es\/convenio-de-colaboracion-entre-la-bioincubadora-cidem-pcb-del-parc-cientific-de-barcelona-y-una-incubadora-del-quebec\/#primaryimage","url":"http:\/\/www.pcb.ub.edu\/\/wp-content\/uploads\/2020\/11\/1063371486359.jpg","contentUrl":"http:\/\/www.pcb.ub.edu\/\/wp-content\/uploads\/2020\/11\/1063371486359.jpg"},{"@type":"BreadcrumbList","@id":"https:\/\/www.pcb.ub.edu\/es\/convenio-de-colaboracion-entre-la-bioincubadora-cidem-pcb-del-parc-cientific-de-barcelona-y-una-incubadora-del-quebec\/#breadcrumb","itemListElement":[{"@type":"ListItem","position":1,"name":"Home","item":"https:\/\/www.pcb.ub.edu\/es\/"},{"@type":"ListItem","position":2,"name":"Convenio de colaboraci\u00f3n entre la Bioincubadora CIDEM-PCB del Parc Cient\u00edfic de Barcelona y una incubadora del Qu\u00e9bec"}]},{"@type":"WebSite","@id":"https:\/\/www.pcb.ub.edu\/es\/#website","url":"https:\/\/www.pcb.ub.edu\/es\/","name":"Parc Cient\u00edfic de Barcelona","description":"Universitat de Barcelona","potentialAction":[{"@type":"SearchAction","target":{"@type":"EntryPoint","urlTemplate":"https:\/\/www.pcb.ub.edu\/es\/?s={search_term_string}"},"query-input":{"@type":"PropertyValueSpecification","valueRequired":true,"valueName":"search_term_string"}}],"inLanguage":"es"},{"@type":"Person","@id":"https:\/\/www.pcb.ub.edu\/es\/#\/schema\/person\/d13cab05cd0a75b17fddca8496481021","name":"adminpcb","image":{"@type":"ImageObject","inLanguage":"es","@id":"https:\/\/secure.gravatar.com\/avatar\/41ad0fab4bb3bf5348b0af9612159cfd93173a57bbca98fecb50fa6f3ab97d28?s=96&d=mm&r=g","url":"https:\/\/secure.gravatar.com\/avatar\/41ad0fab4bb3bf5348b0af9612159cfd93173a57bbca98fecb50fa6f3ab97d28?s=96&d=mm&r=g","contentUrl":"https:\/\/secure.gravatar.com\/avatar\/41ad0fab4bb3bf5348b0af9612159cfd93173a57bbca98fecb50fa6f3ab97d28?s=96&d=mm&r=g","caption":"adminpcb"},"url":"https:\/\/www.pcb.ub.edu\/es\/author\/adminpcb\/"}]}},"_links":{"self":[{"href":"https:\/\/www.pcb.ub.edu\/es\/wp-json\/wp\/v2\/posts\/36697","targetHints":{"allow":["GET"]}}],"collection":[{"href":"https:\/\/www.pcb.ub.edu\/es\/wp-json\/wp\/v2\/posts"}],"about":[{"href":"https:\/\/www.pcb.ub.edu\/es\/wp-json\/wp\/v2\/types\/post"}],"author":[{"embeddable":true,"href":"https:\/\/www.pcb.ub.edu\/es\/wp-json\/wp\/v2\/users\/1"}],"replies":[{"embeddable":true,"href":"https:\/\/www.pcb.ub.edu\/es\/wp-json\/wp\/v2\/comments?post=36697"}],"version-history":[{"count":1,"href":"https:\/\/www.pcb.ub.edu\/es\/wp-json\/wp\/v2\/posts\/36697\/revisions"}],"predecessor-version":[{"id":42983,"href":"https:\/\/www.pcb.ub.edu\/es\/wp-json\/wp\/v2\/posts\/36697\/revisions\/42983"}],"wp:attachment":[{"href":"https:\/\/www.pcb.ub.edu\/es\/wp-json\/wp\/v2\/media?parent=36697"}],"wp:term":[{"taxonomy":"category","embeddable":true,"href":"https:\/\/www.pcb.ub.edu\/es\/wp-json\/wp\/v2\/categories?post=36697"},{"taxonomy":"post_tag","embeddable":true,"href":"https:\/\/www.pcb.ub.edu\/es\/wp-json\/wp\/v2\/tags?post=36697"}],"curies":[{"name":"wp","href":"https:\/\/api.w.org\/{rel}","templated":true}]}}