{"id":36608,"date":"2007-12-03T00:00:00","date_gmt":"2007-12-02T23:00:00","guid":{"rendered":"http:\/\/www.pcb.ub.edu\/\/advancell-anuncia-la-captacion-de-11-millones-de-euros-para-acelerar-sus-proyectos\/"},"modified":"2020-11-16T16:13:20","modified_gmt":"2020-11-16T15:13:20","slug":"advancell-anuncia-la-captacion-de-11-millones-de-euros-para-acelerar-sus-proyectos","status":"publish","type":"post","link":"https:\/\/www.pcb.ub.edu\/es\/advancell-anuncia-la-captacion-de-11-millones-de-euros-para-acelerar-sus-proyectos\/","title":{"rendered":"Advancell anuncia la captaci\u00f3n de 11 millones de euros para acelerar sus proyectos"},"content":{"rendered":"<p>Asimismo, la compa\u00f1\u00eda ha anunciado la incorporaci\u00f3n a su Consejo de Administraci\u00f3n de Jos\u00e9 Mar\u00eda Abril en representaci\u00f3n de la empresa Talde Gesti\u00f3n, S.G.E.C.R., que cuenta con el 12,37% de las acciones de Advancell. Abril ha sido nombrado recientemente consejero de Telef\u00f3nica y cuenta con una amplia trayectoria profesional en el \u00e1rea financiera y empresarial. Ha ocupado cargos de m\u00e1xima responsabilidad en entidades como Banesto, BBVA, Repsol, Iberia y Corporaci\u00f3n IBV. <\/p>\n<p> Entre los proyectos que Advancell tiene m\u00e1s avanzados se incluye el desarrollo cl\u00ednico, en colaboraci\u00f3n con la brit\u00e1nica Protherics, de ACADRA\u2122 (acadesina), un medicamento hu\u00e9rfano potencialmente seguro y efectivo para el tratamiento de la leucemia linfoc\u00edtica cr\u00f3nica B, que supone una inversi\u00f3n que podr\u00eda superar los 50 millones de euros y que se dirige a un mercado potencial que ronda los 250 millones de euros anuales. Otro proyecto en curso que se beneficiar\u00e1 de esta  inyecci\u00f3n financiera es el desarrollo cl\u00ednico de otra mol\u00e9cula, la ciclosporina, con la que Advancell investiga un tratamiento t\u00f3pico contra la psoriasis, en colaboraci\u00f3n con ISDIN. <\/p>\n<p> Adem\u00e1s de acelerar los desarrollos cl\u00ednicos de estas mol\u00e9culas, esta captaci\u00f3n de capital  har\u00e1 posible llevar a fases cl\u00ednicas seis proyectos de nanomedicina en un plazo relativamente corto, en apenas tres a\u00f1os, y servir\u00e1 para consolidar su oferta de servicios y reactivos, en la que se apostar\u00e1 por el nuevo marco creado por la directiva REACH (un nuevo reglamento europeo que refuerza el control sobre el registro, la evaluaci\u00f3n y la autorizaci\u00f3n de productos qu\u00edmicos), aprobada recientemente.  <\/p>\n<p> La compa\u00f1\u00eda cuenta con dos divisiones: la de Farma, que centra su actividad en el desarrollo de f\u00e1rmacos innovadores mediante la b\u00fasqueda de nuevas aplicaciones para mol\u00e9culas conocidas, y la de Servicios y Reactivos, que utiliza m\u00e9todos \u2018in vitro&#8217; basados en c\u00e9lulas para predecir la eficacia, la seguridad y el mecanismo de acci\u00f3n de mol\u00e9culas en desarrollo. Su modelo de negocio se basa en una metodolog\u00eda que permite reducir considerablemente los costes, los riesgos y el tiempo de desarrollo de un f\u00e1rmaco.    <\/p>\n","protected":false},"excerpt":{"rendered":"<p>La biotecnol\u00f3gica <a href=\"p390.asp\" class=\"email\">Advancell<\/a>, ubicada en el Parc Cient\u00edfic de Barcelona, ha anunciado la captaci\u00f3n de 11 millones de euros con los que financiar\u00e1 y acelerar\u00e1 gran parte de sus proyectos m\u00e1s inmediatos. Esta operaci\u00f3n se basa en una ampliaci\u00f3n de capital de 7,5 millones de euros procedentes de capital privado y la concesi\u00f3n de 3,5 millones de euros a partir de pr\u00e9stamos que provienen de entidades p\u00fablicas o semip\u00fablicas, entre las que se incluyen el Centro para el Desarrollo Tecnol\u00f3gico e Industrial (CDTI) y el Ministerio de Educaci\u00f3n y Ciencia. Los 7,5 millones de euros correspondientes a la ampliaci\u00f3n de capital han sido aportados por la mayor parte de los accionistas de Advancell. <\/p>\n","protected":false},"author":1,"featured_media":0,"comment_status":"closed","ping_status":"open","sticky":false,"template":"","format":"standard","meta":{"_acf_changed":false,"inline_featured_image":false,"footnotes":""},"categories":[9],"tags":[],"class_list":["post-36608","post","type-post","status-publish","format-standard","category-sin-categorizar"],"acf":[],"yoast_head":"<!-- This site is optimized with the Yoast SEO plugin v27.3 - https:\/\/yoast.com\/product\/yoast-seo-wordpress\/ -->\n<title>Advancell anuncia la captaci\u00f3n de 11 millones de euros para acelerar sus proyectos - Parc Cient\u00edfic de Barcelona<\/title>\n<meta name=\"robots\" content=\"index, follow, max-snippet:-1, max-image-preview:large, max-video-preview:-1\" \/>\n<link rel=\"canonical\" href=\"https:\/\/www.pcb.ub.edu\/es\/advancell-anuncia-la-captacion-de-11-millones-de-euros-para-acelerar-sus-proyectos\/\" \/>\n<meta property=\"og:locale\" content=\"es_ES\" \/>\n<meta property=\"og:type\" content=\"article\" \/>\n<meta property=\"og:title\" content=\"Advancell anuncia la captaci\u00f3n de 11 millones de euros para acelerar sus proyectos - Parc Cient\u00edfic de Barcelona\" \/>\n<meta property=\"og:description\" content=\"La biotecnol\u00f3gica Advancell, ubicada en el Parc Cient\u00edfic de Barcelona, ha anunciado la captaci\u00f3n de 11 millones de euros con los que financiar\u00e1 y acelerar\u00e1 gran parte de sus proyectos m\u00e1s inmediatos. Esta operaci\u00f3n se basa en una ampliaci\u00f3n de capital de 7,5 millones de euros procedentes de capital privado y la concesi\u00f3n de 3,5 millones de euros a partir de pr\u00e9stamos que provienen de entidades p\u00fablicas o semip\u00fablicas, entre las que se incluyen el Centro para el Desarrollo Tecnol\u00f3gico e Industrial (CDTI) y el Ministerio de Educaci\u00f3n y Ciencia. Los 7,5 millones de euros correspondientes a la ampliaci\u00f3n de capital han sido aportados por la mayor parte de los accionistas de Advancell.\" \/>\n<meta property=\"og:url\" content=\"https:\/\/www.pcb.ub.edu\/es\/advancell-anuncia-la-captacion-de-11-millones-de-euros-para-acelerar-sus-proyectos\/\" \/>\n<meta property=\"og:site_name\" content=\"Parc Cient\u00edfic de Barcelona\" \/>\n<meta property=\"article:published_time\" content=\"2007-12-02T23:00:00+00:00\" \/>\n<meta property=\"article:modified_time\" content=\"2020-11-16T15:13:20+00:00\" \/>\n<meta name=\"author\" content=\"adminpcb\" \/>\n<meta name=\"twitter:card\" content=\"summary_large_image\" \/>\n<meta name=\"twitter:label1\" content=\"Escrito por\" \/>\n\t<meta name=\"twitter:data1\" content=\"adminpcb\" \/>\n\t<meta name=\"twitter:label2\" content=\"Tiempo de lectura\" \/>\n\t<meta name=\"twitter:data2\" content=\"2 minutos\" \/>\n<script type=\"application\/ld+json\" class=\"yoast-schema-graph\">{\"@context\":\"https:\\\/\\\/schema.org\",\"@graph\":[{\"@type\":\"Article\",\"@id\":\"https:\\\/\\\/www.pcb.ub.edu\\\/es\\\/advancell-anuncia-la-captacion-de-11-millones-de-euros-para-acelerar-sus-proyectos\\\/#article\",\"isPartOf\":{\"@id\":\"https:\\\/\\\/www.pcb.ub.edu\\\/es\\\/advancell-anuncia-la-captacion-de-11-millones-de-euros-para-acelerar-sus-proyectos\\\/\"},\"author\":{\"name\":\"adminpcb\",\"@id\":\"https:\\\/\\\/www.pcb.ub.edu\\\/es\\\/#\\\/schema\\\/person\\\/d13cab05cd0a75b17fddca8496481021\"},\"headline\":\"Advancell anuncia la captaci\u00f3n de 11 millones de euros para acelerar sus proyectos\",\"datePublished\":\"2007-12-02T23:00:00+00:00\",\"dateModified\":\"2020-11-16T15:13:20+00:00\",\"mainEntityOfPage\":{\"@id\":\"https:\\\/\\\/www.pcb.ub.edu\\\/es\\\/advancell-anuncia-la-captacion-de-11-millones-de-euros-para-acelerar-sus-proyectos\\\/\"},\"wordCount\":387,\"articleSection\":[\"Sin categorizar\"],\"inLanguage\":\"es\"},{\"@type\":\"WebPage\",\"@id\":\"https:\\\/\\\/www.pcb.ub.edu\\\/es\\\/advancell-anuncia-la-captacion-de-11-millones-de-euros-para-acelerar-sus-proyectos\\\/\",\"url\":\"https:\\\/\\\/www.pcb.ub.edu\\\/es\\\/advancell-anuncia-la-captacion-de-11-millones-de-euros-para-acelerar-sus-proyectos\\\/\",\"name\":\"Advancell anuncia la captaci\u00f3n de 11 millones de euros para acelerar sus proyectos - Parc Cient\u00edfic de Barcelona\",\"isPartOf\":{\"@id\":\"https:\\\/\\\/www.pcb.ub.edu\\\/es\\\/#website\"},\"datePublished\":\"2007-12-02T23:00:00+00:00\",\"dateModified\":\"2020-11-16T15:13:20+00:00\",\"author\":{\"@id\":\"https:\\\/\\\/www.pcb.ub.edu\\\/es\\\/#\\\/schema\\\/person\\\/d13cab05cd0a75b17fddca8496481021\"},\"breadcrumb\":{\"@id\":\"https:\\\/\\\/www.pcb.ub.edu\\\/es\\\/advancell-anuncia-la-captacion-de-11-millones-de-euros-para-acelerar-sus-proyectos\\\/#breadcrumb\"},\"inLanguage\":\"es\",\"potentialAction\":[{\"@type\":\"ReadAction\",\"target\":[\"https:\\\/\\\/www.pcb.ub.edu\\\/es\\\/advancell-anuncia-la-captacion-de-11-millones-de-euros-para-acelerar-sus-proyectos\\\/\"]}]},{\"@type\":\"BreadcrumbList\",\"@id\":\"https:\\\/\\\/www.pcb.ub.edu\\\/es\\\/advancell-anuncia-la-captacion-de-11-millones-de-euros-para-acelerar-sus-proyectos\\\/#breadcrumb\",\"itemListElement\":[{\"@type\":\"ListItem\",\"position\":1,\"name\":\"Home\",\"item\":\"https:\\\/\\\/www.pcb.ub.edu\\\/es\\\/\"},{\"@type\":\"ListItem\",\"position\":2,\"name\":\"Advancell anuncia la captaci\u00f3n de 11 millones de euros para acelerar sus proyectos\"}]},{\"@type\":\"WebSite\",\"@id\":\"https:\\\/\\\/www.pcb.ub.edu\\\/es\\\/#website\",\"url\":\"https:\\\/\\\/www.pcb.ub.edu\\\/es\\\/\",\"name\":\"Parc Cient\u00edfic de Barcelona\",\"description\":\"Universitat de Barcelona\",\"potentialAction\":[{\"@type\":\"SearchAction\",\"target\":{\"@type\":\"EntryPoint\",\"urlTemplate\":\"https:\\\/\\\/www.pcb.ub.edu\\\/es\\\/?s={search_term_string}\"},\"query-input\":{\"@type\":\"PropertyValueSpecification\",\"valueRequired\":true,\"valueName\":\"search_term_string\"}}],\"inLanguage\":\"es\"},{\"@type\":\"Person\",\"@id\":\"https:\\\/\\\/www.pcb.ub.edu\\\/es\\\/#\\\/schema\\\/person\\\/d13cab05cd0a75b17fddca8496481021\",\"name\":\"adminpcb\",\"image\":{\"@type\":\"ImageObject\",\"inLanguage\":\"es\",\"@id\":\"https:\\\/\\\/secure.gravatar.com\\\/avatar\\\/41ad0fab4bb3bf5348b0af9612159cfd93173a57bbca98fecb50fa6f3ab97d28?s=96&d=mm&r=g\",\"url\":\"https:\\\/\\\/secure.gravatar.com\\\/avatar\\\/41ad0fab4bb3bf5348b0af9612159cfd93173a57bbca98fecb50fa6f3ab97d28?s=96&d=mm&r=g\",\"contentUrl\":\"https:\\\/\\\/secure.gravatar.com\\\/avatar\\\/41ad0fab4bb3bf5348b0af9612159cfd93173a57bbca98fecb50fa6f3ab97d28?s=96&d=mm&r=g\",\"caption\":\"adminpcb\"},\"url\":\"https:\\\/\\\/www.pcb.ub.edu\\\/es\\\/author\\\/adminpcb\\\/\"}]}<\/script>\n<!-- \/ Yoast SEO plugin. -->","yoast_head_json":{"title":"Advancell anuncia la captaci\u00f3n de 11 millones de euros para acelerar sus proyectos - Parc Cient\u00edfic de Barcelona","robots":{"index":"index","follow":"follow","max-snippet":"max-snippet:-1","max-image-preview":"max-image-preview:large","max-video-preview":"max-video-preview:-1"},"canonical":"https:\/\/www.pcb.ub.edu\/es\/advancell-anuncia-la-captacion-de-11-millones-de-euros-para-acelerar-sus-proyectos\/","og_locale":"es_ES","og_type":"article","og_title":"Advancell anuncia la captaci\u00f3n de 11 millones de euros para acelerar sus proyectos - Parc Cient\u00edfic de Barcelona","og_description":"La biotecnol\u00f3gica Advancell, ubicada en el Parc Cient\u00edfic de Barcelona, ha anunciado la captaci\u00f3n de 11 millones de euros con los que financiar\u00e1 y acelerar\u00e1 gran parte de sus proyectos m\u00e1s inmediatos. Esta operaci\u00f3n se basa en una ampliaci\u00f3n de capital de 7,5 millones de euros procedentes de capital privado y la concesi\u00f3n de 3,5 millones de euros a partir de pr\u00e9stamos que provienen de entidades p\u00fablicas o semip\u00fablicas, entre las que se incluyen el Centro para el Desarrollo Tecnol\u00f3gico e Industrial (CDTI) y el Ministerio de Educaci\u00f3n y Ciencia. Los 7,5 millones de euros correspondientes a la ampliaci\u00f3n de capital han sido aportados por la mayor parte de los accionistas de Advancell.","og_url":"https:\/\/www.pcb.ub.edu\/es\/advancell-anuncia-la-captacion-de-11-millones-de-euros-para-acelerar-sus-proyectos\/","og_site_name":"Parc Cient\u00edfic de Barcelona","article_published_time":"2007-12-02T23:00:00+00:00","article_modified_time":"2020-11-16T15:13:20+00:00","author":"adminpcb","twitter_card":"summary_large_image","twitter_misc":{"Escrito por":"adminpcb","Tiempo de lectura":"2 minutos"},"schema":{"@context":"https:\/\/schema.org","@graph":[{"@type":"Article","@id":"https:\/\/www.pcb.ub.edu\/es\/advancell-anuncia-la-captacion-de-11-millones-de-euros-para-acelerar-sus-proyectos\/#article","isPartOf":{"@id":"https:\/\/www.pcb.ub.edu\/es\/advancell-anuncia-la-captacion-de-11-millones-de-euros-para-acelerar-sus-proyectos\/"},"author":{"name":"adminpcb","@id":"https:\/\/www.pcb.ub.edu\/es\/#\/schema\/person\/d13cab05cd0a75b17fddca8496481021"},"headline":"Advancell anuncia la captaci\u00f3n de 11 millones de euros para acelerar sus proyectos","datePublished":"2007-12-02T23:00:00+00:00","dateModified":"2020-11-16T15:13:20+00:00","mainEntityOfPage":{"@id":"https:\/\/www.pcb.ub.edu\/es\/advancell-anuncia-la-captacion-de-11-millones-de-euros-para-acelerar-sus-proyectos\/"},"wordCount":387,"articleSection":["Sin categorizar"],"inLanguage":"es"},{"@type":"WebPage","@id":"https:\/\/www.pcb.ub.edu\/es\/advancell-anuncia-la-captacion-de-11-millones-de-euros-para-acelerar-sus-proyectos\/","url":"https:\/\/www.pcb.ub.edu\/es\/advancell-anuncia-la-captacion-de-11-millones-de-euros-para-acelerar-sus-proyectos\/","name":"Advancell anuncia la captaci\u00f3n de 11 millones de euros para acelerar sus proyectos - Parc Cient\u00edfic de Barcelona","isPartOf":{"@id":"https:\/\/www.pcb.ub.edu\/es\/#website"},"datePublished":"2007-12-02T23:00:00+00:00","dateModified":"2020-11-16T15:13:20+00:00","author":{"@id":"https:\/\/www.pcb.ub.edu\/es\/#\/schema\/person\/d13cab05cd0a75b17fddca8496481021"},"breadcrumb":{"@id":"https:\/\/www.pcb.ub.edu\/es\/advancell-anuncia-la-captacion-de-11-millones-de-euros-para-acelerar-sus-proyectos\/#breadcrumb"},"inLanguage":"es","potentialAction":[{"@type":"ReadAction","target":["https:\/\/www.pcb.ub.edu\/es\/advancell-anuncia-la-captacion-de-11-millones-de-euros-para-acelerar-sus-proyectos\/"]}]},{"@type":"BreadcrumbList","@id":"https:\/\/www.pcb.ub.edu\/es\/advancell-anuncia-la-captacion-de-11-millones-de-euros-para-acelerar-sus-proyectos\/#breadcrumb","itemListElement":[{"@type":"ListItem","position":1,"name":"Home","item":"https:\/\/www.pcb.ub.edu\/es\/"},{"@type":"ListItem","position":2,"name":"Advancell anuncia la captaci\u00f3n de 11 millones de euros para acelerar sus proyectos"}]},{"@type":"WebSite","@id":"https:\/\/www.pcb.ub.edu\/es\/#website","url":"https:\/\/www.pcb.ub.edu\/es\/","name":"Parc Cient\u00edfic de Barcelona","description":"Universitat de Barcelona","potentialAction":[{"@type":"SearchAction","target":{"@type":"EntryPoint","urlTemplate":"https:\/\/www.pcb.ub.edu\/es\/?s={search_term_string}"},"query-input":{"@type":"PropertyValueSpecification","valueRequired":true,"valueName":"search_term_string"}}],"inLanguage":"es"},{"@type":"Person","@id":"https:\/\/www.pcb.ub.edu\/es\/#\/schema\/person\/d13cab05cd0a75b17fddca8496481021","name":"adminpcb","image":{"@type":"ImageObject","inLanguage":"es","@id":"https:\/\/secure.gravatar.com\/avatar\/41ad0fab4bb3bf5348b0af9612159cfd93173a57bbca98fecb50fa6f3ab97d28?s=96&d=mm&r=g","url":"https:\/\/secure.gravatar.com\/avatar\/41ad0fab4bb3bf5348b0af9612159cfd93173a57bbca98fecb50fa6f3ab97d28?s=96&d=mm&r=g","contentUrl":"https:\/\/secure.gravatar.com\/avatar\/41ad0fab4bb3bf5348b0af9612159cfd93173a57bbca98fecb50fa6f3ab97d28?s=96&d=mm&r=g","caption":"adminpcb"},"url":"https:\/\/www.pcb.ub.edu\/es\/author\/adminpcb\/"}]}},"_links":{"self":[{"href":"https:\/\/www.pcb.ub.edu\/es\/wp-json\/wp\/v2\/posts\/36608","targetHints":{"allow":["GET"]}}],"collection":[{"href":"https:\/\/www.pcb.ub.edu\/es\/wp-json\/wp\/v2\/posts"}],"about":[{"href":"https:\/\/www.pcb.ub.edu\/es\/wp-json\/wp\/v2\/types\/post"}],"author":[{"embeddable":true,"href":"https:\/\/www.pcb.ub.edu\/es\/wp-json\/wp\/v2\/users\/1"}],"replies":[{"embeddable":true,"href":"https:\/\/www.pcb.ub.edu\/es\/wp-json\/wp\/v2\/comments?post=36608"}],"version-history":[{"count":1,"href":"https:\/\/www.pcb.ub.edu\/es\/wp-json\/wp\/v2\/posts\/36608\/revisions"}],"predecessor-version":[{"id":42905,"href":"https:\/\/www.pcb.ub.edu\/es\/wp-json\/wp\/v2\/posts\/36608\/revisions\/42905"}],"wp:attachment":[{"href":"https:\/\/www.pcb.ub.edu\/es\/wp-json\/wp\/v2\/media?parent=36608"}],"wp:term":[{"taxonomy":"category","embeddable":true,"href":"https:\/\/www.pcb.ub.edu\/es\/wp-json\/wp\/v2\/categories?post=36608"},{"taxonomy":"post_tag","embeddable":true,"href":"https:\/\/www.pcb.ub.edu\/es\/wp-json\/wp\/v2\/tags?post=36608"}],"curies":[{"name":"wp","href":"https:\/\/api.w.org\/{rel}","templated":true}]}}