{"id":36500,"date":"2007-01-22T00:00:00","date_gmt":"2007-01-21T23:00:00","guid":{"rendered":"http:\/\/www.pcb.ub.edu\/\/advancell-y-protherics-inician-el-co-desarrollo-de-un-nuevo-farmaco-para-el-tratamiento-de-un-tipo-de-leucemia\/"},"modified":"2007-01-22T00:00:00","modified_gmt":"2007-01-21T23:00:00","slug":"advancell-y-protherics-inician-el-co-desarrollo-de-un-nuevo-farmaco-para-el-tratamiento-de-un-tipo-de-leucemia","status":"publish","type":"post","link":"https:\/\/www.pcb.ub.edu\/es\/advancell-y-protherics-inician-el-co-desarrollo-de-un-nuevo-farmaco-para-el-tratamiento-de-un-tipo-de-leucemia\/","title":{"rendered":"Advancell y Protherics inician el co-desarrollo de un nuevo f\u00e1rmaco para el tratamiento de un tipo de leucemia"},"content":{"rendered":"<p>Con una duraci\u00f3n prevista de m\u00e1s de cinco a\u00f1os, las dos empresas llevar\u00e1n a cabo un programa con el objetivo de completar el desarrollo cl\u00ednico de la Acadesina y conseguir la aprobaci\u00f3n necesaria para su comercializaci\u00f3n. En este sentido, la primera fase del proyecto permitir\u00e1 comprobar la eficacia potencia del tratamiento con esta mol\u00e9cula en seres vivos antes de finales de 2007.<\/p>\n<p>  El acuerdo entre las dos empresas implica, desde la primera etapa hasta la comercializaci\u00f3n del nuevo f\u00e1rmaco y en funci\u00f3n de los resultados positivos, la aportaci\u00f3n de Protherics a Advancell hasta 28 millones de euros, a los cuales se debe a\u00f1adir el compromiso de cubrir la mitad de los costes del desarrollo cl\u00ednico. Durante la fase de comercializaci\u00f3n, adem\u00e1s, Advancell recibir\u00e1 tambi\u00e9n de la empresa brit\u00e1nica regal\u00edas superiores al 10% sobre las ventas mundiales. La Acadesina se dirige a un mercado que est\u00e1 alrededor de los 250 millones de euros anuales. <\/p>\n<p>  Luis Ruiz, director general de Advancell, ha se\u00f1alado que \u00abla alianza con Protherics nos da la capacidad financiera y el conocimiento regulatorio y cl\u00ednico para completar el desarrollo de la Acadesina de una forma m\u00e1s eficiente que si lo intent\u00e1ramos hacer nosotros solos. Por otra parte, el acuerdo demuestra que nuestro entorno acad\u00e9mico tiene un potencial muy elevado y que compa\u00f1\u00edas emergentes de la universidad como la nuestra tienen la gran oportunidad de transformar el conocimiento acad\u00e9mico en aplicaciones de gran impacto social y de valor a\u00f1adido\u00bb. <\/p>\n<p>  La especializaci\u00f3n oncol\u00f3gica de Protherics, su car\u00e1cter multinacional y los recursos financieros y humanos que aporta complementan las capacidades de Advancell, que adquiri\u00f3 el derechos sobre la Acadesina en el 2004. Sobre esta mol\u00e9cula, la empresa catalana ha desarrollado una formulaci\u00f3n inyectable con la que ha completado los ensayos precl\u00ednicos necesarios para que la mol\u00e9cula pueda ser aprobada en un primer ensayo cl\u00ednico que indicar\u00e1 su eficacia potencial. Los datos disponibles hasta el momento sugieren que la Acadesina podr\u00eda mejorar de manera significativa los tratamientos que existen. <\/p>\n<p>  \u00abEl potencial de esta mol\u00e9cula fue descubierto y patentado en el 2002 por investigadores de la Universitat de Barcelona y podr\u00eda mejorar significativamente el tratamiento de la LLC-B puesto que presenta un nuevo mecanismo de acci\u00f3n, m\u00e1s seguro, y que permitir\u00e1 tratar pacientes que desarrollan resistencias a la terapia establecida\u00bb, explica Ruiz. En el 2005, la Acadesina obtuvo el estatus de medicamento \u00abhu\u00e9rfano\u00bb de la Uni\u00f3n Europea, cosa que significa un reconocimiento impl\u00edcito de su potencial para una necesidad terap\u00e9utica no cubierta, hasta el momento, de forma satisfactoria. <\/p>\n","protected":false},"excerpt":{"rendered":"<p><a href=\"p390.asp\" class=\"email\">Advancell<\/a>,  empresa especializada en investigaci\u00f3n biotecnol\u00f3gica, y <a href=\"http:\/\/www.protherics.com\" target=\"_blank\" class=\"email\" rel=\"noopener noreferrer\">Protherics<\/a>,  empresa brit\u00e1nica especializada en el desarrollo y comercializaci\u00f3n de f\u00e1rmacos innovadores oncol\u00f3gicos y para situaciones de emergencia (\u00abcritical care\u00bb), han lanzado un proyecto que desarrollar\u00e1 la mol\u00e9cula Acadesina  para el tratamiento de la Leucemia Linfoc\u00edtica Cronica de C\u00e9lulas B (LLC-B), una enfermedad que afecta a unas 300.000 personas en el mundo. El desarrollo cl\u00ednico de la mol\u00e9cula puede implicar una inversi\u00f3n superior a 50 millones de euros.<\/p>\n","protected":false},"author":1,"featured_media":0,"comment_status":"closed","ping_status":"open","sticky":false,"template":"","format":"standard","meta":{"_acf_changed":false,"inline_featured_image":false,"footnotes":""},"categories":[9],"tags":[],"class_list":["post-36500","post","type-post","status-publish","format-standard","category-sin-categorizar"],"acf":[],"yoast_head":"<!-- This site is optimized with the Yoast SEO plugin v27.3 - https:\/\/yoast.com\/product\/yoast-seo-wordpress\/ -->\n<title>Advancell y Protherics inician el co-desarrollo de un nuevo f\u00e1rmaco para el tratamiento de un tipo de leucemia - Parc Cient\u00edfic de Barcelona<\/title>\n<meta name=\"robots\" content=\"index, follow, max-snippet:-1, max-image-preview:large, max-video-preview:-1\" \/>\n<link rel=\"canonical\" href=\"https:\/\/www.pcb.ub.edu\/es\/advancell-y-protherics-inician-el-co-desarrollo-de-un-nuevo-farmaco-para-el-tratamiento-de-un-tipo-de-leucemia\/\" \/>\n<meta property=\"og:locale\" content=\"es_ES\" \/>\n<meta property=\"og:type\" content=\"article\" \/>\n<meta property=\"og:title\" content=\"Advancell y Protherics inician el co-desarrollo de un nuevo f\u00e1rmaco para el tratamiento de un tipo de leucemia - Parc Cient\u00edfic de Barcelona\" \/>\n<meta property=\"og:description\" content=\"Advancell, empresa especializada en investigaci\u00f3n biotecnol\u00f3gica, y Protherics, empresa brit\u00e1nica especializada en el desarrollo y comercializaci\u00f3n de f\u00e1rmacos innovadores oncol\u00f3gicos y para situaciones de emergencia (&quot;critical care&quot;), han lanzado un proyecto que desarrollar\u00e1 la mol\u00e9cula Acadesina para el tratamiento de la Leucemia Linfoc\u00edtica Cronica de C\u00e9lulas B (LLC-B), una enfermedad que afecta a unas 300.000 personas en el mundo. El desarrollo cl\u00ednico de la mol\u00e9cula puede implicar una inversi\u00f3n superior a 50 millones de euros.\" \/>\n<meta property=\"og:url\" content=\"https:\/\/www.pcb.ub.edu\/es\/advancell-y-protherics-inician-el-co-desarrollo-de-un-nuevo-farmaco-para-el-tratamiento-de-un-tipo-de-leucemia\/\" \/>\n<meta property=\"og:site_name\" content=\"Parc Cient\u00edfic de Barcelona\" \/>\n<meta property=\"article:published_time\" content=\"2007-01-21T23:00:00+00:00\" \/>\n<meta name=\"author\" content=\"adminpcb\" \/>\n<meta name=\"twitter:card\" content=\"summary_large_image\" \/>\n<meta name=\"twitter:label1\" content=\"Escrito por\" \/>\n\t<meta name=\"twitter:data1\" content=\"adminpcb\" \/>\n\t<meta name=\"twitter:label2\" content=\"Tiempo de lectura\" \/>\n\t<meta name=\"twitter:data2\" content=\"2 minutos\" \/>\n<script type=\"application\/ld+json\" class=\"yoast-schema-graph\">{\"@context\":\"https:\\\/\\\/schema.org\",\"@graph\":[{\"@type\":\"Article\",\"@id\":\"https:\\\/\\\/www.pcb.ub.edu\\\/es\\\/advancell-y-protherics-inician-el-co-desarrollo-de-un-nuevo-farmaco-para-el-tratamiento-de-un-tipo-de-leucemia\\\/#article\",\"isPartOf\":{\"@id\":\"https:\\\/\\\/www.pcb.ub.edu\\\/es\\\/advancell-y-protherics-inician-el-co-desarrollo-de-un-nuevo-farmaco-para-el-tratamiento-de-un-tipo-de-leucemia\\\/\"},\"author\":{\"name\":\"adminpcb\",\"@id\":\"https:\\\/\\\/www.pcb.ub.edu\\\/es\\\/#\\\/schema\\\/person\\\/d13cab05cd0a75b17fddca8496481021\"},\"headline\":\"Advancell y Protherics inician el co-desarrollo de un nuevo f\u00e1rmaco para el tratamiento de un tipo de leucemia\",\"datePublished\":\"2007-01-21T23:00:00+00:00\",\"mainEntityOfPage\":{\"@id\":\"https:\\\/\\\/www.pcb.ub.edu\\\/es\\\/advancell-y-protherics-inician-el-co-desarrollo-de-un-nuevo-farmaco-para-el-tratamiento-de-un-tipo-de-leucemia\\\/\"},\"wordCount\":471,\"articleSection\":[\"Sin categorizar\"],\"inLanguage\":\"es\"},{\"@type\":\"WebPage\",\"@id\":\"https:\\\/\\\/www.pcb.ub.edu\\\/es\\\/advancell-y-protherics-inician-el-co-desarrollo-de-un-nuevo-farmaco-para-el-tratamiento-de-un-tipo-de-leucemia\\\/\",\"url\":\"https:\\\/\\\/www.pcb.ub.edu\\\/es\\\/advancell-y-protherics-inician-el-co-desarrollo-de-un-nuevo-farmaco-para-el-tratamiento-de-un-tipo-de-leucemia\\\/\",\"name\":\"Advancell y Protherics inician el co-desarrollo de un nuevo f\u00e1rmaco para el tratamiento de un tipo de leucemia - Parc Cient\u00edfic de Barcelona\",\"isPartOf\":{\"@id\":\"https:\\\/\\\/www.pcb.ub.edu\\\/es\\\/#website\"},\"datePublished\":\"2007-01-21T23:00:00+00:00\",\"author\":{\"@id\":\"https:\\\/\\\/www.pcb.ub.edu\\\/es\\\/#\\\/schema\\\/person\\\/d13cab05cd0a75b17fddca8496481021\"},\"breadcrumb\":{\"@id\":\"https:\\\/\\\/www.pcb.ub.edu\\\/es\\\/advancell-y-protherics-inician-el-co-desarrollo-de-un-nuevo-farmaco-para-el-tratamiento-de-un-tipo-de-leucemia\\\/#breadcrumb\"},\"inLanguage\":\"es\",\"potentialAction\":[{\"@type\":\"ReadAction\",\"target\":[\"https:\\\/\\\/www.pcb.ub.edu\\\/es\\\/advancell-y-protherics-inician-el-co-desarrollo-de-un-nuevo-farmaco-para-el-tratamiento-de-un-tipo-de-leucemia\\\/\"]}]},{\"@type\":\"BreadcrumbList\",\"@id\":\"https:\\\/\\\/www.pcb.ub.edu\\\/es\\\/advancell-y-protherics-inician-el-co-desarrollo-de-un-nuevo-farmaco-para-el-tratamiento-de-un-tipo-de-leucemia\\\/#breadcrumb\",\"itemListElement\":[{\"@type\":\"ListItem\",\"position\":1,\"name\":\"Home\",\"item\":\"https:\\\/\\\/www.pcb.ub.edu\\\/es\\\/\"},{\"@type\":\"ListItem\",\"position\":2,\"name\":\"Advancell y Protherics inician el co-desarrollo de un nuevo f\u00e1rmaco para el tratamiento de un tipo de leucemia\"}]},{\"@type\":\"WebSite\",\"@id\":\"https:\\\/\\\/www.pcb.ub.edu\\\/es\\\/#website\",\"url\":\"https:\\\/\\\/www.pcb.ub.edu\\\/es\\\/\",\"name\":\"Parc Cient\u00edfic de Barcelona\",\"description\":\"Universitat de Barcelona\",\"potentialAction\":[{\"@type\":\"SearchAction\",\"target\":{\"@type\":\"EntryPoint\",\"urlTemplate\":\"https:\\\/\\\/www.pcb.ub.edu\\\/es\\\/?s={search_term_string}\"},\"query-input\":{\"@type\":\"PropertyValueSpecification\",\"valueRequired\":true,\"valueName\":\"search_term_string\"}}],\"inLanguage\":\"es\"},{\"@type\":\"Person\",\"@id\":\"https:\\\/\\\/www.pcb.ub.edu\\\/es\\\/#\\\/schema\\\/person\\\/d13cab05cd0a75b17fddca8496481021\",\"name\":\"adminpcb\",\"image\":{\"@type\":\"ImageObject\",\"inLanguage\":\"es\",\"@id\":\"https:\\\/\\\/secure.gravatar.com\\\/avatar\\\/41ad0fab4bb3bf5348b0af9612159cfd93173a57bbca98fecb50fa6f3ab97d28?s=96&d=mm&r=g\",\"url\":\"https:\\\/\\\/secure.gravatar.com\\\/avatar\\\/41ad0fab4bb3bf5348b0af9612159cfd93173a57bbca98fecb50fa6f3ab97d28?s=96&d=mm&r=g\",\"contentUrl\":\"https:\\\/\\\/secure.gravatar.com\\\/avatar\\\/41ad0fab4bb3bf5348b0af9612159cfd93173a57bbca98fecb50fa6f3ab97d28?s=96&d=mm&r=g\",\"caption\":\"adminpcb\"},\"url\":\"https:\\\/\\\/www.pcb.ub.edu\\\/es\\\/author\\\/adminpcb\\\/\"}]}<\/script>\n<!-- \/ Yoast SEO plugin. -->","yoast_head_json":{"title":"Advancell y Protherics inician el co-desarrollo de un nuevo f\u00e1rmaco para el tratamiento de un tipo de leucemia - Parc Cient\u00edfic de Barcelona","robots":{"index":"index","follow":"follow","max-snippet":"max-snippet:-1","max-image-preview":"max-image-preview:large","max-video-preview":"max-video-preview:-1"},"canonical":"https:\/\/www.pcb.ub.edu\/es\/advancell-y-protherics-inician-el-co-desarrollo-de-un-nuevo-farmaco-para-el-tratamiento-de-un-tipo-de-leucemia\/","og_locale":"es_ES","og_type":"article","og_title":"Advancell y Protherics inician el co-desarrollo de un nuevo f\u00e1rmaco para el tratamiento de un tipo de leucemia - Parc Cient\u00edfic de Barcelona","og_description":"Advancell, empresa especializada en investigaci\u00f3n biotecnol\u00f3gica, y Protherics, empresa brit\u00e1nica especializada en el desarrollo y comercializaci\u00f3n de f\u00e1rmacos innovadores oncol\u00f3gicos y para situaciones de emergencia (\"critical care\"), han lanzado un proyecto que desarrollar\u00e1 la mol\u00e9cula Acadesina para el tratamiento de la Leucemia Linfoc\u00edtica Cronica de C\u00e9lulas B (LLC-B), una enfermedad que afecta a unas 300.000 personas en el mundo. El desarrollo cl\u00ednico de la mol\u00e9cula puede implicar una inversi\u00f3n superior a 50 millones de euros.","og_url":"https:\/\/www.pcb.ub.edu\/es\/advancell-y-protherics-inician-el-co-desarrollo-de-un-nuevo-farmaco-para-el-tratamiento-de-un-tipo-de-leucemia\/","og_site_name":"Parc Cient\u00edfic de Barcelona","article_published_time":"2007-01-21T23:00:00+00:00","author":"adminpcb","twitter_card":"summary_large_image","twitter_misc":{"Escrito por":"adminpcb","Tiempo de lectura":"2 minutos"},"schema":{"@context":"https:\/\/schema.org","@graph":[{"@type":"Article","@id":"https:\/\/www.pcb.ub.edu\/es\/advancell-y-protherics-inician-el-co-desarrollo-de-un-nuevo-farmaco-para-el-tratamiento-de-un-tipo-de-leucemia\/#article","isPartOf":{"@id":"https:\/\/www.pcb.ub.edu\/es\/advancell-y-protherics-inician-el-co-desarrollo-de-un-nuevo-farmaco-para-el-tratamiento-de-un-tipo-de-leucemia\/"},"author":{"name":"adminpcb","@id":"https:\/\/www.pcb.ub.edu\/es\/#\/schema\/person\/d13cab05cd0a75b17fddca8496481021"},"headline":"Advancell y Protherics inician el co-desarrollo de un nuevo f\u00e1rmaco para el tratamiento de un tipo de leucemia","datePublished":"2007-01-21T23:00:00+00:00","mainEntityOfPage":{"@id":"https:\/\/www.pcb.ub.edu\/es\/advancell-y-protherics-inician-el-co-desarrollo-de-un-nuevo-farmaco-para-el-tratamiento-de-un-tipo-de-leucemia\/"},"wordCount":471,"articleSection":["Sin categorizar"],"inLanguage":"es"},{"@type":"WebPage","@id":"https:\/\/www.pcb.ub.edu\/es\/advancell-y-protherics-inician-el-co-desarrollo-de-un-nuevo-farmaco-para-el-tratamiento-de-un-tipo-de-leucemia\/","url":"https:\/\/www.pcb.ub.edu\/es\/advancell-y-protherics-inician-el-co-desarrollo-de-un-nuevo-farmaco-para-el-tratamiento-de-un-tipo-de-leucemia\/","name":"Advancell y Protherics inician el co-desarrollo de un nuevo f\u00e1rmaco para el tratamiento de un tipo de leucemia - Parc Cient\u00edfic de Barcelona","isPartOf":{"@id":"https:\/\/www.pcb.ub.edu\/es\/#website"},"datePublished":"2007-01-21T23:00:00+00:00","author":{"@id":"https:\/\/www.pcb.ub.edu\/es\/#\/schema\/person\/d13cab05cd0a75b17fddca8496481021"},"breadcrumb":{"@id":"https:\/\/www.pcb.ub.edu\/es\/advancell-y-protherics-inician-el-co-desarrollo-de-un-nuevo-farmaco-para-el-tratamiento-de-un-tipo-de-leucemia\/#breadcrumb"},"inLanguage":"es","potentialAction":[{"@type":"ReadAction","target":["https:\/\/www.pcb.ub.edu\/es\/advancell-y-protherics-inician-el-co-desarrollo-de-un-nuevo-farmaco-para-el-tratamiento-de-un-tipo-de-leucemia\/"]}]},{"@type":"BreadcrumbList","@id":"https:\/\/www.pcb.ub.edu\/es\/advancell-y-protherics-inician-el-co-desarrollo-de-un-nuevo-farmaco-para-el-tratamiento-de-un-tipo-de-leucemia\/#breadcrumb","itemListElement":[{"@type":"ListItem","position":1,"name":"Home","item":"https:\/\/www.pcb.ub.edu\/es\/"},{"@type":"ListItem","position":2,"name":"Advancell y Protherics inician el co-desarrollo de un nuevo f\u00e1rmaco para el tratamiento de un tipo de leucemia"}]},{"@type":"WebSite","@id":"https:\/\/www.pcb.ub.edu\/es\/#website","url":"https:\/\/www.pcb.ub.edu\/es\/","name":"Parc Cient\u00edfic de Barcelona","description":"Universitat de Barcelona","potentialAction":[{"@type":"SearchAction","target":{"@type":"EntryPoint","urlTemplate":"https:\/\/www.pcb.ub.edu\/es\/?s={search_term_string}"},"query-input":{"@type":"PropertyValueSpecification","valueRequired":true,"valueName":"search_term_string"}}],"inLanguage":"es"},{"@type":"Person","@id":"https:\/\/www.pcb.ub.edu\/es\/#\/schema\/person\/d13cab05cd0a75b17fddca8496481021","name":"adminpcb","image":{"@type":"ImageObject","inLanguage":"es","@id":"https:\/\/secure.gravatar.com\/avatar\/41ad0fab4bb3bf5348b0af9612159cfd93173a57bbca98fecb50fa6f3ab97d28?s=96&d=mm&r=g","url":"https:\/\/secure.gravatar.com\/avatar\/41ad0fab4bb3bf5348b0af9612159cfd93173a57bbca98fecb50fa6f3ab97d28?s=96&d=mm&r=g","contentUrl":"https:\/\/secure.gravatar.com\/avatar\/41ad0fab4bb3bf5348b0af9612159cfd93173a57bbca98fecb50fa6f3ab97d28?s=96&d=mm&r=g","caption":"adminpcb"},"url":"https:\/\/www.pcb.ub.edu\/es\/author\/adminpcb\/"}]}},"_links":{"self":[{"href":"https:\/\/www.pcb.ub.edu\/es\/wp-json\/wp\/v2\/posts\/36500","targetHints":{"allow":["GET"]}}],"collection":[{"href":"https:\/\/www.pcb.ub.edu\/es\/wp-json\/wp\/v2\/posts"}],"about":[{"href":"https:\/\/www.pcb.ub.edu\/es\/wp-json\/wp\/v2\/types\/post"}],"author":[{"embeddable":true,"href":"https:\/\/www.pcb.ub.edu\/es\/wp-json\/wp\/v2\/users\/1"}],"replies":[{"embeddable":true,"href":"https:\/\/www.pcb.ub.edu\/es\/wp-json\/wp\/v2\/comments?post=36500"}],"version-history":[{"count":0,"href":"https:\/\/www.pcb.ub.edu\/es\/wp-json\/wp\/v2\/posts\/36500\/revisions"}],"wp:attachment":[{"href":"https:\/\/www.pcb.ub.edu\/es\/wp-json\/wp\/v2\/media?parent=36500"}],"wp:term":[{"taxonomy":"category","embeddable":true,"href":"https:\/\/www.pcb.ub.edu\/es\/wp-json\/wp\/v2\/categories?post=36500"},{"taxonomy":"post_tag","embeddable":true,"href":"https:\/\/www.pcb.ub.edu\/es\/wp-json\/wp\/v2\/tags?post=36500"}],"curies":[{"name":"wp","href":"https:\/\/api.w.org\/{rel}","templated":true}]}}