{"id":36438,"date":"2019-02-08T00:00:00","date_gmt":"2019-02-07T23:00:00","guid":{"rendered":"http:\/\/www.pcb.ub.edu\/\/el-pcb-acoge-el-encuentro-100tifiques-en-el-marco-de-la-bienal-ciudad-y-ciencia\/"},"modified":"2020-11-16T16:12:41","modified_gmt":"2020-11-16T15:12:41","slug":"el-pcb-acoge-el-encuentro-100tifiques-en-el-marco-de-la-bienal-ciudad-y-ciencia","status":"publish","type":"post","link":"https:\/\/www.pcb.ub.edu\/es\/el-pcb-acoge-el-encuentro-100tifiques-en-el-marco-de-la-bienal-ciudad-y-ciencia\/","title":{"rendered":"El PCB acoge el encuentro &#8216;100t\u00edfiques&#8217; en el marco de la Bienal Ciudad y Ciencia"},"content":{"rendered":"<p>El encuentro se inici\u00f3 con un acto de bienvenida en el que participaron la consejera de Presidencia, Elsa Artadi y la alcaldesa de Barcelona, Ada Colau, acompa\u00f1adas por Mar Camacho, directora general de Innovaci\u00f3n, Investigaci\u00f3n y Cultura Digital del Departamento de Educaci\u00f3n de la Generalidad; Gerardo Pissarello, primer teniente de alcalde de Barcelona; Susaina Figuera, directora de proyectos de la Fundaci\u00f3 Catalana per la Recerca i la Innovaci\u00f3 (FCRi); Gabby Silberman, director general del BIST, y Maria Terrades, directora del Parc Cient\u00edfic de Barcelona, entre otras personalidades.<\/p>\n<p>Posteriormente\u00a0se llev\u00f3 a cabo en el auditorio Antoni Caparr\u00f3s una sesi\u00f3n de <em>networking<\/em> y formaci\u00f3n con la finalidad principal de ofrecer a las cient\u00edficas las herramientas necesarias para preparar las 100 charlas que dar\u00e1n el d\u00eda 11 de febrero por toda Catalu\u00f1a\u00a0en el marco de la iniciativa <a href=\"https:\/\/www.donesiciencia.cat\/100tifiques\/\" target=\"_blank\" rel=\"noopener noreferrer\">100t\u00edfiques<\/a>,\u00a0promovida por la\u00a0<a href=\"https:\/\/www.fundaciorecerca.cat\/ca\/\">FCRi<\/a>\u00a0con la colaboraci\u00f3n del Departamento de Educaci\u00f3n de la Generalidad y del BIST\u00a0para celebrar el <a href=\"https:\/\/11defebrero.org\/\" target=\"_blank\" rel=\"noopener noreferrer\">D\u00eda Internacional de la Mujer y la Ni\u00f1a en la Ciencia<\/a>.<\/p>\n<p>En la sesi\u00f3n se presentaron diferentes iniciativas que permiten acercar la ciencia en las escuelas (como los programas T\u00e1ndem y Magnet, en los que participan dos centros BIST, el IRB Barcelona y el IBEC, respectivamente); las estrategias que est\u00e1 utilizando el Departamento de Educaci\u00f3n para impulsar las disciplinas STEM (Science, Technology, Engineering &amp; Mathematics) en las escuelas catalanas; y se impartieron\u00a0 tambi\u00e9n dos <em>master class<\/em> de la mano del coach y consultor Ander Mimenza (<em>Rompiendo los estereotipos STEM en la promoci\u00f3n de las mujeres a la cienci<\/em>a) y de la profesora de la Universidad Pompeu Fabra Mar Carri\u00f3 (<em>C\u00f3mo despertar inter\u00e9s e implicaci\u00f3n por la ciencia?<\/em>). La formaci\u00f3n recibida durante esta jornada fue esencial para preparar y unificar los contenidos y estrategias comunicativas de las conferencias del pr\u00f3ximo d\u00eda 11 de febrero.<\/p>\n<p>El encuentro tambi\u00e9n quiso propiciar la interacci\u00f3n entre investigadoras y tecn\u00f3logas para &#8216;crear comunidad&#8217;, y promover su participaci\u00f3n activa en la educaci\u00f3n de la ciencia. \u00abEn los programas de formaci\u00f3n del BIST estamos introduciendo una oferta espec\u00edfica para reforzar las competencias en educaci\u00f3n de la ciencia, porque estamos convencidos de que, sumadas a su experiencia investigadora, permitir\u00e1 a nuestros cient\u00edficos y cient\u00edficas hacer una contribuci\u00f3n positiva al sistema de educaci\u00f3n cient\u00edfica\u00bb, revel\u00f3 Nuria Bay\u00f3, responsable de Programas Acad\u00e9micos del BIST y coordinadora de la BIST-Encuentro de 100t\u00edfiques.<\/p>\n<p>\u00a0<\/p>\n","protected":false},"excerpt":{"rendered":"<p>M\u00e1s de un centenar de investigadoras y tecn\u00f3logas se dieron cita ayer en el Parc Cient\u00edfic\u00a0de Barcelona (PCB) en el encuentro\u00a0<a href=\"https:\/\/www.donesiciencia.cat\/100tifiques\/\" target=\"_blank\" rel=\"noopener noreferrer\">100cient\u00edfiques<\/a>, una jornada de <em>networking\u00a0<\/em>y formaci\u00f3n para dar visibilidad a la aportaci\u00f3n de las mujeres a la ciencia y\u00a0reforzar su rol como referentes para las nuevas generaciones. En la jornada, que estuvo organizada por el Barcelona Institute of Science and Technology (<a href=\"https:\/\/bist.eu\/\" target=\"_blank\" rel=\"noopener noreferrer\">BIST<\/a>), en el marco de la <a href=\"http:\/\/lameva.barcelona.cat\/barcelonacultura\/es\/recomanem\/bienal-ciudad-ciencia\">Bienal Ciudad y Ciencia<\/a>, tambi\u00e9n se prepararon las charlas que las cient\u00edficas dar\u00e1n\u00a0por toda Catalu\u00f1a el D\u00eda Internacional de la Mujer y la Ni\u00f1a en la Ciencia, el pr\u00f3ximo lunes 11 de febrero.<\/p>\n<p>\u00a0<\/p>\n","protected":false},"author":1,"featured_media":20006,"comment_status":"closed","ping_status":"open","sticky":false,"template":"","format":"standard","meta":{"_acf_changed":false,"inline_featured_image":false,"footnotes":""},"categories":[9],"tags":[],"class_list":["post-36438","post","type-post","status-publish","format-standard","has-post-thumbnail","category-sin-categorizar"],"acf":[],"yoast_head":"<!-- This site is optimized with the Yoast SEO plugin v27.3 - https:\/\/yoast.com\/product\/yoast-seo-wordpress\/ -->\n<title>El PCB acoge el encuentro &#039;100t\u00edfiques&#039; en el marco de la Bienal Ciudad y Ciencia - Parc Cient\u00edfic de Barcelona<\/title>\n<meta name=\"robots\" content=\"index, follow, max-snippet:-1, max-image-preview:large, max-video-preview:-1\" \/>\n<link rel=\"canonical\" href=\"https:\/\/www.pcb.ub.edu\/es\/el-pcb-acoge-el-encuentro-100tifiques-en-el-marco-de-la-bienal-ciudad-y-ciencia\/\" \/>\n<meta property=\"og:locale\" content=\"es_ES\" \/>\n<meta property=\"og:type\" content=\"article\" \/>\n<meta property=\"og:title\" content=\"El PCB acoge el encuentro &#039;100t\u00edfiques&#039; en el marco de la Bienal Ciudad y Ciencia - Parc Cient\u00edfic de Barcelona\" \/>\n<meta property=\"og:description\" content=\"M\u00e1s de un centenar de investigadoras y tecn\u00f3logas se dieron cita ayer en el Parc Cient\u00edfic\u00a0de Barcelona (PCB) en el encuentro\u00a0100cient\u00edfiques, una jornada de networking\u00a0y formaci\u00f3n para dar visibilidad a la aportaci\u00f3n de las mujeres a la ciencia y\u00a0reforzar su rol como referentes para las nuevas generaciones. En la jornada, que estuvo organizada por el Barcelona Institute of Science and Technology (BIST), en el marco de la Bienal Ciudad y Ciencia, tambi\u00e9n se prepararon las charlas que las cient\u00edficas dar\u00e1n\u00a0por toda Catalu\u00f1a el D\u00eda Internacional de la Mujer y la Ni\u00f1a en la Ciencia, el pr\u00f3ximo lunes 11 de febrero. \u00a0\" \/>\n<meta property=\"og:url\" content=\"https:\/\/www.pcb.ub.edu\/es\/el-pcb-acoge-el-encuentro-100tifiques-en-el-marco-de-la-bienal-ciudad-y-ciencia\/\" \/>\n<meta property=\"og:site_name\" content=\"Parc Cient\u00edfic de Barcelona\" \/>\n<meta property=\"article:published_time\" content=\"2019-02-07T23:00:00+00:00\" \/>\n<meta property=\"article:modified_time\" content=\"2020-11-16T15:12:41+00:00\" \/>\n<meta property=\"og:image\" content=\"https:\/\/www.pcb.ub.edu\/wp-content\/uploads\/2019\/02\/16049200885fa923181aa50.jpeg\" \/>\n\t<meta property=\"og:image:width\" content=\"1024\" \/>\n\t<meta property=\"og:image:height\" content=\"594\" \/>\n\t<meta property=\"og:image:type\" content=\"image\/jpeg\" \/>\n<meta name=\"author\" content=\"adminpcb\" \/>\n<meta name=\"twitter:card\" content=\"summary_large_image\" \/>\n<meta name=\"twitter:label1\" content=\"Escrito por\" \/>\n\t<meta name=\"twitter:data1\" content=\"adminpcb\" \/>\n\t<meta name=\"twitter:label2\" content=\"Tiempo de lectura\" \/>\n\t<meta name=\"twitter:data2\" content=\"2 minutos\" \/>\n<script type=\"application\/ld+json\" class=\"yoast-schema-graph\">{\"@context\":\"https:\\\/\\\/schema.org\",\"@graph\":[{\"@type\":\"Article\",\"@id\":\"https:\\\/\\\/www.pcb.ub.edu\\\/es\\\/el-pcb-acoge-el-encuentro-100tifiques-en-el-marco-de-la-bienal-ciudad-y-ciencia\\\/#article\",\"isPartOf\":{\"@id\":\"https:\\\/\\\/www.pcb.ub.edu\\\/es\\\/el-pcb-acoge-el-encuentro-100tifiques-en-el-marco-de-la-bienal-ciudad-y-ciencia\\\/\"},\"author\":{\"name\":\"adminpcb\",\"@id\":\"https:\\\/\\\/www.pcb.ub.edu\\\/es\\\/#\\\/schema\\\/person\\\/d13cab05cd0a75b17fddca8496481021\"},\"headline\":\"El PCB acoge el encuentro &#8216;100t\u00edfiques&#8217; en el marco de la Bienal Ciudad y Ciencia\",\"datePublished\":\"2019-02-07T23:00:00+00:00\",\"dateModified\":\"2020-11-16T15:12:41+00:00\",\"mainEntityOfPage\":{\"@id\":\"https:\\\/\\\/www.pcb.ub.edu\\\/es\\\/el-pcb-acoge-el-encuentro-100tifiques-en-el-marco-de-la-bienal-ciudad-y-ciencia\\\/\"},\"wordCount\":444,\"image\":{\"@id\":\"https:\\\/\\\/www.pcb.ub.edu\\\/es\\\/el-pcb-acoge-el-encuentro-100tifiques-en-el-marco-de-la-bienal-ciudad-y-ciencia\\\/#primaryimage\"},\"thumbnailUrl\":\"https:\\\/\\\/www.pcb.ub.edu\\\/wp-content\\\/uploads\\\/2019\\\/02\\\/16049200885fa923181aa50.jpeg\",\"articleSection\":[\"Sin categorizar\"],\"inLanguage\":\"es\"},{\"@type\":\"WebPage\",\"@id\":\"https:\\\/\\\/www.pcb.ub.edu\\\/es\\\/el-pcb-acoge-el-encuentro-100tifiques-en-el-marco-de-la-bienal-ciudad-y-ciencia\\\/\",\"url\":\"https:\\\/\\\/www.pcb.ub.edu\\\/es\\\/el-pcb-acoge-el-encuentro-100tifiques-en-el-marco-de-la-bienal-ciudad-y-ciencia\\\/\",\"name\":\"El PCB acoge el encuentro '100t\u00edfiques' en el marco de la Bienal Ciudad y Ciencia - Parc Cient\u00edfic de Barcelona\",\"isPartOf\":{\"@id\":\"https:\\\/\\\/www.pcb.ub.edu\\\/es\\\/#website\"},\"primaryImageOfPage\":{\"@id\":\"https:\\\/\\\/www.pcb.ub.edu\\\/es\\\/el-pcb-acoge-el-encuentro-100tifiques-en-el-marco-de-la-bienal-ciudad-y-ciencia\\\/#primaryimage\"},\"image\":{\"@id\":\"https:\\\/\\\/www.pcb.ub.edu\\\/es\\\/el-pcb-acoge-el-encuentro-100tifiques-en-el-marco-de-la-bienal-ciudad-y-ciencia\\\/#primaryimage\"},\"thumbnailUrl\":\"https:\\\/\\\/www.pcb.ub.edu\\\/wp-content\\\/uploads\\\/2019\\\/02\\\/16049200885fa923181aa50.jpeg\",\"datePublished\":\"2019-02-07T23:00:00+00:00\",\"dateModified\":\"2020-11-16T15:12:41+00:00\",\"author\":{\"@id\":\"https:\\\/\\\/www.pcb.ub.edu\\\/es\\\/#\\\/schema\\\/person\\\/d13cab05cd0a75b17fddca8496481021\"},\"breadcrumb\":{\"@id\":\"https:\\\/\\\/www.pcb.ub.edu\\\/es\\\/el-pcb-acoge-el-encuentro-100tifiques-en-el-marco-de-la-bienal-ciudad-y-ciencia\\\/#breadcrumb\"},\"inLanguage\":\"es\",\"potentialAction\":[{\"@type\":\"ReadAction\",\"target\":[\"https:\\\/\\\/www.pcb.ub.edu\\\/es\\\/el-pcb-acoge-el-encuentro-100tifiques-en-el-marco-de-la-bienal-ciudad-y-ciencia\\\/\"]}]},{\"@type\":\"ImageObject\",\"inLanguage\":\"es\",\"@id\":\"https:\\\/\\\/www.pcb.ub.edu\\\/es\\\/el-pcb-acoge-el-encuentro-100tifiques-en-el-marco-de-la-bienal-ciudad-y-ciencia\\\/#primaryimage\",\"url\":\"https:\\\/\\\/www.pcb.ub.edu\\\/wp-content\\\/uploads\\\/2019\\\/02\\\/16049200885fa923181aa50.jpeg\",\"contentUrl\":\"https:\\\/\\\/www.pcb.ub.edu\\\/wp-content\\\/uploads\\\/2019\\\/02\\\/16049200885fa923181aa50.jpeg\",\"width\":1024,\"height\":594},{\"@type\":\"BreadcrumbList\",\"@id\":\"https:\\\/\\\/www.pcb.ub.edu\\\/es\\\/el-pcb-acoge-el-encuentro-100tifiques-en-el-marco-de-la-bienal-ciudad-y-ciencia\\\/#breadcrumb\",\"itemListElement\":[{\"@type\":\"ListItem\",\"position\":1,\"name\":\"Home\",\"item\":\"https:\\\/\\\/www.pcb.ub.edu\\\/es\\\/\"},{\"@type\":\"ListItem\",\"position\":2,\"name\":\"El PCB acoge el encuentro &#8216;100t\u00edfiques&#8217; en el marco de la Bienal Ciudad y Ciencia\"}]},{\"@type\":\"WebSite\",\"@id\":\"https:\\\/\\\/www.pcb.ub.edu\\\/es\\\/#website\",\"url\":\"https:\\\/\\\/www.pcb.ub.edu\\\/es\\\/\",\"name\":\"Parc Cient\u00edfic de Barcelona\",\"description\":\"Universitat de Barcelona\",\"potentialAction\":[{\"@type\":\"SearchAction\",\"target\":{\"@type\":\"EntryPoint\",\"urlTemplate\":\"https:\\\/\\\/www.pcb.ub.edu\\\/es\\\/?s={search_term_string}\"},\"query-input\":{\"@type\":\"PropertyValueSpecification\",\"valueRequired\":true,\"valueName\":\"search_term_string\"}}],\"inLanguage\":\"es\"},{\"@type\":\"Person\",\"@id\":\"https:\\\/\\\/www.pcb.ub.edu\\\/es\\\/#\\\/schema\\\/person\\\/d13cab05cd0a75b17fddca8496481021\",\"name\":\"adminpcb\",\"image\":{\"@type\":\"ImageObject\",\"inLanguage\":\"es\",\"@id\":\"https:\\\/\\\/secure.gravatar.com\\\/avatar\\\/41ad0fab4bb3bf5348b0af9612159cfd93173a57bbca98fecb50fa6f3ab97d28?s=96&d=mm&r=g\",\"url\":\"https:\\\/\\\/secure.gravatar.com\\\/avatar\\\/41ad0fab4bb3bf5348b0af9612159cfd93173a57bbca98fecb50fa6f3ab97d28?s=96&d=mm&r=g\",\"contentUrl\":\"https:\\\/\\\/secure.gravatar.com\\\/avatar\\\/41ad0fab4bb3bf5348b0af9612159cfd93173a57bbca98fecb50fa6f3ab97d28?s=96&d=mm&r=g\",\"caption\":\"adminpcb\"},\"url\":\"https:\\\/\\\/www.pcb.ub.edu\\\/es\\\/author\\\/adminpcb\\\/\"}]}<\/script>\n<!-- \/ Yoast SEO plugin. -->","yoast_head_json":{"title":"El PCB acoge el encuentro '100t\u00edfiques' en el marco de la Bienal Ciudad y Ciencia - Parc Cient\u00edfic de Barcelona","robots":{"index":"index","follow":"follow","max-snippet":"max-snippet:-1","max-image-preview":"max-image-preview:large","max-video-preview":"max-video-preview:-1"},"canonical":"https:\/\/www.pcb.ub.edu\/es\/el-pcb-acoge-el-encuentro-100tifiques-en-el-marco-de-la-bienal-ciudad-y-ciencia\/","og_locale":"es_ES","og_type":"article","og_title":"El PCB acoge el encuentro '100t\u00edfiques' en el marco de la Bienal Ciudad y Ciencia - Parc Cient\u00edfic de Barcelona","og_description":"M\u00e1s de un centenar de investigadoras y tecn\u00f3logas se dieron cita ayer en el Parc Cient\u00edfic\u00a0de Barcelona (PCB) en el encuentro\u00a0100cient\u00edfiques, una jornada de networking\u00a0y formaci\u00f3n para dar visibilidad a la aportaci\u00f3n de las mujeres a la ciencia y\u00a0reforzar su rol como referentes para las nuevas generaciones. En la jornada, que estuvo organizada por el Barcelona Institute of Science and Technology (BIST), en el marco de la Bienal Ciudad y Ciencia, tambi\u00e9n se prepararon las charlas que las cient\u00edficas dar\u00e1n\u00a0por toda Catalu\u00f1a el D\u00eda Internacional de la Mujer y la Ni\u00f1a en la Ciencia, el pr\u00f3ximo lunes 11 de febrero. \u00a0","og_url":"https:\/\/www.pcb.ub.edu\/es\/el-pcb-acoge-el-encuentro-100tifiques-en-el-marco-de-la-bienal-ciudad-y-ciencia\/","og_site_name":"Parc Cient\u00edfic de Barcelona","article_published_time":"2019-02-07T23:00:00+00:00","article_modified_time":"2020-11-16T15:12:41+00:00","og_image":[{"width":1024,"height":594,"url":"https:\/\/www.pcb.ub.edu\/wp-content\/uploads\/2019\/02\/16049200885fa923181aa50.jpeg","type":"image\/jpeg"}],"author":"adminpcb","twitter_card":"summary_large_image","twitter_misc":{"Escrito por":"adminpcb","Tiempo de lectura":"2 minutos"},"schema":{"@context":"https:\/\/schema.org","@graph":[{"@type":"Article","@id":"https:\/\/www.pcb.ub.edu\/es\/el-pcb-acoge-el-encuentro-100tifiques-en-el-marco-de-la-bienal-ciudad-y-ciencia\/#article","isPartOf":{"@id":"https:\/\/www.pcb.ub.edu\/es\/el-pcb-acoge-el-encuentro-100tifiques-en-el-marco-de-la-bienal-ciudad-y-ciencia\/"},"author":{"name":"adminpcb","@id":"https:\/\/www.pcb.ub.edu\/es\/#\/schema\/person\/d13cab05cd0a75b17fddca8496481021"},"headline":"El PCB acoge el encuentro &#8216;100t\u00edfiques&#8217; en el marco de la Bienal Ciudad y Ciencia","datePublished":"2019-02-07T23:00:00+00:00","dateModified":"2020-11-16T15:12:41+00:00","mainEntityOfPage":{"@id":"https:\/\/www.pcb.ub.edu\/es\/el-pcb-acoge-el-encuentro-100tifiques-en-el-marco-de-la-bienal-ciudad-y-ciencia\/"},"wordCount":444,"image":{"@id":"https:\/\/www.pcb.ub.edu\/es\/el-pcb-acoge-el-encuentro-100tifiques-en-el-marco-de-la-bienal-ciudad-y-ciencia\/#primaryimage"},"thumbnailUrl":"https:\/\/www.pcb.ub.edu\/wp-content\/uploads\/2019\/02\/16049200885fa923181aa50.jpeg","articleSection":["Sin categorizar"],"inLanguage":"es"},{"@type":"WebPage","@id":"https:\/\/www.pcb.ub.edu\/es\/el-pcb-acoge-el-encuentro-100tifiques-en-el-marco-de-la-bienal-ciudad-y-ciencia\/","url":"https:\/\/www.pcb.ub.edu\/es\/el-pcb-acoge-el-encuentro-100tifiques-en-el-marco-de-la-bienal-ciudad-y-ciencia\/","name":"El PCB acoge el encuentro '100t\u00edfiques' en el marco de la Bienal Ciudad y Ciencia - Parc Cient\u00edfic de Barcelona","isPartOf":{"@id":"https:\/\/www.pcb.ub.edu\/es\/#website"},"primaryImageOfPage":{"@id":"https:\/\/www.pcb.ub.edu\/es\/el-pcb-acoge-el-encuentro-100tifiques-en-el-marco-de-la-bienal-ciudad-y-ciencia\/#primaryimage"},"image":{"@id":"https:\/\/www.pcb.ub.edu\/es\/el-pcb-acoge-el-encuentro-100tifiques-en-el-marco-de-la-bienal-ciudad-y-ciencia\/#primaryimage"},"thumbnailUrl":"https:\/\/www.pcb.ub.edu\/wp-content\/uploads\/2019\/02\/16049200885fa923181aa50.jpeg","datePublished":"2019-02-07T23:00:00+00:00","dateModified":"2020-11-16T15:12:41+00:00","author":{"@id":"https:\/\/www.pcb.ub.edu\/es\/#\/schema\/person\/d13cab05cd0a75b17fddca8496481021"},"breadcrumb":{"@id":"https:\/\/www.pcb.ub.edu\/es\/el-pcb-acoge-el-encuentro-100tifiques-en-el-marco-de-la-bienal-ciudad-y-ciencia\/#breadcrumb"},"inLanguage":"es","potentialAction":[{"@type":"ReadAction","target":["https:\/\/www.pcb.ub.edu\/es\/el-pcb-acoge-el-encuentro-100tifiques-en-el-marco-de-la-bienal-ciudad-y-ciencia\/"]}]},{"@type":"ImageObject","inLanguage":"es","@id":"https:\/\/www.pcb.ub.edu\/es\/el-pcb-acoge-el-encuentro-100tifiques-en-el-marco-de-la-bienal-ciudad-y-ciencia\/#primaryimage","url":"https:\/\/www.pcb.ub.edu\/wp-content\/uploads\/2019\/02\/16049200885fa923181aa50.jpeg","contentUrl":"https:\/\/www.pcb.ub.edu\/wp-content\/uploads\/2019\/02\/16049200885fa923181aa50.jpeg","width":1024,"height":594},{"@type":"BreadcrumbList","@id":"https:\/\/www.pcb.ub.edu\/es\/el-pcb-acoge-el-encuentro-100tifiques-en-el-marco-de-la-bienal-ciudad-y-ciencia\/#breadcrumb","itemListElement":[{"@type":"ListItem","position":1,"name":"Home","item":"https:\/\/www.pcb.ub.edu\/es\/"},{"@type":"ListItem","position":2,"name":"El PCB acoge el encuentro &#8216;100t\u00edfiques&#8217; en el marco de la Bienal Ciudad y Ciencia"}]},{"@type":"WebSite","@id":"https:\/\/www.pcb.ub.edu\/es\/#website","url":"https:\/\/www.pcb.ub.edu\/es\/","name":"Parc Cient\u00edfic de Barcelona","description":"Universitat de Barcelona","potentialAction":[{"@type":"SearchAction","target":{"@type":"EntryPoint","urlTemplate":"https:\/\/www.pcb.ub.edu\/es\/?s={search_term_string}"},"query-input":{"@type":"PropertyValueSpecification","valueRequired":true,"valueName":"search_term_string"}}],"inLanguage":"es"},{"@type":"Person","@id":"https:\/\/www.pcb.ub.edu\/es\/#\/schema\/person\/d13cab05cd0a75b17fddca8496481021","name":"adminpcb","image":{"@type":"ImageObject","inLanguage":"es","@id":"https:\/\/secure.gravatar.com\/avatar\/41ad0fab4bb3bf5348b0af9612159cfd93173a57bbca98fecb50fa6f3ab97d28?s=96&d=mm&r=g","url":"https:\/\/secure.gravatar.com\/avatar\/41ad0fab4bb3bf5348b0af9612159cfd93173a57bbca98fecb50fa6f3ab97d28?s=96&d=mm&r=g","contentUrl":"https:\/\/secure.gravatar.com\/avatar\/41ad0fab4bb3bf5348b0af9612159cfd93173a57bbca98fecb50fa6f3ab97d28?s=96&d=mm&r=g","caption":"adminpcb"},"url":"https:\/\/www.pcb.ub.edu\/es\/author\/adminpcb\/"}]}},"_links":{"self":[{"href":"https:\/\/www.pcb.ub.edu\/es\/wp-json\/wp\/v2\/posts\/36438","targetHints":{"allow":["GET"]}}],"collection":[{"href":"https:\/\/www.pcb.ub.edu\/es\/wp-json\/wp\/v2\/posts"}],"about":[{"href":"https:\/\/www.pcb.ub.edu\/es\/wp-json\/wp\/v2\/types\/post"}],"author":[{"embeddable":true,"href":"https:\/\/www.pcb.ub.edu\/es\/wp-json\/wp\/v2\/users\/1"}],"replies":[{"embeddable":true,"href":"https:\/\/www.pcb.ub.edu\/es\/wp-json\/wp\/v2\/comments?post=36438"}],"version-history":[{"count":1,"href":"https:\/\/www.pcb.ub.edu\/es\/wp-json\/wp\/v2\/posts\/36438\/revisions"}],"predecessor-version":[{"id":42757,"href":"https:\/\/www.pcb.ub.edu\/es\/wp-json\/wp\/v2\/posts\/36438\/revisions\/42757"}],"wp:featuredmedia":[{"embeddable":true,"href":"https:\/\/www.pcb.ub.edu\/es\/wp-json\/wp\/v2\/media\/20006"}],"wp:attachment":[{"href":"https:\/\/www.pcb.ub.edu\/es\/wp-json\/wp\/v2\/media?parent=36438"}],"wp:term":[{"taxonomy":"category","embeddable":true,"href":"https:\/\/www.pcb.ub.edu\/es\/wp-json\/wp\/v2\/categories?post=36438"},{"taxonomy":"post_tag","embeddable":true,"href":"https:\/\/www.pcb.ub.edu\/es\/wp-json\/wp\/v2\/tags?post=36438"}],"curies":[{"name":"wp","href":"https:\/\/api.w.org\/{rel}","templated":true}]}}