{"id":109452,"date":"2026-03-10T15:40:17","date_gmt":"2026-03-10T14:40:17","guid":{"rendered":"https:\/\/www.pcb.ub.edu\/eva-garcia-ramos-nueva-presidenta-de-catalonia-health\/"},"modified":"2026-03-11T14:32:57","modified_gmt":"2026-03-11T13:32:57","slug":"eva-garcia-ramos-nueva-presidenta-de-catalonia-health","status":"publish","type":"post","link":"https:\/\/www.pcb.ub.edu\/es\/eva-garcia-ramos-nueva-presidenta-de-catalonia-health\/","title":{"rendered":"Eva Garc\u00eda Ramos, nueva presidenta de Catalonia.health"},"content":{"rendered":"<p><strong>Catalonia.health, entidad que representa a las empresas del sector de la salud y las ciencias de la vida en Catalu\u00f1a, con sede en el Parque Cient\u00edfico de Barcelona, ha formalizado la renovaci\u00f3n de su Junta Directiva y ha nombrado a Eva Garc\u00eda Ramos nueva presidenta de la entidad, en la Asamblea General celebrada en L&#8217;Hospitalet de Llobregat. La nueva presidenta, quien releva a Mariona Serra tras cuatro a\u00f1os en el cargo, llega con el mandato estrat\u00e9gico de reforzar el papel de la entidad como una asociaci\u00f3n de empresas visible, \u00fatil y fiable.\u00a0<\/strong><\/p>\n<p><strong>Eva Garc\u00eda Ramos<\/strong>, ingeniera superior de Telecomunicaciones y con un programa de Direcci\u00f3n General (PDG) por el IESE, es CEO y cofundadora de WIVI VISION, empresa pionera en soluciones de salud digital con m\u00e1s de 30.000 pacientes y m\u00e1s de 110 instalaciones en Espa\u00f1a, y en fase de ventas y en expansi\u00f3n a los Estados Unidos y Portugal. Bajo su liderazgo, WIVI VISION ha sido reconocida por Forbes en el 2025 como una de las empresas que est\u00e1n cambiando el mundo, y acumula m\u00e1s de 70 premios nacionales y internacionales en innovaci\u00f3n, entre los que se encuentra el Premio Donatic 2024 y diferentes galardones con EIT Health y IBM.<\/p>\n<p>\u00abMi trayectoria me ha demostrado que la innovaci\u00f3n en salud digital tiene un impacto real en la vida de las personas. Desde Catalonia.health trabajaremos para reforzar la competitividad de las empresas del sector y para consolidar Catalu\u00f1a como el principal hub de salud del sur de Europa\u00bb, declar\u00f3 <strong>Garc\u00eda Ramos<\/strong>.<\/p>\n<p>Las l\u00edneas estrat\u00e9gicas del nuevo mandato se articulan en tres compromisos. Reforzar la visibilidad de la entidad para que tenga presencia all\u00ed donde se toman las decisiones que afectan al sector; utilidad para que cada socio encuentre en Catalonia.health un retorno tangible en forma de oportunidades, conexiones e influencia; y fiabilidad para ser reconocido como un interlocutor riguroso y constructivo. Por el otro lado, la nueva presidenta trabajar\u00e1 para impulsar alianzas con diferentes entidades e instituciones catalanas, y abrir nuevos frentes de colaboraci\u00f3n europea e internacional en salud digital, tecnolog\u00edas m\u00e9dicas y terapias avanzadas.<\/p>\n<h3><strong>Renovaci\u00f3n<\/strong> de<strong> la Junta Directiva<\/strong><\/h3>\n<p>La nueva directora liderar\u00e1 una Junta Directiva renovada integrada por representantes de sectores estrat\u00e9gicos del ecosistema: desde el desarrollo de producto bioinform\u00e1tico y tecnolog\u00edas m\u00e9dicas hasta la salud digital y los servicios cientificot\u00e9cnicos. Los miembros del nuevo equipo directivo son: <strong>Jordi Martorell<\/strong> (Aortyx) como vicepresidente primero; la hasta ahora presidenta, <strong>Mariona Serra<\/strong> (GoodGut by Hipra) como vicepresidenta segunda; <strong>Pau Tur\u00f3n<\/strong> (Grup B. Braun) como vicepresidente tercero y tesorero; <strong>Marta Parente<\/strong> (GP Pharm) como vicepresidenta cuarta; <strong>Elisabeth Stampa<\/strong> (Medichem) como secretaria y vocal primera; y <strong>Gabriel Capell\u00e1<\/strong> (IDIBELL), <strong>Jaume Vallet<\/strong> (COMSER), <strong>Laura Pellis\u00e9<\/strong> (AMGEN), <strong>Jo\u00ebl Jean-Mairet<\/strong> (YSIOS Capital) y <strong>Jordi Barretina<\/strong> (IGTP), como vocales segundo, tercero, cuarto, quinto y sexto respectivamente.<\/p>\n<p><strong>\u00bb Acceso a la noticia: <\/strong><a href=\"https:\/\/www.catalonia.health\/noticies\/eva-garcia-ramos-nova-presidenta-de-cataloniahealth\/\" target=\"_blank\" rel=\"noopener\">web de Catalonia.health [+]<\/a><\/p>\n","protected":false},"excerpt":{"rendered":"<p>Catalonia.health, entidad que representa a las empresas del sector de la salud y las ciencias de la vida en Catalu\u00f1a, con sede en el Parque Cient\u00edfico de Barcelona, ha formalizado&#8230;<\/p>\n","protected":false},"author":14,"featured_media":109450,"comment_status":"closed","ping_status":"closed","sticky":false,"template":"","format":"standard","meta":{"_acf_changed":false,"inline_featured_image":false,"footnotes":""},"categories":[113],"tags":[311],"class_list":["post-109452","post","type-post","status-publish","format-standard","has-post-thumbnail","category-entidades","tag-catalonia-health-es"],"acf":[],"yoast_head":"<!-- This site is optimized with the Yoast SEO plugin v27.3 - https:\/\/yoast.com\/product\/yoast-seo-wordpress\/ -->\n<title>Eva Garc\u00eda Ramos, nueva presidenta de Catalonia.health - Parc Cient\u00edfic de Barcelona<\/title>\n<meta name=\"description\" content=\"La nueva presidenta llega con el mandato estrat\u00e9gico de reforzar el papel de la entidad como asociaci\u00f3n de empresas visible, \u00fatil y fiable.\" \/>\n<meta name=\"robots\" content=\"index, follow, max-snippet:-1, max-image-preview:large, max-video-preview:-1\" \/>\n<link rel=\"canonical\" href=\"https:\/\/www.pcb.ub.edu\/eva-garcia-ramos-nova-presidenta-de-catalonia-health\/\" \/>\n<meta property=\"og:locale\" content=\"es_ES\" \/>\n<meta property=\"og:type\" content=\"article\" \/>\n<meta property=\"og:title\" content=\"Eva Garc\u00eda Ramos, nueva presidenta de Catalonia.health - Parc Cient\u00edfic de Barcelona\" \/>\n<meta property=\"og:description\" content=\"La nueva presidenta llega con el mandato estrat\u00e9gico de reforzar el papel de la entidad como asociaci\u00f3n de empresas visible, \u00fatil y fiable.\" \/>\n<meta property=\"og:url\" content=\"https:\/\/www.pcb.ub.edu\/eva-garcia-ramos-nova-presidenta-de-catalonia-health\/\" \/>\n<meta property=\"og:site_name\" content=\"Parc Cient\u00edfic de Barcelona\" \/>\n<meta property=\"article:published_time\" content=\"2026-03-10T14:40:17+00:00\" \/>\n<meta property=\"article:modified_time\" content=\"2026-03-11T13:32:57+00:00\" \/>\n<meta property=\"og:image\" content=\"https:\/\/www.pcb.ub.edu\/wp-content\/uploads\/2026\/03\/fotografia_0058-1.jpg\" \/>\n\t<meta property=\"og:image:width\" content=\"900\" \/>\n\t<meta property=\"og:image:height\" content=\"330\" \/>\n\t<meta property=\"og:image:type\" content=\"image\/jpeg\" \/>\n<meta name=\"author\" content=\"Paula Ca\u00f1al\" \/>\n<meta name=\"twitter:card\" content=\"summary_large_image\" \/>\n<meta name=\"twitter:label1\" content=\"Escrito por\" \/>\n\t<meta name=\"twitter:data1\" content=\"Paula Ca\u00f1al\" \/>\n\t<meta name=\"twitter:label2\" content=\"Tiempo de lectura\" \/>\n\t<meta name=\"twitter:data2\" content=\"3 minutos\" \/>\n<script type=\"application\/ld+json\" class=\"yoast-schema-graph\">{\"@context\":\"https:\\\/\\\/schema.org\",\"@graph\":[{\"@type\":\"Article\",\"@id\":\"https:\\\/\\\/www.pcb.ub.edu\\\/eva-garcia-ramos-nova-presidenta-de-catalonia-health\\\/#article\",\"isPartOf\":{\"@id\":\"https:\\\/\\\/www.pcb.ub.edu\\\/eva-garcia-ramos-nova-presidenta-de-catalonia-health\\\/\"},\"author\":{\"name\":\"Paula Ca\u00f1al\",\"@id\":\"https:\\\/\\\/www.pcb.ub.edu\\\/es\\\/#\\\/schema\\\/person\\\/dece7d71551633ff3423502f3e384c6a\"},\"headline\":\"Eva Garc\u00eda Ramos, nueva presidenta de Catalonia.health\",\"datePublished\":\"2026-03-10T14:40:17+00:00\",\"dateModified\":\"2026-03-11T13:32:57+00:00\",\"mainEntityOfPage\":{\"@id\":\"https:\\\/\\\/www.pcb.ub.edu\\\/eva-garcia-ramos-nova-presidenta-de-catalonia-health\\\/\"},\"wordCount\":507,\"image\":{\"@id\":\"https:\\\/\\\/www.pcb.ub.edu\\\/eva-garcia-ramos-nova-presidenta-de-catalonia-health\\\/#primaryimage\"},\"thumbnailUrl\":\"https:\\\/\\\/www.pcb.ub.edu\\\/wp-content\\\/uploads\\\/2026\\\/03\\\/fotografia_0058-1.jpg\",\"keywords\":[\"Catalonia Health\"],\"articleSection\":[\"ENTIDADES\"],\"inLanguage\":\"es\"},{\"@type\":\"WebPage\",\"@id\":\"https:\\\/\\\/www.pcb.ub.edu\\\/eva-garcia-ramos-nova-presidenta-de-catalonia-health\\\/\",\"url\":\"https:\\\/\\\/www.pcb.ub.edu\\\/eva-garcia-ramos-nova-presidenta-de-catalonia-health\\\/\",\"name\":\"Eva Garc\u00eda Ramos, nueva presidenta de Catalonia.health - Parc Cient\u00edfic de Barcelona\",\"isPartOf\":{\"@id\":\"https:\\\/\\\/www.pcb.ub.edu\\\/es\\\/#website\"},\"primaryImageOfPage\":{\"@id\":\"https:\\\/\\\/www.pcb.ub.edu\\\/eva-garcia-ramos-nova-presidenta-de-catalonia-health\\\/#primaryimage\"},\"image\":{\"@id\":\"https:\\\/\\\/www.pcb.ub.edu\\\/eva-garcia-ramos-nova-presidenta-de-catalonia-health\\\/#primaryimage\"},\"thumbnailUrl\":\"https:\\\/\\\/www.pcb.ub.edu\\\/wp-content\\\/uploads\\\/2026\\\/03\\\/fotografia_0058-1.jpg\",\"datePublished\":\"2026-03-10T14:40:17+00:00\",\"dateModified\":\"2026-03-11T13:32:57+00:00\",\"author\":{\"@id\":\"https:\\\/\\\/www.pcb.ub.edu\\\/es\\\/#\\\/schema\\\/person\\\/dece7d71551633ff3423502f3e384c6a\"},\"description\":\"La nueva presidenta llega con el mandato estrat\u00e9gico de reforzar el papel de la entidad como asociaci\u00f3n de empresas visible, \u00fatil y fiable.\",\"breadcrumb\":{\"@id\":\"https:\\\/\\\/www.pcb.ub.edu\\\/eva-garcia-ramos-nova-presidenta-de-catalonia-health\\\/#breadcrumb\"},\"inLanguage\":\"es\",\"potentialAction\":[{\"@type\":\"ReadAction\",\"target\":[\"https:\\\/\\\/www.pcb.ub.edu\\\/eva-garcia-ramos-nova-presidenta-de-catalonia-health\\\/\"]}]},{\"@type\":\"ImageObject\",\"inLanguage\":\"es\",\"@id\":\"https:\\\/\\\/www.pcb.ub.edu\\\/eva-garcia-ramos-nova-presidenta-de-catalonia-health\\\/#primaryimage\",\"url\":\"https:\\\/\\\/www.pcb.ub.edu\\\/wp-content\\\/uploads\\\/2026\\\/03\\\/fotografia_0058-1.jpg\",\"contentUrl\":\"https:\\\/\\\/www.pcb.ub.edu\\\/wp-content\\\/uploads\\\/2026\\\/03\\\/fotografia_0058-1.jpg\",\"width\":900,\"height\":330},{\"@type\":\"BreadcrumbList\",\"@id\":\"https:\\\/\\\/www.pcb.ub.edu\\\/eva-garcia-ramos-nova-presidenta-de-catalonia-health\\\/#breadcrumb\",\"itemListElement\":[{\"@type\":\"ListItem\",\"position\":1,\"name\":\"Home\",\"item\":\"https:\\\/\\\/www.pcb.ub.edu\\\/es\\\/\"},{\"@type\":\"ListItem\",\"position\":2,\"name\":\"Eva Garc\u00eda Ramos, nueva presidenta de Catalonia.health\"}]},{\"@type\":\"WebSite\",\"@id\":\"https:\\\/\\\/www.pcb.ub.edu\\\/es\\\/#website\",\"url\":\"https:\\\/\\\/www.pcb.ub.edu\\\/es\\\/\",\"name\":\"Parc Cient\u00edfic de Barcelona\",\"description\":\"Universitat de Barcelona\",\"potentialAction\":[{\"@type\":\"SearchAction\",\"target\":{\"@type\":\"EntryPoint\",\"urlTemplate\":\"https:\\\/\\\/www.pcb.ub.edu\\\/es\\\/?s={search_term_string}\"},\"query-input\":{\"@type\":\"PropertyValueSpecification\",\"valueRequired\":true,\"valueName\":\"search_term_string\"}}],\"inLanguage\":\"es\"},{\"@type\":\"Person\",\"@id\":\"https:\\\/\\\/www.pcb.ub.edu\\\/es\\\/#\\\/schema\\\/person\\\/dece7d71551633ff3423502f3e384c6a\",\"name\":\"Paula Ca\u00f1al\",\"image\":{\"@type\":\"ImageObject\",\"inLanguage\":\"es\",\"@id\":\"https:\\\/\\\/secure.gravatar.com\\\/avatar\\\/b994665ec600f20526048e5d98eab6b8aa5e116b6fe2101daebcb986872bd355?s=96&d=mm&r=g\",\"url\":\"https:\\\/\\\/secure.gravatar.com\\\/avatar\\\/b994665ec600f20526048e5d98eab6b8aa5e116b6fe2101daebcb986872bd355?s=96&d=mm&r=g\",\"contentUrl\":\"https:\\\/\\\/secure.gravatar.com\\\/avatar\\\/b994665ec600f20526048e5d98eab6b8aa5e116b6fe2101daebcb986872bd355?s=96&d=mm&r=g\",\"caption\":\"Paula Ca\u00f1al\"},\"url\":\"https:\\\/\\\/www.pcb.ub.edu\\\/es\\\/author\\\/paula\\\/\"}]}<\/script>\n<!-- \/ Yoast SEO plugin. -->","yoast_head_json":{"title":"Eva Garc\u00eda Ramos, nueva presidenta de Catalonia.health - Parc Cient\u00edfic de Barcelona","description":"La nueva presidenta llega con el mandato estrat\u00e9gico de reforzar el papel de la entidad como asociaci\u00f3n de empresas visible, \u00fatil y fiable.","robots":{"index":"index","follow":"follow","max-snippet":"max-snippet:-1","max-image-preview":"max-image-preview:large","max-video-preview":"max-video-preview:-1"},"canonical":"https:\/\/www.pcb.ub.edu\/eva-garcia-ramos-nova-presidenta-de-catalonia-health\/","og_locale":"es_ES","og_type":"article","og_title":"Eva Garc\u00eda Ramos, nueva presidenta de Catalonia.health - Parc Cient\u00edfic de Barcelona","og_description":"La nueva presidenta llega con el mandato estrat\u00e9gico de reforzar el papel de la entidad como asociaci\u00f3n de empresas visible, \u00fatil y fiable.","og_url":"https:\/\/www.pcb.ub.edu\/eva-garcia-ramos-nova-presidenta-de-catalonia-health\/","og_site_name":"Parc Cient\u00edfic de Barcelona","article_published_time":"2026-03-10T14:40:17+00:00","article_modified_time":"2026-03-11T13:32:57+00:00","og_image":[{"width":900,"height":330,"url":"https:\/\/www.pcb.ub.edu\/wp-content\/uploads\/2026\/03\/fotografia_0058-1.jpg","type":"image\/jpeg"}],"author":"Paula Ca\u00f1al","twitter_card":"summary_large_image","twitter_misc":{"Escrito por":"Paula Ca\u00f1al","Tiempo de lectura":"3 minutos"},"schema":{"@context":"https:\/\/schema.org","@graph":[{"@type":"Article","@id":"https:\/\/www.pcb.ub.edu\/eva-garcia-ramos-nova-presidenta-de-catalonia-health\/#article","isPartOf":{"@id":"https:\/\/www.pcb.ub.edu\/eva-garcia-ramos-nova-presidenta-de-catalonia-health\/"},"author":{"name":"Paula Ca\u00f1al","@id":"https:\/\/www.pcb.ub.edu\/es\/#\/schema\/person\/dece7d71551633ff3423502f3e384c6a"},"headline":"Eva Garc\u00eda Ramos, nueva presidenta de Catalonia.health","datePublished":"2026-03-10T14:40:17+00:00","dateModified":"2026-03-11T13:32:57+00:00","mainEntityOfPage":{"@id":"https:\/\/www.pcb.ub.edu\/eva-garcia-ramos-nova-presidenta-de-catalonia-health\/"},"wordCount":507,"image":{"@id":"https:\/\/www.pcb.ub.edu\/eva-garcia-ramos-nova-presidenta-de-catalonia-health\/#primaryimage"},"thumbnailUrl":"https:\/\/www.pcb.ub.edu\/wp-content\/uploads\/2026\/03\/fotografia_0058-1.jpg","keywords":["Catalonia Health"],"articleSection":["ENTIDADES"],"inLanguage":"es"},{"@type":"WebPage","@id":"https:\/\/www.pcb.ub.edu\/eva-garcia-ramos-nova-presidenta-de-catalonia-health\/","url":"https:\/\/www.pcb.ub.edu\/eva-garcia-ramos-nova-presidenta-de-catalonia-health\/","name":"Eva Garc\u00eda Ramos, nueva presidenta de Catalonia.health - Parc Cient\u00edfic de Barcelona","isPartOf":{"@id":"https:\/\/www.pcb.ub.edu\/es\/#website"},"primaryImageOfPage":{"@id":"https:\/\/www.pcb.ub.edu\/eva-garcia-ramos-nova-presidenta-de-catalonia-health\/#primaryimage"},"image":{"@id":"https:\/\/www.pcb.ub.edu\/eva-garcia-ramos-nova-presidenta-de-catalonia-health\/#primaryimage"},"thumbnailUrl":"https:\/\/www.pcb.ub.edu\/wp-content\/uploads\/2026\/03\/fotografia_0058-1.jpg","datePublished":"2026-03-10T14:40:17+00:00","dateModified":"2026-03-11T13:32:57+00:00","author":{"@id":"https:\/\/www.pcb.ub.edu\/es\/#\/schema\/person\/dece7d71551633ff3423502f3e384c6a"},"description":"La nueva presidenta llega con el mandato estrat\u00e9gico de reforzar el papel de la entidad como asociaci\u00f3n de empresas visible, \u00fatil y fiable.","breadcrumb":{"@id":"https:\/\/www.pcb.ub.edu\/eva-garcia-ramos-nova-presidenta-de-catalonia-health\/#breadcrumb"},"inLanguage":"es","potentialAction":[{"@type":"ReadAction","target":["https:\/\/www.pcb.ub.edu\/eva-garcia-ramos-nova-presidenta-de-catalonia-health\/"]}]},{"@type":"ImageObject","inLanguage":"es","@id":"https:\/\/www.pcb.ub.edu\/eva-garcia-ramos-nova-presidenta-de-catalonia-health\/#primaryimage","url":"https:\/\/www.pcb.ub.edu\/wp-content\/uploads\/2026\/03\/fotografia_0058-1.jpg","contentUrl":"https:\/\/www.pcb.ub.edu\/wp-content\/uploads\/2026\/03\/fotografia_0058-1.jpg","width":900,"height":330},{"@type":"BreadcrumbList","@id":"https:\/\/www.pcb.ub.edu\/eva-garcia-ramos-nova-presidenta-de-catalonia-health\/#breadcrumb","itemListElement":[{"@type":"ListItem","position":1,"name":"Home","item":"https:\/\/www.pcb.ub.edu\/es\/"},{"@type":"ListItem","position":2,"name":"Eva Garc\u00eda Ramos, nueva presidenta de Catalonia.health"}]},{"@type":"WebSite","@id":"https:\/\/www.pcb.ub.edu\/es\/#website","url":"https:\/\/www.pcb.ub.edu\/es\/","name":"Parc Cient\u00edfic de Barcelona","description":"Universitat de Barcelona","potentialAction":[{"@type":"SearchAction","target":{"@type":"EntryPoint","urlTemplate":"https:\/\/www.pcb.ub.edu\/es\/?s={search_term_string}"},"query-input":{"@type":"PropertyValueSpecification","valueRequired":true,"valueName":"search_term_string"}}],"inLanguage":"es"},{"@type":"Person","@id":"https:\/\/www.pcb.ub.edu\/es\/#\/schema\/person\/dece7d71551633ff3423502f3e384c6a","name":"Paula Ca\u00f1al","image":{"@type":"ImageObject","inLanguage":"es","@id":"https:\/\/secure.gravatar.com\/avatar\/b994665ec600f20526048e5d98eab6b8aa5e116b6fe2101daebcb986872bd355?s=96&d=mm&r=g","url":"https:\/\/secure.gravatar.com\/avatar\/b994665ec600f20526048e5d98eab6b8aa5e116b6fe2101daebcb986872bd355?s=96&d=mm&r=g","contentUrl":"https:\/\/secure.gravatar.com\/avatar\/b994665ec600f20526048e5d98eab6b8aa5e116b6fe2101daebcb986872bd355?s=96&d=mm&r=g","caption":"Paula Ca\u00f1al"},"url":"https:\/\/www.pcb.ub.edu\/es\/author\/paula\/"}]}},"_links":{"self":[{"href":"https:\/\/www.pcb.ub.edu\/es\/wp-json\/wp\/v2\/posts\/109452","targetHints":{"allow":["GET"]}}],"collection":[{"href":"https:\/\/www.pcb.ub.edu\/es\/wp-json\/wp\/v2\/posts"}],"about":[{"href":"https:\/\/www.pcb.ub.edu\/es\/wp-json\/wp\/v2\/types\/post"}],"author":[{"embeddable":true,"href":"https:\/\/www.pcb.ub.edu\/es\/wp-json\/wp\/v2\/users\/14"}],"replies":[{"embeddable":true,"href":"https:\/\/www.pcb.ub.edu\/es\/wp-json\/wp\/v2\/comments?post=109452"}],"version-history":[{"count":1,"href":"https:\/\/www.pcb.ub.edu\/es\/wp-json\/wp\/v2\/posts\/109452\/revisions"}],"predecessor-version":[{"id":109483,"href":"https:\/\/www.pcb.ub.edu\/es\/wp-json\/wp\/v2\/posts\/109452\/revisions\/109483"}],"wp:featuredmedia":[{"embeddable":true,"href":"https:\/\/www.pcb.ub.edu\/es\/wp-json\/wp\/v2\/media\/109450"}],"wp:attachment":[{"href":"https:\/\/www.pcb.ub.edu\/es\/wp-json\/wp\/v2\/media?parent=109452"}],"wp:term":[{"taxonomy":"category","embeddable":true,"href":"https:\/\/www.pcb.ub.edu\/es\/wp-json\/wp\/v2\/categories?post=109452"},{"taxonomy":"post_tag","embeddable":true,"href":"https:\/\/www.pcb.ub.edu\/es\/wp-json\/wp\/v2\/tags?post=109452"}],"curies":[{"name":"wp","href":"https:\/\/api.w.org\/{rel}","templated":true}]}}