{"id":109082,"date":"2026-02-18T11:01:08","date_gmt":"2026-02-18T10:01:08","guid":{"rendered":"https:\/\/www.pcb.ub.edu\/les-tempestes-de-pluja-i-vent-omplen-el-mar-de-plastics\/"},"modified":"2026-02-18T11:02:26","modified_gmt":"2026-02-18T10:02:26","slug":"les-tempestes-de-pluja-i-vent-omplen-el-mar-de-plastics","status":"publish","type":"post","link":"https:\/\/www.pcb.ub.edu\/es\/les-tempestes-de-pluja-i-vent-omplen-el-mar-de-plastics\/","title":{"rendered":"Las tormentas de lluvia y viento llenan el mar de pl\u00e1sticos"},"content":{"rendered":"<p>Recientemente, Catalu\u00f1a ha vivido fuertes tormentas de agua y viento. Hemos podido ver efectos inmediatos como da\u00f1os en las infraestructuras, problemas de subministros, \u00e1rboles ca\u00eddos, mobiliario urbano destrozado\u2026 En definitiva, nuestra vida diaria se ha visto afectada.<\/p>\n<p>Otra consecuencia importante es la cantidad de materiales y residuos que llegan a las playas. Las estad\u00edsticas muestran que el 70% de les residuos que se encuentran en el mar provienen de la tierra. Solo el 30% restante provienen de la actividad mart\u00edtima. Restos de bolsas, botellas, platos de pl\u00e1stico, latas y todo tipo de desechos fuera de los contenedores acaban en las alcantarillas o los r\u00edos y, finalmente, en nuestras playas y en mar abierto.<\/p>\n<p>No tenemos cifras de los residuos producidos por las tormentas de los mesos de enero y febrero, pero las cifras globales de presencia de pl\u00e1sticos en el mar son alarmantes. Seg\u00fan la <a href=\"https:\/\/environment.ec.europa.eu\/news\/eu-seeks-ambitious-agreement-tackle-plastic-pollution-2025-08-05_en\" target=\"_blank\" rel=\"noopener\">Fundaci\u00f3n Ellen McArthur<\/a>, en el 2050 los oc\u00e9anos podr\u00edan contener m\u00e1s pl\u00e1sticos que peces.<\/p>\n<p>Los pl\u00e1sticos de un solo uso son la principal familia de residuos que llegan volando o arrastrados por los r\u00edos y contaminan el mar. Hace tiempo que se intenta llegar a un <a href=\"https:\/\/www.ellenmacarthurfoundation.org\/news\/the-foundation-urges-governments-to-turn-the-tide-on-plastic-pollution\" target=\"_blank\" rel=\"noopener\">acuerdo internacional<\/a> sobre los pl\u00e1sticos y su eliminaci\u00f3n, impulsar el ecodise\u00f1o y el aumento del reciclaje. A\u00fan as\u00ed, las negociaciones no avanzan por el buen camino.<\/p>\n<p>No hay m\u00e1s opciones que seguir actuando como consumidores\/as con la m\u00e1xima consciencia para que los pl\u00e1sticos tiene graves efectos sobre el medio ambiente y nuestra salud. Las tormentas son fen\u00f3menos naturales, pero la presencia de pl\u00e1sticos en el medio natural no lo es.<\/p>\n","protected":false},"excerpt":{"rendered":"<p>Recientemente, Catalu\u00f1a ha vivido fuertes tormentas de agua y viento. Hemos podido ver efectos inmediatos como da\u00f1os en las infraestructuras, problemas de subministros, \u00e1rboles ca\u00eddos, mobiliario urbano destrozado\u2026 En definitiva,&#8230;<\/p>\n","protected":false},"author":11,"featured_media":109079,"comment_status":"closed","ping_status":"closed","sticky":false,"template":"","format":"standard","meta":{"_acf_changed":false,"inline_featured_image":false,"footnotes":""},"categories":[210,200],"tags":[],"class_list":["post-109082","post","type-post","status-publish","format-standard","has-post-thumbnail","category-ods-es","category-produccion-y-consumo-responsables"],"acf":[],"yoast_head":"<!-- This site is optimized with the Yoast SEO plugin v27.3 - https:\/\/yoast.com\/product\/yoast-seo-wordpress\/ -->\n<title>Las tormentas de lluvia y viento llenan el mar de pl\u00e1sticos - Parc Cient\u00edfic de Barcelona<\/title>\n<meta name=\"robots\" content=\"index, follow, max-snippet:-1, max-image-preview:large, max-video-preview:-1\" \/>\n<link rel=\"canonical\" href=\"https:\/\/www.pcb.ub.edu\/es\/les-tempestes-de-pluja-i-vent-omplen-el-mar-de-plastics\/\" \/>\n<meta property=\"og:locale\" content=\"es_ES\" \/>\n<meta property=\"og:type\" content=\"article\" \/>\n<meta property=\"og:title\" content=\"Las tormentas de lluvia y viento llenan el mar de pl\u00e1sticos - Parc Cient\u00edfic de Barcelona\" \/>\n<meta property=\"og:description\" content=\"Recientemente, Catalu\u00f1a ha vivido fuertes tormentas de agua y viento. Hemos podido ver efectos inmediatos como da\u00f1os en las infraestructuras, problemas de subministros, \u00e1rboles ca\u00eddos, mobiliario urbano destrozado\u2026 En definitiva,...\" \/>\n<meta property=\"og:url\" content=\"https:\/\/www.pcb.ub.edu\/es\/les-tempestes-de-pluja-i-vent-omplen-el-mar-de-plastics\/\" \/>\n<meta property=\"og:site_name\" content=\"Parc Cient\u00edfic de Barcelona\" \/>\n<meta property=\"article:published_time\" content=\"2026-02-18T10:01:08+00:00\" \/>\n<meta property=\"article:modified_time\" content=\"2026-02-18T10:02:26+00:00\" \/>\n<meta property=\"og:image\" content=\"https:\/\/www.pcb.ub.edu\/wp-content\/uploads\/2026\/02\/sostenibilitat-2.png\" \/>\n\t<meta property=\"og:image:width\" content=\"900\" \/>\n\t<meta property=\"og:image:height\" content=\"330\" \/>\n\t<meta property=\"og:image:type\" content=\"image\/png\" \/>\n<meta name=\"author\" content=\"Iuris\" \/>\n<meta name=\"twitter:card\" content=\"summary_large_image\" \/>\n<meta name=\"twitter:label1\" content=\"Escrito por\" \/>\n\t<meta name=\"twitter:data1\" content=\"Iuris\" \/>\n\t<meta name=\"twitter:label2\" content=\"Tiempo de lectura\" \/>\n\t<meta name=\"twitter:data2\" content=\"2 minutos\" \/>\n<script type=\"application\/ld+json\" class=\"yoast-schema-graph\">{\"@context\":\"https:\\\/\\\/schema.org\",\"@graph\":[{\"@type\":\"Article\",\"@id\":\"https:\\\/\\\/www.pcb.ub.edu\\\/es\\\/les-tempestes-de-pluja-i-vent-omplen-el-mar-de-plastics\\\/#article\",\"isPartOf\":{\"@id\":\"https:\\\/\\\/www.pcb.ub.edu\\\/es\\\/les-tempestes-de-pluja-i-vent-omplen-el-mar-de-plastics\\\/\"},\"author\":{\"name\":\"Iuris\",\"@id\":\"https:\\\/\\\/www.pcb.ub.edu\\\/es\\\/#\\\/schema\\\/person\\\/2cac99ef7339e3499496b54bb2e12e7d\"},\"headline\":\"Las tormentas de lluvia y viento llenan el mar de pl\u00e1sticos\",\"datePublished\":\"2026-02-18T10:01:08+00:00\",\"dateModified\":\"2026-02-18T10:02:26+00:00\",\"mainEntityOfPage\":{\"@id\":\"https:\\\/\\\/www.pcb.ub.edu\\\/es\\\/les-tempestes-de-pluja-i-vent-omplen-el-mar-de-plastics\\\/\"},\"wordCount\":296,\"image\":{\"@id\":\"https:\\\/\\\/www.pcb.ub.edu\\\/es\\\/les-tempestes-de-pluja-i-vent-omplen-el-mar-de-plastics\\\/#primaryimage\"},\"thumbnailUrl\":\"https:\\\/\\\/www.pcb.ub.edu\\\/wp-content\\\/uploads\\\/2026\\\/02\\\/sostenibilitat-2.png\",\"articleSection\":[\"ODS\",\"PRODUCCI\u00d3N Y CONSUMO RESPONSABLES\"],\"inLanguage\":\"es\"},{\"@type\":\"WebPage\",\"@id\":\"https:\\\/\\\/www.pcb.ub.edu\\\/es\\\/les-tempestes-de-pluja-i-vent-omplen-el-mar-de-plastics\\\/\",\"url\":\"https:\\\/\\\/www.pcb.ub.edu\\\/es\\\/les-tempestes-de-pluja-i-vent-omplen-el-mar-de-plastics\\\/\",\"name\":\"Las tormentas de lluvia y viento llenan el mar de pl\u00e1sticos - Parc Cient\u00edfic de Barcelona\",\"isPartOf\":{\"@id\":\"https:\\\/\\\/www.pcb.ub.edu\\\/es\\\/#website\"},\"primaryImageOfPage\":{\"@id\":\"https:\\\/\\\/www.pcb.ub.edu\\\/es\\\/les-tempestes-de-pluja-i-vent-omplen-el-mar-de-plastics\\\/#primaryimage\"},\"image\":{\"@id\":\"https:\\\/\\\/www.pcb.ub.edu\\\/es\\\/les-tempestes-de-pluja-i-vent-omplen-el-mar-de-plastics\\\/#primaryimage\"},\"thumbnailUrl\":\"https:\\\/\\\/www.pcb.ub.edu\\\/wp-content\\\/uploads\\\/2026\\\/02\\\/sostenibilitat-2.png\",\"datePublished\":\"2026-02-18T10:01:08+00:00\",\"dateModified\":\"2026-02-18T10:02:26+00:00\",\"author\":{\"@id\":\"https:\\\/\\\/www.pcb.ub.edu\\\/es\\\/#\\\/schema\\\/person\\\/2cac99ef7339e3499496b54bb2e12e7d\"},\"breadcrumb\":{\"@id\":\"https:\\\/\\\/www.pcb.ub.edu\\\/es\\\/les-tempestes-de-pluja-i-vent-omplen-el-mar-de-plastics\\\/#breadcrumb\"},\"inLanguage\":\"es\",\"potentialAction\":[{\"@type\":\"ReadAction\",\"target\":[\"https:\\\/\\\/www.pcb.ub.edu\\\/es\\\/les-tempestes-de-pluja-i-vent-omplen-el-mar-de-plastics\\\/\"]}]},{\"@type\":\"ImageObject\",\"inLanguage\":\"es\",\"@id\":\"https:\\\/\\\/www.pcb.ub.edu\\\/es\\\/les-tempestes-de-pluja-i-vent-omplen-el-mar-de-plastics\\\/#primaryimage\",\"url\":\"https:\\\/\\\/www.pcb.ub.edu\\\/wp-content\\\/uploads\\\/2026\\\/02\\\/sostenibilitat-2.png\",\"contentUrl\":\"https:\\\/\\\/www.pcb.ub.edu\\\/wp-content\\\/uploads\\\/2026\\\/02\\\/sostenibilitat-2.png\",\"width\":900,\"height\":330},{\"@type\":\"BreadcrumbList\",\"@id\":\"https:\\\/\\\/www.pcb.ub.edu\\\/es\\\/les-tempestes-de-pluja-i-vent-omplen-el-mar-de-plastics\\\/#breadcrumb\",\"itemListElement\":[{\"@type\":\"ListItem\",\"position\":1,\"name\":\"Home\",\"item\":\"https:\\\/\\\/www.pcb.ub.edu\\\/es\\\/\"},{\"@type\":\"ListItem\",\"position\":2,\"name\":\"Las tormentas de lluvia y viento llenan el mar de pl\u00e1sticos\"}]},{\"@type\":\"WebSite\",\"@id\":\"https:\\\/\\\/www.pcb.ub.edu\\\/es\\\/#website\",\"url\":\"https:\\\/\\\/www.pcb.ub.edu\\\/es\\\/\",\"name\":\"Parc Cient\u00edfic de Barcelona\",\"description\":\"Universitat de Barcelona\",\"potentialAction\":[{\"@type\":\"SearchAction\",\"target\":{\"@type\":\"EntryPoint\",\"urlTemplate\":\"https:\\\/\\\/www.pcb.ub.edu\\\/es\\\/?s={search_term_string}\"},\"query-input\":{\"@type\":\"PropertyValueSpecification\",\"valueRequired\":true,\"valueName\":\"search_term_string\"}}],\"inLanguage\":\"es\"},{\"@type\":\"Person\",\"@id\":\"https:\\\/\\\/www.pcb.ub.edu\\\/es\\\/#\\\/schema\\\/person\\\/2cac99ef7339e3499496b54bb2e12e7d\",\"name\":\"Iuris\",\"image\":{\"@type\":\"ImageObject\",\"inLanguage\":\"es\",\"@id\":\"https:\\\/\\\/secure.gravatar.com\\\/avatar\\\/a9d1bfedf501cbd8ae27b11de9986604bf4cdcea73b507457dfd4ff5dc770b75?s=96&d=mm&r=g\",\"url\":\"https:\\\/\\\/secure.gravatar.com\\\/avatar\\\/a9d1bfedf501cbd8ae27b11de9986604bf4cdcea73b507457dfd4ff5dc770b75?s=96&d=mm&r=g\",\"contentUrl\":\"https:\\\/\\\/secure.gravatar.com\\\/avatar\\\/a9d1bfedf501cbd8ae27b11de9986604bf4cdcea73b507457dfd4ff5dc770b75?s=96&d=mm&r=g\",\"caption\":\"Iuris\"},\"url\":\"https:\\\/\\\/www.pcb.ub.edu\\\/es\\\/author\\\/adminiuris\\\/\"}]}<\/script>\n<!-- \/ Yoast SEO plugin. -->","yoast_head_json":{"title":"Las tormentas de lluvia y viento llenan el mar de pl\u00e1sticos - Parc Cient\u00edfic de Barcelona","robots":{"index":"index","follow":"follow","max-snippet":"max-snippet:-1","max-image-preview":"max-image-preview:large","max-video-preview":"max-video-preview:-1"},"canonical":"https:\/\/www.pcb.ub.edu\/es\/les-tempestes-de-pluja-i-vent-omplen-el-mar-de-plastics\/","og_locale":"es_ES","og_type":"article","og_title":"Las tormentas de lluvia y viento llenan el mar de pl\u00e1sticos - Parc Cient\u00edfic de Barcelona","og_description":"Recientemente, Catalu\u00f1a ha vivido fuertes tormentas de agua y viento. Hemos podido ver efectos inmediatos como da\u00f1os en las infraestructuras, problemas de subministros, \u00e1rboles ca\u00eddos, mobiliario urbano destrozado\u2026 En definitiva,...","og_url":"https:\/\/www.pcb.ub.edu\/es\/les-tempestes-de-pluja-i-vent-omplen-el-mar-de-plastics\/","og_site_name":"Parc Cient\u00edfic de Barcelona","article_published_time":"2026-02-18T10:01:08+00:00","article_modified_time":"2026-02-18T10:02:26+00:00","og_image":[{"width":900,"height":330,"url":"https:\/\/www.pcb.ub.edu\/wp-content\/uploads\/2026\/02\/sostenibilitat-2.png","type":"image\/png"}],"author":"Iuris","twitter_card":"summary_large_image","twitter_misc":{"Escrito por":"Iuris","Tiempo de lectura":"2 minutos"},"schema":{"@context":"https:\/\/schema.org","@graph":[{"@type":"Article","@id":"https:\/\/www.pcb.ub.edu\/es\/les-tempestes-de-pluja-i-vent-omplen-el-mar-de-plastics\/#article","isPartOf":{"@id":"https:\/\/www.pcb.ub.edu\/es\/les-tempestes-de-pluja-i-vent-omplen-el-mar-de-plastics\/"},"author":{"name":"Iuris","@id":"https:\/\/www.pcb.ub.edu\/es\/#\/schema\/person\/2cac99ef7339e3499496b54bb2e12e7d"},"headline":"Las tormentas de lluvia y viento llenan el mar de pl\u00e1sticos","datePublished":"2026-02-18T10:01:08+00:00","dateModified":"2026-02-18T10:02:26+00:00","mainEntityOfPage":{"@id":"https:\/\/www.pcb.ub.edu\/es\/les-tempestes-de-pluja-i-vent-omplen-el-mar-de-plastics\/"},"wordCount":296,"image":{"@id":"https:\/\/www.pcb.ub.edu\/es\/les-tempestes-de-pluja-i-vent-omplen-el-mar-de-plastics\/#primaryimage"},"thumbnailUrl":"https:\/\/www.pcb.ub.edu\/wp-content\/uploads\/2026\/02\/sostenibilitat-2.png","articleSection":["ODS","PRODUCCI\u00d3N Y CONSUMO RESPONSABLES"],"inLanguage":"es"},{"@type":"WebPage","@id":"https:\/\/www.pcb.ub.edu\/es\/les-tempestes-de-pluja-i-vent-omplen-el-mar-de-plastics\/","url":"https:\/\/www.pcb.ub.edu\/es\/les-tempestes-de-pluja-i-vent-omplen-el-mar-de-plastics\/","name":"Las tormentas de lluvia y viento llenan el mar de pl\u00e1sticos - Parc Cient\u00edfic de Barcelona","isPartOf":{"@id":"https:\/\/www.pcb.ub.edu\/es\/#website"},"primaryImageOfPage":{"@id":"https:\/\/www.pcb.ub.edu\/es\/les-tempestes-de-pluja-i-vent-omplen-el-mar-de-plastics\/#primaryimage"},"image":{"@id":"https:\/\/www.pcb.ub.edu\/es\/les-tempestes-de-pluja-i-vent-omplen-el-mar-de-plastics\/#primaryimage"},"thumbnailUrl":"https:\/\/www.pcb.ub.edu\/wp-content\/uploads\/2026\/02\/sostenibilitat-2.png","datePublished":"2026-02-18T10:01:08+00:00","dateModified":"2026-02-18T10:02:26+00:00","author":{"@id":"https:\/\/www.pcb.ub.edu\/es\/#\/schema\/person\/2cac99ef7339e3499496b54bb2e12e7d"},"breadcrumb":{"@id":"https:\/\/www.pcb.ub.edu\/es\/les-tempestes-de-pluja-i-vent-omplen-el-mar-de-plastics\/#breadcrumb"},"inLanguage":"es","potentialAction":[{"@type":"ReadAction","target":["https:\/\/www.pcb.ub.edu\/es\/les-tempestes-de-pluja-i-vent-omplen-el-mar-de-plastics\/"]}]},{"@type":"ImageObject","inLanguage":"es","@id":"https:\/\/www.pcb.ub.edu\/es\/les-tempestes-de-pluja-i-vent-omplen-el-mar-de-plastics\/#primaryimage","url":"https:\/\/www.pcb.ub.edu\/wp-content\/uploads\/2026\/02\/sostenibilitat-2.png","contentUrl":"https:\/\/www.pcb.ub.edu\/wp-content\/uploads\/2026\/02\/sostenibilitat-2.png","width":900,"height":330},{"@type":"BreadcrumbList","@id":"https:\/\/www.pcb.ub.edu\/es\/les-tempestes-de-pluja-i-vent-omplen-el-mar-de-plastics\/#breadcrumb","itemListElement":[{"@type":"ListItem","position":1,"name":"Home","item":"https:\/\/www.pcb.ub.edu\/es\/"},{"@type":"ListItem","position":2,"name":"Las tormentas de lluvia y viento llenan el mar de pl\u00e1sticos"}]},{"@type":"WebSite","@id":"https:\/\/www.pcb.ub.edu\/es\/#website","url":"https:\/\/www.pcb.ub.edu\/es\/","name":"Parc Cient\u00edfic de Barcelona","description":"Universitat de Barcelona","potentialAction":[{"@type":"SearchAction","target":{"@type":"EntryPoint","urlTemplate":"https:\/\/www.pcb.ub.edu\/es\/?s={search_term_string}"},"query-input":{"@type":"PropertyValueSpecification","valueRequired":true,"valueName":"search_term_string"}}],"inLanguage":"es"},{"@type":"Person","@id":"https:\/\/www.pcb.ub.edu\/es\/#\/schema\/person\/2cac99ef7339e3499496b54bb2e12e7d","name":"Iuris","image":{"@type":"ImageObject","inLanguage":"es","@id":"https:\/\/secure.gravatar.com\/avatar\/a9d1bfedf501cbd8ae27b11de9986604bf4cdcea73b507457dfd4ff5dc770b75?s=96&d=mm&r=g","url":"https:\/\/secure.gravatar.com\/avatar\/a9d1bfedf501cbd8ae27b11de9986604bf4cdcea73b507457dfd4ff5dc770b75?s=96&d=mm&r=g","contentUrl":"https:\/\/secure.gravatar.com\/avatar\/a9d1bfedf501cbd8ae27b11de9986604bf4cdcea73b507457dfd4ff5dc770b75?s=96&d=mm&r=g","caption":"Iuris"},"url":"https:\/\/www.pcb.ub.edu\/es\/author\/adminiuris\/"}]}},"_links":{"self":[{"href":"https:\/\/www.pcb.ub.edu\/es\/wp-json\/wp\/v2\/posts\/109082","targetHints":{"allow":["GET"]}}],"collection":[{"href":"https:\/\/www.pcb.ub.edu\/es\/wp-json\/wp\/v2\/posts"}],"about":[{"href":"https:\/\/www.pcb.ub.edu\/es\/wp-json\/wp\/v2\/types\/post"}],"author":[{"embeddable":true,"href":"https:\/\/www.pcb.ub.edu\/es\/wp-json\/wp\/v2\/users\/11"}],"replies":[{"embeddable":true,"href":"https:\/\/www.pcb.ub.edu\/es\/wp-json\/wp\/v2\/comments?post=109082"}],"version-history":[{"count":2,"href":"https:\/\/www.pcb.ub.edu\/es\/wp-json\/wp\/v2\/posts\/109082\/revisions"}],"predecessor-version":[{"id":109084,"href":"https:\/\/www.pcb.ub.edu\/es\/wp-json\/wp\/v2\/posts\/109082\/revisions\/109084"}],"wp:featuredmedia":[{"embeddable":true,"href":"https:\/\/www.pcb.ub.edu\/es\/wp-json\/wp\/v2\/media\/109079"}],"wp:attachment":[{"href":"https:\/\/www.pcb.ub.edu\/es\/wp-json\/wp\/v2\/media?parent=109082"}],"wp:term":[{"taxonomy":"category","embeddable":true,"href":"https:\/\/www.pcb.ub.edu\/es\/wp-json\/wp\/v2\/categories?post=109082"},{"taxonomy":"post_tag","embeddable":true,"href":"https:\/\/www.pcb.ub.edu\/es\/wp-json\/wp\/v2\/tags?post=109082"}],"curies":[{"name":"wp","href":"https:\/\/api.w.org\/{rel}","templated":true}]}}