{"id":108615,"date":"2026-01-26T17:09:06","date_gmt":"2026-01-26T16:09:06","guid":{"rendered":"https:\/\/www.pcb.ub.edu\/el-cnag-participa-en-un-estudio-que-identifica-el-primer-caso-de-correccion-espontanea-en-una-inmunodeficiencia-grave-vinculada-al-virus-depstein-barr\/"},"modified":"2026-01-26T17:09:06","modified_gmt":"2026-01-26T16:09:06","slug":"el-cnag-participa-en-un-estudio-que-identifica-el-primer-caso-de-correccion-espontanea-en-una-inmunodeficiencia-grave-vinculada-al-virus-depstein-barr","status":"publish","type":"post","link":"https:\/\/www.pcb.ub.edu\/es\/el-cnag-participa-en-un-estudio-que-identifica-el-primer-caso-de-correccion-espontanea-en-una-inmunodeficiencia-grave-vinculada-al-virus-depstein-barr\/","title":{"rendered":"El CNAG participa en un estudio que identifica el primer caso de correcci\u00f3n espont\u00e1nea en una inmunodeficiencia grave vinculada al virus d&#8217;Epstein-Barr"},"content":{"rendered":"<p><strong>Investigadores del Centro Nacional de An\u00e1lisis Gen\u00f3mico (<a href=\"https:\/\/www.pcb.ub.edu\/es\/empresa\/centre-nacional-danalisi-genomica-cnag\/\" target=\"_blank\" rel=\"noopener\">CNAG<\/a>), ubicado en el Parque Cient\u00edfico de Barcelona, han participado en un estudio liderado por el grupo de Infecci\u00f3n e Inmunidad en el Paciente Pedi\u00e1trico del VHIR, en colaboraci\u00f3n con el Hospital Sant Joan de D\u00e9u, el Hospital de la Santa Creu i Sant Pau y el Banc de Sang i Teixits, que identifica por primera vez un caso de correcci\u00f3n espont\u00e1nea de una mutaci\u00f3n gen\u00e9tica en un paciente con deficiencia de CD137, una inmunodeficiencia rara que provoca vulnerabilidad a la infecci\u00f3n por el virus de Epstein\u2013Barr (EBV).<\/strong><\/p>\n<p>Los errores cong\u00e9nitos de la inmunidad son trastornos causados por mutaciones gen\u00e9ticas que afectan al funcionamiento del sistema inmunitario. La deficiencia de CD137 es una de estas condiciones, descrita por primera vez en 2019 y causada por una mutaci\u00f3n en el gen TNFRSF9. En estos pacientes, los linfocitos T CD8, un tipo de c\u00e9lula inmunitaria, son incapaces de montar una respuesta adecuada frente a la infecci\u00f3n por el virus de Epstein\u2013Barr. Esta infecci\u00f3n es muy com\u00fan en la poblaci\u00f3n general y habitualmente no conlleva consecuencias graves, pero en pacientes con esta deficiencia puede persistir durante a\u00f1os e incluso puede conducir a determinados tipos de linfoma.<\/p>\n<h3><strong>Un caso \u00fanico de mejor\u00eda espont\u00e1nea tras un trasplante<\/strong><\/h3>\n<p>La paciente descrita en el estudio present\u00f3 por primera vez manifestaciones cl\u00ednicas graves de infecci\u00f3n por el virus de Epstein\u2013Barr (EBV) en el a\u00f1o 2012, a la edad de 13 a\u00f1os, incluyendo el desarrollo de un linfoma. En ese momento, la causa gen\u00e9tica de su condici\u00f3n a\u00fan era desconocida y, por este motivo, fue derivada al Hospital de Sant Pau para someterse a un trasplante de m\u00e9dula \u00f3sea de su hermano, que era compatible y aparentemente sano. El trasplante permiti\u00f3 que la mayor\u00eda de los linfocitos T de su sangre tuvieran origen en su hermano; sin embargo, la paciente continu\u00f3 presentando niveles elevados del virus durante a\u00f1os sin mejor\u00eda cl\u00ednica. En 2019, su inclusi\u00f3n en un proyecto de investigaci\u00f3n liderado por el Grupo de Inmunolog\u00eda Traslacional, utilizando t\u00e9cnicas de secuenciaci\u00f3n de alto rendimiento, permiti\u00f3 establecer el diagn\u00f3stico gen\u00e9tico de su condici\u00f3n: deficiencia de CD137. Tambi\u00e9n se descubri\u00f3 que su hermano portaba la misma mutaci\u00f3n, aunque era cl\u00ednicamente asintom\u00e1tico, lo que explicaba por qu\u00e9 la paciente no hab\u00eda mejorado despu\u00e9s del trasplante.<\/p>\n<p>Unos a\u00f1os despu\u00e9s del trasplante, y de manera inesperada, la paciente experiment\u00f3 una mejor\u00eda cl\u00ednica espont\u00e1nea y un control viral sin cambios sustanciales en el tratamiento. Cuando el equipo del VHIR, junto con el CNAG, analiz\u00f3 sus c\u00e9lulas inmunitarias de la sangre mediante t\u00e9cnicas innovadoras de secuenciaci\u00f3n de c\u00e9lula \u00fanica, descubrieron que dos l\u00edneas de linfocitos T CD8 derivadas de su hermano hab\u00edan corregido de manera natural la mutaci\u00f3n original una vez dentro del cuerpo de la paciente (post-trasplante).<\/p>\n<p>\u201cEste enfoque nos permiti\u00f3 determinar que las c\u00e9lulas con la mutaci\u00f3n corregida se originaban en el donante, no en la paciente, y observar que algunas de estas c\u00e9lulas proliferaban de manera preferente. Esto indicaba que dichas c\u00e9lulas hab\u00edan adquirido una ventaja funcional dentro del sistema inmunitario y que el fen\u00f3meno no era aleatorio\u201d, afirma la <strong>Dra. Anna Esteve<\/strong>, autora del estudio y l\u00edder del <a href=\"https:\/\/www.cnag.eu\/teams\/bioinformatics-unit\/functional-genomics-team\" target=\"_blank\" rel=\"noopener\">Equipo de Gen\u00f3mica Funcional del CNAG<\/a>.<\/p>\n<div class=\"flex flex-col text-sm pb-25\">\n<article class=\"text-token-text-primary w-full focus:outline-none [--shadow-height:45px] has-data-writing-block:pointer-events-none has-data-writing-block:-mt-(--shadow-height) has-data-writing-block:pt-(--shadow-height) [&amp;:has([data-writing-block])&gt;*]:pointer-events-auto scroll-mt-[calc(var(--header-height)+min(200px,max(70px,20svh)))]\" dir=\"auto\" tabindex=\"-1\" data-turn-id=\"request-WEB:23cce01e-d8a0-4644-96ab-ccbf2eeb851b-8\" data-testid=\"conversation-turn-8\" data-scroll-anchor=\"true\" data-turn=\"assistant\">\n<div class=\"text-base my-auto mx-auto pb-10 [--thread-content-margin:--spacing(4)] @w-sm\/main:[--thread-content-margin:--spacing(6)] @w-lg\/main:[--thread-content-margin:--spacing(16)] px-(--thread-content-margin)\">\n<div class=\"[--thread-content-max-width:40rem] @w-lg\/main:[--thread-content-max-width:48rem] mx-auto max-w-(--thread-content-max-width) flex-1 group\/turn-messages focus-visible:outline-hidden relative flex w-full min-w-0 flex-col agent-turn\" tabindex=\"-1\">\n<div class=\"flex max-w-full flex-col grow\">\n<div class=\"min-h-8 text-message relative flex w-full flex-col items-end gap-2 text-start break-words whitespace-normal [.text-message+&amp;]:mt-1\" dir=\"auto\" data-message-author-role=\"assistant\" data-message-id=\"c5cc700b-48be-40e6-bca2-129146241500\" data-message-model-slug=\"gpt-5-mini\">\n<div class=\"flex w-full flex-col gap-1 empty:hidden first:pt-[1px]\">\n<div class=\"markdown prose dark:prose-invert w-full wrap-break-word light markdown-new-styling\">\n<p data-start=\"49\" data-end=\"752\" data-is-last-node=\"\" data-is-only-node=\"\">Este fen\u00f3meno se conoce como reversi\u00f3n som\u00e1tica. En total, hasta el 20 % de los linfocitos T de la sangre mostraban esta reversi\u00f3n gen\u00e9tica. \u201cEn alg\u00fan momento despu\u00e9s del trasplante, surgieron estas mutaciones som\u00e1ticas que corrigieron los defectos gen\u00e9ticos originales. Esto restaur\u00f3 parcialmente la respuesta inmunitaria contra el virus y mejor\u00f3 la condici\u00f3n cl\u00ednica de la paciente\u201d, explica la <strong>Dra. Laura Batlle Mas\u00f3<\/strong>, investigadora postdoctoral del Grupo de Inmunolog\u00eda Traslacional del VHIR. \u201cEste fen\u00f3meno ya se hab\u00eda descrito previamente en otros errores cong\u00e9nitos de la inmunidad, pero esta es la primera vez que se detecta en este trastorno concreto y, adem\u00e1s, despu\u00e9s de un trasplante\u201d, a\u00f1ade.<\/p>\n<\/div>\n<\/div>\n<\/div>\n<\/div>\n<div class=\"z-0 flex min-h-[46px] justify-start\">Este descubrimiento es altamente relevante desde el punto de vista cient\u00edfico, ya que aporta una prueba de concepto sobre la viabilidad de futuras terapias g\u00e9nicas. \u201cLa reversi\u00f3n som\u00e1tica observada en esta paciente indica que incluso una peque\u00f1a proporci\u00f3n de c\u00e9lulas corregidas puede mejorar la respuesta inmunitaria frente al EBV, con un beneficio cl\u00ednico significativo. Este hallazgo abre la puerta al desarrollo de terapia g\u00e9nica para esta enfermedad. Dado que las terapias g\u00e9nicas actuales no corrigen todas las c\u00e9lulas diana, demostrar que una restauraci\u00f3n parcial de la funci\u00f3n inmunitaria puede traducirse en un beneficio cl\u00ednico relevante es esencial\u201d, explica el <strong>Dr. Roger Colobran<\/strong>, jefe del Grupo de Inmunolog\u00eda Traslacional del VHIR.<\/div>\n<\/div>\n<div>\n<p><strong>\u00bb Art\u00edculo de referencia: <\/strong>Batlle-Mas\u00f3, Laura, et al. \u2018Somatic Reversion in CD137 Deficiency Correlating with Epstein-Barr Virus Control and Clinical Improvement\u2019. Npj Genomic Medicine, vol. 10, no. 1, Nov. 2025, p. 78.\u00a0<a href=\"https:\/\/www.nature.com\/articles\/s41525-025-00535-y\">https:\/\/doi.org\/10.1038\/s41525-025-00535-y.<\/a><\/p>\n<p><strong>\u00bb Acceso a la noticia: <\/strong><a href=\"https:\/\/www.pcb.ub.edu\/es\/empresa\/centre-nacional-danalisi-genomica-cnag\/\" target=\"_blank\" rel=\"noopener\">web del CNAG [+]<\/a><\/p>\n<\/div>\n<\/div>\n<\/article>\n<\/div>\n","protected":false},"excerpt":{"rendered":"<p>Investigadores del Centro Nacional de An\u00e1lisis Gen\u00f3mico (CNAG), ubicado en el Parque Cient\u00edfico de Barcelona, han participado en un estudio liderado por el grupo de Infecci\u00f3n e Inmunidad en el&#8230;<\/p>\n","protected":false},"author":14,"featured_media":108613,"comment_status":"closed","ping_status":"closed","sticky":false,"template":"","format":"standard","meta":{"_acf_changed":false,"inline_featured_image":false,"footnotes":""},"categories":[24],"tags":[237],"class_list":["post-108615","post","type-post","status-publish","format-standard","has-post-thumbnail","category-ciencia","tag-cnag-es"],"acf":[],"yoast_head":"<!-- This site is optimized with the Yoast SEO plugin v27.3 - https:\/\/yoast.com\/product\/yoast-seo-wordpress\/ -->\n<title>El CNAG participa en un estudio que identifica el primer caso de correcci\u00f3n espont\u00e1nea en una inmunodeficiencia grave vinculada al virus d&#039;Epstein-Barr - Parc Cient\u00edfic de Barcelona<\/title>\n<meta name=\"description\" content=\"El estudio identifica por primera vez un caso de correcci\u00f3n espont\u00e1nea de una mutaci\u00f3n gen\u00e9tica en un paciente con deficiencia de CD137.\" \/>\n<meta name=\"robots\" content=\"index, follow, max-snippet:-1, max-image-preview:large, max-video-preview:-1\" \/>\n<link rel=\"canonical\" href=\"https:\/\/www.pcb.ub.edu\/el-cnag-participa-en-un-estudi-que-identifica-el-primer-cas-de-correccio-genetica-espontania-en-una-immunodeficiencia-greu-vinculada-al-virus-depstein-barr\/\" \/>\n<meta property=\"og:locale\" content=\"es_ES\" \/>\n<meta property=\"og:type\" content=\"article\" \/>\n<meta property=\"og:title\" content=\"El CNAG participa en un estudio que identifica el primer caso de correcci\u00f3n espont\u00e1nea en una inmunodeficiencia grave vinculada al virus d&#039;Epstein-Barr - Parc Cient\u00edfic de Barcelona\" \/>\n<meta property=\"og:description\" content=\"El estudio identifica por primera vez un caso de correcci\u00f3n espont\u00e1nea de una mutaci\u00f3n gen\u00e9tica en un paciente con deficiencia de CD137.\" \/>\n<meta property=\"og:url\" content=\"https:\/\/www.pcb.ub.edu\/el-cnag-participa-en-un-estudi-que-identifica-el-primer-cas-de-correccio-genetica-espontania-en-una-immunodeficiencia-greu-vinculada-al-virus-depstein-barr\/\" \/>\n<meta property=\"og:site_name\" content=\"Parc Cient\u00edfic de Barcelona\" \/>\n<meta property=\"article:published_time\" content=\"2026-01-26T16:09:06+00:00\" \/>\n<meta property=\"og:image\" content=\"https:\/\/www.pcb.ub.edu\/wp-content\/uploads\/2026\/01\/1769433694915-1.jpg\" \/>\n\t<meta property=\"og:image:width\" content=\"900\" \/>\n\t<meta property=\"og:image:height\" content=\"331\" \/>\n\t<meta property=\"og:image:type\" content=\"image\/jpeg\" \/>\n<meta name=\"author\" content=\"Paula Ca\u00f1al\" \/>\n<meta name=\"twitter:card\" content=\"summary_large_image\" \/>\n<meta name=\"twitter:label1\" content=\"Escrito por\" \/>\n\t<meta name=\"twitter:data1\" content=\"Paula Ca\u00f1al\" \/>\n\t<meta name=\"twitter:label2\" content=\"Tiempo de lectura\" \/>\n\t<meta name=\"twitter:data2\" content=\"4 minutos\" \/>\n<script type=\"application\/ld+json\" class=\"yoast-schema-graph\">{\"@context\":\"https:\\\/\\\/schema.org\",\"@graph\":[{\"@type\":\"Article\",\"@id\":\"https:\\\/\\\/www.pcb.ub.edu\\\/el-cnag-participa-en-un-estudi-que-identifica-el-primer-cas-de-correccio-genetica-espontania-en-una-immunodeficiencia-greu-vinculada-al-virus-depstein-barr\\\/#article\",\"isPartOf\":{\"@id\":\"https:\\\/\\\/www.pcb.ub.edu\\\/el-cnag-participa-en-un-estudi-que-identifica-el-primer-cas-de-correccio-genetica-espontania-en-una-immunodeficiencia-greu-vinculada-al-virus-depstein-barr\\\/\"},\"author\":{\"name\":\"Paula Ca\u00f1al\",\"@id\":\"https:\\\/\\\/www.pcb.ub.edu\\\/es\\\/#\\\/schema\\\/person\\\/dece7d71551633ff3423502f3e384c6a\"},\"headline\":\"El CNAG participa en un estudio que identifica el primer caso de correcci\u00f3n espont\u00e1nea en una inmunodeficiencia grave vinculada al virus d&#8217;Epstein-Barr\",\"datePublished\":\"2026-01-26T16:09:06+00:00\",\"mainEntityOfPage\":{\"@id\":\"https:\\\/\\\/www.pcb.ub.edu\\\/el-cnag-participa-en-un-estudi-que-identifica-el-primer-cas-de-correccio-genetica-espontania-en-una-immunodeficiencia-greu-vinculada-al-virus-depstein-barr\\\/\"},\"wordCount\":910,\"image\":{\"@id\":\"https:\\\/\\\/www.pcb.ub.edu\\\/el-cnag-participa-en-un-estudi-que-identifica-el-primer-cas-de-correccio-genetica-espontania-en-una-immunodeficiencia-greu-vinculada-al-virus-depstein-barr\\\/#primaryimage\"},\"thumbnailUrl\":\"https:\\\/\\\/www.pcb.ub.edu\\\/wp-content\\\/uploads\\\/2026\\\/01\\\/1769433694915-1.jpg\",\"keywords\":[\"CNAG\"],\"articleSection\":[\"CIENCIA\"],\"inLanguage\":\"es\"},{\"@type\":\"WebPage\",\"@id\":\"https:\\\/\\\/www.pcb.ub.edu\\\/el-cnag-participa-en-un-estudi-que-identifica-el-primer-cas-de-correccio-genetica-espontania-en-una-immunodeficiencia-greu-vinculada-al-virus-depstein-barr\\\/\",\"url\":\"https:\\\/\\\/www.pcb.ub.edu\\\/el-cnag-participa-en-un-estudi-que-identifica-el-primer-cas-de-correccio-genetica-espontania-en-una-immunodeficiencia-greu-vinculada-al-virus-depstein-barr\\\/\",\"name\":\"El CNAG participa en un estudio que identifica el primer caso de correcci\u00f3n espont\u00e1nea en una inmunodeficiencia grave vinculada al virus d'Epstein-Barr - Parc Cient\u00edfic de Barcelona\",\"isPartOf\":{\"@id\":\"https:\\\/\\\/www.pcb.ub.edu\\\/es\\\/#website\"},\"primaryImageOfPage\":{\"@id\":\"https:\\\/\\\/www.pcb.ub.edu\\\/el-cnag-participa-en-un-estudi-que-identifica-el-primer-cas-de-correccio-genetica-espontania-en-una-immunodeficiencia-greu-vinculada-al-virus-depstein-barr\\\/#primaryimage\"},\"image\":{\"@id\":\"https:\\\/\\\/www.pcb.ub.edu\\\/el-cnag-participa-en-un-estudi-que-identifica-el-primer-cas-de-correccio-genetica-espontania-en-una-immunodeficiencia-greu-vinculada-al-virus-depstein-barr\\\/#primaryimage\"},\"thumbnailUrl\":\"https:\\\/\\\/www.pcb.ub.edu\\\/wp-content\\\/uploads\\\/2026\\\/01\\\/1769433694915-1.jpg\",\"datePublished\":\"2026-01-26T16:09:06+00:00\",\"author\":{\"@id\":\"https:\\\/\\\/www.pcb.ub.edu\\\/es\\\/#\\\/schema\\\/person\\\/dece7d71551633ff3423502f3e384c6a\"},\"description\":\"El estudio identifica por primera vez un caso de correcci\u00f3n espont\u00e1nea de una mutaci\u00f3n gen\u00e9tica en un paciente con deficiencia de CD137.\",\"breadcrumb\":{\"@id\":\"https:\\\/\\\/www.pcb.ub.edu\\\/el-cnag-participa-en-un-estudi-que-identifica-el-primer-cas-de-correccio-genetica-espontania-en-una-immunodeficiencia-greu-vinculada-al-virus-depstein-barr\\\/#breadcrumb\"},\"inLanguage\":\"es\",\"potentialAction\":[{\"@type\":\"ReadAction\",\"target\":[\"https:\\\/\\\/www.pcb.ub.edu\\\/el-cnag-participa-en-un-estudi-que-identifica-el-primer-cas-de-correccio-genetica-espontania-en-una-immunodeficiencia-greu-vinculada-al-virus-depstein-barr\\\/\"]}]},{\"@type\":\"ImageObject\",\"inLanguage\":\"es\",\"@id\":\"https:\\\/\\\/www.pcb.ub.edu\\\/el-cnag-participa-en-un-estudi-que-identifica-el-primer-cas-de-correccio-genetica-espontania-en-una-immunodeficiencia-greu-vinculada-al-virus-depstein-barr\\\/#primaryimage\",\"url\":\"https:\\\/\\\/www.pcb.ub.edu\\\/wp-content\\\/uploads\\\/2026\\\/01\\\/1769433694915-1.jpg\",\"contentUrl\":\"https:\\\/\\\/www.pcb.ub.edu\\\/wp-content\\\/uploads\\\/2026\\\/01\\\/1769433694915-1.jpg\",\"width\":900,\"height\":331},{\"@type\":\"BreadcrumbList\",\"@id\":\"https:\\\/\\\/www.pcb.ub.edu\\\/el-cnag-participa-en-un-estudi-que-identifica-el-primer-cas-de-correccio-genetica-espontania-en-una-immunodeficiencia-greu-vinculada-al-virus-depstein-barr\\\/#breadcrumb\",\"itemListElement\":[{\"@type\":\"ListItem\",\"position\":1,\"name\":\"Home\",\"item\":\"https:\\\/\\\/www.pcb.ub.edu\\\/es\\\/\"},{\"@type\":\"ListItem\",\"position\":2,\"name\":\"El CNAG participa en un estudio que identifica el primer caso de correcci\u00f3n espont\u00e1nea en una inmunodeficiencia grave vinculada al virus d&#8217;Epstein-Barr\"}]},{\"@type\":\"WebSite\",\"@id\":\"https:\\\/\\\/www.pcb.ub.edu\\\/es\\\/#website\",\"url\":\"https:\\\/\\\/www.pcb.ub.edu\\\/es\\\/\",\"name\":\"Parc Cient\u00edfic de Barcelona\",\"description\":\"Universitat de Barcelona\",\"potentialAction\":[{\"@type\":\"SearchAction\",\"target\":{\"@type\":\"EntryPoint\",\"urlTemplate\":\"https:\\\/\\\/www.pcb.ub.edu\\\/es\\\/?s={search_term_string}\"},\"query-input\":{\"@type\":\"PropertyValueSpecification\",\"valueRequired\":true,\"valueName\":\"search_term_string\"}}],\"inLanguage\":\"es\"},{\"@type\":\"Person\",\"@id\":\"https:\\\/\\\/www.pcb.ub.edu\\\/es\\\/#\\\/schema\\\/person\\\/dece7d71551633ff3423502f3e384c6a\",\"name\":\"Paula Ca\u00f1al\",\"image\":{\"@type\":\"ImageObject\",\"inLanguage\":\"es\",\"@id\":\"https:\\\/\\\/secure.gravatar.com\\\/avatar\\\/b994665ec600f20526048e5d98eab6b8aa5e116b6fe2101daebcb986872bd355?s=96&d=mm&r=g\",\"url\":\"https:\\\/\\\/secure.gravatar.com\\\/avatar\\\/b994665ec600f20526048e5d98eab6b8aa5e116b6fe2101daebcb986872bd355?s=96&d=mm&r=g\",\"contentUrl\":\"https:\\\/\\\/secure.gravatar.com\\\/avatar\\\/b994665ec600f20526048e5d98eab6b8aa5e116b6fe2101daebcb986872bd355?s=96&d=mm&r=g\",\"caption\":\"Paula Ca\u00f1al\"},\"url\":\"https:\\\/\\\/www.pcb.ub.edu\\\/es\\\/author\\\/paula\\\/\"}]}<\/script>\n<!-- \/ Yoast SEO plugin. -->","yoast_head_json":{"title":"El CNAG participa en un estudio que identifica el primer caso de correcci\u00f3n espont\u00e1nea en una inmunodeficiencia grave vinculada al virus d'Epstein-Barr - Parc Cient\u00edfic de Barcelona","description":"El estudio identifica por primera vez un caso de correcci\u00f3n espont\u00e1nea de una mutaci\u00f3n gen\u00e9tica en un paciente con deficiencia de CD137.","robots":{"index":"index","follow":"follow","max-snippet":"max-snippet:-1","max-image-preview":"max-image-preview:large","max-video-preview":"max-video-preview:-1"},"canonical":"https:\/\/www.pcb.ub.edu\/el-cnag-participa-en-un-estudi-que-identifica-el-primer-cas-de-correccio-genetica-espontania-en-una-immunodeficiencia-greu-vinculada-al-virus-depstein-barr\/","og_locale":"es_ES","og_type":"article","og_title":"El CNAG participa en un estudio que identifica el primer caso de correcci\u00f3n espont\u00e1nea en una inmunodeficiencia grave vinculada al virus d'Epstein-Barr - Parc Cient\u00edfic de Barcelona","og_description":"El estudio identifica por primera vez un caso de correcci\u00f3n espont\u00e1nea de una mutaci\u00f3n gen\u00e9tica en un paciente con deficiencia de CD137.","og_url":"https:\/\/www.pcb.ub.edu\/el-cnag-participa-en-un-estudi-que-identifica-el-primer-cas-de-correccio-genetica-espontania-en-una-immunodeficiencia-greu-vinculada-al-virus-depstein-barr\/","og_site_name":"Parc Cient\u00edfic de Barcelona","article_published_time":"2026-01-26T16:09:06+00:00","og_image":[{"width":900,"height":331,"url":"https:\/\/www.pcb.ub.edu\/wp-content\/uploads\/2026\/01\/1769433694915-1.jpg","type":"image\/jpeg"}],"author":"Paula Ca\u00f1al","twitter_card":"summary_large_image","twitter_misc":{"Escrito por":"Paula Ca\u00f1al","Tiempo de lectura":"4 minutos"},"schema":{"@context":"https:\/\/schema.org","@graph":[{"@type":"Article","@id":"https:\/\/www.pcb.ub.edu\/el-cnag-participa-en-un-estudi-que-identifica-el-primer-cas-de-correccio-genetica-espontania-en-una-immunodeficiencia-greu-vinculada-al-virus-depstein-barr\/#article","isPartOf":{"@id":"https:\/\/www.pcb.ub.edu\/el-cnag-participa-en-un-estudi-que-identifica-el-primer-cas-de-correccio-genetica-espontania-en-una-immunodeficiencia-greu-vinculada-al-virus-depstein-barr\/"},"author":{"name":"Paula Ca\u00f1al","@id":"https:\/\/www.pcb.ub.edu\/es\/#\/schema\/person\/dece7d71551633ff3423502f3e384c6a"},"headline":"El CNAG participa en un estudio que identifica el primer caso de correcci\u00f3n espont\u00e1nea en una inmunodeficiencia grave vinculada al virus d&#8217;Epstein-Barr","datePublished":"2026-01-26T16:09:06+00:00","mainEntityOfPage":{"@id":"https:\/\/www.pcb.ub.edu\/el-cnag-participa-en-un-estudi-que-identifica-el-primer-cas-de-correccio-genetica-espontania-en-una-immunodeficiencia-greu-vinculada-al-virus-depstein-barr\/"},"wordCount":910,"image":{"@id":"https:\/\/www.pcb.ub.edu\/el-cnag-participa-en-un-estudi-que-identifica-el-primer-cas-de-correccio-genetica-espontania-en-una-immunodeficiencia-greu-vinculada-al-virus-depstein-barr\/#primaryimage"},"thumbnailUrl":"https:\/\/www.pcb.ub.edu\/wp-content\/uploads\/2026\/01\/1769433694915-1.jpg","keywords":["CNAG"],"articleSection":["CIENCIA"],"inLanguage":"es"},{"@type":"WebPage","@id":"https:\/\/www.pcb.ub.edu\/el-cnag-participa-en-un-estudi-que-identifica-el-primer-cas-de-correccio-genetica-espontania-en-una-immunodeficiencia-greu-vinculada-al-virus-depstein-barr\/","url":"https:\/\/www.pcb.ub.edu\/el-cnag-participa-en-un-estudi-que-identifica-el-primer-cas-de-correccio-genetica-espontania-en-una-immunodeficiencia-greu-vinculada-al-virus-depstein-barr\/","name":"El CNAG participa en un estudio que identifica el primer caso de correcci\u00f3n espont\u00e1nea en una inmunodeficiencia grave vinculada al virus d'Epstein-Barr - Parc Cient\u00edfic de Barcelona","isPartOf":{"@id":"https:\/\/www.pcb.ub.edu\/es\/#website"},"primaryImageOfPage":{"@id":"https:\/\/www.pcb.ub.edu\/el-cnag-participa-en-un-estudi-que-identifica-el-primer-cas-de-correccio-genetica-espontania-en-una-immunodeficiencia-greu-vinculada-al-virus-depstein-barr\/#primaryimage"},"image":{"@id":"https:\/\/www.pcb.ub.edu\/el-cnag-participa-en-un-estudi-que-identifica-el-primer-cas-de-correccio-genetica-espontania-en-una-immunodeficiencia-greu-vinculada-al-virus-depstein-barr\/#primaryimage"},"thumbnailUrl":"https:\/\/www.pcb.ub.edu\/wp-content\/uploads\/2026\/01\/1769433694915-1.jpg","datePublished":"2026-01-26T16:09:06+00:00","author":{"@id":"https:\/\/www.pcb.ub.edu\/es\/#\/schema\/person\/dece7d71551633ff3423502f3e384c6a"},"description":"El estudio identifica por primera vez un caso de correcci\u00f3n espont\u00e1nea de una mutaci\u00f3n gen\u00e9tica en un paciente con deficiencia de CD137.","breadcrumb":{"@id":"https:\/\/www.pcb.ub.edu\/el-cnag-participa-en-un-estudi-que-identifica-el-primer-cas-de-correccio-genetica-espontania-en-una-immunodeficiencia-greu-vinculada-al-virus-depstein-barr\/#breadcrumb"},"inLanguage":"es","potentialAction":[{"@type":"ReadAction","target":["https:\/\/www.pcb.ub.edu\/el-cnag-participa-en-un-estudi-que-identifica-el-primer-cas-de-correccio-genetica-espontania-en-una-immunodeficiencia-greu-vinculada-al-virus-depstein-barr\/"]}]},{"@type":"ImageObject","inLanguage":"es","@id":"https:\/\/www.pcb.ub.edu\/el-cnag-participa-en-un-estudi-que-identifica-el-primer-cas-de-correccio-genetica-espontania-en-una-immunodeficiencia-greu-vinculada-al-virus-depstein-barr\/#primaryimage","url":"https:\/\/www.pcb.ub.edu\/wp-content\/uploads\/2026\/01\/1769433694915-1.jpg","contentUrl":"https:\/\/www.pcb.ub.edu\/wp-content\/uploads\/2026\/01\/1769433694915-1.jpg","width":900,"height":331},{"@type":"BreadcrumbList","@id":"https:\/\/www.pcb.ub.edu\/el-cnag-participa-en-un-estudi-que-identifica-el-primer-cas-de-correccio-genetica-espontania-en-una-immunodeficiencia-greu-vinculada-al-virus-depstein-barr\/#breadcrumb","itemListElement":[{"@type":"ListItem","position":1,"name":"Home","item":"https:\/\/www.pcb.ub.edu\/es\/"},{"@type":"ListItem","position":2,"name":"El CNAG participa en un estudio que identifica el primer caso de correcci\u00f3n espont\u00e1nea en una inmunodeficiencia grave vinculada al virus d&#8217;Epstein-Barr"}]},{"@type":"WebSite","@id":"https:\/\/www.pcb.ub.edu\/es\/#website","url":"https:\/\/www.pcb.ub.edu\/es\/","name":"Parc Cient\u00edfic de Barcelona","description":"Universitat de Barcelona","potentialAction":[{"@type":"SearchAction","target":{"@type":"EntryPoint","urlTemplate":"https:\/\/www.pcb.ub.edu\/es\/?s={search_term_string}"},"query-input":{"@type":"PropertyValueSpecification","valueRequired":true,"valueName":"search_term_string"}}],"inLanguage":"es"},{"@type":"Person","@id":"https:\/\/www.pcb.ub.edu\/es\/#\/schema\/person\/dece7d71551633ff3423502f3e384c6a","name":"Paula Ca\u00f1al","image":{"@type":"ImageObject","inLanguage":"es","@id":"https:\/\/secure.gravatar.com\/avatar\/b994665ec600f20526048e5d98eab6b8aa5e116b6fe2101daebcb986872bd355?s=96&d=mm&r=g","url":"https:\/\/secure.gravatar.com\/avatar\/b994665ec600f20526048e5d98eab6b8aa5e116b6fe2101daebcb986872bd355?s=96&d=mm&r=g","contentUrl":"https:\/\/secure.gravatar.com\/avatar\/b994665ec600f20526048e5d98eab6b8aa5e116b6fe2101daebcb986872bd355?s=96&d=mm&r=g","caption":"Paula Ca\u00f1al"},"url":"https:\/\/www.pcb.ub.edu\/es\/author\/paula\/"}]}},"_links":{"self":[{"href":"https:\/\/www.pcb.ub.edu\/es\/wp-json\/wp\/v2\/posts\/108615","targetHints":{"allow":["GET"]}}],"collection":[{"href":"https:\/\/www.pcb.ub.edu\/es\/wp-json\/wp\/v2\/posts"}],"about":[{"href":"https:\/\/www.pcb.ub.edu\/es\/wp-json\/wp\/v2\/types\/post"}],"author":[{"embeddable":true,"href":"https:\/\/www.pcb.ub.edu\/es\/wp-json\/wp\/v2\/users\/14"}],"replies":[{"embeddable":true,"href":"https:\/\/www.pcb.ub.edu\/es\/wp-json\/wp\/v2\/comments?post=108615"}],"version-history":[{"count":0,"href":"https:\/\/www.pcb.ub.edu\/es\/wp-json\/wp\/v2\/posts\/108615\/revisions"}],"wp:featuredmedia":[{"embeddable":true,"href":"https:\/\/www.pcb.ub.edu\/es\/wp-json\/wp\/v2\/media\/108613"}],"wp:attachment":[{"href":"https:\/\/www.pcb.ub.edu\/es\/wp-json\/wp\/v2\/media?parent=108615"}],"wp:term":[{"taxonomy":"category","embeddable":true,"href":"https:\/\/www.pcb.ub.edu\/es\/wp-json\/wp\/v2\/categories?post=108615"},{"taxonomy":"post_tag","embeddable":true,"href":"https:\/\/www.pcb.ub.edu\/es\/wp-json\/wp\/v2\/tags?post=108615"}],"curies":[{"name":"wp","href":"https:\/\/api.w.org\/{rel}","templated":true}]}}