{"id":106240,"date":"2025-09-16T16:58:50","date_gmt":"2025-09-16T14:58:50","guid":{"rendered":"https:\/\/www.pcb.ub.edu\/anna-mezquita-responsable-de-obras-nuestra-premisa-es-que-manda-la-sostenibilidad-sobre-la-estetica\/"},"modified":"2025-09-18T09:50:21","modified_gmt":"2025-09-18T07:50:21","slug":"anna-mezquita-responsable-de-obras-nuestra-premisa-es-que-manda-la-sostenibilidad-sobre-la-estetica","status":"publish","type":"post","link":"https:\/\/www.pcb.ub.edu\/es\/anna-mezquita-responsable-de-obras-nuestra-premisa-es-que-manda-la-sostenibilidad-sobre-la-estetica\/","title":{"rendered":"Anna Mezquita, jefa de Obras: \u00abNuestra premisa es que manda la sostenibilidad sobre la est\u00e9tica\u00bb"},"content":{"rendered":"<p><strong>Antoni Gaud\u00ed dec\u00eda que \u00abla arquitectura no es un simple arte, es una ciencia\u00bb, una reflexi\u00f3n que encaja con la labor de Anna Mezquita, responsable de obras del Parque Cient\u00edfico de Barcelona, que tiene la enorme labor de erigir espacios inspiradores dise\u00f1ados para fomentar la innovaci\u00f3n y el avance cient\u00edfico, creando entornos que impulsen la creatividad y la colaboraci\u00f3n.<\/strong><\/p>\n<p><strong>\u00bfCu\u00e1les son los principales retos a la hora de habilitar nuevos espacios? \u00bfExiste un ABC para la creaci\u00f3n de un laboratorio?<\/strong><\/p>\n<p>En el Parque Cient\u00edfico intentamos estandarizar los espacios para que sigan una l\u00ednea coherente bajo la misma marca. Esto nos permite que, si un cliente se marcha, el espacio pueda ser reutilizado por el siguiente con una m\u00ednima intervenci\u00f3n. Por poner un ejemplo, en los laboratorios del Cl\u00faster II, destinados a la aceleradora BCN Health Booster, dise\u00f1amos laboratorios estandarizados para peque\u00f1as empresas. Es clave definir correctamente la ubicaci\u00f3n de los elementos para garantizar un funcionamiento \u00f3ptimo de las instalaciones y permitir una circulaci\u00f3n coherente y sistematizada que, en caso de cambio de usuario, facilite cubrir las necesidades de los nuevos ocupantes. La separaci\u00f3n del <em>wet lab<\/em> (para experimentos h\u00famedos o con vapores) del <em>dry lab<\/em> (m\u00e1s similar a una oficina) es otra de las caracter\u00edsticas b\u00e1sicas de nuestros laboratorios, as\u00ed como dotarlos de la m\u00e1xima luminosidad natural y confort, de manera que los laboratorios se conviertan en espacios \u00f3ptimos para trabajar.<\/p>\n<p><strong>\u00bfQu\u00e9 criterios se siguen para dise\u00f1ar y distribuir los espacios del Parque Cient\u00edfico?<\/strong><\/p>\n<p>Cuanto m\u00e1s flexible sea el contenedor, m\u00e1s f\u00e1cil ser\u00e1 adaptarlo a futuros cambios y nuevas estrategias de uso, ya que todo est\u00e1 en constante evoluci\u00f3n. Cuando comenc\u00e9 en 1999, la mentalidad en este \u00e1mbito a\u00fan era muy limitada, pero la construcci\u00f3n del Parque se concibi\u00f3 como un conjunto de grandes contenedores con cruj\u00edas que permitieran la m\u00e1xima versatilidad, evitando pilares intermedios. Este enfoque fue muy innovador; adem\u00e1s, el uso de materiales prefabricados facilit\u00f3 la industrializaci\u00f3n, un proceso que, a su vez, favorece la sostenibilidad. Cuando las cosas se hacen de manera artesanal, requieren m\u00e1s tiempo y conllevan un margen de error mayor, lo que dificulta la optimizaci\u00f3n. Por ello, debemos dise\u00f1ar espacios transversales, abiertos y flexibles, porque cuanto m\u00e1s modulares sean, m\u00e1s f\u00e1cil ser\u00e1 adaptarlos a los cambios sin grandes costes.<\/p>\n<p><strong>\u00bfCu\u00e1l es la media de proyectos que desarroll\u00e1is al a\u00f1o y cu\u00e1les crees que son los beneficios para los clientes del Parque?<\/strong><\/p>\n<p>El a\u00f1o pasado, solo para clientes, realizamos cerca de 98 obras, incluyendo reformas menores. Gestionamos todo el proceso internamente, y esto favorece el resultado final. Podr\u00edamos delegar los trabajos de reformas externamente, pero ser\u00edamos menos operativos y m\u00e1s caros. Formar parte de todo el proceso de una obra nos da un mayor control, y en un centro complejo como es el Parque Cient\u00edfico de Barcelona, esto es una garant\u00eda de seguridad y calidad. Los clientes del Parque cuentan con un servicio interno que les proporciona soluciones \u201cllave en mano\u201d y les permite delegar completamente el seguimiento de las obras. Es importante destacar que el funcionamiento de todo el proceso depende del trabajo de todo el equipo del PCB, lo que hace que esta operatividad sea posible.<\/p>\n<p data-start=\"0\" data-end=\"92\"><strong>\u00bfC\u00f3mo influye la sostenibilidad en el dise\u00f1o de un centro de investigaci\u00f3n como el Parque?<\/strong><\/p>\n<p data-start=\"94\" data-end=\"502\" data-is-last-node=\"\" data-is-only-node=\"\">Nuestra premisa es que la sostenibilidad prevalece sobre la est\u00e9tica. Priorizamos materiales ecol\u00f3gicos y damos una segunda vida a los elementos reutilizables, como mamparas y mobiliario de laboratorio. La elecci\u00f3n de sistemas flexibles y modulares permite la reutilizaci\u00f3n, fomentando as\u00ed la econom\u00eda circular. Dise\u00f1ar con materiales sostenibles y flexibles, que garanticen una larga vida \u00fatil, es esencial.<\/p>\n<p><strong>\u00bfCu\u00e1l ha sido el proyecto que m\u00e1s has disfrutado? \u00bfTienes alguna an\u00e9cdota?<\/strong><\/p>\n<p>Es dif\u00edcil elegir un proyecto preferido, porque cada encargo es un reto distinto y responde a nuevas necesidades, lo que ya lo hace atractivo desde el principio. Quiz\u00e1, por su complejidad y a la vez por la oportunidad que representaba, la redacci\u00f3n del plan especial y el proyecto b\u00e1sico del Edificio H\u00e9lix fue uno de los retos m\u00e1s interesantes que he tenido, ya que nos permiti\u00f3 dotar al PCB de m\u00e1s superficie de investigaci\u00f3n de forma expr\u00e9s, a la espera de la finalizaci\u00f3n de los trabajos de construcci\u00f3n de los nuevos edificios de la segunda fase. Se trat\u00f3 de un edificio con estructura prefabricada, muy innovadora en su momento, que ha acabado consolid\u00e1ndose como uno de los edificios del Parque Cient\u00edfico de Barcelona. Durante este proceso tambi\u00e9n se me encarg\u00f3 la urbanizaci\u00f3n de la calle Baldiri Reixac, que transformamos en zona peatonal, adelant\u00e1ndonos a una tendencia posterior: eliminar los coches.<\/p>\n<p>Tambi\u00e9n disfrut\u00e9 mucho del dise\u00f1o del bar de la Terraza del Parque, el primer espacio de encuentro que hicimos para la comunidad del PCB, situado en una de las terrazas de las instalaciones de cubierta, que permiti\u00f3 el intercambio de ideas entre los primeros investigadores que ocuparon los espacios del Parque. Los encargos y los interlocutores son muy variados, lo que supone un aprendizaje constante y una gran riqueza profesional.<\/p>\n","protected":false},"excerpt":{"rendered":"<p>Antoni Gaud\u00ed dec\u00eda que \u00abla arquitectura no es un simple arte, es una ciencia\u00bb, una reflexi\u00f3n que encaja con la labor de Anna Mezquita, responsable de obras del Parque Cient\u00edfico&#8230;<\/p>\n","protected":false},"author":14,"featured_media":106248,"comment_status":"closed","ping_status":"closed","sticky":false,"template":"","format":"standard","meta":{"_acf_changed":false,"inline_featured_image":false,"footnotes":""},"categories":[37],"tags":[],"class_list":["post-106240","post","type-post","status-publish","format-standard","has-post-thumbnail","category-pcb"],"acf":[],"yoast_head":"<!-- This site is optimized with the Yoast SEO plugin v27.3 - https:\/\/yoast.com\/product\/yoast-seo-wordpress\/ -->\n<title>Anna Mezquita, jefa de Obras: &quot;Nuestra premisa es que manda la sostenibilidad sobre la est\u00e9tica&quot; - Parc Cient\u00edfic de Barcelona<\/title>\n<meta name=\"description\" content=\"La responsable de obras tiene la responsabilidad de erigir espacios inspiradores dise\u00f1ados para fomentar la innovaci\u00f3n y el avance cient\u00edfico.\" \/>\n<meta name=\"robots\" content=\"index, follow, max-snippet:-1, max-image-preview:large, max-video-preview:-1\" \/>\n<link rel=\"canonical\" href=\"https:\/\/www.pcb.ub.edu\/es\/anna-mezquita-responsable-de-obras-nuestra-premisa-es-que-manda-la-sostenibilidad-sobre-la-estetica\/\" \/>\n<meta property=\"og:locale\" content=\"es_ES\" \/>\n<meta property=\"og:type\" content=\"article\" \/>\n<meta property=\"og:title\" content=\"Anna Mezquita, jefa de Obras: &quot;Nuestra premisa es que manda la sostenibilidad sobre la est\u00e9tica&quot; - Parc Cient\u00edfic de Barcelona\" \/>\n<meta property=\"og:description\" content=\"La responsable de obras tiene la responsabilidad de erigir espacios inspiradores dise\u00f1ados para fomentar la innovaci\u00f3n y el avance cient\u00edfico.\" \/>\n<meta property=\"og:url\" content=\"https:\/\/www.pcb.ub.edu\/es\/anna-mezquita-responsable-de-obras-nuestra-premisa-es-que-manda-la-sostenibilidad-sobre-la-estetica\/\" \/>\n<meta property=\"og:site_name\" content=\"Parc Cient\u00edfic de Barcelona\" \/>\n<meta property=\"article:published_time\" content=\"2025-09-16T14:58:50+00:00\" \/>\n<meta property=\"article:modified_time\" content=\"2025-09-18T07:50:21+00:00\" \/>\n<meta property=\"og:image\" content=\"https:\/\/www.pcb.ub.edu\/wp-content\/uploads\/2025\/09\/Adobe-Express-file-44.jpg\" \/>\n\t<meta property=\"og:image:width\" content=\"900\" \/>\n\t<meta property=\"og:image:height\" content=\"330\" \/>\n\t<meta property=\"og:image:type\" content=\"image\/jpeg\" \/>\n<meta name=\"author\" content=\"Paula Ca\u00f1al\" \/>\n<meta name=\"twitter:card\" content=\"summary_large_image\" \/>\n<meta name=\"twitter:label1\" content=\"Escrito por\" \/>\n\t<meta name=\"twitter:data1\" content=\"Paula Ca\u00f1al\" \/>\n\t<meta name=\"twitter:label2\" content=\"Tiempo de lectura\" \/>\n\t<meta name=\"twitter:data2\" content=\"5 minutos\" \/>\n<script type=\"application\/ld+json\" class=\"yoast-schema-graph\">{\"@context\":\"https:\\\/\\\/schema.org\",\"@graph\":[{\"@type\":\"Article\",\"@id\":\"https:\\\/\\\/www.pcb.ub.edu\\\/es\\\/anna-mezquita-responsable-de-obras-nuestra-premisa-es-que-manda-la-sostenibilidad-sobre-la-estetica\\\/#article\",\"isPartOf\":{\"@id\":\"https:\\\/\\\/www.pcb.ub.edu\\\/es\\\/anna-mezquita-responsable-de-obras-nuestra-premisa-es-que-manda-la-sostenibilidad-sobre-la-estetica\\\/\"},\"author\":{\"name\":\"Paula Ca\u00f1al\",\"@id\":\"https:\\\/\\\/www.pcb.ub.edu\\\/es\\\/#\\\/schema\\\/person\\\/dece7d71551633ff3423502f3e384c6a\"},\"headline\":\"Anna Mezquita, jefa de Obras: \u00abNuestra premisa es que manda la sostenibilidad sobre la est\u00e9tica\u00bb\",\"datePublished\":\"2025-09-16T14:58:50+00:00\",\"dateModified\":\"2025-09-18T07:50:21+00:00\",\"mainEntityOfPage\":{\"@id\":\"https:\\\/\\\/www.pcb.ub.edu\\\/es\\\/anna-mezquita-responsable-de-obras-nuestra-premisa-es-que-manda-la-sostenibilidad-sobre-la-estetica\\\/\"},\"wordCount\":922,\"image\":{\"@id\":\"https:\\\/\\\/www.pcb.ub.edu\\\/es\\\/anna-mezquita-responsable-de-obras-nuestra-premisa-es-que-manda-la-sostenibilidad-sobre-la-estetica\\\/#primaryimage\"},\"thumbnailUrl\":\"https:\\\/\\\/www.pcb.ub.edu\\\/wp-content\\\/uploads\\\/2025\\\/09\\\/Adobe-Express-file-44.jpg\",\"articleSection\":[\"PCB\"],\"inLanguage\":\"es\"},{\"@type\":\"WebPage\",\"@id\":\"https:\\\/\\\/www.pcb.ub.edu\\\/es\\\/anna-mezquita-responsable-de-obras-nuestra-premisa-es-que-manda-la-sostenibilidad-sobre-la-estetica\\\/\",\"url\":\"https:\\\/\\\/www.pcb.ub.edu\\\/es\\\/anna-mezquita-responsable-de-obras-nuestra-premisa-es-que-manda-la-sostenibilidad-sobre-la-estetica\\\/\",\"name\":\"Anna Mezquita, jefa de Obras: \\\"Nuestra premisa es que manda la sostenibilidad sobre la est\u00e9tica\\\" - Parc Cient\u00edfic de Barcelona\",\"isPartOf\":{\"@id\":\"https:\\\/\\\/www.pcb.ub.edu\\\/es\\\/#website\"},\"primaryImageOfPage\":{\"@id\":\"https:\\\/\\\/www.pcb.ub.edu\\\/es\\\/anna-mezquita-responsable-de-obras-nuestra-premisa-es-que-manda-la-sostenibilidad-sobre-la-estetica\\\/#primaryimage\"},\"image\":{\"@id\":\"https:\\\/\\\/www.pcb.ub.edu\\\/es\\\/anna-mezquita-responsable-de-obras-nuestra-premisa-es-que-manda-la-sostenibilidad-sobre-la-estetica\\\/#primaryimage\"},\"thumbnailUrl\":\"https:\\\/\\\/www.pcb.ub.edu\\\/wp-content\\\/uploads\\\/2025\\\/09\\\/Adobe-Express-file-44.jpg\",\"datePublished\":\"2025-09-16T14:58:50+00:00\",\"dateModified\":\"2025-09-18T07:50:21+00:00\",\"author\":{\"@id\":\"https:\\\/\\\/www.pcb.ub.edu\\\/es\\\/#\\\/schema\\\/person\\\/dece7d71551633ff3423502f3e384c6a\"},\"description\":\"La responsable de obras tiene la responsabilidad de erigir espacios inspiradores dise\u00f1ados para fomentar la innovaci\u00f3n y el avance cient\u00edfico.\",\"breadcrumb\":{\"@id\":\"https:\\\/\\\/www.pcb.ub.edu\\\/es\\\/anna-mezquita-responsable-de-obras-nuestra-premisa-es-que-manda-la-sostenibilidad-sobre-la-estetica\\\/#breadcrumb\"},\"inLanguage\":\"es\",\"potentialAction\":[{\"@type\":\"ReadAction\",\"target\":[\"https:\\\/\\\/www.pcb.ub.edu\\\/es\\\/anna-mezquita-responsable-de-obras-nuestra-premisa-es-que-manda-la-sostenibilidad-sobre-la-estetica\\\/\"]}]},{\"@type\":\"ImageObject\",\"inLanguage\":\"es\",\"@id\":\"https:\\\/\\\/www.pcb.ub.edu\\\/es\\\/anna-mezquita-responsable-de-obras-nuestra-premisa-es-que-manda-la-sostenibilidad-sobre-la-estetica\\\/#primaryimage\",\"url\":\"https:\\\/\\\/www.pcb.ub.edu\\\/wp-content\\\/uploads\\\/2025\\\/09\\\/Adobe-Express-file-44.jpg\",\"contentUrl\":\"https:\\\/\\\/www.pcb.ub.edu\\\/wp-content\\\/uploads\\\/2025\\\/09\\\/Adobe-Express-file-44.jpg\",\"width\":900,\"height\":330},{\"@type\":\"BreadcrumbList\",\"@id\":\"https:\\\/\\\/www.pcb.ub.edu\\\/es\\\/anna-mezquita-responsable-de-obras-nuestra-premisa-es-que-manda-la-sostenibilidad-sobre-la-estetica\\\/#breadcrumb\",\"itemListElement\":[{\"@type\":\"ListItem\",\"position\":1,\"name\":\"Home\",\"item\":\"https:\\\/\\\/www.pcb.ub.edu\\\/es\\\/\"},{\"@type\":\"ListItem\",\"position\":2,\"name\":\"Anna Mezquita, jefa de Obras: &#8220;Nuestra premisa es que manda la sostenibilidad sobre la est\u00e9tica&#8221;\"}]},{\"@type\":\"WebSite\",\"@id\":\"https:\\\/\\\/www.pcb.ub.edu\\\/es\\\/#website\",\"url\":\"https:\\\/\\\/www.pcb.ub.edu\\\/es\\\/\",\"name\":\"Parc Cient\u00edfic de Barcelona\",\"description\":\"Universitat de Barcelona\",\"potentialAction\":[{\"@type\":\"SearchAction\",\"target\":{\"@type\":\"EntryPoint\",\"urlTemplate\":\"https:\\\/\\\/www.pcb.ub.edu\\\/es\\\/?s={search_term_string}\"},\"query-input\":{\"@type\":\"PropertyValueSpecification\",\"valueRequired\":true,\"valueName\":\"search_term_string\"}}],\"inLanguage\":\"es\"},{\"@type\":\"Person\",\"@id\":\"https:\\\/\\\/www.pcb.ub.edu\\\/es\\\/#\\\/schema\\\/person\\\/dece7d71551633ff3423502f3e384c6a\",\"name\":\"Paula Ca\u00f1al\",\"image\":{\"@type\":\"ImageObject\",\"inLanguage\":\"es\",\"@id\":\"https:\\\/\\\/secure.gravatar.com\\\/avatar\\\/b994665ec600f20526048e5d98eab6b8aa5e116b6fe2101daebcb986872bd355?s=96&d=mm&r=g\",\"url\":\"https:\\\/\\\/secure.gravatar.com\\\/avatar\\\/b994665ec600f20526048e5d98eab6b8aa5e116b6fe2101daebcb986872bd355?s=96&d=mm&r=g\",\"contentUrl\":\"https:\\\/\\\/secure.gravatar.com\\\/avatar\\\/b994665ec600f20526048e5d98eab6b8aa5e116b6fe2101daebcb986872bd355?s=96&d=mm&r=g\",\"caption\":\"Paula Ca\u00f1al\"},\"url\":\"https:\\\/\\\/www.pcb.ub.edu\\\/es\\\/author\\\/paula\\\/\"}]}<\/script>\n<!-- \/ Yoast SEO plugin. -->","yoast_head_json":{"title":"Anna Mezquita, jefa de Obras: \"Nuestra premisa es que manda la sostenibilidad sobre la est\u00e9tica\" - Parc Cient\u00edfic de Barcelona","description":"La responsable de obras tiene la responsabilidad de erigir espacios inspiradores dise\u00f1ados para fomentar la innovaci\u00f3n y el avance cient\u00edfico.","robots":{"index":"index","follow":"follow","max-snippet":"max-snippet:-1","max-image-preview":"max-image-preview:large","max-video-preview":"max-video-preview:-1"},"canonical":"https:\/\/www.pcb.ub.edu\/es\/anna-mezquita-responsable-de-obras-nuestra-premisa-es-que-manda-la-sostenibilidad-sobre-la-estetica\/","og_locale":"es_ES","og_type":"article","og_title":"Anna Mezquita, jefa de Obras: \"Nuestra premisa es que manda la sostenibilidad sobre la est\u00e9tica\" - Parc Cient\u00edfic de Barcelona","og_description":"La responsable de obras tiene la responsabilidad de erigir espacios inspiradores dise\u00f1ados para fomentar la innovaci\u00f3n y el avance cient\u00edfico.","og_url":"https:\/\/www.pcb.ub.edu\/es\/anna-mezquita-responsable-de-obras-nuestra-premisa-es-que-manda-la-sostenibilidad-sobre-la-estetica\/","og_site_name":"Parc Cient\u00edfic de Barcelona","article_published_time":"2025-09-16T14:58:50+00:00","article_modified_time":"2025-09-18T07:50:21+00:00","og_image":[{"width":900,"height":330,"url":"https:\/\/www.pcb.ub.edu\/wp-content\/uploads\/2025\/09\/Adobe-Express-file-44.jpg","type":"image\/jpeg"}],"author":"Paula Ca\u00f1al","twitter_card":"summary_large_image","twitter_misc":{"Escrito por":"Paula Ca\u00f1al","Tiempo de lectura":"5 minutos"},"schema":{"@context":"https:\/\/schema.org","@graph":[{"@type":"Article","@id":"https:\/\/www.pcb.ub.edu\/es\/anna-mezquita-responsable-de-obras-nuestra-premisa-es-que-manda-la-sostenibilidad-sobre-la-estetica\/#article","isPartOf":{"@id":"https:\/\/www.pcb.ub.edu\/es\/anna-mezquita-responsable-de-obras-nuestra-premisa-es-que-manda-la-sostenibilidad-sobre-la-estetica\/"},"author":{"name":"Paula Ca\u00f1al","@id":"https:\/\/www.pcb.ub.edu\/es\/#\/schema\/person\/dece7d71551633ff3423502f3e384c6a"},"headline":"Anna Mezquita, jefa de Obras: \u00abNuestra premisa es que manda la sostenibilidad sobre la est\u00e9tica\u00bb","datePublished":"2025-09-16T14:58:50+00:00","dateModified":"2025-09-18T07:50:21+00:00","mainEntityOfPage":{"@id":"https:\/\/www.pcb.ub.edu\/es\/anna-mezquita-responsable-de-obras-nuestra-premisa-es-que-manda-la-sostenibilidad-sobre-la-estetica\/"},"wordCount":922,"image":{"@id":"https:\/\/www.pcb.ub.edu\/es\/anna-mezquita-responsable-de-obras-nuestra-premisa-es-que-manda-la-sostenibilidad-sobre-la-estetica\/#primaryimage"},"thumbnailUrl":"https:\/\/www.pcb.ub.edu\/wp-content\/uploads\/2025\/09\/Adobe-Express-file-44.jpg","articleSection":["PCB"],"inLanguage":"es"},{"@type":"WebPage","@id":"https:\/\/www.pcb.ub.edu\/es\/anna-mezquita-responsable-de-obras-nuestra-premisa-es-que-manda-la-sostenibilidad-sobre-la-estetica\/","url":"https:\/\/www.pcb.ub.edu\/es\/anna-mezquita-responsable-de-obras-nuestra-premisa-es-que-manda-la-sostenibilidad-sobre-la-estetica\/","name":"Anna Mezquita, jefa de Obras: \"Nuestra premisa es que manda la sostenibilidad sobre la est\u00e9tica\" - Parc Cient\u00edfic de Barcelona","isPartOf":{"@id":"https:\/\/www.pcb.ub.edu\/es\/#website"},"primaryImageOfPage":{"@id":"https:\/\/www.pcb.ub.edu\/es\/anna-mezquita-responsable-de-obras-nuestra-premisa-es-que-manda-la-sostenibilidad-sobre-la-estetica\/#primaryimage"},"image":{"@id":"https:\/\/www.pcb.ub.edu\/es\/anna-mezquita-responsable-de-obras-nuestra-premisa-es-que-manda-la-sostenibilidad-sobre-la-estetica\/#primaryimage"},"thumbnailUrl":"https:\/\/www.pcb.ub.edu\/wp-content\/uploads\/2025\/09\/Adobe-Express-file-44.jpg","datePublished":"2025-09-16T14:58:50+00:00","dateModified":"2025-09-18T07:50:21+00:00","author":{"@id":"https:\/\/www.pcb.ub.edu\/es\/#\/schema\/person\/dece7d71551633ff3423502f3e384c6a"},"description":"La responsable de obras tiene la responsabilidad de erigir espacios inspiradores dise\u00f1ados para fomentar la innovaci\u00f3n y el avance cient\u00edfico.","breadcrumb":{"@id":"https:\/\/www.pcb.ub.edu\/es\/anna-mezquita-responsable-de-obras-nuestra-premisa-es-que-manda-la-sostenibilidad-sobre-la-estetica\/#breadcrumb"},"inLanguage":"es","potentialAction":[{"@type":"ReadAction","target":["https:\/\/www.pcb.ub.edu\/es\/anna-mezquita-responsable-de-obras-nuestra-premisa-es-que-manda-la-sostenibilidad-sobre-la-estetica\/"]}]},{"@type":"ImageObject","inLanguage":"es","@id":"https:\/\/www.pcb.ub.edu\/es\/anna-mezquita-responsable-de-obras-nuestra-premisa-es-que-manda-la-sostenibilidad-sobre-la-estetica\/#primaryimage","url":"https:\/\/www.pcb.ub.edu\/wp-content\/uploads\/2025\/09\/Adobe-Express-file-44.jpg","contentUrl":"https:\/\/www.pcb.ub.edu\/wp-content\/uploads\/2025\/09\/Adobe-Express-file-44.jpg","width":900,"height":330},{"@type":"BreadcrumbList","@id":"https:\/\/www.pcb.ub.edu\/es\/anna-mezquita-responsable-de-obras-nuestra-premisa-es-que-manda-la-sostenibilidad-sobre-la-estetica\/#breadcrumb","itemListElement":[{"@type":"ListItem","position":1,"name":"Home","item":"https:\/\/www.pcb.ub.edu\/es\/"},{"@type":"ListItem","position":2,"name":"Anna Mezquita, jefa de Obras: &#8220;Nuestra premisa es que manda la sostenibilidad sobre la est\u00e9tica&#8221;"}]},{"@type":"WebSite","@id":"https:\/\/www.pcb.ub.edu\/es\/#website","url":"https:\/\/www.pcb.ub.edu\/es\/","name":"Parc Cient\u00edfic de Barcelona","description":"Universitat de Barcelona","potentialAction":[{"@type":"SearchAction","target":{"@type":"EntryPoint","urlTemplate":"https:\/\/www.pcb.ub.edu\/es\/?s={search_term_string}"},"query-input":{"@type":"PropertyValueSpecification","valueRequired":true,"valueName":"search_term_string"}}],"inLanguage":"es"},{"@type":"Person","@id":"https:\/\/www.pcb.ub.edu\/es\/#\/schema\/person\/dece7d71551633ff3423502f3e384c6a","name":"Paula Ca\u00f1al","image":{"@type":"ImageObject","inLanguage":"es","@id":"https:\/\/secure.gravatar.com\/avatar\/b994665ec600f20526048e5d98eab6b8aa5e116b6fe2101daebcb986872bd355?s=96&d=mm&r=g","url":"https:\/\/secure.gravatar.com\/avatar\/b994665ec600f20526048e5d98eab6b8aa5e116b6fe2101daebcb986872bd355?s=96&d=mm&r=g","contentUrl":"https:\/\/secure.gravatar.com\/avatar\/b994665ec600f20526048e5d98eab6b8aa5e116b6fe2101daebcb986872bd355?s=96&d=mm&r=g","caption":"Paula Ca\u00f1al"},"url":"https:\/\/www.pcb.ub.edu\/es\/author\/paula\/"}]}},"_links":{"self":[{"href":"https:\/\/www.pcb.ub.edu\/es\/wp-json\/wp\/v2\/posts\/106240","targetHints":{"allow":["GET"]}}],"collection":[{"href":"https:\/\/www.pcb.ub.edu\/es\/wp-json\/wp\/v2\/posts"}],"about":[{"href":"https:\/\/www.pcb.ub.edu\/es\/wp-json\/wp\/v2\/types\/post"}],"author":[{"embeddable":true,"href":"https:\/\/www.pcb.ub.edu\/es\/wp-json\/wp\/v2\/users\/14"}],"replies":[{"embeddable":true,"href":"https:\/\/www.pcb.ub.edu\/es\/wp-json\/wp\/v2\/comments?post=106240"}],"version-history":[{"count":2,"href":"https:\/\/www.pcb.ub.edu\/es\/wp-json\/wp\/v2\/posts\/106240\/revisions"}],"predecessor-version":[{"id":106308,"href":"https:\/\/www.pcb.ub.edu\/es\/wp-json\/wp\/v2\/posts\/106240\/revisions\/106308"}],"wp:featuredmedia":[{"embeddable":true,"href":"https:\/\/www.pcb.ub.edu\/es\/wp-json\/wp\/v2\/media\/106248"}],"wp:attachment":[{"href":"https:\/\/www.pcb.ub.edu\/es\/wp-json\/wp\/v2\/media?parent=106240"}],"wp:term":[{"taxonomy":"category","embeddable":true,"href":"https:\/\/www.pcb.ub.edu\/es\/wp-json\/wp\/v2\/categories?post=106240"},{"taxonomy":"post_tag","embeddable":true,"href":"https:\/\/www.pcb.ub.edu\/es\/wp-json\/wp\/v2\/tags?post=106240"}],"curies":[{"name":"wp","href":"https:\/\/api.w.org\/{rel}","templated":true}]}}