{"id":106233,"date":"2025-09-16T15:51:56","date_gmt":"2025-09-16T13:51:56","guid":{"rendered":"https:\/\/www.pcb.ub.edu\/carolina-aguilar-ceo-y-cofundadora-de-inbrain-neuroelectronics-las-personas-son-lo-primero-en-una-empresa-antes-que-cualquier-producto\/"},"modified":"2025-09-18T08:50:29","modified_gmt":"2025-09-18T06:50:29","slug":"carolina-aguilar-ceo-y-cofundadora-de-inbrain-neuroelectronics-las-personas-son-lo-primero-en-una-empresa-antes-que-cualquier-producto","status":"publish","type":"post","link":"https:\/\/www.pcb.ub.edu\/es\/carolina-aguilar-ceo-y-cofundadora-de-inbrain-neuroelectronics-las-personas-son-lo-primero-en-una-empresa-antes-que-cualquier-producto\/","title":{"rendered":"Carolina Aguilar, CEO y cofundadora de INBRAIN Neuroelectronics: \u00abLas personas son lo primero en una empresa, antes que cualquier producto\u00bb"},"content":{"rendered":"<p><strong>Su pasi\u00f3n por el trabajo es profundamente inspiradora. Se define como creadora de equipos ganadores, innovadora y en constante aprendizaje. Su determinaci\u00f3n refleja la vocaci\u00f3n por cambiar la vida de las personas, como las de los pacientes con Parkinson, enfermedad que sigue de cerca desde su etapa como investigadora en Estados Unidos. Ahora, como CEO de <a href=\"https:\/\/www.pcb.ub.edu\/es\/empresa\/inbrain-neuroelectronics\/\" target=\"_blank\" rel=\"noopener\">INBRAIN Neuroelectronics<\/a>, tiene como objetivo revolucionar las terapias neurol\u00f3gicas con su interfaz cerebro-ordenador de neurolog\u00eda de precisi\u00f3n en tiempo real.\u00a0<\/strong><\/p>\n<p><strong>Vuestra misi\u00f3n es decodificar y modular todo el sistema nervioso. \u00bfQu\u00e9 alcance tiene realmente vuestra tecnolog\u00eda?<\/strong><\/p>\n<p>Estamos desarrollando una tecnolog\u00eda de precisi\u00f3n mediante un implante de grafeno, un material semiconductor que permite crear dispositivos muy peque\u00f1os. Este implante, colocado en el cr\u00e1neo, cuenta con sensores capaces de diagnosticar y tratar en tiempo real. Es como tener un mini neur\u00f3logo en el cerebro, que detecta problemas y act\u00faa justo cuando es necesario.<\/p>\n<p><strong>Sois pioneros en implantes cerebrales de grafeno, que ya hab\u00e9is probado con \u00e9xito en un paciente con c\u00e1ncer. Tambi\u00e9n pueden surgir aplicaciones prometedoras en epilepsia, Parkinson e ictus. \u00bfC\u00f3mo surgi\u00f3 la idea?<\/strong><\/p>\n<p>El m\u00e9rito no es m\u00edo, sino de los cofundadores originales, Jos\u00e9 Garrido, Kostas Kostarelos y Ant\u00f3n Guimer\u00e0, que iniciaron esta tecnolog\u00eda hace 20 a\u00f1os, primero con diamantes y despu\u00e9s con grafeno. Entendieron que para modular el cerebro es clave obtener informaci\u00f3n precisa de su actividad, y el grafeno permite ver el cerebro en alta resoluci\u00f3n y de manera bidireccional, algo que facilita el desarrollo de implantes cr\u00f3nicos y seguros que no se degradan con el tiempo. El grafeno permite miniaturizar sensores a escala microm\u00e9trica, consiguiendo una comunicaci\u00f3n directa con las neuronas mediante bioelectricidad, algo que los materiales tradicionales, como el platino o el iridio, no pueden hacer.<\/p>\n<p><strong>\u00bfCu\u00e1nta informaci\u00f3n puede proporcionar el implante? \u00bfHablamos de tratamiento o tambi\u00e9n puede realizar un control y seguimiento del paciente?<\/strong><\/p>\n<p>Para poder crear un tratamiento, hay que tener en cuenta que leer el cerebro es lo mismo que diagnosticar, mientras que escribir, es decir, estimularlo, es lo que consigue tratar. La bidireccionalidad de los sensores es lo que nos permite desarrollar una terapia y en el caso de enfermedades neurodegenerativas que afectan al sistema nervioso central, como el Parkinson, lo que podemos hacer es ir adaptando la terapia a la neurodegeneraci\u00f3n de cada paciente. Por ejemplo, si un paciente consume algo que afecta su medicaci\u00f3n y sufre un episodio de par\u00e1lisis temporal, podemos detectar lo que est\u00e1 sucediendo y ayudarle a recuperarse para que vuelva a caminar con normalidad.<\/p>\n<p><strong>Y hablando del Parkinson, \u00bfpod\u00e9is detener la degeneraci\u00f3n?<\/strong><\/p>\n<p>Por ahora no, pero quiz\u00e1 en el futuro. Lo que podemos hacer hoy es que gracias al grafeno podemos ver lo que nos dice el cerebro como lo har\u00edamos con un microscopio de alt\u00edsima resoluci\u00f3n y gracias a los sensores del implante, podemos procesar una gran cantidad de datos. Esta informaci\u00f3n nos indica, en tiempo real, qu\u00e9 efecto adverso tenemos que tratar en cada paciente. Para que funcione, todos esos biomarcadores patol\u00f3gicos deben seleccionarse en cuesti\u00f3n de milisegundos y por eso estamos utilizando inteligencia artificial, <em>machine learning<\/em>, que nos ayudar\u00e1 a determinar la acci\u00f3n correcta para cada paciente.<\/p>\n<p><strong>\u00bfCu\u00e1les son los principales retos del grafeno en implantes para su aprobaci\u00f3n m\u00e9dica?<\/strong><\/p>\n<p>En nuestro sector ya existen gigantes tecnol\u00f3gicos que en su momento comenzaron con el platino. En los a\u00f1os 80, el platino se enfrentaba al mismo desaf\u00edo que ahora tiene el grafeno: nunca se hab\u00eda implantado en el cerebro a nivel cr\u00f3nico. Esto nos ha proporcionado una especie de hoja de ruta para el grafeno y nos sirve de gu\u00eda. Adem\u00e1s, hemos obtenido la Food and Drug Aadminstration (FDA) Breakthrough Designation y el acceso al TAP Program, gracias al cual celebramos reuniones mensuales con la FDA con un equipo de expertos que nos va orientando. No nos dicen exactamente qu\u00e9 hacer, pero s\u00ed qu\u00e9 evitar. En este sector, perder tiempo es perder dinero y la oportunidad de innovar y ayudar a pacientes a tener una vida normal. Necesitamos que exista colaboraci\u00f3n, es humano y fundamental en el mundo, pero tambi\u00e9n debe haber independencia y competitividad.<\/p>\n<p><strong>La IA puede ya ha demostrado ser m\u00e1s eficaz que la estimulaci\u00f3n cerebral tradicional, \u00bfc\u00f3mo crees que puede revolucionar vuestro campo?<\/strong><\/p>\n<p>Lo que nosotros hacemos con IA se denomina aprendizaje por refuerzo. Es decir, ayudamos al algoritmo a aprender a crear la terapia. En el futuro, con los modelos de lenguaje grandes, podremos interactuar con nuestro implante para obtener informaci\u00f3n y que nos ayude a recordar la medicaci\u00f3n, por ejemplo. Con un mayor poder de computaci\u00f3n y la capacidad de entrenar algoritmos m\u00e1s avanzados, podremos desarrollar aplicaciones y hacer correlaciones m\u00e1s complejas que nos ayuden a tratar al paciente con una mayor cantidad de datos. Creo que somos una de las compa\u00f1\u00edas de interfaces cerebro-computadora m\u00e1s avanzadas en cuanto a <em>machine learning<\/em>, porque no solo contamos con m\u00e1s datos del sistema nervioso central, sino tambi\u00e9n del perif\u00e9rico, y porque estamos creando terapias. Nuestros competidores solo diagnostican, es decir, solo leen los datos para crear procesos de comunicaci\u00f3n como mandar un tweet o encender las luces de su casa con el pensamiento, pero sin crear una terapia.<\/p>\n<p><strong>Cuando hablamos de la competencia, \u00bfte refieres a Elon Musk?<\/strong><\/p>\n<p>Uno de ellos es Elon Musk. Luego hay muchos cofundadores de Neuralink que salieron de la empresa y crearon otras compa\u00f1\u00edas muy competitivas, como Precision Neuroscience o Science Corporation, pero hay m\u00e1s.<\/p>\n<p><strong>A finales del pasado a\u00f1o, la revista <em>Science<\/em> os nombr\u00f3 como una de las empresas medtech m\u00e1s prometedoras en el campo de la neurolog\u00eda \u00bfC\u00f3mo cre\u00e9is que el grafeno liderar\u00e1 la innovaci\u00f3n tecnol\u00f3gica en los pr\u00f3ximos a\u00f1os?<\/strong><\/p>\n<p>Recientemente, se public\u00f3 un ranking de las 100 mejores compa\u00f1\u00edas de interfaz cerebro-computadora, y somos cuartos a nivel mundial por encima de Neuralink y primeros en Europa. El grafeno nos brinda una ventaja competitiva clave, pero no es lo \u00fanico. Lo m\u00e1s importante es que el sistema funcione de manera intuitiva y simple para el mayor n\u00famero de personas posible. No se trata solo del material, sino de c\u00f3mo se integra en un sistema inteligente que empodere a los pacientes. Al final, los pacientes solo ven a sus m\u00e9dicos dos veces al a\u00f1o para hacer un seguimiento. \u00bfY qu\u00e9 puede hacer un m\u00e9dico en 15 minutos? No sabe lo que sucede en tu d\u00eda a d\u00eda. Por eso, cuanto m\u00e1s podamos gestionar nuestra propia salud, mejor. Es una cuesti\u00f3n de autocuidado con la ayuda del equipo m\u00e9dico. Los pacientes han estado privados de sus propios datos, y tambi\u00e9n los necesitan para gestionar su enfermedad.<\/p>\n<p><strong>Hab\u00e9is levantado una gran inversi\u00f3n y expandido el equipo a m\u00e1s de 70 personas de 20 pa\u00edses. \u00bfQu\u00e9 desaf\u00edos ha supuesto este crecimiento?<\/strong><\/p>\n<p>Tengo la convicci\u00f3n de que las personas son lo primero en toda empresa, antes que cualquier producto. Un verdadero equipo es un grupo de personas que consiguen influir de manera positiva. Encontrar la combinaci\u00f3n adecuada para ese prop\u00f3sito es como encontrar pareja, no sucede de la noche a la ma\u00f1ana. Hay que saber lo que se quiere, tener claro el rumbo y compartir un proyecto com\u00fan. Un valor que fomentamos es el <em>game changer<\/em>, es decir, personas que no se rinden y que, aunque se caigan, siempre se vuelven a levantar. Buscamos a personas con convicciones fuertes que compartan nuestro prop\u00f3sito y que est\u00e9n dispuestas a comprometerse.<\/p>\n<p><strong>En el \u00e1mbito de la biotecnolog\u00eda, \u00bfos encontr\u00e1is con talento joven que busca formar parte de una ciencia m\u00e1s pr\u00f3xima a la sociedad que antes?<\/strong><\/p>\n<p>En general, veo una desmotivaci\u00f3n generacional entre los j\u00f3venes y creo que tenemos la responsabilidad de crear misiones importantes para crear esa motivaci\u00f3n. Desde INBRAIN intentamos atraer a gente formada para que tenga la oportunidad de formar parte de nuestra misi\u00f3n y sentirse motivada, Siempre lo digo, pero creo que en Espa\u00f1a y en Europa, hemos invertido mucho tiempo y dinero en investigaci\u00f3n con publicaciones alucinantes, que luego se han quedado en un caj\u00f3n. Necesitamos crear tejido industrial y trasladar la investigaci\u00f3n al desarrollo. Una terapia, por muy espectacular que sea sobre el papel, tiene que llegar a la vida de las personas y debemos ofrecerles a los j\u00f3venes esa forma de pensar y de actuar.<\/p>\n<p><strong>Leyendo tu biograf\u00eda, la tuya es una historia de valent\u00eda y determinaci\u00f3n. \u00bfCrees que son habilidades esenciales para emprender?<\/strong><\/p>\n<p>S\u00ed, no puedes tener miedo. El miedo te paraliza y no te lleva a ning\u00fan sitio. Siempre me digo a m\u00ed misma que la vida est\u00e1 al otro lado del miedo. He viajado sola a India y a otros pa\u00edses, y ves de todo, pero \u00bfcu\u00e1l es la alternativa? Yo prefiero probar y experimentar. Hay una canci\u00f3n que dice, \u00abhaz algo cada d\u00eda que te asuste\u00bb. Tendemos a seguir la misma rutina, como ir siempre al supermercado por la misma calle o comer lo mismo, pero hay que atreverse a salir, a aprender, a no quedarnos en nuestro c\u00edrculo m\u00e1s cercano.<\/p>\n<p><strong>INBRAIN se encuentra en una fase de crecimiento tanto en infraestructuras como en equipo. \u00bfHacia d\u00f3nde dirig\u00eds vuestra evoluci\u00f3n?<\/strong><\/p>\n<p>El a\u00f1o pasado logramos un hito incre\u00edble al implantar por primera vez una interfaz de grafeno en el cerebro humano. Fue en Manchester, donde hay una comunidad cient\u00edfica muy fuerte en grafeno, puesto que el premio Nobel de Grafeno se consigui\u00f3 all\u00ed, y gracias a eso conseguimos cerrar una gran ronda de financiaci\u00f3n importante y sostenible. Ahora nuestro reto es llevar esta tecnolog\u00eda a un uso cr\u00f3nico, porque el primer implante fue algo puntual que pudimos hacer durante una cirug\u00eda de resecci\u00f3n tumoral. Para hacerlo posible, necesitamos sumar talento que nos ayude a avanzar de forma segura cumpliendo con la regulaci\u00f3n. Hasta ahora, hemos trabajado en el Centro Nacional de Microelectr\u00f3nica (CNM), que cuenta con una infraestructura excelente pero m\u00e1s orientada a la investigaci\u00f3n. Para ser m\u00e1s independientes, buscamos nuestra propia instalaci\u00f3n y, en este sentido, el proyecto InnoFab, que busca desarrollar salas blancas avanzadas para la industria de semiconductores, es una iniciativa clave con la que estamos alineados para seguir industrializando Europa y lograr cambiar el mundo de forma positiva desde donde antes no era posible.<\/p>\n","protected":false},"excerpt":{"rendered":"<p>Su pasi\u00f3n por el trabajo es profundamente inspiradora. Se define como creadora de equipos ganadores, innovadora y en constante aprendizaje. Su determinaci\u00f3n refleja la vocaci\u00f3n por cambiar la vida de&#8230;<\/p>\n","protected":false},"author":1,"featured_media":104051,"comment_status":"closed","ping_status":"closed","sticky":false,"template":"","format":"standard","meta":{"_acf_changed":false,"inline_featured_image":false,"footnotes":""},"categories":[37],"tags":[339],"class_list":["post-106233","post","type-post","status-publish","format-standard","has-post-thumbnail","category-pcb","tag-inbrain"],"acf":[],"yoast_head":"<!-- This site is optimized with the Yoast SEO plugin v27.3 - https:\/\/yoast.com\/product\/yoast-seo-wordpress\/ -->\n<title>Carolina Aguilar, CEO y cofundadora de INBRAIN Neuroelectronics: &quot;Las personas son lo primero en una empresa, antes que cualquier producto&quot; - Parc Cient\u00edfic de Barcelona<\/title>\n<meta name=\"description\" content=\"Como CEO, tiene el objetivo de revolucionar las terapias neurol\u00f3gicas con su interfaz cerebro-ordenador de precisi\u00f3n en tiempo real.\" \/>\n<meta name=\"robots\" content=\"index, follow, max-snippet:-1, max-image-preview:large, max-video-preview:-1\" \/>\n<link rel=\"canonical\" href=\"https:\/\/www.pcb.ub.edu\/carolina-aguilar-ceo-i-cofundadora-dinbrain-neuroelectronics-les-persones-son-el-primer-en-una-empresa-abans-que-qualsevol-producte\/\" \/>\n<meta property=\"og:locale\" content=\"es_ES\" \/>\n<meta property=\"og:type\" content=\"article\" \/>\n<meta property=\"og:title\" content=\"Carolina Aguilar, CEO y cofundadora de INBRAIN Neuroelectronics: &quot;Las personas son lo primero en una empresa, antes que cualquier producto&quot; - Parc Cient\u00edfic de Barcelona\" \/>\n<meta property=\"og:description\" content=\"Como CEO, tiene el objetivo de revolucionar las terapias neurol\u00f3gicas con su interfaz cerebro-ordenador de precisi\u00f3n en tiempo real.\" \/>\n<meta property=\"og:url\" content=\"https:\/\/www.pcb.ub.edu\/carolina-aguilar-ceo-i-cofundadora-dinbrain-neuroelectronics-les-persones-son-el-primer-en-una-empresa-abans-que-qualsevol-producte\/\" \/>\n<meta property=\"og:site_name\" content=\"Parc Cient\u00edfic de Barcelona\" \/>\n<meta property=\"article:published_time\" content=\"2025-09-16T13:51:56+00:00\" \/>\n<meta property=\"article:modified_time\" content=\"2025-09-18T06:50:29+00:00\" \/>\n<meta property=\"og:image\" content=\"https:\/\/www.pcb.ub.edu\/wp-content\/uploads\/2025\/05\/Adobe-Express-file-37.jpg\" \/>\n\t<meta property=\"og:image:width\" content=\"900\" \/>\n\t<meta property=\"og:image:height\" content=\"330\" \/>\n\t<meta property=\"og:image:type\" content=\"image\/jpeg\" \/>\n<meta name=\"author\" content=\"adminpcb\" \/>\n<meta name=\"twitter:card\" content=\"summary_large_image\" \/>\n<meta name=\"twitter:label1\" content=\"Escrito por\" \/>\n\t<meta name=\"twitter:data1\" content=\"adminpcb\" \/>\n\t<meta name=\"twitter:label2\" content=\"Tiempo de lectura\" \/>\n\t<meta name=\"twitter:data2\" content=\"9 minutos\" \/>\n<script type=\"application\/ld+json\" class=\"yoast-schema-graph\">{\"@context\":\"https:\\\/\\\/schema.org\",\"@graph\":[{\"@type\":\"Article\",\"@id\":\"https:\\\/\\\/www.pcb.ub.edu\\\/carolina-aguilar-ceo-i-cofundadora-dinbrain-neuroelectronics-les-persones-son-el-primer-en-una-empresa-abans-que-qualsevol-producte\\\/#article\",\"isPartOf\":{\"@id\":\"https:\\\/\\\/www.pcb.ub.edu\\\/carolina-aguilar-ceo-i-cofundadora-dinbrain-neuroelectronics-les-persones-son-el-primer-en-una-empresa-abans-que-qualsevol-producte\\\/\"},\"author\":{\"name\":\"adminpcb\",\"@id\":\"https:\\\/\\\/www.pcb.ub.edu\\\/es\\\/#\\\/schema\\\/person\\\/d13cab05cd0a75b17fddca8496481021\"},\"headline\":\"Carolina Aguilar, CEO y cofundadora de INBRAIN Neuroelectronics: \u00abLas personas son lo primero en una empresa, antes que cualquier producto\u00bb\",\"datePublished\":\"2025-09-16T13:51:56+00:00\",\"dateModified\":\"2025-09-18T06:50:29+00:00\",\"mainEntityOfPage\":{\"@id\":\"https:\\\/\\\/www.pcb.ub.edu\\\/carolina-aguilar-ceo-i-cofundadora-dinbrain-neuroelectronics-les-persones-son-el-primer-en-una-empresa-abans-que-qualsevol-producte\\\/\"},\"wordCount\":1833,\"image\":{\"@id\":\"https:\\\/\\\/www.pcb.ub.edu\\\/carolina-aguilar-ceo-i-cofundadora-dinbrain-neuroelectronics-les-persones-son-el-primer-en-una-empresa-abans-que-qualsevol-producte\\\/#primaryimage\"},\"thumbnailUrl\":\"https:\\\/\\\/www.pcb.ub.edu\\\/wp-content\\\/uploads\\\/2025\\\/05\\\/Adobe-Express-file-37.jpg\",\"keywords\":[\"INBRAIN\"],\"articleSection\":[\"PCB\"],\"inLanguage\":\"es\"},{\"@type\":\"WebPage\",\"@id\":\"https:\\\/\\\/www.pcb.ub.edu\\\/carolina-aguilar-ceo-i-cofundadora-dinbrain-neuroelectronics-les-persones-son-el-primer-en-una-empresa-abans-que-qualsevol-producte\\\/\",\"url\":\"https:\\\/\\\/www.pcb.ub.edu\\\/carolina-aguilar-ceo-i-cofundadora-dinbrain-neuroelectronics-les-persones-son-el-primer-en-una-empresa-abans-que-qualsevol-producte\\\/\",\"name\":\"Carolina Aguilar, CEO y cofundadora de INBRAIN Neuroelectronics: \\\"Las personas son lo primero en una empresa, antes que cualquier producto\\\" - Parc Cient\u00edfic de Barcelona\",\"isPartOf\":{\"@id\":\"https:\\\/\\\/www.pcb.ub.edu\\\/es\\\/#website\"},\"primaryImageOfPage\":{\"@id\":\"https:\\\/\\\/www.pcb.ub.edu\\\/carolina-aguilar-ceo-i-cofundadora-dinbrain-neuroelectronics-les-persones-son-el-primer-en-una-empresa-abans-que-qualsevol-producte\\\/#primaryimage\"},\"image\":{\"@id\":\"https:\\\/\\\/www.pcb.ub.edu\\\/carolina-aguilar-ceo-i-cofundadora-dinbrain-neuroelectronics-les-persones-son-el-primer-en-una-empresa-abans-que-qualsevol-producte\\\/#primaryimage\"},\"thumbnailUrl\":\"https:\\\/\\\/www.pcb.ub.edu\\\/wp-content\\\/uploads\\\/2025\\\/05\\\/Adobe-Express-file-37.jpg\",\"datePublished\":\"2025-09-16T13:51:56+00:00\",\"dateModified\":\"2025-09-18T06:50:29+00:00\",\"author\":{\"@id\":\"https:\\\/\\\/www.pcb.ub.edu\\\/es\\\/#\\\/schema\\\/person\\\/d13cab05cd0a75b17fddca8496481021\"},\"description\":\"Como CEO, tiene el objetivo de revolucionar las terapias neurol\u00f3gicas con su interfaz cerebro-ordenador de precisi\u00f3n en tiempo real.\",\"breadcrumb\":{\"@id\":\"https:\\\/\\\/www.pcb.ub.edu\\\/carolina-aguilar-ceo-i-cofundadora-dinbrain-neuroelectronics-les-persones-son-el-primer-en-una-empresa-abans-que-qualsevol-producte\\\/#breadcrumb\"},\"inLanguage\":\"es\",\"potentialAction\":[{\"@type\":\"ReadAction\",\"target\":[\"https:\\\/\\\/www.pcb.ub.edu\\\/carolina-aguilar-ceo-i-cofundadora-dinbrain-neuroelectronics-les-persones-son-el-primer-en-una-empresa-abans-que-qualsevol-producte\\\/\"]}]},{\"@type\":\"ImageObject\",\"inLanguage\":\"es\",\"@id\":\"https:\\\/\\\/www.pcb.ub.edu\\\/carolina-aguilar-ceo-i-cofundadora-dinbrain-neuroelectronics-les-persones-son-el-primer-en-una-empresa-abans-que-qualsevol-producte\\\/#primaryimage\",\"url\":\"https:\\\/\\\/www.pcb.ub.edu\\\/wp-content\\\/uploads\\\/2025\\\/05\\\/Adobe-Express-file-37.jpg\",\"contentUrl\":\"https:\\\/\\\/www.pcb.ub.edu\\\/wp-content\\\/uploads\\\/2025\\\/05\\\/Adobe-Express-file-37.jpg\",\"width\":900,\"height\":330},{\"@type\":\"BreadcrumbList\",\"@id\":\"https:\\\/\\\/www.pcb.ub.edu\\\/carolina-aguilar-ceo-i-cofundadora-dinbrain-neuroelectronics-les-persones-son-el-primer-en-una-empresa-abans-que-qualsevol-producte\\\/#breadcrumb\",\"itemListElement\":[{\"@type\":\"ListItem\",\"position\":1,\"name\":\"Home\",\"item\":\"https:\\\/\\\/www.pcb.ub.edu\\\/es\\\/\"},{\"@type\":\"ListItem\",\"position\":2,\"name\":\"Carolina Aguilar, CEO y cofundadora de INBRAIN Neuroelectronics: &#8220;Las personas son lo primero en una empresa, antes que cualquier producto&#8221;\"}]},{\"@type\":\"WebSite\",\"@id\":\"https:\\\/\\\/www.pcb.ub.edu\\\/es\\\/#website\",\"url\":\"https:\\\/\\\/www.pcb.ub.edu\\\/es\\\/\",\"name\":\"Parc Cient\u00edfic de Barcelona\",\"description\":\"Universitat de Barcelona\",\"potentialAction\":[{\"@type\":\"SearchAction\",\"target\":{\"@type\":\"EntryPoint\",\"urlTemplate\":\"https:\\\/\\\/www.pcb.ub.edu\\\/es\\\/?s={search_term_string}\"},\"query-input\":{\"@type\":\"PropertyValueSpecification\",\"valueRequired\":true,\"valueName\":\"search_term_string\"}}],\"inLanguage\":\"es\"},{\"@type\":\"Person\",\"@id\":\"https:\\\/\\\/www.pcb.ub.edu\\\/es\\\/#\\\/schema\\\/person\\\/d13cab05cd0a75b17fddca8496481021\",\"name\":\"adminpcb\",\"image\":{\"@type\":\"ImageObject\",\"inLanguage\":\"es\",\"@id\":\"https:\\\/\\\/secure.gravatar.com\\\/avatar\\\/41ad0fab4bb3bf5348b0af9612159cfd93173a57bbca98fecb50fa6f3ab97d28?s=96&d=mm&r=g\",\"url\":\"https:\\\/\\\/secure.gravatar.com\\\/avatar\\\/41ad0fab4bb3bf5348b0af9612159cfd93173a57bbca98fecb50fa6f3ab97d28?s=96&d=mm&r=g\",\"contentUrl\":\"https:\\\/\\\/secure.gravatar.com\\\/avatar\\\/41ad0fab4bb3bf5348b0af9612159cfd93173a57bbca98fecb50fa6f3ab97d28?s=96&d=mm&r=g\",\"caption\":\"adminpcb\"},\"url\":\"https:\\\/\\\/www.pcb.ub.edu\\\/es\\\/author\\\/adminpcb\\\/\"}]}<\/script>\n<!-- \/ Yoast SEO plugin. -->","yoast_head_json":{"title":"Carolina Aguilar, CEO y cofundadora de INBRAIN Neuroelectronics: \"Las personas son lo primero en una empresa, antes que cualquier producto\" - Parc Cient\u00edfic de Barcelona","description":"Como CEO, tiene el objetivo de revolucionar las terapias neurol\u00f3gicas con su interfaz cerebro-ordenador de precisi\u00f3n en tiempo real.","robots":{"index":"index","follow":"follow","max-snippet":"max-snippet:-1","max-image-preview":"max-image-preview:large","max-video-preview":"max-video-preview:-1"},"canonical":"https:\/\/www.pcb.ub.edu\/carolina-aguilar-ceo-i-cofundadora-dinbrain-neuroelectronics-les-persones-son-el-primer-en-una-empresa-abans-que-qualsevol-producte\/","og_locale":"es_ES","og_type":"article","og_title":"Carolina Aguilar, CEO y cofundadora de INBRAIN Neuroelectronics: \"Las personas son lo primero en una empresa, antes que cualquier producto\" - Parc Cient\u00edfic de Barcelona","og_description":"Como CEO, tiene el objetivo de revolucionar las terapias neurol\u00f3gicas con su interfaz cerebro-ordenador de precisi\u00f3n en tiempo real.","og_url":"https:\/\/www.pcb.ub.edu\/carolina-aguilar-ceo-i-cofundadora-dinbrain-neuroelectronics-les-persones-son-el-primer-en-una-empresa-abans-que-qualsevol-producte\/","og_site_name":"Parc Cient\u00edfic de Barcelona","article_published_time":"2025-09-16T13:51:56+00:00","article_modified_time":"2025-09-18T06:50:29+00:00","og_image":[{"width":900,"height":330,"url":"https:\/\/www.pcb.ub.edu\/wp-content\/uploads\/2025\/05\/Adobe-Express-file-37.jpg","type":"image\/jpeg"}],"author":"adminpcb","twitter_card":"summary_large_image","twitter_misc":{"Escrito por":"adminpcb","Tiempo de lectura":"9 minutos"},"schema":{"@context":"https:\/\/schema.org","@graph":[{"@type":"Article","@id":"https:\/\/www.pcb.ub.edu\/carolina-aguilar-ceo-i-cofundadora-dinbrain-neuroelectronics-les-persones-son-el-primer-en-una-empresa-abans-que-qualsevol-producte\/#article","isPartOf":{"@id":"https:\/\/www.pcb.ub.edu\/carolina-aguilar-ceo-i-cofundadora-dinbrain-neuroelectronics-les-persones-son-el-primer-en-una-empresa-abans-que-qualsevol-producte\/"},"author":{"name":"adminpcb","@id":"https:\/\/www.pcb.ub.edu\/es\/#\/schema\/person\/d13cab05cd0a75b17fddca8496481021"},"headline":"Carolina Aguilar, CEO y cofundadora de INBRAIN Neuroelectronics: \u00abLas personas son lo primero en una empresa, antes que cualquier producto\u00bb","datePublished":"2025-09-16T13:51:56+00:00","dateModified":"2025-09-18T06:50:29+00:00","mainEntityOfPage":{"@id":"https:\/\/www.pcb.ub.edu\/carolina-aguilar-ceo-i-cofundadora-dinbrain-neuroelectronics-les-persones-son-el-primer-en-una-empresa-abans-que-qualsevol-producte\/"},"wordCount":1833,"image":{"@id":"https:\/\/www.pcb.ub.edu\/carolina-aguilar-ceo-i-cofundadora-dinbrain-neuroelectronics-les-persones-son-el-primer-en-una-empresa-abans-que-qualsevol-producte\/#primaryimage"},"thumbnailUrl":"https:\/\/www.pcb.ub.edu\/wp-content\/uploads\/2025\/05\/Adobe-Express-file-37.jpg","keywords":["INBRAIN"],"articleSection":["PCB"],"inLanguage":"es"},{"@type":"WebPage","@id":"https:\/\/www.pcb.ub.edu\/carolina-aguilar-ceo-i-cofundadora-dinbrain-neuroelectronics-les-persones-son-el-primer-en-una-empresa-abans-que-qualsevol-producte\/","url":"https:\/\/www.pcb.ub.edu\/carolina-aguilar-ceo-i-cofundadora-dinbrain-neuroelectronics-les-persones-son-el-primer-en-una-empresa-abans-que-qualsevol-producte\/","name":"Carolina Aguilar, CEO y cofundadora de INBRAIN Neuroelectronics: \"Las personas son lo primero en una empresa, antes que cualquier producto\" - Parc Cient\u00edfic de Barcelona","isPartOf":{"@id":"https:\/\/www.pcb.ub.edu\/es\/#website"},"primaryImageOfPage":{"@id":"https:\/\/www.pcb.ub.edu\/carolina-aguilar-ceo-i-cofundadora-dinbrain-neuroelectronics-les-persones-son-el-primer-en-una-empresa-abans-que-qualsevol-producte\/#primaryimage"},"image":{"@id":"https:\/\/www.pcb.ub.edu\/carolina-aguilar-ceo-i-cofundadora-dinbrain-neuroelectronics-les-persones-son-el-primer-en-una-empresa-abans-que-qualsevol-producte\/#primaryimage"},"thumbnailUrl":"https:\/\/www.pcb.ub.edu\/wp-content\/uploads\/2025\/05\/Adobe-Express-file-37.jpg","datePublished":"2025-09-16T13:51:56+00:00","dateModified":"2025-09-18T06:50:29+00:00","author":{"@id":"https:\/\/www.pcb.ub.edu\/es\/#\/schema\/person\/d13cab05cd0a75b17fddca8496481021"},"description":"Como CEO, tiene el objetivo de revolucionar las terapias neurol\u00f3gicas con su interfaz cerebro-ordenador de precisi\u00f3n en tiempo real.","breadcrumb":{"@id":"https:\/\/www.pcb.ub.edu\/carolina-aguilar-ceo-i-cofundadora-dinbrain-neuroelectronics-les-persones-son-el-primer-en-una-empresa-abans-que-qualsevol-producte\/#breadcrumb"},"inLanguage":"es","potentialAction":[{"@type":"ReadAction","target":["https:\/\/www.pcb.ub.edu\/carolina-aguilar-ceo-i-cofundadora-dinbrain-neuroelectronics-les-persones-son-el-primer-en-una-empresa-abans-que-qualsevol-producte\/"]}]},{"@type":"ImageObject","inLanguage":"es","@id":"https:\/\/www.pcb.ub.edu\/carolina-aguilar-ceo-i-cofundadora-dinbrain-neuroelectronics-les-persones-son-el-primer-en-una-empresa-abans-que-qualsevol-producte\/#primaryimage","url":"https:\/\/www.pcb.ub.edu\/wp-content\/uploads\/2025\/05\/Adobe-Express-file-37.jpg","contentUrl":"https:\/\/www.pcb.ub.edu\/wp-content\/uploads\/2025\/05\/Adobe-Express-file-37.jpg","width":900,"height":330},{"@type":"BreadcrumbList","@id":"https:\/\/www.pcb.ub.edu\/carolina-aguilar-ceo-i-cofundadora-dinbrain-neuroelectronics-les-persones-son-el-primer-en-una-empresa-abans-que-qualsevol-producte\/#breadcrumb","itemListElement":[{"@type":"ListItem","position":1,"name":"Home","item":"https:\/\/www.pcb.ub.edu\/es\/"},{"@type":"ListItem","position":2,"name":"Carolina Aguilar, CEO y cofundadora de INBRAIN Neuroelectronics: &#8220;Las personas son lo primero en una empresa, antes que cualquier producto&#8221;"}]},{"@type":"WebSite","@id":"https:\/\/www.pcb.ub.edu\/es\/#website","url":"https:\/\/www.pcb.ub.edu\/es\/","name":"Parc Cient\u00edfic de Barcelona","description":"Universitat de Barcelona","potentialAction":[{"@type":"SearchAction","target":{"@type":"EntryPoint","urlTemplate":"https:\/\/www.pcb.ub.edu\/es\/?s={search_term_string}"},"query-input":{"@type":"PropertyValueSpecification","valueRequired":true,"valueName":"search_term_string"}}],"inLanguage":"es"},{"@type":"Person","@id":"https:\/\/www.pcb.ub.edu\/es\/#\/schema\/person\/d13cab05cd0a75b17fddca8496481021","name":"adminpcb","image":{"@type":"ImageObject","inLanguage":"es","@id":"https:\/\/secure.gravatar.com\/avatar\/41ad0fab4bb3bf5348b0af9612159cfd93173a57bbca98fecb50fa6f3ab97d28?s=96&d=mm&r=g","url":"https:\/\/secure.gravatar.com\/avatar\/41ad0fab4bb3bf5348b0af9612159cfd93173a57bbca98fecb50fa6f3ab97d28?s=96&d=mm&r=g","contentUrl":"https:\/\/secure.gravatar.com\/avatar\/41ad0fab4bb3bf5348b0af9612159cfd93173a57bbca98fecb50fa6f3ab97d28?s=96&d=mm&r=g","caption":"adminpcb"},"url":"https:\/\/www.pcb.ub.edu\/es\/author\/adminpcb\/"}]}},"_links":{"self":[{"href":"https:\/\/www.pcb.ub.edu\/es\/wp-json\/wp\/v2\/posts\/106233","targetHints":{"allow":["GET"]}}],"collection":[{"href":"https:\/\/www.pcb.ub.edu\/es\/wp-json\/wp\/v2\/posts"}],"about":[{"href":"https:\/\/www.pcb.ub.edu\/es\/wp-json\/wp\/v2\/types\/post"}],"author":[{"embeddable":true,"href":"https:\/\/www.pcb.ub.edu\/es\/wp-json\/wp\/v2\/users\/1"}],"replies":[{"embeddable":true,"href":"https:\/\/www.pcb.ub.edu\/es\/wp-json\/wp\/v2\/comments?post=106233"}],"version-history":[{"count":1,"href":"https:\/\/www.pcb.ub.edu\/es\/wp-json\/wp\/v2\/posts\/106233\/revisions"}],"predecessor-version":[{"id":106303,"href":"https:\/\/www.pcb.ub.edu\/es\/wp-json\/wp\/v2\/posts\/106233\/revisions\/106303"}],"wp:featuredmedia":[{"embeddable":true,"href":"https:\/\/www.pcb.ub.edu\/es\/wp-json\/wp\/v2\/media\/104051"}],"wp:attachment":[{"href":"https:\/\/www.pcb.ub.edu\/es\/wp-json\/wp\/v2\/media?parent=106233"}],"wp:term":[{"taxonomy":"category","embeddable":true,"href":"https:\/\/www.pcb.ub.edu\/es\/wp-json\/wp\/v2\/categories?post=106233"},{"taxonomy":"post_tag","embeddable":true,"href":"https:\/\/www.pcb.ub.edu\/es\/wp-json\/wp\/v2\/tags?post=106233"}],"curies":[{"name":"wp","href":"https:\/\/api.w.org\/{rel}","templated":true}]}}